{"id":5968,"date":"2025-07-30T20:42:11","date_gmt":"2025-07-30T18:42:11","guid":{"rendered":"https:\/\/veritasinfo.org\/?p=5968"},"modified":"2025-07-30T20:42:43","modified_gmt":"2025-07-30T18:42:43","slug":"tribunali-i-hages-nuk-ka-lirim-te-parakohshem-per-kriminelin-ratko-mladiq-i-cili-vazhdon-te-mbetet-ne-burg","status":"publish","type":"post","link":"https:\/\/veritasinfo.org\/?p=5968","title":{"rendered":"Tribunali i Hag\u00ebs: Nuk ka lirim t\u00eb parakohsh\u00ebm p\u00ebr kriminelin Ratko Mladiq, i cili vazhdon t\u00eb mbetet n\u00eb burg"},"content":{"rendered":"<p>Hag\u00eb, 30 korrik 2025<\/p>\n<p><strong>Kriminelit t\u00eb luft\u00ebs Ratko Mladiq i \u00ebsht\u00eb refuzuar k\u00ebrkesa p\u00ebr lirim t\u00eb parakohsh\u00ebm nga Mekanizmi Nd\u00ebrkomb\u00ebtar Ndihm\u00ebs p\u00ebr Gjykatat Penale.<\/strong><\/p>\n<p>Mladiq, i d\u00ebnuar me burgim t\u00eb p\u00ebrjetsh\u00ebm p\u00ebr gjenocid, krime kund\u00ebr njer\u00ebzimit dhe shkelje t\u00eb ligjeve t\u00eb luft\u00ebs gjat\u00eb luft\u00ebs n\u00eb Bosnj\u00eb e Hercegovin\u00eb, kishte paraqitur m\u00eb 2 qershor nj\u00eb k\u00ebrkes\u00eb p\u00ebr lirim, duke u mb\u00ebshtetur n\u00eb gjendjen e tij t\u00eb r\u00ebnduar sh\u00ebndet\u00ebsore dhe n\u00eb nj\u00eb s\u00ebmundje t\u00eb pash\u00ebrueshme q\u00eb, sipas tij, do t\u2019ia p\u00ebrshpejtonte vdekjen, raportoi portali Klix.ba.<\/p>\n<p>Megjithat\u00eb, n\u00eb vendimin e Mekanizmit thuhet se ndon\u00ebse sh\u00ebndeti i tij \u00ebsht\u00eb p\u00ebrkeq\u00ebsuar p\u00ebr shkak t\u00eb mosh\u00ebs dhe s\u00ebmundjes, ai mbetet n\u00eb gjendje stabile dhe nuk p\u00ebrmbush kriteret p\u00ebr lirimin humanitar.<\/p>\n<p>Mladiq u arrestua n\u00eb Serbi n\u00eb vitin 2011 dhe m\u00eb 2017 u shpall fajtor nga Tribunali Nd\u00ebrkomb\u00ebtar p\u00ebr ish-Jugosllavin\u00eb. D\u00ebnimi i tij me burgim t\u00eb p\u00ebrjetsh\u00ebm u konfirmua n\u00eb vitin 2021. Ai ndodhet n\u00eb nj\u00ebsin\u00eb e paraburgimit t\u00eb Kombeve t\u00eb Bashkuara n\u00eb Hag\u00eb tashm\u00eb prej 14 vjet\u00ebsh.<\/p>\n","protected":false},"excerpt":{"rendered":"<p>Hag\u00eb, 30 korrik 2025 Kriminelit t\u00eb luft\u00ebs Ratko Mladiq i \u00ebsht\u00eb refuzuar k\u00ebrkesa p\u00ebr lirim t\u00eb parakohsh\u00ebm nga Mekanizmi Nd\u00ebrkomb\u00ebtar Ndihm\u00ebs p\u00ebr Gjykatat Penale. Mladiq,<\/p>\n","protected":false},"author":1,"featured_media":5970,"comment_status":"open","ping_status":"open","sticky":false,"template":"","format":"standard","meta":{"footnotes":""},"categories":[60],"tags":[],"class_list":["post-5968","post","type-post","status-publish","format-standard","has-post-thumbnail","hentry","category-shoqerore-sq"],"yoast_head":"<!-- This site is optimized with the Yoast SEO plugin v25.3.1 - https:\/\/yoast.com\/wordpress\/plugins\/seo\/ -->\n<title>Tribunali i Hag\u00ebs: Nuk ka lirim t\u00eb parakohsh\u00ebm p\u00ebr kriminelin Ratko Mladiq, i cili vazhdon t\u00eb mbetet n\u00eb burg -<\/title>\n<meta name=\"robots\" content=\"index, follow, max-snippet:-1, max-image-preview:large, max-video-preview:-1\" \/>\n<link rel=\"canonical\" href=\"https:\/\/veritasinfo.org\/?p=5968\" \/>\n<meta property=\"og:locale\" content=\"en_US\" \/>\n<meta property=\"og:type\" content=\"article\" \/>\n<meta property=\"og:title\" content=\"Tribunali i Hag\u00ebs: Nuk ka lirim t\u00eb parakohsh\u00ebm p\u00ebr kriminelin Ratko Mladiq, i cili vazhdon t\u00eb mbetet n\u00eb burg -\" \/>\n<meta property=\"og:description\" content=\"Hag\u00eb, 30 korrik 2025 Kriminelit t\u00eb luft\u00ebs Ratko Mladiq i \u00ebsht\u00eb refuzuar k\u00ebrkesa p\u00ebr lirim t\u00eb parakohsh\u00ebm nga Mekanizmi Nd\u00ebrkomb\u00ebtar Ndihm\u00ebs p\u00ebr Gjykatat Penale. Mladiq,\" \/>\n<meta property=\"og:url\" content=\"https:\/\/veritasinfo.org\/?p=5968\" \/>\n<meta property=\"article:published_time\" content=\"2025-07-30T18:42:11+00:00\" \/>\n<meta property=\"article:modified_time\" content=\"2025-07-30T18:42:43+00:00\" \/>\n<meta property=\"og:image\" content=\"https:\/\/veritasinfo.org\/wp-content\/uploads\/2025\/07\/IMG_2136.webp\" \/>\n\t<meta property=\"og:image:width\" content=\"800\" \/>\n\t<meta property=\"og:image:height\" content=\"533\" \/>\n\t<meta property=\"og:image:type\" content=\"image\/webp\" \/>\n<meta name=\"author\" content=\"admin\" \/>\n<meta name=\"twitter:card\" content=\"summary_large_image\" \/>\n<meta name=\"twitter:label1\" content=\"Written by\" \/>\n\t<meta name=\"twitter:data1\" content=\"admin\" \/>\n\t<meta name=\"twitter:label2\" content=\"Est. reading time\" \/>\n\t<meta name=\"twitter:data2\" content=\"1 minute\" \/>\n<script type=\"application\/ld+json\" class=\"yoast-schema-graph\">{\"@context\":\"https:\/\/schema.org\",\"@graph\":[{\"@type\":\"WebPage\",\"@id\":\"https:\/\/veritasinfo.org\/?p=5968\",\"url\":\"https:\/\/veritasinfo.org\/?p=5968\",\"name\":\"Tribunali i Hag\u00ebs: Nuk ka lirim t\u00eb parakohsh\u00ebm p\u00ebr kriminelin Ratko Mladiq, i cili vazhdon t\u00eb mbetet n\u00eb burg -\",\"isPartOf\":{\"@id\":\"https:\/\/veritasinfo.org\/#website\"},\"primaryImageOfPage\":{\"@id\":\"https:\/\/veritasinfo.org\/?p=5968#primaryimage\"},\"image\":{\"@id\":\"https:\/\/veritasinfo.org\/?p=5968#primaryimage\"},\"thumbnailUrl\":\"https:\/\/veritasinfo.org\/wp-content\/uploads\/2025\/07\/IMG_2136.webp\",\"datePublished\":\"2025-07-30T18:42:11+00:00\",\"dateModified\":\"2025-07-30T18:42:43+00:00\",\"author\":{\"@id\":\"https:\/\/veritasinfo.org\/#\/schema\/person\/7701f8c088bece422266b100a712374f\"},\"breadcrumb\":{\"@id\":\"https:\/\/veritasinfo.org\/?p=5968#breadcrumb\"},\"inLanguage\":\"en-US\",\"potentialAction\":[{\"@type\":\"ReadAction\",\"target\":[\"https:\/\/veritasinfo.org\/?p=5968\"]}]},{\"@type\":\"ImageObject\",\"inLanguage\":\"en-US\",\"@id\":\"https:\/\/veritasinfo.org\/?p=5968#primaryimage\",\"url\":\"https:\/\/veritasinfo.org\/wp-content\/uploads\/2025\/07\/IMG_2136.webp\",\"contentUrl\":\"https:\/\/veritasinfo.org\/wp-content\/uploads\/2025\/07\/IMG_2136.webp\",\"width\":800,\"height\":533},{\"@type\":\"BreadcrumbList\",\"@id\":\"https:\/\/veritasinfo.org\/?p=5968#breadcrumb\",\"itemListElement\":[{\"@type\":\"ListItem\",\"position\":1,\"name\":\"Home\",\"item\":\"https:\/\/veritasinfo.org\/\"},{\"@type\":\"ListItem\",\"position\":2,\"name\":\"Tribunali i Hag\u00ebs: Nuk ka lirim t\u00eb parakohsh\u00ebm p\u00ebr kriminelin Ratko Mladiq, i cili vazhdon t\u00eb mbetet n\u00eb burg\"}]},{\"@type\":\"WebSite\",\"@id\":\"https:\/\/veritasinfo.org\/#website\",\"url\":\"https:\/\/veritasinfo.org\/\",\"name\":\"\",\"description\":\"\",\"potentialAction\":[{\"@type\":\"SearchAction\",\"target\":{\"@type\":\"EntryPoint\",\"urlTemplate\":\"https:\/\/veritasinfo.org\/?s={search_term_string}\"},\"query-input\":{\"@type\":\"PropertyValueSpecification\",\"valueRequired\":true,\"valueName\":\"search_term_string\"}}],\"inLanguage\":\"en-US\"},{\"@type\":\"Person\",\"@id\":\"https:\/\/veritasinfo.org\/#\/schema\/person\/7701f8c088bece422266b100a712374f\",\"name\":\"admin\",\"image\":{\"@type\":\"ImageObject\",\"inLanguage\":\"en-US\",\"@id\":\"https:\/\/veritasinfo.org\/#\/schema\/person\/image\/\",\"url\":\"https:\/\/secure.gravatar.com\/avatar\/ea53aa3bf6c9a12d5fde8ce4deff43fef3885ae33cf60184161a50d6987cfd2f?s=96&d=mm&r=g\",\"contentUrl\":\"https:\/\/secure.gravatar.com\/avatar\/ea53aa3bf6c9a12d5fde8ce4deff43fef3885ae33cf60184161a50d6987cfd2f?s=96&d=mm&r=g\",\"caption\":\"admin\"},\"sameAs\":[\"https:\/\/veritasinfo.org\"],\"url\":\"https:\/\/veritasinfo.org\/?author=1\"}]}<\/script>\n<!-- \/ Yoast SEO plugin. -->","yoast_head_json":{"title":"Tribunali i Hag\u00ebs: Nuk ka lirim t\u00eb parakohsh\u00ebm p\u00ebr kriminelin Ratko Mladiq, i cili vazhdon t\u00eb mbetet n\u00eb burg -","robots":{"index":"index","follow":"follow","max-snippet":"max-snippet:-1","max-image-preview":"max-image-preview:large","max-video-preview":"max-video-preview:-1"},"canonical":"https:\/\/veritasinfo.org\/?p=5968","og_locale":"en_US","og_type":"article","og_title":"Tribunali i Hag\u00ebs: Nuk ka lirim t\u00eb parakohsh\u00ebm p\u00ebr kriminelin Ratko Mladiq, i cili vazhdon t\u00eb mbetet n\u00eb burg -","og_description":"Hag\u00eb, 30 korrik 2025 Kriminelit t\u00eb luft\u00ebs Ratko Mladiq i \u00ebsht\u00eb refuzuar k\u00ebrkesa p\u00ebr lirim t\u00eb parakohsh\u00ebm nga Mekanizmi Nd\u00ebrkomb\u00ebtar Ndihm\u00ebs p\u00ebr Gjykatat Penale. Mladiq,","og_url":"https:\/\/veritasinfo.org\/?p=5968","article_published_time":"2025-07-30T18:42:11+00:00","article_modified_time":"2025-07-30T18:42:43+00:00","og_image":[{"width":800,"height":533,"url":"https:\/\/veritasinfo.org\/wp-content\/uploads\/2025\/07\/IMG_2136.webp","type":"image\/webp"}],"author":"admin","twitter_card":"summary_large_image","twitter_misc":{"Written by":"admin","Est. reading time":"1 minute"},"schema":{"@context":"https:\/\/schema.org","@graph":[{"@type":"WebPage","@id":"https:\/\/veritasinfo.org\/?p=5968","url":"https:\/\/veritasinfo.org\/?p=5968","name":"Tribunali i Hag\u00ebs: Nuk ka lirim t\u00eb parakohsh\u00ebm p\u00ebr kriminelin Ratko Mladiq, i cili vazhdon t\u00eb mbetet n\u00eb burg -","isPartOf":{"@id":"https:\/\/veritasinfo.org\/#website"},"primaryImageOfPage":{"@id":"https:\/\/veritasinfo.org\/?p=5968#primaryimage"},"image":{"@id":"https:\/\/veritasinfo.org\/?p=5968#primaryimage"},"thumbnailUrl":"https:\/\/veritasinfo.org\/wp-content\/uploads\/2025\/07\/IMG_2136.webp","datePublished":"2025-07-30T18:42:11+00:00","dateModified":"2025-07-30T18:42:43+00:00","author":{"@id":"https:\/\/veritasinfo.org\/#\/schema\/person\/7701f8c088bece422266b100a712374f"},"breadcrumb":{"@id":"https:\/\/veritasinfo.org\/?p=5968#breadcrumb"},"inLanguage":"en-US","potentialAction":[{"@type":"ReadAction","target":["https:\/\/veritasinfo.org\/?p=5968"]}]},{"@type":"ImageObject","inLanguage":"en-US","@id":"https:\/\/veritasinfo.org\/?p=5968#primaryimage","url":"https:\/\/veritasinfo.org\/wp-content\/uploads\/2025\/07\/IMG_2136.webp","contentUrl":"https:\/\/veritasinfo.org\/wp-content\/uploads\/2025\/07\/IMG_2136.webp","width":800,"height":533},{"@type":"BreadcrumbList","@id":"https:\/\/veritasinfo.org\/?p=5968#breadcrumb","itemListElement":[{"@type":"ListItem","position":1,"name":"Home","item":"https:\/\/veritasinfo.org\/"},{"@type":"ListItem","position":2,"name":"Tribunali i Hag\u00ebs: Nuk ka lirim t\u00eb parakohsh\u00ebm p\u00ebr kriminelin Ratko Mladiq, i cili vazhdon t\u00eb mbetet n\u00eb burg"}]},{"@type":"WebSite","@id":"https:\/\/veritasinfo.org\/#website","url":"https:\/\/veritasinfo.org\/","name":"","description":"","potentialAction":[{"@type":"SearchAction","target":{"@type":"EntryPoint","urlTemplate":"https:\/\/veritasinfo.org\/?s={search_term_string}"},"query-input":{"@type":"PropertyValueSpecification","valueRequired":true,"valueName":"search_term_string"}}],"inLanguage":"en-US"},{"@type":"Person","@id":"https:\/\/veritasinfo.org\/#\/schema\/person\/7701f8c088bece422266b100a712374f","name":"admin","image":{"@type":"ImageObject","inLanguage":"en-US","@id":"https:\/\/veritasinfo.org\/#\/schema\/person\/image\/","url":"https:\/\/secure.gravatar.com\/avatar\/ea53aa3bf6c9a12d5fde8ce4deff43fef3885ae33cf60184161a50d6987cfd2f?s=96&d=mm&r=g","contentUrl":"https:\/\/secure.gravatar.com\/avatar\/ea53aa3bf6c9a12d5fde8ce4deff43fef3885ae33cf60184161a50d6987cfd2f?s=96&d=mm&r=g","caption":"admin"},"sameAs":["https:\/\/veritasinfo.org"],"url":"https:\/\/veritasinfo.org\/?author=1"}]}},"featured_image_urls":{"full":["https:\/\/veritasinfo.org\/wp-content\/uploads\/2025\/07\/IMG_2136.webp",800,533,false],"thumbnail":["https:\/\/veritasinfo.org\/wp-content\/uploads\/2025\/07\/IMG_2136-150x150.webp",150,150,true],"medium":["https:\/\/veritasinfo.org\/wp-content\/uploads\/2025\/07\/IMG_2136-300x200.webp",300,200,true],"medium_large":["https:\/\/veritasinfo.org\/wp-content\/uploads\/2025\/07\/IMG_2136-768x512.webp",640,427,true],"large":["https:\/\/veritasinfo.org\/wp-content\/uploads\/2025\/07\/IMG_2136.webp",640,426,false],"1536x1536":["https:\/\/veritasinfo.org\/wp-content\/uploads\/2025\/07\/IMG_2136.webp",800,533,false],"2048x2048":["https:\/\/veritasinfo.org\/wp-content\/uploads\/2025\/07\/IMG_2136.webp",800,533,false],"kreeti-slider-full":["https:\/\/veritasinfo.org\/wp-content\/uploads\/2025\/07\/IMG_2136.webp",800,533,false],"kreeti-featured":["https:\/\/veritasinfo.org\/wp-content\/uploads\/2025\/07\/IMG_2136.webp",800,533,false],"kreeti-medium":["https:\/\/veritasinfo.org\/wp-content\/uploads\/2025\/07\/IMG_2136.webp",720,480,false],"kreeti-medium-square":["https:\/\/veritasinfo.org\/wp-content\/uploads\/2025\/07\/IMG_2136.webp",350,233,false]},"author_info":{"info":["admin"]},"category_info":"<a href=\"https:\/\/veritasinfo.org\/?cat=60\" rel=\"category\">Shoq\u00ebrore<\/a>","tag_info":"Shoq\u00ebrore","comment_count":"0","_links":{"self":[{"href":"https:\/\/veritasinfo.org\/index.php?rest_route=\/wp\/v2\/posts\/5968","targetHints":{"allow":["GET"]}}],"collection":[{"href":"https:\/\/veritasinfo.org\/index.php?rest_route=\/wp\/v2\/posts"}],"about":[{"href":"https:\/\/veritasinfo.org\/index.php?rest_route=\/wp\/v2\/types\/post"}],"author":[{"embeddable":true,"href":"https:\/\/veritasinfo.org\/index.php?rest_route=\/wp\/v2\/users\/1"}],"replies":[{"embeddable":true,"href":"https:\/\/veritasinfo.org\/index.php?rest_route=%2Fwp%2Fv2%2Fcomments&post=5968"}],"version-history":[{"count":1,"href":"https:\/\/veritasinfo.org\/index.php?rest_route=\/wp\/v2\/posts\/5968\/revisions"}],"predecessor-version":[{"id":5971,"href":"https:\/\/veritasinfo.org\/index.php?rest_route=\/wp\/v2\/posts\/5968\/revisions\/5971"}],"wp:featuredmedia":[{"embeddable":true,"href":"https:\/\/veritasinfo.org\/index.php?rest_route=\/wp\/v2\/media\/5970"}],"wp:attachment":[{"href":"https:\/\/veritasinfo.org\/index.php?rest_route=%2Fwp%2Fv2%2Fmedia&parent=5968"}],"wp:term":[{"taxonomy":"category","embeddable":true,"href":"https:\/\/veritasinfo.org\/index.php?rest_route=%2Fwp%2Fv2%2Fcategories&post=5968"},{"taxonomy":"post_tag","embeddable":true,"href":"https:\/\/veritasinfo.org\/index.php?rest_route=%2Fwp%2Fv2%2Ftags&post=5968"}],"curies":[{"name":"wp","href":"https:\/\/api.w.org\/{rel}","templated":true}]}}