{"id":5963,"date":"2025-07-30T20:17:28","date_gmt":"2025-07-30T18:17:28","guid":{"rendered":"https:\/\/veritasinfo.org\/?p=5963"},"modified":"2025-07-30T20:17:28","modified_gmt":"2025-07-30T18:17:28","slug":"kurti-per-mcc-ne-vendim-i-rendesishem-nga-administrata-trump-per-kosoven","status":"publish","type":"post","link":"https:\/\/veritasinfo.org\/?p=5963","title":{"rendered":"Kurti p\u00ebr MCC-n\u00eb: Vendim i r\u00ebnd\u00ebsish\u00ebm nga administrata Trump p\u00ebr Kosov\u00ebn"},"content":{"rendered":"<p>Prishtin\u00eb, 30 korrik 2025<\/p>\n<p><strong>Kryeministri n\u00eb detyr\u00eb, Albin Kurti, e ka cil\u00ebsuar si nj\u00eb vendim jasht\u00ebzakonisht t\u00eb r\u00ebnd\u00ebsish\u00ebm p\u00ebr Kosov\u00ebn vazhdimin e Programit Kompakt t\u00eb Korporat\u00ebs s\u00eb Sfidave t\u00eb Mij\u00ebvje\u00e7arit (MCC), i miratuar nga administrata e ish-presidentit amerikan, Donald Trump.<\/strong><\/p>\n<p>P\u00ebrmes nj\u00eb postimi n\u00eb Facebook, Kurti ka shprehur mir\u00ebnjohje p\u00ebr mb\u00ebshtetjen e vazhdueshme t\u00eb Shteteve t\u00eb Bashkuara t\u00eb Amerik\u00ebs, duke theksuar p\u00ebrkushtimin e p\u00ebrditsh\u00ebm p\u00ebr nd\u00ebrtimin e nj\u00eb partneriteti t\u00eb fort\u00eb dhe t\u00eb besuesh\u00ebm mes dy vendeve.<\/p>\n<p>\u201cNdjehemi edhe m\u00eb t\u00eb lumtur dhe krenar\u00eb q\u00eb Republika jon\u00eb \u00ebsht\u00eb nd\u00ebr shtetet e pakta p\u00ebr t\u00eb cilat \u00ebsht\u00eb vendosur t\u00eb vazhdohet financimi i programeve t\u00eb MCC-s\u00eb,\u201d ka shkruar Kurti.<\/p>\n<p><iframe data-src=\"https:\/\/www.facebook.com\/plugins\/post.php?href=https%3A%2F%2Fwww.facebook.com%2Falbini2017%2Fposts%2Fpfbid0WZSUtkQYReYpYMCnTuRF84NzynGtNpBi3XY6gPduN4i8hrewcE9ipbseCw3B3aDzl&amp;show_text=true&amp;width=500\" width=\"500\" height=\"831\" frameborder=\"0\" scrolling=\"no\" allowfullscreen=\"allowfullscreen\" data-mce-fragment=\"1\" src=\"data:image\/gif;base64,R0lGODlhAQABAAAAACH5BAEKAAEALAAAAAABAAEAAAICTAEAOw==\" class=\"lazyload\" data-load-mode=\"1\"><\/iframe><\/p>\n","protected":false},"excerpt":{"rendered":"<p>Prishtin\u00eb, 30 korrik 2025 Kryeministri n\u00eb detyr\u00eb, Albin Kurti, e ka cil\u00ebsuar si nj\u00eb vendim jasht\u00ebzakonisht t\u00eb r\u00ebnd\u00ebsish\u00ebm p\u00ebr Kosov\u00ebn vazhdimin e Programit Kompakt t\u00eb<\/p>\n","protected":false},"author":1,"featured_media":5964,"comment_status":"open","ping_status":"open","sticky":false,"template":"","format":"standard","meta":{"footnotes":""},"categories":[58],"tags":[],"class_list":["post-5963","post","type-post","status-publish","format-standard","has-post-thumbnail","hentry","category-politike-sq"],"yoast_head":"<!-- This site is optimized with the Yoast SEO plugin v25.3.1 - https:\/\/yoast.com\/wordpress\/plugins\/seo\/ -->\n<title>Kurti p\u00ebr MCC-n\u00eb: Vendim i r\u00ebnd\u00ebsish\u00ebm nga administrata Trump p\u00ebr Kosov\u00ebn -<\/title>\n<meta name=\"robots\" content=\"index, follow, max-snippet:-1, max-image-preview:large, max-video-preview:-1\" \/>\n<link rel=\"canonical\" href=\"https:\/\/veritasinfo.org\/?p=5963\" \/>\n<meta property=\"og:locale\" content=\"en_US\" \/>\n<meta property=\"og:type\" content=\"article\" \/>\n<meta property=\"og:title\" content=\"Kurti p\u00ebr MCC-n\u00eb: Vendim i r\u00ebnd\u00ebsish\u00ebm nga administrata Trump p\u00ebr Kosov\u00ebn -\" \/>\n<meta property=\"og:description\" content=\"Prishtin\u00eb, 30 korrik 2025 Kryeministri n\u00eb detyr\u00eb, Albin Kurti, e ka cil\u00ebsuar si nj\u00eb vendim jasht\u00ebzakonisht t\u00eb r\u00ebnd\u00ebsish\u00ebm p\u00ebr Kosov\u00ebn vazhdimin e Programit Kompakt t\u00eb\" \/>\n<meta property=\"og:url\" content=\"https:\/\/veritasinfo.org\/?p=5963\" \/>\n<meta property=\"article:published_time\" content=\"2025-07-30T18:17:28+00:00\" \/>\n<meta property=\"og:image\" content=\"https:\/\/veritasinfo.org\/wp-content\/uploads\/2025\/07\/IMG_2135-1024x683.png\" \/>\n\t<meta property=\"og:image:width\" content=\"1024\" \/>\n\t<meta property=\"og:image:height\" content=\"683\" \/>\n\t<meta property=\"og:image:type\" content=\"image\/png\" \/>\n<meta name=\"author\" content=\"admin\" \/>\n<meta name=\"twitter:card\" content=\"summary_large_image\" \/>\n<meta name=\"twitter:label1\" content=\"Written by\" \/>\n\t<meta name=\"twitter:data1\" content=\"admin\" \/>\n\t<meta name=\"twitter:label2\" content=\"Est. reading time\" \/>\n\t<meta name=\"twitter:data2\" content=\"1 minute\" \/>\n<script type=\"application\/ld+json\" class=\"yoast-schema-graph\">{\"@context\":\"https:\/\/schema.org\",\"@graph\":[{\"@type\":\"WebPage\",\"@id\":\"https:\/\/veritasinfo.org\/?p=5963\",\"url\":\"https:\/\/veritasinfo.org\/?p=5963\",\"name\":\"Kurti p\u00ebr MCC-n\u00eb: Vendim i r\u00ebnd\u00ebsish\u00ebm nga administrata Trump p\u00ebr Kosov\u00ebn -\",\"isPartOf\":{\"@id\":\"https:\/\/veritasinfo.org\/#website\"},\"primaryImageOfPage\":{\"@id\":\"https:\/\/veritasinfo.org\/?p=5963#primaryimage\"},\"image\":{\"@id\":\"https:\/\/veritasinfo.org\/?p=5963#primaryimage\"},\"thumbnailUrl\":\"https:\/\/veritasinfo.org\/wp-content\/uploads\/2025\/07\/IMG_2135.png\",\"datePublished\":\"2025-07-30T18:17:28+00:00\",\"author\":{\"@id\":\"https:\/\/veritasinfo.org\/#\/schema\/person\/7701f8c088bece422266b100a712374f\"},\"breadcrumb\":{\"@id\":\"https:\/\/veritasinfo.org\/?p=5963#breadcrumb\"},\"inLanguage\":\"en-US\",\"potentialAction\":[{\"@type\":\"ReadAction\",\"target\":[\"https:\/\/veritasinfo.org\/?p=5963\"]}]},{\"@type\":\"ImageObject\",\"inLanguage\":\"en-US\",\"@id\":\"https:\/\/veritasinfo.org\/?p=5963#primaryimage\",\"url\":\"https:\/\/veritasinfo.org\/wp-content\/uploads\/2025\/07\/IMG_2135.png\",\"contentUrl\":\"https:\/\/veritasinfo.org\/wp-content\/uploads\/2025\/07\/IMG_2135.png\",\"width\":2048,\"height\":1365},{\"@type\":\"BreadcrumbList\",\"@id\":\"https:\/\/veritasinfo.org\/?p=5963#breadcrumb\",\"itemListElement\":[{\"@type\":\"ListItem\",\"position\":1,\"name\":\"Home\",\"item\":\"https:\/\/veritasinfo.org\/\"},{\"@type\":\"ListItem\",\"position\":2,\"name\":\"Kurti p\u00ebr MCC-n\u00eb: Vendim i r\u00ebnd\u00ebsish\u00ebm nga administrata Trump p\u00ebr Kosov\u00ebn\"}]},{\"@type\":\"WebSite\",\"@id\":\"https:\/\/veritasinfo.org\/#website\",\"url\":\"https:\/\/veritasinfo.org\/\",\"name\":\"\",\"description\":\"\",\"potentialAction\":[{\"@type\":\"SearchAction\",\"target\":{\"@type\":\"EntryPoint\",\"urlTemplate\":\"https:\/\/veritasinfo.org\/?s={search_term_string}\"},\"query-input\":{\"@type\":\"PropertyValueSpecification\",\"valueRequired\":true,\"valueName\":\"search_term_string\"}}],\"inLanguage\":\"en-US\"},{\"@type\":\"Person\",\"@id\":\"https:\/\/veritasinfo.org\/#\/schema\/person\/7701f8c088bece422266b100a712374f\",\"name\":\"admin\",\"image\":{\"@type\":\"ImageObject\",\"inLanguage\":\"en-US\",\"@id\":\"https:\/\/veritasinfo.org\/#\/schema\/person\/image\/\",\"url\":\"https:\/\/secure.gravatar.com\/avatar\/ea53aa3bf6c9a12d5fde8ce4deff43fef3885ae33cf60184161a50d6987cfd2f?s=96&d=mm&r=g\",\"contentUrl\":\"https:\/\/secure.gravatar.com\/avatar\/ea53aa3bf6c9a12d5fde8ce4deff43fef3885ae33cf60184161a50d6987cfd2f?s=96&d=mm&r=g\",\"caption\":\"admin\"},\"sameAs\":[\"https:\/\/veritasinfo.org\"],\"url\":\"https:\/\/veritasinfo.org\/?author=1\"}]}<\/script>\n<!-- \/ Yoast SEO plugin. -->","yoast_head_json":{"title":"Kurti p\u00ebr MCC-n\u00eb: Vendim i r\u00ebnd\u00ebsish\u00ebm nga administrata Trump p\u00ebr Kosov\u00ebn -","robots":{"index":"index","follow":"follow","max-snippet":"max-snippet:-1","max-image-preview":"max-image-preview:large","max-video-preview":"max-video-preview:-1"},"canonical":"https:\/\/veritasinfo.org\/?p=5963","og_locale":"en_US","og_type":"article","og_title":"Kurti p\u00ebr MCC-n\u00eb: Vendim i r\u00ebnd\u00ebsish\u00ebm nga administrata Trump p\u00ebr Kosov\u00ebn -","og_description":"Prishtin\u00eb, 30 korrik 2025 Kryeministri n\u00eb detyr\u00eb, Albin Kurti, e ka cil\u00ebsuar si nj\u00eb vendim jasht\u00ebzakonisht t\u00eb r\u00ebnd\u00ebsish\u00ebm p\u00ebr Kosov\u00ebn vazhdimin e Programit Kompakt t\u00eb","og_url":"https:\/\/veritasinfo.org\/?p=5963","article_published_time":"2025-07-30T18:17:28+00:00","og_image":[{"width":1024,"height":683,"url":"https:\/\/veritasinfo.org\/wp-content\/uploads\/2025\/07\/IMG_2135-1024x683.png","type":"image\/png"}],"author":"admin","twitter_card":"summary_large_image","twitter_misc":{"Written by":"admin","Est. reading time":"1 minute"},"schema":{"@context":"https:\/\/schema.org","@graph":[{"@type":"WebPage","@id":"https:\/\/veritasinfo.org\/?p=5963","url":"https:\/\/veritasinfo.org\/?p=5963","name":"Kurti p\u00ebr MCC-n\u00eb: Vendim i r\u00ebnd\u00ebsish\u00ebm nga administrata Trump p\u00ebr Kosov\u00ebn -","isPartOf":{"@id":"https:\/\/veritasinfo.org\/#website"},"primaryImageOfPage":{"@id":"https:\/\/veritasinfo.org\/?p=5963#primaryimage"},"image":{"@id":"https:\/\/veritasinfo.org\/?p=5963#primaryimage"},"thumbnailUrl":"https:\/\/veritasinfo.org\/wp-content\/uploads\/2025\/07\/IMG_2135.png","datePublished":"2025-07-30T18:17:28+00:00","author":{"@id":"https:\/\/veritasinfo.org\/#\/schema\/person\/7701f8c088bece422266b100a712374f"},"breadcrumb":{"@id":"https:\/\/veritasinfo.org\/?p=5963#breadcrumb"},"inLanguage":"en-US","potentialAction":[{"@type":"ReadAction","target":["https:\/\/veritasinfo.org\/?p=5963"]}]},{"@type":"ImageObject","inLanguage":"en-US","@id":"https:\/\/veritasinfo.org\/?p=5963#primaryimage","url":"https:\/\/veritasinfo.org\/wp-content\/uploads\/2025\/07\/IMG_2135.png","contentUrl":"https:\/\/veritasinfo.org\/wp-content\/uploads\/2025\/07\/IMG_2135.png","width":2048,"height":1365},{"@type":"BreadcrumbList","@id":"https:\/\/veritasinfo.org\/?p=5963#breadcrumb","itemListElement":[{"@type":"ListItem","position":1,"name":"Home","item":"https:\/\/veritasinfo.org\/"},{"@type":"ListItem","position":2,"name":"Kurti p\u00ebr MCC-n\u00eb: Vendim i r\u00ebnd\u00ebsish\u00ebm nga administrata Trump p\u00ebr Kosov\u00ebn"}]},{"@type":"WebSite","@id":"https:\/\/veritasinfo.org\/#website","url":"https:\/\/veritasinfo.org\/","name":"","description":"","potentialAction":[{"@type":"SearchAction","target":{"@type":"EntryPoint","urlTemplate":"https:\/\/veritasinfo.org\/?s={search_term_string}"},"query-input":{"@type":"PropertyValueSpecification","valueRequired":true,"valueName":"search_term_string"}}],"inLanguage":"en-US"},{"@type":"Person","@id":"https:\/\/veritasinfo.org\/#\/schema\/person\/7701f8c088bece422266b100a712374f","name":"admin","image":{"@type":"ImageObject","inLanguage":"en-US","@id":"https:\/\/veritasinfo.org\/#\/schema\/person\/image\/","url":"https:\/\/secure.gravatar.com\/avatar\/ea53aa3bf6c9a12d5fde8ce4deff43fef3885ae33cf60184161a50d6987cfd2f?s=96&d=mm&r=g","contentUrl":"https:\/\/secure.gravatar.com\/avatar\/ea53aa3bf6c9a12d5fde8ce4deff43fef3885ae33cf60184161a50d6987cfd2f?s=96&d=mm&r=g","caption":"admin"},"sameAs":["https:\/\/veritasinfo.org"],"url":"https:\/\/veritasinfo.org\/?author=1"}]}},"featured_image_urls":{"full":["https:\/\/veritasinfo.org\/wp-content\/uploads\/2025\/07\/IMG_2135.png",2048,1365,false],"thumbnail":["https:\/\/veritasinfo.org\/wp-content\/uploads\/2025\/07\/IMG_2135-150x150.png",150,150,true],"medium":["https:\/\/veritasinfo.org\/wp-content\/uploads\/2025\/07\/IMG_2135-300x200.png",300,200,true],"medium_large":["https:\/\/veritasinfo.org\/wp-content\/uploads\/2025\/07\/IMG_2135-768x512.png",640,427,true],"large":["https:\/\/veritasinfo.org\/wp-content\/uploads\/2025\/07\/IMG_2135-1024x683.png",640,427,true],"1536x1536":["https:\/\/veritasinfo.org\/wp-content\/uploads\/2025\/07\/IMG_2135-1536x1024.png",1536,1024,true],"2048x2048":["https:\/\/veritasinfo.org\/wp-content\/uploads\/2025\/07\/IMG_2135.png",2048,1365,false],"kreeti-slider-full":["https:\/\/veritasinfo.org\/wp-content\/uploads\/2025\/07\/IMG_2135.png",1080,720,false],"kreeti-featured":["https:\/\/veritasinfo.org\/wp-content\/uploads\/2025\/07\/IMG_2135.png",1024,683,false],"kreeti-medium":["https:\/\/veritasinfo.org\/wp-content\/uploads\/2025\/07\/IMG_2135.png",720,480,false],"kreeti-medium-square":["https:\/\/veritasinfo.org\/wp-content\/uploads\/2025\/07\/IMG_2135.png",350,233,false]},"author_info":{"info":["admin"]},"category_info":"<a href=\"https:\/\/veritasinfo.org\/?cat=58\" rel=\"category\">Politik\u00eb<\/a>","tag_info":"Politik\u00eb","comment_count":"0","_links":{"self":[{"href":"https:\/\/veritasinfo.org\/index.php?rest_route=\/wp\/v2\/posts\/5963","targetHints":{"allow":["GET"]}}],"collection":[{"href":"https:\/\/veritasinfo.org\/index.php?rest_route=\/wp\/v2\/posts"}],"about":[{"href":"https:\/\/veritasinfo.org\/index.php?rest_route=\/wp\/v2\/types\/post"}],"author":[{"embeddable":true,"href":"https:\/\/veritasinfo.org\/index.php?rest_route=\/wp\/v2\/users\/1"}],"replies":[{"embeddable":true,"href":"https:\/\/veritasinfo.org\/index.php?rest_route=%2Fwp%2Fv2%2Fcomments&post=5963"}],"version-history":[{"count":1,"href":"https:\/\/veritasinfo.org\/index.php?rest_route=\/wp\/v2\/posts\/5963\/revisions"}],"predecessor-version":[{"id":5965,"href":"https:\/\/veritasinfo.org\/index.php?rest_route=\/wp\/v2\/posts\/5963\/revisions\/5965"}],"wp:featuredmedia":[{"embeddable":true,"href":"https:\/\/veritasinfo.org\/index.php?rest_route=\/wp\/v2\/media\/5964"}],"wp:attachment":[{"href":"https:\/\/veritasinfo.org\/index.php?rest_route=%2Fwp%2Fv2%2Fmedia&parent=5963"}],"wp:term":[{"taxonomy":"category","embeddable":true,"href":"https:\/\/veritasinfo.org\/index.php?rest_route=%2Fwp%2Fv2%2Fcategories&post=5963"},{"taxonomy":"post_tag","embeddable":true,"href":"https:\/\/veritasinfo.org\/index.php?rest_route=%2Fwp%2Fv2%2Ftags&post=5963"}],"curies":[{"name":"wp","href":"https:\/\/api.w.org\/{rel}","templated":true}]}}