{"id":596,"date":"2025-06-14T12:40:23","date_gmt":"2025-06-14T14:40:23","guid":{"rendered":"https:\/\/veritasinfo.org\/?p=596"},"modified":"2025-06-14T12:40:23","modified_gmt":"2025-06-14T14:40:23","slug":"pas-humbjes-se-shtetesise-ndaj-n-v-fillojne-procedurat-e-largimit-me-force-nga-territori-i-vendit","status":"publish","type":"post","link":"https:\/\/veritasinfo.org\/?p=596","title":{"rendered":"Pas humbjes s\u00eb shtet\u00ebsis\u00eb, ndaj N.V., fillojn\u00eb procedurat e largimit me forc\u00eb nga territori i vendit"},"content":{"rendered":"<p style=\"padding-left: 40px;\">Prishtin\u00eb, m\u00eb 14 qershor 2025<\/p>\n<p>Policia e Kosov\u00ebs \u00ebsht\u00eb institucion i zbatimit t\u00eb ligjeve dhe vendimeve q\u00eb nxirren nga institucionet e Republik\u00ebs. Bazuar n\u00eb vendimin e Ministris\u00eb s\u00eb Pun\u00ebve t\u00eb Brendshme mbi humbjen e shtet\u00ebsis\u00eb me privim, ndaj personit N.V., ish shtetas i Republik\u00ebs s\u00eb Kosov\u00ebs dhe nj\u00ebkoh\u00ebsisht edhe i Serbis\u00eb dhe pjes\u00ebtar i inteligjenc\u00ebs s\u00eb policis\u00eb n\u00eb Serbi, Policia e Kosov\u00ebs, Drejtoria p\u00ebr Migrim dhe t\u00eb Huaj, ndaj personit n\u00eb fjal\u00eb ka filluar procedurat p\u00ebr largim me forc\u00eb nga vendi yn\u00eb.<\/p>\n<p>Drejtoria p\u00ebr Migrim dhe t\u00eb Huaj, ndaj personit t\u00eb fjal\u00eb \u00ebsht\u00eb duke u zhvilluar procedura bazuar n\u00eb ligjet q\u00eb rregullojn\u00eb k\u00ebt\u00eb \u00e7\u00ebshtje dhe lidhur me k\u00ebt\u00eb ka l\u00ebshuar vendimin p\u00ebr largim me forc\u00eb t\u00eb personit N.V., nga territori i Republik\u00ebs s\u00eb Kosov\u00ebs.<\/p>\n<p>Deri n\u00eb p\u00ebrfundim t\u00eb k\u00ebtyre procedurave, n\u00eb p\u00ebrmbushje t\u00eb kushteve p\u00ebr ekzekutimin e vendimit, personit n\u00eb fjal\u00eb i \u00ebsht\u00eb shqiptuar masa e ndalimit n\u00eb Qendr\u00ebn e Mbajtjes p\u00ebr t\u00eb Huaj.<\/p>\n<p>Policia e Kosov\u00ebs do t\u00eb vazhdoj\u00eb t\u00eb kryej detyrat e saja kushtetuese dhe ligjore dhe t\u00eb zbatoj\u00eb vendimet e institucioneve shtet\u00ebrore t\u00eb vendit.<\/p>\n<p>&#8212;<\/p>\n<p>Nakon gubitka dr\u017eavljanstva, nad N.V. zapo\u010dinju se postupci za prisilno udaljenje sa teritorije zemlje<\/p>\n<p>Pri\u0161tina, 14. jun 2025. godine<\/p>\n<p>Pas humbjes s\u00eb shtet\u00ebsis\u00eb, ndaj N.V., fillojn\u00eb procedurat e largimit me forc\u00eb nga territori i vendit<\/p>\n<p>Prishtin\u00eb, m\u00eb 14 qershor 2025<\/p>\n<p>Policia e Kosov\u00ebs \u00ebsht\u00eb institucion i zbatimit t\u00eb ligjeve dhe vendimeve q\u00eb nxirren nga institucionet e Republik\u00ebs. Bazuar n\u00eb vendimin e Ministris\u00eb s\u00eb Pun\u00ebve t\u00eb Brendshme mbi humbjen e shtet\u00ebsis\u00eb me privim, ndaj personit N.V., ish shtetas i Republik\u00ebs s\u00eb Kosov\u00ebs dhe nj\u00ebkoh\u00ebsisht edhe i Serbis\u00eb dhe pjes\u00ebtar i inteligjenc\u00ebs s\u00eb policis\u00eb n\u00eb Serbi, Policia e Kosov\u00ebs, Drejtoria p\u00ebr Migrim dhe t\u00eb Huaj, ndaj personit n\u00eb fjal\u00eb ka filluar procedurat p\u00ebr largim me forc\u00eb nga vendi yn\u00eb.<\/p>\n<p>Drejtoria p\u00ebr Migrim dhe t\u00eb Huaj, ndaj personit t\u00eb fjal\u00eb \u00ebsht\u00eb duke u zhvilluar procedura bazuar n\u00eb ligjet q\u00eb rregullojn\u00eb k\u00ebt\u00eb \u00e7\u00ebshtje dhe lidhur me k\u00ebt\u00eb ka l\u00ebshuar vendimin p\u00ebr largim me forc\u00eb t\u00eb personit N.V., nga territori i Republik\u00ebs s\u00eb Kosov\u00ebs.<\/p>\n<p>Deri n\u00eb p\u00ebrfundim t\u00eb k\u00ebtyre procedurave, n\u00eb p\u00ebrmbushje t\u00eb kushteve p\u00ebr ekzekutimin e vendimit, personit n\u00eb fjal\u00eb i \u00ebsht\u00eb shqiptuar masa e ndalimit n\u00eb Qendr\u00ebn e Mbajtjes p\u00ebr t\u00eb Huaj.<\/p>\n<p>Policia e Kosov\u00ebs do t\u00eb vazhdoj\u00eb t\u00eb kryej detyrat e saja kushtetuese dhe ligjore dhe t\u00eb zbatoj\u00eb vendimet e institucioneve shtet\u00ebrore t\u00eb vendit.<\/p>\n<p>&nbsp;<\/p>\n<p>&nbsp;<\/p>\n<p>&nbsp;<\/p>\n<p>&nbsp;<\/p>\n<p>&nbsp;<\/p>\n","protected":false},"excerpt":{"rendered":"<p>Prishtin\u00eb, m\u00eb 14 qershor 2025 Policia e Kosov\u00ebs \u00ebsht\u00eb institucion i zbatimit t\u00eb ligjeve dhe vendimeve q\u00eb nxirren nga institucionet e Republik\u00ebs. Bazuar n\u00eb vendimin<\/p>\n","protected":false},"author":1,"featured_media":251,"comment_status":"open","ping_status":"open","sticky":false,"template":"","format":"standard","meta":{"footnotes":""},"categories":[60],"tags":[],"class_list":["post-596","post","type-post","status-publish","format-standard","has-post-thumbnail","hentry","category-shoqerore-sq"],"yoast_head":"<!-- This site is optimized with the Yoast SEO plugin v25.3.1 - https:\/\/yoast.com\/wordpress\/plugins\/seo\/ -->\n<title>Pas humbjes s\u00eb shtet\u00ebsis\u00eb, ndaj N.V., fillojn\u00eb procedurat e largimit me forc\u00eb nga territori i vendit -<\/title>\n<meta name=\"robots\" content=\"index, follow, max-snippet:-1, max-image-preview:large, max-video-preview:-1\" \/>\n<link rel=\"canonical\" href=\"https:\/\/veritasinfo.org\/?p=596\" \/>\n<meta property=\"og:locale\" content=\"en_US\" \/>\n<meta property=\"og:type\" content=\"article\" \/>\n<meta property=\"og:title\" content=\"Pas humbjes s\u00eb shtet\u00ebsis\u00eb, ndaj N.V., fillojn\u00eb procedurat e largimit me forc\u00eb nga territori i vendit -\" \/>\n<meta property=\"og:description\" content=\"Prishtin\u00eb, m\u00eb 14 qershor 2025 Policia e Kosov\u00ebs \u00ebsht\u00eb institucion i zbatimit t\u00eb ligjeve dhe vendimeve q\u00eb nxirren nga institucionet e Republik\u00ebs. Bazuar n\u00eb vendimin\" \/>\n<meta property=\"og:url\" content=\"https:\/\/veritasinfo.org\/?p=596\" \/>\n<meta property=\"article:published_time\" content=\"2025-06-14T14:40:23+00:00\" \/>\n<meta property=\"og:image\" content=\"https:\/\/veritasinfo.org\/wp-content\/uploads\/2025\/06\/IMG_1122.jpeg\" \/>\n\t<meta property=\"og:image:width\" content=\"1254\" \/>\n\t<meta property=\"og:image:height\" content=\"649\" \/>\n\t<meta property=\"og:image:type\" content=\"image\/jpeg\" \/>\n<meta name=\"author\" content=\"admin\" \/>\n<meta name=\"twitter:card\" content=\"summary_large_image\" \/>\n<meta name=\"twitter:label1\" content=\"Written by\" \/>\n\t<meta name=\"twitter:data1\" content=\"admin\" \/>\n\t<meta name=\"twitter:label2\" content=\"Est. reading time\" \/>\n\t<meta name=\"twitter:data2\" content=\"2 minutes\" \/>\n<script type=\"application\/ld+json\" class=\"yoast-schema-graph\">{\"@context\":\"https:\/\/schema.org\",\"@graph\":[{\"@type\":\"WebPage\",\"@id\":\"https:\/\/veritasinfo.org\/?p=596\",\"url\":\"https:\/\/veritasinfo.org\/?p=596\",\"name\":\"Pas humbjes s\u00eb shtet\u00ebsis\u00eb, ndaj N.V., fillojn\u00eb procedurat e largimit me forc\u00eb nga territori i vendit -\",\"isPartOf\":{\"@id\":\"https:\/\/veritasinfo.org\/#website\"},\"primaryImageOfPage\":{\"@id\":\"https:\/\/veritasinfo.org\/?p=596#primaryimage\"},\"image\":{\"@id\":\"https:\/\/veritasinfo.org\/?p=596#primaryimage\"},\"thumbnailUrl\":\"https:\/\/veritasinfo.org\/wp-content\/uploads\/2025\/06\/IMG_1122.jpeg\",\"datePublished\":\"2025-06-14T14:40:23+00:00\",\"author\":{\"@id\":\"https:\/\/veritasinfo.org\/#\/schema\/person\/7701f8c088bece422266b100a712374f\"},\"breadcrumb\":{\"@id\":\"https:\/\/veritasinfo.org\/?p=596#breadcrumb\"},\"inLanguage\":\"en-US\",\"potentialAction\":[{\"@type\":\"ReadAction\",\"target\":[\"https:\/\/veritasinfo.org\/?p=596\"]}]},{\"@type\":\"ImageObject\",\"inLanguage\":\"en-US\",\"@id\":\"https:\/\/veritasinfo.org\/?p=596#primaryimage\",\"url\":\"https:\/\/veritasinfo.org\/wp-content\/uploads\/2025\/06\/IMG_1122.jpeg\",\"contentUrl\":\"https:\/\/veritasinfo.org\/wp-content\/uploads\/2025\/06\/IMG_1122.jpeg\",\"width\":1254,\"height\":649},{\"@type\":\"BreadcrumbList\",\"@id\":\"https:\/\/veritasinfo.org\/?p=596#breadcrumb\",\"itemListElement\":[{\"@type\":\"ListItem\",\"position\":1,\"name\":\"Home\",\"item\":\"https:\/\/veritasinfo.org\/\"},{\"@type\":\"ListItem\",\"position\":2,\"name\":\"Pas humbjes s\u00eb shtet\u00ebsis\u00eb, ndaj N.V., fillojn\u00eb procedurat e largimit me forc\u00eb nga territori i vendit\"}]},{\"@type\":\"WebSite\",\"@id\":\"https:\/\/veritasinfo.org\/#website\",\"url\":\"https:\/\/veritasinfo.org\/\",\"name\":\"\",\"description\":\"\",\"potentialAction\":[{\"@type\":\"SearchAction\",\"target\":{\"@type\":\"EntryPoint\",\"urlTemplate\":\"https:\/\/veritasinfo.org\/?s={search_term_string}\"},\"query-input\":{\"@type\":\"PropertyValueSpecification\",\"valueRequired\":true,\"valueName\":\"search_term_string\"}}],\"inLanguage\":\"en-US\"},{\"@type\":\"Person\",\"@id\":\"https:\/\/veritasinfo.org\/#\/schema\/person\/7701f8c088bece422266b100a712374f\",\"name\":\"admin\",\"image\":{\"@type\":\"ImageObject\",\"inLanguage\":\"en-US\",\"@id\":\"https:\/\/veritasinfo.org\/#\/schema\/person\/image\/\",\"url\":\"https:\/\/secure.gravatar.com\/avatar\/ea53aa3bf6c9a12d5fde8ce4deff43fef3885ae33cf60184161a50d6987cfd2f?s=96&d=mm&r=g\",\"contentUrl\":\"https:\/\/secure.gravatar.com\/avatar\/ea53aa3bf6c9a12d5fde8ce4deff43fef3885ae33cf60184161a50d6987cfd2f?s=96&d=mm&r=g\",\"caption\":\"admin\"},\"sameAs\":[\"https:\/\/veritasinfo.org\"],\"url\":\"https:\/\/veritasinfo.org\/?author=1\"}]}<\/script>\n<!-- \/ Yoast SEO plugin. -->","yoast_head_json":{"title":"Pas humbjes s\u00eb shtet\u00ebsis\u00eb, ndaj N.V., fillojn\u00eb procedurat e largimit me forc\u00eb nga territori i vendit -","robots":{"index":"index","follow":"follow","max-snippet":"max-snippet:-1","max-image-preview":"max-image-preview:large","max-video-preview":"max-video-preview:-1"},"canonical":"https:\/\/veritasinfo.org\/?p=596","og_locale":"en_US","og_type":"article","og_title":"Pas humbjes s\u00eb shtet\u00ebsis\u00eb, ndaj N.V., fillojn\u00eb procedurat e largimit me forc\u00eb nga territori i vendit -","og_description":"Prishtin\u00eb, m\u00eb 14 qershor 2025 Policia e Kosov\u00ebs \u00ebsht\u00eb institucion i zbatimit t\u00eb ligjeve dhe vendimeve q\u00eb nxirren nga institucionet e Republik\u00ebs. Bazuar n\u00eb vendimin","og_url":"https:\/\/veritasinfo.org\/?p=596","article_published_time":"2025-06-14T14:40:23+00:00","og_image":[{"width":1254,"height":649,"url":"https:\/\/veritasinfo.org\/wp-content\/uploads\/2025\/06\/IMG_1122.jpeg","type":"image\/jpeg"}],"author":"admin","twitter_card":"summary_large_image","twitter_misc":{"Written by":"admin","Est. reading time":"2 minutes"},"schema":{"@context":"https:\/\/schema.org","@graph":[{"@type":"WebPage","@id":"https:\/\/veritasinfo.org\/?p=596","url":"https:\/\/veritasinfo.org\/?p=596","name":"Pas humbjes s\u00eb shtet\u00ebsis\u00eb, ndaj N.V., fillojn\u00eb procedurat e largimit me forc\u00eb nga territori i vendit -","isPartOf":{"@id":"https:\/\/veritasinfo.org\/#website"},"primaryImageOfPage":{"@id":"https:\/\/veritasinfo.org\/?p=596#primaryimage"},"image":{"@id":"https:\/\/veritasinfo.org\/?p=596#primaryimage"},"thumbnailUrl":"https:\/\/veritasinfo.org\/wp-content\/uploads\/2025\/06\/IMG_1122.jpeg","datePublished":"2025-06-14T14:40:23+00:00","author":{"@id":"https:\/\/veritasinfo.org\/#\/schema\/person\/7701f8c088bece422266b100a712374f"},"breadcrumb":{"@id":"https:\/\/veritasinfo.org\/?p=596#breadcrumb"},"inLanguage":"en-US","potentialAction":[{"@type":"ReadAction","target":["https:\/\/veritasinfo.org\/?p=596"]}]},{"@type":"ImageObject","inLanguage":"en-US","@id":"https:\/\/veritasinfo.org\/?p=596#primaryimage","url":"https:\/\/veritasinfo.org\/wp-content\/uploads\/2025\/06\/IMG_1122.jpeg","contentUrl":"https:\/\/veritasinfo.org\/wp-content\/uploads\/2025\/06\/IMG_1122.jpeg","width":1254,"height":649},{"@type":"BreadcrumbList","@id":"https:\/\/veritasinfo.org\/?p=596#breadcrumb","itemListElement":[{"@type":"ListItem","position":1,"name":"Home","item":"https:\/\/veritasinfo.org\/"},{"@type":"ListItem","position":2,"name":"Pas humbjes s\u00eb shtet\u00ebsis\u00eb, ndaj N.V., fillojn\u00eb procedurat e largimit me forc\u00eb nga territori i vendit"}]},{"@type":"WebSite","@id":"https:\/\/veritasinfo.org\/#website","url":"https:\/\/veritasinfo.org\/","name":"","description":"","potentialAction":[{"@type":"SearchAction","target":{"@type":"EntryPoint","urlTemplate":"https:\/\/veritasinfo.org\/?s={search_term_string}"},"query-input":{"@type":"PropertyValueSpecification","valueRequired":true,"valueName":"search_term_string"}}],"inLanguage":"en-US"},{"@type":"Person","@id":"https:\/\/veritasinfo.org\/#\/schema\/person\/7701f8c088bece422266b100a712374f","name":"admin","image":{"@type":"ImageObject","inLanguage":"en-US","@id":"https:\/\/veritasinfo.org\/#\/schema\/person\/image\/","url":"https:\/\/secure.gravatar.com\/avatar\/ea53aa3bf6c9a12d5fde8ce4deff43fef3885ae33cf60184161a50d6987cfd2f?s=96&d=mm&r=g","contentUrl":"https:\/\/secure.gravatar.com\/avatar\/ea53aa3bf6c9a12d5fde8ce4deff43fef3885ae33cf60184161a50d6987cfd2f?s=96&d=mm&r=g","caption":"admin"},"sameAs":["https:\/\/veritasinfo.org"],"url":"https:\/\/veritasinfo.org\/?author=1"}]}},"featured_image_urls":{"full":["https:\/\/veritasinfo.org\/wp-content\/uploads\/2025\/06\/IMG_1122.jpeg",1254,649,false],"thumbnail":["https:\/\/veritasinfo.org\/wp-content\/uploads\/2025\/06\/IMG_1122-150x150.jpeg",150,150,true],"medium":["https:\/\/veritasinfo.org\/wp-content\/uploads\/2025\/06\/IMG_1122-300x155.jpeg",300,155,true],"medium_large":["https:\/\/veritasinfo.org\/wp-content\/uploads\/2025\/06\/IMG_1122-768x397.jpeg",640,331,true],"large":["https:\/\/veritasinfo.org\/wp-content\/uploads\/2025\/06\/IMG_1122-1024x530.jpeg",640,331,true],"1536x1536":["https:\/\/veritasinfo.org\/wp-content\/uploads\/2025\/06\/IMG_1122.jpeg",1254,649,false],"2048x2048":["https:\/\/veritasinfo.org\/wp-content\/uploads\/2025\/06\/IMG_1122.jpeg",1254,649,false],"kreeti-slider-full":["https:\/\/veritasinfo.org\/wp-content\/uploads\/2025\/06\/IMG_1122.jpeg",1254,649,false],"kreeti-featured":["https:\/\/veritasinfo.org\/wp-content\/uploads\/2025\/06\/IMG_1122.jpeg",1024,530,false],"kreeti-medium":["https:\/\/veritasinfo.org\/wp-content\/uploads\/2025\/06\/IMG_1122.jpeg",720,373,false],"kreeti-medium-square":["https:\/\/veritasinfo.org\/wp-content\/uploads\/2025\/06\/IMG_1122.jpeg",350,181,false]},"author_info":{"info":["admin"]},"category_info":"<a href=\"https:\/\/veritasinfo.org\/?cat=60\" rel=\"category\">Shoq\u00ebrore<\/a>","tag_info":"Shoq\u00ebrore","comment_count":"0","_links":{"self":[{"href":"https:\/\/veritasinfo.org\/index.php?rest_route=\/wp\/v2\/posts\/596","targetHints":{"allow":["GET"]}}],"collection":[{"href":"https:\/\/veritasinfo.org\/index.php?rest_route=\/wp\/v2\/posts"}],"about":[{"href":"https:\/\/veritasinfo.org\/index.php?rest_route=\/wp\/v2\/types\/post"}],"author":[{"embeddable":true,"href":"https:\/\/veritasinfo.org\/index.php?rest_route=\/wp\/v2\/users\/1"}],"replies":[{"embeddable":true,"href":"https:\/\/veritasinfo.org\/index.php?rest_route=%2Fwp%2Fv2%2Fcomments&post=596"}],"version-history":[{"count":1,"href":"https:\/\/veritasinfo.org\/index.php?rest_route=\/wp\/v2\/posts\/596\/revisions"}],"predecessor-version":[{"id":597,"href":"https:\/\/veritasinfo.org\/index.php?rest_route=\/wp\/v2\/posts\/596\/revisions\/597"}],"wp:featuredmedia":[{"embeddable":true,"href":"https:\/\/veritasinfo.org\/index.php?rest_route=\/wp\/v2\/media\/251"}],"wp:attachment":[{"href":"https:\/\/veritasinfo.org\/index.php?rest_route=%2Fwp%2Fv2%2Fmedia&parent=596"}],"wp:term":[{"taxonomy":"category","embeddable":true,"href":"https:\/\/veritasinfo.org\/index.php?rest_route=%2Fwp%2Fv2%2Fcategories&post=596"},{"taxonomy":"post_tag","embeddable":true,"href":"https:\/\/veritasinfo.org\/index.php?rest_route=%2Fwp%2Fv2%2Ftags&post=596"}],"curies":[{"name":"wp","href":"https:\/\/api.w.org\/{rel}","templated":true}]}}