{"id":5944,"date":"2025-07-30T16:43:48","date_gmt":"2025-07-30T14:43:48","guid":{"rendered":"https:\/\/veritasinfo.org\/?p=5944"},"modified":"2025-07-30T16:46:02","modified_gmt":"2025-07-30T14:46:02","slug":"kontroll-i-rrepte-i-autobusit-te-kosoves-ne-hyrje-te-serbise-dy-shofere-dergohen-ne-polici","status":"publish","type":"post","link":"https:\/\/veritasinfo.org\/?p=5944","title":{"rendered":"Kontroll i rrept\u00eb i autobusit t\u00eb Kosov\u00ebs n\u00eb hyrje t\u00eb Serbis\u00eb, dy shofer\u00eb d\u00ebrgohen n\u00eb polici"},"content":{"rendered":"<p><strong><em>Merdare, 30 Korrik 2025<\/em><\/strong><\/p>\n<p><strong><em><br \/>\nAutobusi nga Kosova i kompanis\u00eb \u201cPranvera TRavel \u201d, i \u00ebsht\u00eb n\u00ebnshtruar nj\u00eb kontrolli t\u00eb rrept\u00eb nga autoritetet serbe n\u00eb hyrje t\u00eb Serbis\u00eb<\/em><\/strong>.<br \/>\nDisa qytetar\u00eb t\u00eb shqet\u00ebsuar p\u00ebr gjendjen kan\u00eb kontaktuar me mediat, duke th\u00ebn\u00eb se jan\u00eb duke pritur q\u00eb nga m\u00ebngjesi n\u00eb Serbi.<\/p>\n<p>Dy shofer\u00ebt jan\u00eb d\u00ebrguar n\u00eb polici.<\/p>\n<p>\u201cPranvera Travel\u201d t\u00eb kontaktuar nga mediat than\u00eb se shofer\u00ebt kan\u00eb shkuar n\u00eb stacion p\u00ebr t\u00eb paguar nj\u00eb d\u00ebnim, nd\u00ebrkoh\u00eb qytetar\u00ebt jan\u00eb ende duke pritur.<\/p>\n<p>\u201cKa qen\u00eb kontroll\u00eb e madhe n\u00eb hymje t\u00eb Serbis\u00eb, edhe p\u00ebr shkak t\u00eb dy klimave q\u00eb kan\u00eb qen\u00eb transport nga Kosova p\u00ebr n\u00eb Gjermani, shofer\u00ebt jan\u00eb d\u00ebrguar ta pagaujn\u00eb d\u00ebnimin. Tash vin dhe vazhdojn\u00eb sepse i \u00ebsht\u00eb dash t\u00eb japin deklarat\u00eb\u201d, thuhet n\u00eb prononcim.<\/p>\n","protected":false},"excerpt":{"rendered":"<p>Merdare, 30 Korrik 2025 Autobusi nga Kosova i kompanis\u00eb \u201cPranvera TRavel \u201d, i \u00ebsht\u00eb n\u00ebnshtruar nj\u00eb kontrolli t\u00eb rrept\u00eb nga autoritetet serbe n\u00eb hyrje t\u00eb<\/p>\n","protected":false},"author":1,"featured_media":5945,"comment_status":"open","ping_status":"open","sticky":false,"template":"","format":"standard","meta":{"footnotes":""},"categories":[60],"tags":[],"class_list":["post-5944","post","type-post","status-publish","format-standard","has-post-thumbnail","hentry","category-shoqerore-sq"],"yoast_head":"<!-- This site is optimized with the Yoast SEO plugin v25.3.1 - https:\/\/yoast.com\/wordpress\/plugins\/seo\/ -->\n<title>Kontroll i rrept\u00eb i autobusit t\u00eb Kosov\u00ebs n\u00eb hyrje t\u00eb Serbis\u00eb, dy shofer\u00eb d\u00ebrgohen n\u00eb polici -<\/title>\n<meta name=\"robots\" content=\"index, follow, max-snippet:-1, max-image-preview:large, max-video-preview:-1\" \/>\n<link rel=\"canonical\" href=\"https:\/\/veritasinfo.org\/?p=5944\" \/>\n<meta property=\"og:locale\" content=\"en_US\" \/>\n<meta property=\"og:type\" content=\"article\" \/>\n<meta property=\"og:title\" content=\"Kontroll i rrept\u00eb i autobusit t\u00eb Kosov\u00ebs n\u00eb hyrje t\u00eb Serbis\u00eb, dy shofer\u00eb d\u00ebrgohen n\u00eb polici -\" \/>\n<meta property=\"og:description\" content=\"Merdare, 30 Korrik 2025 Autobusi nga Kosova i kompanis\u00eb \u201cPranvera TRavel \u201d, i \u00ebsht\u00eb n\u00ebnshtruar nj\u00eb kontrolli t\u00eb rrept\u00eb nga autoritetet serbe n\u00eb hyrje t\u00eb\" \/>\n<meta property=\"og:url\" content=\"https:\/\/veritasinfo.org\/?p=5944\" \/>\n<meta property=\"article:published_time\" content=\"2025-07-30T14:43:48+00:00\" \/>\n<meta property=\"article:modified_time\" content=\"2025-07-30T14:46:02+00:00\" \/>\n<meta property=\"og:image\" content=\"https:\/\/veritasinfo.org\/wp-content\/uploads\/2025\/07\/IMG_2421.jpeg\" \/>\n\t<meta property=\"og:image:width\" content=\"539\" \/>\n\t<meta property=\"og:image:height\" content=\"305\" \/>\n\t<meta property=\"og:image:type\" content=\"image\/jpeg\" \/>\n<meta name=\"author\" content=\"admin\" \/>\n<meta name=\"twitter:card\" content=\"summary_large_image\" \/>\n<meta name=\"twitter:label1\" content=\"Written by\" \/>\n\t<meta name=\"twitter:data1\" content=\"admin\" \/>\n\t<meta name=\"twitter:label2\" content=\"Est. reading time\" \/>\n\t<meta name=\"twitter:data2\" content=\"1 minute\" \/>\n<script type=\"application\/ld+json\" class=\"yoast-schema-graph\">{\"@context\":\"https:\/\/schema.org\",\"@graph\":[{\"@type\":\"WebPage\",\"@id\":\"https:\/\/veritasinfo.org\/?p=5944\",\"url\":\"https:\/\/veritasinfo.org\/?p=5944\",\"name\":\"Kontroll i rrept\u00eb i autobusit t\u00eb Kosov\u00ebs n\u00eb hyrje t\u00eb Serbis\u00eb, dy shofer\u00eb d\u00ebrgohen n\u00eb polici -\",\"isPartOf\":{\"@id\":\"https:\/\/veritasinfo.org\/#website\"},\"primaryImageOfPage\":{\"@id\":\"https:\/\/veritasinfo.org\/?p=5944#primaryimage\"},\"image\":{\"@id\":\"https:\/\/veritasinfo.org\/?p=5944#primaryimage\"},\"thumbnailUrl\":\"https:\/\/veritasinfo.org\/wp-content\/uploads\/2025\/07\/IMG_2421.jpeg\",\"datePublished\":\"2025-07-30T14:43:48+00:00\",\"dateModified\":\"2025-07-30T14:46:02+00:00\",\"author\":{\"@id\":\"https:\/\/veritasinfo.org\/#\/schema\/person\/7701f8c088bece422266b100a712374f\"},\"breadcrumb\":{\"@id\":\"https:\/\/veritasinfo.org\/?p=5944#breadcrumb\"},\"inLanguage\":\"en-US\",\"potentialAction\":[{\"@type\":\"ReadAction\",\"target\":[\"https:\/\/veritasinfo.org\/?p=5944\"]}]},{\"@type\":\"ImageObject\",\"inLanguage\":\"en-US\",\"@id\":\"https:\/\/veritasinfo.org\/?p=5944#primaryimage\",\"url\":\"https:\/\/veritasinfo.org\/wp-content\/uploads\/2025\/07\/IMG_2421.jpeg\",\"contentUrl\":\"https:\/\/veritasinfo.org\/wp-content\/uploads\/2025\/07\/IMG_2421.jpeg\",\"width\":539,\"height\":305},{\"@type\":\"BreadcrumbList\",\"@id\":\"https:\/\/veritasinfo.org\/?p=5944#breadcrumb\",\"itemListElement\":[{\"@type\":\"ListItem\",\"position\":1,\"name\":\"Home\",\"item\":\"https:\/\/veritasinfo.org\/\"},{\"@type\":\"ListItem\",\"position\":2,\"name\":\"Kontroll i rrept\u00eb i autobusit t\u00eb Kosov\u00ebs n\u00eb hyrje t\u00eb Serbis\u00eb, dy shofer\u00eb d\u00ebrgohen n\u00eb polici\"}]},{\"@type\":\"WebSite\",\"@id\":\"https:\/\/veritasinfo.org\/#website\",\"url\":\"https:\/\/veritasinfo.org\/\",\"name\":\"\",\"description\":\"\",\"potentialAction\":[{\"@type\":\"SearchAction\",\"target\":{\"@type\":\"EntryPoint\",\"urlTemplate\":\"https:\/\/veritasinfo.org\/?s={search_term_string}\"},\"query-input\":{\"@type\":\"PropertyValueSpecification\",\"valueRequired\":true,\"valueName\":\"search_term_string\"}}],\"inLanguage\":\"en-US\"},{\"@type\":\"Person\",\"@id\":\"https:\/\/veritasinfo.org\/#\/schema\/person\/7701f8c088bece422266b100a712374f\",\"name\":\"admin\",\"image\":{\"@type\":\"ImageObject\",\"inLanguage\":\"en-US\",\"@id\":\"https:\/\/veritasinfo.org\/#\/schema\/person\/image\/\",\"url\":\"https:\/\/secure.gravatar.com\/avatar\/ea53aa3bf6c9a12d5fde8ce4deff43fef3885ae33cf60184161a50d6987cfd2f?s=96&d=mm&r=g\",\"contentUrl\":\"https:\/\/secure.gravatar.com\/avatar\/ea53aa3bf6c9a12d5fde8ce4deff43fef3885ae33cf60184161a50d6987cfd2f?s=96&d=mm&r=g\",\"caption\":\"admin\"},\"sameAs\":[\"https:\/\/veritasinfo.org\"],\"url\":\"https:\/\/veritasinfo.org\/?author=1\"}]}<\/script>\n<!-- \/ Yoast SEO plugin. -->","yoast_head_json":{"title":"Kontroll i rrept\u00eb i autobusit t\u00eb Kosov\u00ebs n\u00eb hyrje t\u00eb Serbis\u00eb, dy shofer\u00eb d\u00ebrgohen n\u00eb polici -","robots":{"index":"index","follow":"follow","max-snippet":"max-snippet:-1","max-image-preview":"max-image-preview:large","max-video-preview":"max-video-preview:-1"},"canonical":"https:\/\/veritasinfo.org\/?p=5944","og_locale":"en_US","og_type":"article","og_title":"Kontroll i rrept\u00eb i autobusit t\u00eb Kosov\u00ebs n\u00eb hyrje t\u00eb Serbis\u00eb, dy shofer\u00eb d\u00ebrgohen n\u00eb polici -","og_description":"Merdare, 30 Korrik 2025 Autobusi nga Kosova i kompanis\u00eb \u201cPranvera TRavel \u201d, i \u00ebsht\u00eb n\u00ebnshtruar nj\u00eb kontrolli t\u00eb rrept\u00eb nga autoritetet serbe n\u00eb hyrje t\u00eb","og_url":"https:\/\/veritasinfo.org\/?p=5944","article_published_time":"2025-07-30T14:43:48+00:00","article_modified_time":"2025-07-30T14:46:02+00:00","og_image":[{"width":539,"height":305,"url":"https:\/\/veritasinfo.org\/wp-content\/uploads\/2025\/07\/IMG_2421.jpeg","type":"image\/jpeg"}],"author":"admin","twitter_card":"summary_large_image","twitter_misc":{"Written by":"admin","Est. reading time":"1 minute"},"schema":{"@context":"https:\/\/schema.org","@graph":[{"@type":"WebPage","@id":"https:\/\/veritasinfo.org\/?p=5944","url":"https:\/\/veritasinfo.org\/?p=5944","name":"Kontroll i rrept\u00eb i autobusit t\u00eb Kosov\u00ebs n\u00eb hyrje t\u00eb Serbis\u00eb, dy shofer\u00eb d\u00ebrgohen n\u00eb polici -","isPartOf":{"@id":"https:\/\/veritasinfo.org\/#website"},"primaryImageOfPage":{"@id":"https:\/\/veritasinfo.org\/?p=5944#primaryimage"},"image":{"@id":"https:\/\/veritasinfo.org\/?p=5944#primaryimage"},"thumbnailUrl":"https:\/\/veritasinfo.org\/wp-content\/uploads\/2025\/07\/IMG_2421.jpeg","datePublished":"2025-07-30T14:43:48+00:00","dateModified":"2025-07-30T14:46:02+00:00","author":{"@id":"https:\/\/veritasinfo.org\/#\/schema\/person\/7701f8c088bece422266b100a712374f"},"breadcrumb":{"@id":"https:\/\/veritasinfo.org\/?p=5944#breadcrumb"},"inLanguage":"en-US","potentialAction":[{"@type":"ReadAction","target":["https:\/\/veritasinfo.org\/?p=5944"]}]},{"@type":"ImageObject","inLanguage":"en-US","@id":"https:\/\/veritasinfo.org\/?p=5944#primaryimage","url":"https:\/\/veritasinfo.org\/wp-content\/uploads\/2025\/07\/IMG_2421.jpeg","contentUrl":"https:\/\/veritasinfo.org\/wp-content\/uploads\/2025\/07\/IMG_2421.jpeg","width":539,"height":305},{"@type":"BreadcrumbList","@id":"https:\/\/veritasinfo.org\/?p=5944#breadcrumb","itemListElement":[{"@type":"ListItem","position":1,"name":"Home","item":"https:\/\/veritasinfo.org\/"},{"@type":"ListItem","position":2,"name":"Kontroll i rrept\u00eb i autobusit t\u00eb Kosov\u00ebs n\u00eb hyrje t\u00eb Serbis\u00eb, dy shofer\u00eb d\u00ebrgohen n\u00eb polici"}]},{"@type":"WebSite","@id":"https:\/\/veritasinfo.org\/#website","url":"https:\/\/veritasinfo.org\/","name":"","description":"","potentialAction":[{"@type":"SearchAction","target":{"@type":"EntryPoint","urlTemplate":"https:\/\/veritasinfo.org\/?s={search_term_string}"},"query-input":{"@type":"PropertyValueSpecification","valueRequired":true,"valueName":"search_term_string"}}],"inLanguage":"en-US"},{"@type":"Person","@id":"https:\/\/veritasinfo.org\/#\/schema\/person\/7701f8c088bece422266b100a712374f","name":"admin","image":{"@type":"ImageObject","inLanguage":"en-US","@id":"https:\/\/veritasinfo.org\/#\/schema\/person\/image\/","url":"https:\/\/secure.gravatar.com\/avatar\/ea53aa3bf6c9a12d5fde8ce4deff43fef3885ae33cf60184161a50d6987cfd2f?s=96&d=mm&r=g","contentUrl":"https:\/\/secure.gravatar.com\/avatar\/ea53aa3bf6c9a12d5fde8ce4deff43fef3885ae33cf60184161a50d6987cfd2f?s=96&d=mm&r=g","caption":"admin"},"sameAs":["https:\/\/veritasinfo.org"],"url":"https:\/\/veritasinfo.org\/?author=1"}]}},"featured_image_urls":{"full":["https:\/\/veritasinfo.org\/wp-content\/uploads\/2025\/07\/IMG_2421.jpeg",539,305,false],"thumbnail":["https:\/\/veritasinfo.org\/wp-content\/uploads\/2025\/07\/IMG_2421-150x150.jpeg",150,150,true],"medium":["https:\/\/veritasinfo.org\/wp-content\/uploads\/2025\/07\/IMG_2421-300x170.jpeg",300,170,true],"medium_large":["https:\/\/veritasinfo.org\/wp-content\/uploads\/2025\/07\/IMG_2421.jpeg",539,305,false],"large":["https:\/\/veritasinfo.org\/wp-content\/uploads\/2025\/07\/IMG_2421.jpeg",539,305,false],"1536x1536":["https:\/\/veritasinfo.org\/wp-content\/uploads\/2025\/07\/IMG_2421.jpeg",539,305,false],"2048x2048":["https:\/\/veritasinfo.org\/wp-content\/uploads\/2025\/07\/IMG_2421.jpeg",539,305,false],"kreeti-slider-full":["https:\/\/veritasinfo.org\/wp-content\/uploads\/2025\/07\/IMG_2421.jpeg",539,305,false],"kreeti-featured":["https:\/\/veritasinfo.org\/wp-content\/uploads\/2025\/07\/IMG_2421.jpeg",539,305,false],"kreeti-medium":["https:\/\/veritasinfo.org\/wp-content\/uploads\/2025\/07\/IMG_2421.jpeg",539,305,false],"kreeti-medium-square":["https:\/\/veritasinfo.org\/wp-content\/uploads\/2025\/07\/IMG_2421.jpeg",350,198,false]},"author_info":{"info":["admin"]},"category_info":"<a href=\"https:\/\/veritasinfo.org\/?cat=60\" rel=\"category\">Shoq\u00ebrore<\/a>","tag_info":"Shoq\u00ebrore","comment_count":"0","_links":{"self":[{"href":"https:\/\/veritasinfo.org\/index.php?rest_route=\/wp\/v2\/posts\/5944","targetHints":{"allow":["GET"]}}],"collection":[{"href":"https:\/\/veritasinfo.org\/index.php?rest_route=\/wp\/v2\/posts"}],"about":[{"href":"https:\/\/veritasinfo.org\/index.php?rest_route=\/wp\/v2\/types\/post"}],"author":[{"embeddable":true,"href":"https:\/\/veritasinfo.org\/index.php?rest_route=\/wp\/v2\/users\/1"}],"replies":[{"embeddable":true,"href":"https:\/\/veritasinfo.org\/index.php?rest_route=%2Fwp%2Fv2%2Fcomments&post=5944"}],"version-history":[{"count":3,"href":"https:\/\/veritasinfo.org\/index.php?rest_route=\/wp\/v2\/posts\/5944\/revisions"}],"predecessor-version":[{"id":5948,"href":"https:\/\/veritasinfo.org\/index.php?rest_route=\/wp\/v2\/posts\/5944\/revisions\/5948"}],"wp:featuredmedia":[{"embeddable":true,"href":"https:\/\/veritasinfo.org\/index.php?rest_route=\/wp\/v2\/media\/5945"}],"wp:attachment":[{"href":"https:\/\/veritasinfo.org\/index.php?rest_route=%2Fwp%2Fv2%2Fmedia&parent=5944"}],"wp:term":[{"taxonomy":"category","embeddable":true,"href":"https:\/\/veritasinfo.org\/index.php?rest_route=%2Fwp%2Fv2%2Fcategories&post=5944"},{"taxonomy":"post_tag","embeddable":true,"href":"https:\/\/veritasinfo.org\/index.php?rest_route=%2Fwp%2Fv2%2Ftags&post=5944"}],"curies":[{"name":"wp","href":"https:\/\/api.w.org\/{rel}","templated":true}]}}