{"id":5928,"date":"2025-07-30T15:13:47","date_gmt":"2025-07-30T13:13:47","guid":{"rendered":"https:\/\/veritasinfo.org\/?p=5928"},"modified":"2025-07-30T15:13:47","modified_gmt":"2025-07-30T13:13:47","slug":"prokuroria-ngre-aktakuze-ndaj-m-a-per-dhune-ndaj-kfor-it-dhe-policise-ne-zvecan","status":"publish","type":"post","link":"https:\/\/veritasinfo.org\/?p=5928","title":{"rendered":"Prokuroria ngre aktakuz\u00eb ndaj M.A p\u00ebr dhun\u00eb ndaj KFOR-it dhe Policis\u00eb n\u00eb Zve\u00e7an"},"content":{"rendered":"<p>Prishtin\u00eb, 30 korrik 2025<\/p>\n<p><strong>Prokuroria Speciale e Republik\u00ebs s\u00eb Kosov\u00ebs ka dor\u00ebzuar aktakuz\u00eb n\u00eb Gjykat\u00ebn Themelore n\u00eb Prishtin\u00eb ndaj M.A, i cili ngarkohet me kat\u00ebr vepra penale: sulm ndaj personit zyrtar, pjes\u00ebmarrje n\u00eb turm\u00eb q\u00eb kryen vep\u00ebr penale \u2013 huliganiz\u00ebm, trafikim dhe posedim i paautorizuar i narkotik\u00ebve, si dhe mbajtje e paautorizuar e arm\u00ebve.<\/strong><\/p>\n<p>Sipas aktakuz\u00ebs, m\u00eb 29 maj 2023, n\u00eb zon\u00ebn p\u00ebrreth objektit t\u00eb Komun\u00ebs s\u00eb Zve\u00e7anit, M.A dyshohet se ka sulmuar dhe kanosur r\u00ebnd\u00eb pjes\u00ebtar\u00eb t\u00eb Policis\u00eb s\u00eb Kosov\u00ebs dhe ushtar\u00eb t\u00eb KFOR-it, duke p\u00ebrdorur shufra metalike, koktej molotovi, mjete shp\u00ebrthyese t\u00eb improvizuara dhe arm\u00eb zjarri. Ai akuzohet se, s\u00eb bashku me persona t\u00eb tjer\u00eb, ka ushtruar dhun\u00eb t\u00eb ashp\u00ebr, duke mos iu bindur urdhrave t\u00eb ushtar\u00ebve t\u00eb KFOR-it p\u00ebr shp\u00ebrndarjen paq\u00ebsore t\u00eb turm\u00ebs.<\/p>\n<p>Si pasoj\u00eb e dhun\u00ebs jan\u00eb l\u00ebnduar t\u00eb pakt\u00ebn 30 pjes\u00ebtar\u00eb t\u00eb KFOR-it dhe disa polic\u00eb t\u00eb Kosov\u00ebs, nd\u00ebrsa jan\u00eb shkaktuar d\u00ebme t\u00eb m\u00ebdha materiale n\u00eb automjete zyrtare dhe t\u00eb mediave.<\/p>\n<p>Prokuroria ka k\u00ebrkuar konfiskimin e nj\u00eb arme zjarri dhe shkat\u00ebrrimin e substancave narkotike t\u00eb sekuestruara gjat\u00eb hetimeve, si dhe vazhdimin e paraburgimit p\u00ebr t\u00eb pandehurin deri n\u00eb p\u00ebrfundim t\u00eb procesit gjyq\u00ebsor.<\/p>\n","protected":false},"excerpt":{"rendered":"<p>Prishtin\u00eb, 30 korrik 2025 Prokuroria Speciale e Republik\u00ebs s\u00eb Kosov\u00ebs ka dor\u00ebzuar aktakuz\u00eb n\u00eb Gjykat\u00ebn Themelore n\u00eb Prishtin\u00eb ndaj M.A, i cili ngarkohet me kat\u00ebr<\/p>\n","protected":false},"author":1,"featured_media":5929,"comment_status":"open","ping_status":"open","sticky":false,"template":"","format":"standard","meta":{"footnotes":""},"categories":[60],"tags":[],"class_list":["post-5928","post","type-post","status-publish","format-standard","has-post-thumbnail","hentry","category-shoqerore-sq"],"yoast_head":"<!-- This site is optimized with the Yoast SEO plugin v25.3.1 - https:\/\/yoast.com\/wordpress\/plugins\/seo\/ -->\n<title>Prokuroria ngre aktakuz\u00eb ndaj M.A p\u00ebr dhun\u00eb ndaj KFOR-it dhe Policis\u00eb n\u00eb Zve\u00e7an -<\/title>\n<meta name=\"robots\" content=\"index, follow, max-snippet:-1, max-image-preview:large, max-video-preview:-1\" \/>\n<link rel=\"canonical\" href=\"https:\/\/veritasinfo.org\/?p=5928\" \/>\n<meta property=\"og:locale\" content=\"en_US\" \/>\n<meta property=\"og:type\" content=\"article\" \/>\n<meta property=\"og:title\" content=\"Prokuroria ngre aktakuz\u00eb ndaj M.A p\u00ebr dhun\u00eb ndaj KFOR-it dhe Policis\u00eb n\u00eb Zve\u00e7an -\" \/>\n<meta property=\"og:description\" content=\"Prishtin\u00eb, 30 korrik 2025 Prokuroria Speciale e Republik\u00ebs s\u00eb Kosov\u00ebs ka dor\u00ebzuar aktakuz\u00eb n\u00eb Gjykat\u00ebn Themelore n\u00eb Prishtin\u00eb ndaj M.A, i cili ngarkohet me kat\u00ebr\" \/>\n<meta property=\"og:url\" content=\"https:\/\/veritasinfo.org\/?p=5928\" \/>\n<meta property=\"article:published_time\" content=\"2025-07-30T13:13:47+00:00\" \/>\n<meta property=\"og:image\" content=\"https:\/\/veritasinfo.org\/wp-content\/uploads\/2025\/07\/IMG_2125.png\" \/>\n\t<meta property=\"og:image:width\" content=\"780\" \/>\n\t<meta property=\"og:image:height\" content=\"500\" \/>\n\t<meta property=\"og:image:type\" content=\"image\/png\" \/>\n<meta name=\"author\" content=\"admin\" \/>\n<meta name=\"twitter:card\" content=\"summary_large_image\" \/>\n<meta name=\"twitter:label1\" content=\"Written by\" \/>\n\t<meta name=\"twitter:data1\" content=\"admin\" \/>\n\t<meta name=\"twitter:label2\" content=\"Est. reading time\" \/>\n\t<meta name=\"twitter:data2\" content=\"2 minutes\" \/>\n<script type=\"application\/ld+json\" class=\"yoast-schema-graph\">{\"@context\":\"https:\/\/schema.org\",\"@graph\":[{\"@type\":\"WebPage\",\"@id\":\"https:\/\/veritasinfo.org\/?p=5928\",\"url\":\"https:\/\/veritasinfo.org\/?p=5928\",\"name\":\"Prokuroria ngre aktakuz\u00eb ndaj M.A p\u00ebr dhun\u00eb ndaj KFOR-it dhe Policis\u00eb n\u00eb Zve\u00e7an -\",\"isPartOf\":{\"@id\":\"https:\/\/veritasinfo.org\/#website\"},\"primaryImageOfPage\":{\"@id\":\"https:\/\/veritasinfo.org\/?p=5928#primaryimage\"},\"image\":{\"@id\":\"https:\/\/veritasinfo.org\/?p=5928#primaryimage\"},\"thumbnailUrl\":\"https:\/\/veritasinfo.org\/wp-content\/uploads\/2025\/07\/IMG_2125.png\",\"datePublished\":\"2025-07-30T13:13:47+00:00\",\"author\":{\"@id\":\"https:\/\/veritasinfo.org\/#\/schema\/person\/7701f8c088bece422266b100a712374f\"},\"breadcrumb\":{\"@id\":\"https:\/\/veritasinfo.org\/?p=5928#breadcrumb\"},\"inLanguage\":\"en-US\",\"potentialAction\":[{\"@type\":\"ReadAction\",\"target\":[\"https:\/\/veritasinfo.org\/?p=5928\"]}]},{\"@type\":\"ImageObject\",\"inLanguage\":\"en-US\",\"@id\":\"https:\/\/veritasinfo.org\/?p=5928#primaryimage\",\"url\":\"https:\/\/veritasinfo.org\/wp-content\/uploads\/2025\/07\/IMG_2125.png\",\"contentUrl\":\"https:\/\/veritasinfo.org\/wp-content\/uploads\/2025\/07\/IMG_2125.png\",\"width\":780,\"height\":500},{\"@type\":\"BreadcrumbList\",\"@id\":\"https:\/\/veritasinfo.org\/?p=5928#breadcrumb\",\"itemListElement\":[{\"@type\":\"ListItem\",\"position\":1,\"name\":\"Home\",\"item\":\"https:\/\/veritasinfo.org\/\"},{\"@type\":\"ListItem\",\"position\":2,\"name\":\"Prokuroria ngre aktakuz\u00eb ndaj M.A p\u00ebr dhun\u00eb ndaj KFOR-it dhe Policis\u00eb n\u00eb Zve\u00e7an\"}]},{\"@type\":\"WebSite\",\"@id\":\"https:\/\/veritasinfo.org\/#website\",\"url\":\"https:\/\/veritasinfo.org\/\",\"name\":\"\",\"description\":\"\",\"potentialAction\":[{\"@type\":\"SearchAction\",\"target\":{\"@type\":\"EntryPoint\",\"urlTemplate\":\"https:\/\/veritasinfo.org\/?s={search_term_string}\"},\"query-input\":{\"@type\":\"PropertyValueSpecification\",\"valueRequired\":true,\"valueName\":\"search_term_string\"}}],\"inLanguage\":\"en-US\"},{\"@type\":\"Person\",\"@id\":\"https:\/\/veritasinfo.org\/#\/schema\/person\/7701f8c088bece422266b100a712374f\",\"name\":\"admin\",\"image\":{\"@type\":\"ImageObject\",\"inLanguage\":\"en-US\",\"@id\":\"https:\/\/veritasinfo.org\/#\/schema\/person\/image\/\",\"url\":\"https:\/\/secure.gravatar.com\/avatar\/ea53aa3bf6c9a12d5fde8ce4deff43fef3885ae33cf60184161a50d6987cfd2f?s=96&d=mm&r=g\",\"contentUrl\":\"https:\/\/secure.gravatar.com\/avatar\/ea53aa3bf6c9a12d5fde8ce4deff43fef3885ae33cf60184161a50d6987cfd2f?s=96&d=mm&r=g\",\"caption\":\"admin\"},\"sameAs\":[\"https:\/\/veritasinfo.org\"],\"url\":\"https:\/\/veritasinfo.org\/?author=1\"}]}<\/script>\n<!-- \/ Yoast SEO plugin. -->","yoast_head_json":{"title":"Prokuroria ngre aktakuz\u00eb ndaj M.A p\u00ebr dhun\u00eb ndaj KFOR-it dhe Policis\u00eb n\u00eb Zve\u00e7an -","robots":{"index":"index","follow":"follow","max-snippet":"max-snippet:-1","max-image-preview":"max-image-preview:large","max-video-preview":"max-video-preview:-1"},"canonical":"https:\/\/veritasinfo.org\/?p=5928","og_locale":"en_US","og_type":"article","og_title":"Prokuroria ngre aktakuz\u00eb ndaj M.A p\u00ebr dhun\u00eb ndaj KFOR-it dhe Policis\u00eb n\u00eb Zve\u00e7an -","og_description":"Prishtin\u00eb, 30 korrik 2025 Prokuroria Speciale e Republik\u00ebs s\u00eb Kosov\u00ebs ka dor\u00ebzuar aktakuz\u00eb n\u00eb Gjykat\u00ebn Themelore n\u00eb Prishtin\u00eb ndaj M.A, i cili ngarkohet me kat\u00ebr","og_url":"https:\/\/veritasinfo.org\/?p=5928","article_published_time":"2025-07-30T13:13:47+00:00","og_image":[{"width":780,"height":500,"url":"https:\/\/veritasinfo.org\/wp-content\/uploads\/2025\/07\/IMG_2125.png","type":"image\/png"}],"author":"admin","twitter_card":"summary_large_image","twitter_misc":{"Written by":"admin","Est. reading time":"2 minutes"},"schema":{"@context":"https:\/\/schema.org","@graph":[{"@type":"WebPage","@id":"https:\/\/veritasinfo.org\/?p=5928","url":"https:\/\/veritasinfo.org\/?p=5928","name":"Prokuroria ngre aktakuz\u00eb ndaj M.A p\u00ebr dhun\u00eb ndaj KFOR-it dhe Policis\u00eb n\u00eb Zve\u00e7an -","isPartOf":{"@id":"https:\/\/veritasinfo.org\/#website"},"primaryImageOfPage":{"@id":"https:\/\/veritasinfo.org\/?p=5928#primaryimage"},"image":{"@id":"https:\/\/veritasinfo.org\/?p=5928#primaryimage"},"thumbnailUrl":"https:\/\/veritasinfo.org\/wp-content\/uploads\/2025\/07\/IMG_2125.png","datePublished":"2025-07-30T13:13:47+00:00","author":{"@id":"https:\/\/veritasinfo.org\/#\/schema\/person\/7701f8c088bece422266b100a712374f"},"breadcrumb":{"@id":"https:\/\/veritasinfo.org\/?p=5928#breadcrumb"},"inLanguage":"en-US","potentialAction":[{"@type":"ReadAction","target":["https:\/\/veritasinfo.org\/?p=5928"]}]},{"@type":"ImageObject","inLanguage":"en-US","@id":"https:\/\/veritasinfo.org\/?p=5928#primaryimage","url":"https:\/\/veritasinfo.org\/wp-content\/uploads\/2025\/07\/IMG_2125.png","contentUrl":"https:\/\/veritasinfo.org\/wp-content\/uploads\/2025\/07\/IMG_2125.png","width":780,"height":500},{"@type":"BreadcrumbList","@id":"https:\/\/veritasinfo.org\/?p=5928#breadcrumb","itemListElement":[{"@type":"ListItem","position":1,"name":"Home","item":"https:\/\/veritasinfo.org\/"},{"@type":"ListItem","position":2,"name":"Prokuroria ngre aktakuz\u00eb ndaj M.A p\u00ebr dhun\u00eb ndaj KFOR-it dhe Policis\u00eb n\u00eb Zve\u00e7an"}]},{"@type":"WebSite","@id":"https:\/\/veritasinfo.org\/#website","url":"https:\/\/veritasinfo.org\/","name":"","description":"","potentialAction":[{"@type":"SearchAction","target":{"@type":"EntryPoint","urlTemplate":"https:\/\/veritasinfo.org\/?s={search_term_string}"},"query-input":{"@type":"PropertyValueSpecification","valueRequired":true,"valueName":"search_term_string"}}],"inLanguage":"en-US"},{"@type":"Person","@id":"https:\/\/veritasinfo.org\/#\/schema\/person\/7701f8c088bece422266b100a712374f","name":"admin","image":{"@type":"ImageObject","inLanguage":"en-US","@id":"https:\/\/veritasinfo.org\/#\/schema\/person\/image\/","url":"https:\/\/secure.gravatar.com\/avatar\/ea53aa3bf6c9a12d5fde8ce4deff43fef3885ae33cf60184161a50d6987cfd2f?s=96&d=mm&r=g","contentUrl":"https:\/\/secure.gravatar.com\/avatar\/ea53aa3bf6c9a12d5fde8ce4deff43fef3885ae33cf60184161a50d6987cfd2f?s=96&d=mm&r=g","caption":"admin"},"sameAs":["https:\/\/veritasinfo.org"],"url":"https:\/\/veritasinfo.org\/?author=1"}]}},"featured_image_urls":{"full":["https:\/\/veritasinfo.org\/wp-content\/uploads\/2025\/07\/IMG_2125.png",780,500,false],"thumbnail":["https:\/\/veritasinfo.org\/wp-content\/uploads\/2025\/07\/IMG_2125-150x150.png",150,150,true],"medium":["https:\/\/veritasinfo.org\/wp-content\/uploads\/2025\/07\/IMG_2125-300x192.png",300,192,true],"medium_large":["https:\/\/veritasinfo.org\/wp-content\/uploads\/2025\/07\/IMG_2125-768x492.png",640,410,true],"large":["https:\/\/veritasinfo.org\/wp-content\/uploads\/2025\/07\/IMG_2125.png",640,410,false],"1536x1536":["https:\/\/veritasinfo.org\/wp-content\/uploads\/2025\/07\/IMG_2125.png",780,500,false],"2048x2048":["https:\/\/veritasinfo.org\/wp-content\/uploads\/2025\/07\/IMG_2125.png",780,500,false],"kreeti-slider-full":["https:\/\/veritasinfo.org\/wp-content\/uploads\/2025\/07\/IMG_2125.png",780,500,false],"kreeti-featured":["https:\/\/veritasinfo.org\/wp-content\/uploads\/2025\/07\/IMG_2125.png",780,500,false],"kreeti-medium":["https:\/\/veritasinfo.org\/wp-content\/uploads\/2025\/07\/IMG_2125.png",720,462,false],"kreeti-medium-square":["https:\/\/veritasinfo.org\/wp-content\/uploads\/2025\/07\/IMG_2125.png",350,224,false]},"author_info":{"info":["admin"]},"category_info":"<a href=\"https:\/\/veritasinfo.org\/?cat=60\" rel=\"category\">Shoq\u00ebrore<\/a>","tag_info":"Shoq\u00ebrore","comment_count":"0","_links":{"self":[{"href":"https:\/\/veritasinfo.org\/index.php?rest_route=\/wp\/v2\/posts\/5928","targetHints":{"allow":["GET"]}}],"collection":[{"href":"https:\/\/veritasinfo.org\/index.php?rest_route=\/wp\/v2\/posts"}],"about":[{"href":"https:\/\/veritasinfo.org\/index.php?rest_route=\/wp\/v2\/types\/post"}],"author":[{"embeddable":true,"href":"https:\/\/veritasinfo.org\/index.php?rest_route=\/wp\/v2\/users\/1"}],"replies":[{"embeddable":true,"href":"https:\/\/veritasinfo.org\/index.php?rest_route=%2Fwp%2Fv2%2Fcomments&post=5928"}],"version-history":[{"count":1,"href":"https:\/\/veritasinfo.org\/index.php?rest_route=\/wp\/v2\/posts\/5928\/revisions"}],"predecessor-version":[{"id":5930,"href":"https:\/\/veritasinfo.org\/index.php?rest_route=\/wp\/v2\/posts\/5928\/revisions\/5930"}],"wp:featuredmedia":[{"embeddable":true,"href":"https:\/\/veritasinfo.org\/index.php?rest_route=\/wp\/v2\/media\/5929"}],"wp:attachment":[{"href":"https:\/\/veritasinfo.org\/index.php?rest_route=%2Fwp%2Fv2%2Fmedia&parent=5928"}],"wp:term":[{"taxonomy":"category","embeddable":true,"href":"https:\/\/veritasinfo.org\/index.php?rest_route=%2Fwp%2Fv2%2Fcategories&post=5928"},{"taxonomy":"post_tag","embeddable":true,"href":"https:\/\/veritasinfo.org\/index.php?rest_route=%2Fwp%2Fv2%2Ftags&post=5928"}],"curies":[{"name":"wp","href":"https:\/\/api.w.org\/{rel}","templated":true}]}}