{"id":5923,"date":"2025-07-30T14:18:08","date_gmt":"2025-07-30T12:18:08","guid":{"rendered":"https:\/\/veritasinfo.org\/?p=5923"},"modified":"2025-07-30T14:18:08","modified_gmt":"2025-07-30T12:18:08","slug":"auv-ndalohet-importi-i-kafsheve-te-gjalla-nga-serbia","status":"publish","type":"post","link":"https:\/\/veritasinfo.org\/?p=5923","title":{"rendered":"AUV: Ndalohet importi i kafsh\u00ebve t\u00eb gjalla nga Serbia"},"content":{"rendered":"<p>Prishtin\u00eb, 30 Korrik 2025<\/p>\n<p>Pas njoftimeve p\u00ebr konfirmim t\u00eb shp\u00ebrthimit t\u00eb s\u00ebmundjes Gjuha e Kalt\u00ebr dhe Murtaja afrikane e derrit n\u00eb Serbi, Kosova ka vendosur mas\u00eb ndalese t\u00eb p\u00ebrkohshme p\u00ebr importin e kafsh\u00ebve t\u00eb gjalla nga ky shtet, njoftoi t\u00eb m\u00ebrkur\u00ebn, m\u00eb 30 korrik, Agjencia e Ushtrimit dhe Veterinaris\u00eb. B\u00ebhet fjal\u00eb p\u00ebr kafsh\u00ebt e llojit gjedhe, dele, dhi dhe derra apo produkte t\u00eb derrit dhe autoritetet kosovare e kan\u00eb vendosur ndalimin me q\u00ebllim t\u00eb parandalimit t\u00eb p\u00ebrhapjes s\u00eb s\u00ebmundjes n\u00eb vend.<\/p>\n<p>\u201cAutoritetet Kufitare q\u00eb funksionojn\u00eb n\u00eb kuad\u00ebr t\u00eb Menaxhimit t\u00eb Integruar t\u00eb Kufirit, Policia e Kosov\u00ebs, Doganat dhe AUV, duhet t\u00eb ngrisin masat e nivelit t\u00eb kontrollit n\u00eb t\u00eb gjitha pikat kufitare. Kjo p\u00ebr t\u00eb mos lejuar hyrjen n\u00eb vend t\u00eb kafsh\u00ebve t\u00eb gjalla gjedhe, dele, derra dhe produkteve t\u00eb derrit nga ky shtet\u201d, thuhet n\u00eb njoftim.<br \/>\nAUV tha se vigjilenc\u00eb e shtuar e kontrollit do t\u00eb ushtrohet edhe n\u00eb bagazhet personale t\u00eb pasagjer\u00ebve, p\u00ebr t\u00eb ndaluar hyrjen e \u00e7far\u00ebdo lloji t\u00eb produktit t\u00eb derrit, q\u00eb hyn\u00eb n\u00eb kategorin\u00eb e produkteve bart\u00ebse t\u00eb s\u00ebmundjes se Murtaj\u00ebs Afrikane t\u00eb Derrit.<\/p>\n<p>\u201cDerisa vendimi \u00ebsht\u00eb n\u00eb fuqi qytetaret e kan\u00eb t\u00eb ndaluar kalimin kufitar me \u00e7far\u00ebdolloj produkti te derrit qe ka origjin\u00eb nga Serbia, \u00e7oft\u00eb edhe si ushqime gjat\u00eb udh\u00ebtimit. T\u00eb gjith\u00eb jan\u00eb t\u00eb obliguar t\u00eb ndihmojn\u00eb dhe veprojn\u00eb p\u00ebr parandalim t\u00eb p\u00ebrhapjes se s\u00ebmundjeve\u201d, tha AUV.<\/p>\n<p>Gjuha e Kalt\u00ebr \u00ebsht\u00eb s\u00ebmundje virale e cila transmetohet p\u00ebrmes pickimit t\u00eb insekteve t\u00eb llojit Colicoides (mushkonjave). Nga kjo s\u00ebmundje preken gjedhet, delet dhe dhit\u00eb. Prej k\u00ebtyre me e ndjeshme \u00ebsht\u00eb delja pastaj dhit\u00eb dhe gjedhi.<\/p>\n<p>Shenjat klinike dhe ngordhjet shfaqen vet\u00ebm tek delja. Gjedhi sh\u00ebrben si rezervar i s\u00ebmundjes.<\/p>\n<p>Mortaja Afrikane e Derrit \u00ebsht\u00eb nj\u00eb s\u00ebmundje infektive virale q\u00eb prek derrat e eg\u00ebr dhe ata sht\u00ebpiak\u00eb. Kjo s\u00ebmundje shkaktohet nga virusi i s\u00ebmundjes s\u00eb derrit (ASFV) dhe \u00ebsht\u00eb e njohur p\u00ebr rezistenc\u00ebn dhe ngordhshm\u00ebrin\u00eb e lart\u00eb tek derrat.<\/p>\n<p>K\u00ebto s\u00ebmundje nuk transmetohet tek njer\u00ebzit.<\/p>\n<p>&nbsp;<\/p>\n","protected":false},"excerpt":{"rendered":"<p>Prishtin\u00eb, 30 Korrik 2025 Pas njoftimeve p\u00ebr konfirmim t\u00eb shp\u00ebrthimit t\u00eb s\u00ebmundjes Gjuha e Kalt\u00ebr dhe Murtaja afrikane e derrit n\u00eb Serbi, Kosova ka vendosur<\/p>\n","protected":false},"author":1,"featured_media":5924,"comment_status":"open","ping_status":"open","sticky":false,"template":"","format":"standard","meta":{"footnotes":""},"categories":[60],"tags":[],"class_list":["post-5923","post","type-post","status-publish","format-standard","has-post-thumbnail","hentry","category-shoqerore-sq"],"yoast_head":"<!-- This site is optimized with the Yoast SEO plugin v25.3.1 - https:\/\/yoast.com\/wordpress\/plugins\/seo\/ -->\n<title>AUV: Ndalohet importi i kafsh\u00ebve t\u00eb gjalla nga Serbia -<\/title>\n<meta name=\"robots\" content=\"index, follow, max-snippet:-1, max-image-preview:large, max-video-preview:-1\" \/>\n<link rel=\"canonical\" href=\"https:\/\/veritasinfo.org\/?p=5923\" \/>\n<meta property=\"og:locale\" content=\"en_US\" \/>\n<meta property=\"og:type\" content=\"article\" \/>\n<meta property=\"og:title\" content=\"AUV: Ndalohet importi i kafsh\u00ebve t\u00eb gjalla nga Serbia -\" \/>\n<meta property=\"og:description\" content=\"Prishtin\u00eb, 30 Korrik 2025 Pas njoftimeve p\u00ebr konfirmim t\u00eb shp\u00ebrthimit t\u00eb s\u00ebmundjes Gjuha e Kalt\u00ebr dhe Murtaja afrikane e derrit n\u00eb Serbi, Kosova ka vendosur\" \/>\n<meta property=\"og:url\" content=\"https:\/\/veritasinfo.org\/?p=5923\" \/>\n<meta property=\"article:published_time\" content=\"2025-07-30T12:18:08+00:00\" \/>\n<meta property=\"og:image\" content=\"https:\/\/veritasinfo.org\/wp-content\/uploads\/2025\/07\/IMG_2418.jpeg\" \/>\n\t<meta property=\"og:image:width\" content=\"600\" \/>\n\t<meta property=\"og:image:height\" content=\"387\" \/>\n\t<meta property=\"og:image:type\" content=\"image\/jpeg\" \/>\n<meta name=\"author\" content=\"admin\" \/>\n<meta name=\"twitter:card\" content=\"summary_large_image\" \/>\n<meta name=\"twitter:label1\" content=\"Written by\" \/>\n\t<meta name=\"twitter:data1\" content=\"admin\" \/>\n\t<meta name=\"twitter:label2\" content=\"Est. reading time\" \/>\n\t<meta name=\"twitter:data2\" content=\"2 minutes\" \/>\n<script type=\"application\/ld+json\" class=\"yoast-schema-graph\">{\"@context\":\"https:\/\/schema.org\",\"@graph\":[{\"@type\":\"WebPage\",\"@id\":\"https:\/\/veritasinfo.org\/?p=5923\",\"url\":\"https:\/\/veritasinfo.org\/?p=5923\",\"name\":\"AUV: Ndalohet importi i kafsh\u00ebve t\u00eb gjalla nga Serbia -\",\"isPartOf\":{\"@id\":\"https:\/\/veritasinfo.org\/#website\"},\"primaryImageOfPage\":{\"@id\":\"https:\/\/veritasinfo.org\/?p=5923#primaryimage\"},\"image\":{\"@id\":\"https:\/\/veritasinfo.org\/?p=5923#primaryimage\"},\"thumbnailUrl\":\"https:\/\/veritasinfo.org\/wp-content\/uploads\/2025\/07\/IMG_2418.jpeg\",\"datePublished\":\"2025-07-30T12:18:08+00:00\",\"author\":{\"@id\":\"https:\/\/veritasinfo.org\/#\/schema\/person\/7701f8c088bece422266b100a712374f\"},\"breadcrumb\":{\"@id\":\"https:\/\/veritasinfo.org\/?p=5923#breadcrumb\"},\"inLanguage\":\"en-US\",\"potentialAction\":[{\"@type\":\"ReadAction\",\"target\":[\"https:\/\/veritasinfo.org\/?p=5923\"]}]},{\"@type\":\"ImageObject\",\"inLanguage\":\"en-US\",\"@id\":\"https:\/\/veritasinfo.org\/?p=5923#primaryimage\",\"url\":\"https:\/\/veritasinfo.org\/wp-content\/uploads\/2025\/07\/IMG_2418.jpeg\",\"contentUrl\":\"https:\/\/veritasinfo.org\/wp-content\/uploads\/2025\/07\/IMG_2418.jpeg\",\"width\":600,\"height\":387},{\"@type\":\"BreadcrumbList\",\"@id\":\"https:\/\/veritasinfo.org\/?p=5923#breadcrumb\",\"itemListElement\":[{\"@type\":\"ListItem\",\"position\":1,\"name\":\"Home\",\"item\":\"https:\/\/veritasinfo.org\/\"},{\"@type\":\"ListItem\",\"position\":2,\"name\":\"AUV: Ndalohet importi i kafsh\u00ebve t\u00eb gjalla nga Serbia\"}]},{\"@type\":\"WebSite\",\"@id\":\"https:\/\/veritasinfo.org\/#website\",\"url\":\"https:\/\/veritasinfo.org\/\",\"name\":\"\",\"description\":\"\",\"potentialAction\":[{\"@type\":\"SearchAction\",\"target\":{\"@type\":\"EntryPoint\",\"urlTemplate\":\"https:\/\/veritasinfo.org\/?s={search_term_string}\"},\"query-input\":{\"@type\":\"PropertyValueSpecification\",\"valueRequired\":true,\"valueName\":\"search_term_string\"}}],\"inLanguage\":\"en-US\"},{\"@type\":\"Person\",\"@id\":\"https:\/\/veritasinfo.org\/#\/schema\/person\/7701f8c088bece422266b100a712374f\",\"name\":\"admin\",\"image\":{\"@type\":\"ImageObject\",\"inLanguage\":\"en-US\",\"@id\":\"https:\/\/veritasinfo.org\/#\/schema\/person\/image\/\",\"url\":\"https:\/\/secure.gravatar.com\/avatar\/ea53aa3bf6c9a12d5fde8ce4deff43fef3885ae33cf60184161a50d6987cfd2f?s=96&d=mm&r=g\",\"contentUrl\":\"https:\/\/secure.gravatar.com\/avatar\/ea53aa3bf6c9a12d5fde8ce4deff43fef3885ae33cf60184161a50d6987cfd2f?s=96&d=mm&r=g\",\"caption\":\"admin\"},\"sameAs\":[\"https:\/\/veritasinfo.org\"],\"url\":\"https:\/\/veritasinfo.org\/?author=1\"}]}<\/script>\n<!-- \/ Yoast SEO plugin. -->","yoast_head_json":{"title":"AUV: Ndalohet importi i kafsh\u00ebve t\u00eb gjalla nga Serbia -","robots":{"index":"index","follow":"follow","max-snippet":"max-snippet:-1","max-image-preview":"max-image-preview:large","max-video-preview":"max-video-preview:-1"},"canonical":"https:\/\/veritasinfo.org\/?p=5923","og_locale":"en_US","og_type":"article","og_title":"AUV: Ndalohet importi i kafsh\u00ebve t\u00eb gjalla nga Serbia -","og_description":"Prishtin\u00eb, 30 Korrik 2025 Pas njoftimeve p\u00ebr konfirmim t\u00eb shp\u00ebrthimit t\u00eb s\u00ebmundjes Gjuha e Kalt\u00ebr dhe Murtaja afrikane e derrit n\u00eb Serbi, Kosova ka vendosur","og_url":"https:\/\/veritasinfo.org\/?p=5923","article_published_time":"2025-07-30T12:18:08+00:00","og_image":[{"width":600,"height":387,"url":"https:\/\/veritasinfo.org\/wp-content\/uploads\/2025\/07\/IMG_2418.jpeg","type":"image\/jpeg"}],"author":"admin","twitter_card":"summary_large_image","twitter_misc":{"Written by":"admin","Est. reading time":"2 minutes"},"schema":{"@context":"https:\/\/schema.org","@graph":[{"@type":"WebPage","@id":"https:\/\/veritasinfo.org\/?p=5923","url":"https:\/\/veritasinfo.org\/?p=5923","name":"AUV: Ndalohet importi i kafsh\u00ebve t\u00eb gjalla nga Serbia -","isPartOf":{"@id":"https:\/\/veritasinfo.org\/#website"},"primaryImageOfPage":{"@id":"https:\/\/veritasinfo.org\/?p=5923#primaryimage"},"image":{"@id":"https:\/\/veritasinfo.org\/?p=5923#primaryimage"},"thumbnailUrl":"https:\/\/veritasinfo.org\/wp-content\/uploads\/2025\/07\/IMG_2418.jpeg","datePublished":"2025-07-30T12:18:08+00:00","author":{"@id":"https:\/\/veritasinfo.org\/#\/schema\/person\/7701f8c088bece422266b100a712374f"},"breadcrumb":{"@id":"https:\/\/veritasinfo.org\/?p=5923#breadcrumb"},"inLanguage":"en-US","potentialAction":[{"@type":"ReadAction","target":["https:\/\/veritasinfo.org\/?p=5923"]}]},{"@type":"ImageObject","inLanguage":"en-US","@id":"https:\/\/veritasinfo.org\/?p=5923#primaryimage","url":"https:\/\/veritasinfo.org\/wp-content\/uploads\/2025\/07\/IMG_2418.jpeg","contentUrl":"https:\/\/veritasinfo.org\/wp-content\/uploads\/2025\/07\/IMG_2418.jpeg","width":600,"height":387},{"@type":"BreadcrumbList","@id":"https:\/\/veritasinfo.org\/?p=5923#breadcrumb","itemListElement":[{"@type":"ListItem","position":1,"name":"Home","item":"https:\/\/veritasinfo.org\/"},{"@type":"ListItem","position":2,"name":"AUV: Ndalohet importi i kafsh\u00ebve t\u00eb gjalla nga Serbia"}]},{"@type":"WebSite","@id":"https:\/\/veritasinfo.org\/#website","url":"https:\/\/veritasinfo.org\/","name":"","description":"","potentialAction":[{"@type":"SearchAction","target":{"@type":"EntryPoint","urlTemplate":"https:\/\/veritasinfo.org\/?s={search_term_string}"},"query-input":{"@type":"PropertyValueSpecification","valueRequired":true,"valueName":"search_term_string"}}],"inLanguage":"en-US"},{"@type":"Person","@id":"https:\/\/veritasinfo.org\/#\/schema\/person\/7701f8c088bece422266b100a712374f","name":"admin","image":{"@type":"ImageObject","inLanguage":"en-US","@id":"https:\/\/veritasinfo.org\/#\/schema\/person\/image\/","url":"https:\/\/secure.gravatar.com\/avatar\/ea53aa3bf6c9a12d5fde8ce4deff43fef3885ae33cf60184161a50d6987cfd2f?s=96&d=mm&r=g","contentUrl":"https:\/\/secure.gravatar.com\/avatar\/ea53aa3bf6c9a12d5fde8ce4deff43fef3885ae33cf60184161a50d6987cfd2f?s=96&d=mm&r=g","caption":"admin"},"sameAs":["https:\/\/veritasinfo.org"],"url":"https:\/\/veritasinfo.org\/?author=1"}]}},"featured_image_urls":{"full":["https:\/\/veritasinfo.org\/wp-content\/uploads\/2025\/07\/IMG_2418.jpeg",600,387,false],"thumbnail":["https:\/\/veritasinfo.org\/wp-content\/uploads\/2025\/07\/IMG_2418-150x150.jpeg",150,150,true],"medium":["https:\/\/veritasinfo.org\/wp-content\/uploads\/2025\/07\/IMG_2418-300x194.jpeg",300,194,true],"medium_large":["https:\/\/veritasinfo.org\/wp-content\/uploads\/2025\/07\/IMG_2418.jpeg",600,387,false],"large":["https:\/\/veritasinfo.org\/wp-content\/uploads\/2025\/07\/IMG_2418.jpeg",600,387,false],"1536x1536":["https:\/\/veritasinfo.org\/wp-content\/uploads\/2025\/07\/IMG_2418.jpeg",600,387,false],"2048x2048":["https:\/\/veritasinfo.org\/wp-content\/uploads\/2025\/07\/IMG_2418.jpeg",600,387,false],"kreeti-slider-full":["https:\/\/veritasinfo.org\/wp-content\/uploads\/2025\/07\/IMG_2418.jpeg",600,387,false],"kreeti-featured":["https:\/\/veritasinfo.org\/wp-content\/uploads\/2025\/07\/IMG_2418.jpeg",600,387,false],"kreeti-medium":["https:\/\/veritasinfo.org\/wp-content\/uploads\/2025\/07\/IMG_2418.jpeg",600,387,false],"kreeti-medium-square":["https:\/\/veritasinfo.org\/wp-content\/uploads\/2025\/07\/IMG_2418.jpeg",350,226,false]},"author_info":{"info":["admin"]},"category_info":"<a href=\"https:\/\/veritasinfo.org\/?cat=60\" rel=\"category\">Shoq\u00ebrore<\/a>","tag_info":"Shoq\u00ebrore","comment_count":"0","_links":{"self":[{"href":"https:\/\/veritasinfo.org\/index.php?rest_route=\/wp\/v2\/posts\/5923","targetHints":{"allow":["GET"]}}],"collection":[{"href":"https:\/\/veritasinfo.org\/index.php?rest_route=\/wp\/v2\/posts"}],"about":[{"href":"https:\/\/veritasinfo.org\/index.php?rest_route=\/wp\/v2\/types\/post"}],"author":[{"embeddable":true,"href":"https:\/\/veritasinfo.org\/index.php?rest_route=\/wp\/v2\/users\/1"}],"replies":[{"embeddable":true,"href":"https:\/\/veritasinfo.org\/index.php?rest_route=%2Fwp%2Fv2%2Fcomments&post=5923"}],"version-history":[{"count":1,"href":"https:\/\/veritasinfo.org\/index.php?rest_route=\/wp\/v2\/posts\/5923\/revisions"}],"predecessor-version":[{"id":5925,"href":"https:\/\/veritasinfo.org\/index.php?rest_route=\/wp\/v2\/posts\/5923\/revisions\/5925"}],"wp:featuredmedia":[{"embeddable":true,"href":"https:\/\/veritasinfo.org\/index.php?rest_route=\/wp\/v2\/media\/5924"}],"wp:attachment":[{"href":"https:\/\/veritasinfo.org\/index.php?rest_route=%2Fwp%2Fv2%2Fmedia&parent=5923"}],"wp:term":[{"taxonomy":"category","embeddable":true,"href":"https:\/\/veritasinfo.org\/index.php?rest_route=%2Fwp%2Fv2%2Fcategories&post=5923"},{"taxonomy":"post_tag","embeddable":true,"href":"https:\/\/veritasinfo.org\/index.php?rest_route=%2Fwp%2Fv2%2Ftags&post=5923"}],"curies":[{"name":"wp","href":"https:\/\/api.w.org\/{rel}","templated":true}]}}