{"id":5910,"date":"2025-07-30T13:07:27","date_gmt":"2025-07-30T11:07:27","guid":{"rendered":"https:\/\/veritasinfo.org\/?p=5910"},"modified":"2025-07-30T13:15:48","modified_gmt":"2025-07-30T11:15:48","slug":"gjykimi-kunder-ish-krereve-te-uck-se-gjykata-speciale-pranon-prova-nga-serbia","status":"publish","type":"post","link":"https:\/\/veritasinfo.org\/?p=5910","title":{"rendered":"Gjykimi kund\u00ebr ish-krer\u00ebve t\u00eb U\u00c7K-s\u00eb, Gjykata Speciale pranon prova nga Serbia"},"content":{"rendered":"<p>Hag\u00eb, 30 Korrik 2025<\/p>\n<p>Gjykata Speciale pranon prova kund\u00ebr ish-krer\u00ebve t\u00eb U\u00c7K-s\u00eb nga Departamenti serb i Siguris\u00eb Shtet\u00ebrore, MUP-i dhe e ashtuquajtura Komanda p\u00ebr Kosov\u00ebn.<\/p>\n<p>Nj\u00eb grumbull i madh me prova u dor\u00ebzuan nga Prokuroria e Specializuar n\u00eb Hag\u00eb, n\u00eb momentet e fundit, para se t\u2019i p\u00ebrmbyllej afati p\u00ebr paraqitjen e rastit t\u00eb saj ndaj krer\u00ebve t\u00eb Ushtris\u00eb \u00c7lirimtare t\u00eb Kosov\u00ebs. N\u00eb mesin e shum\u00eb materialeve ka edhe dokumente nga institucionet e Beogradit zyrtar. Gjyqtar\u00ebt e Speciales i pranuan ato n\u00eb procesin gjyq\u00ebsor.<\/p>\n<p>Dokumente t\u00eb l\u00ebshuara nga departamenti serb i siguris\u00eb shtet\u00ebrore. Nga Ministria e Pun\u00ebve t\u00eb Brendshme e Serbis\u00eb (MUP). Nga Komanda e ashtuquajtur e p\u00ebrbashk\u00ebt p\u00ebr \u201cKosov\u00ebn\u201d. \u00a0T\u00eb gjitha k\u00ebto prova me vul\u00eb t\u00eb institucioneve t\u00eb ndryshme t\u00eb Beogradit zyrtar, do t\u00eb r\u00ebndojn\u00eb mbi ish-krer\u00ebt e Ushtris\u00eb \u00c7lirimtare t\u00eb Kosov\u00ebs q\u00eb po gjykohen n\u00eb Hag\u00eb.<\/p>\n<p>Ky \u00ebsht\u00eb vendimi q\u00eb e kan\u00eb marr\u00eb gjyqtar\u00ebt e Speciales, duke aprovuar n\u00eb mas\u00eb t\u00eb madhe k\u00ebrkes\u00ebn e Prokuroris\u00eb s\u00eb Specializuar, p\u00ebr pranimin e provave t\u00eb fundit n\u00eb gjykim.<\/p>\n<p>N\u00eb mesin e dokumenteve, \u00ebsht\u00eb nj\u00eb q\u00eb mban vul\u00ebn e departamentit t\u00eb siguris\u00eb shtet\u00ebrore n\u00eb Serbis\u00eb.<\/p>\n<p>\u201cLidhur me Raportet Serbe, Paneli v\u00ebren se Provat e Propozuara 17, 18, 20, 23, 24, 26, 28-30, 33-36, 40-41, 48 dhe 49 jan\u00eb t\u00eb datuara, t\u00eb vulosura, mbajn\u00eb nj\u00eb titull dhe nj\u00eb num\u00ebr protokolli ose reference, dhe tregojn\u00eb klasifikimin e tyre. P\u00ebr m\u00eb tep\u00ebr, ato ose jan\u00eb t\u00eb n\u00ebnshkruara ose identifikojn\u00eb autoritetin p\u00ebrkat\u00ebs l\u00ebshues. Paneli v\u00ebren m\u00eb tej se Prova e Propozuar 39 \u00ebsht\u00eb e datuar dhe mban nj\u00eb titull \u2018Departamenti i Siguris\u00eb Shtet\u00ebrore\u2019. Paneli v\u00ebren gjithashtu pretendimet e ZPS-s\u00eb se p\u00ebrmbajtja e Prov\u00ebs s\u00eb Propozuar 39 p\u00ebrputhet, pjes\u00ebrisht, me informacionin e p\u00ebrfshir\u00eb n\u00eb prova t\u00eb tjera n\u00eb dosje. P\u00ebr m\u00eb tep\u00ebr, Provat e Propozuara 43-45 jan\u00eb t\u00eb datuara, tregojn\u00eb klasifikimin e dokumenteve dhe mbajn\u00eb nj\u00eb num\u00ebr protokolli. P\u00ebrve\u00e7 k\u00ebsaj, Prova e Propozuar 45 \u00ebsht\u00eb e n\u00ebnshkruar. P\u00ebr k\u00ebto arsye, Paneli \u00ebsht\u00eb i bindur se Raportet Serbe jan\u00eb prima facie autentike\u201d, thuhet n\u00eb vendimin e Gjykat\u00ebs Speciale.<\/p>\n<p>&nbsp;<\/p>\n","protected":false},"excerpt":{"rendered":"<p>Hag\u00eb, 30 Korrik 2025 Gjykata Speciale pranon prova kund\u00ebr ish-krer\u00ebve t\u00eb U\u00c7K-s\u00eb nga Departamenti serb i Siguris\u00eb Shtet\u00ebrore, MUP-i dhe e ashtuquajtura Komanda p\u00ebr Kosov\u00ebn.<\/p>\n","protected":false},"author":1,"featured_media":5911,"comment_status":"open","ping_status":"open","sticky":false,"template":"","format":"standard","meta":{"footnotes":""},"categories":[58],"tags":[],"class_list":["post-5910","post","type-post","status-publish","format-standard","has-post-thumbnail","hentry","category-politike-sq"],"yoast_head":"<!-- This site is optimized with the Yoast SEO plugin v25.3.1 - https:\/\/yoast.com\/wordpress\/plugins\/seo\/ -->\n<title>Gjykimi kund\u00ebr ish-krer\u00ebve t\u00eb U\u00c7K-s\u00eb, Gjykata Speciale pranon prova nga Serbia -<\/title>\n<meta name=\"robots\" content=\"index, follow, max-snippet:-1, max-image-preview:large, max-video-preview:-1\" \/>\n<link rel=\"canonical\" href=\"https:\/\/veritasinfo.org\/?p=5910\" \/>\n<meta property=\"og:locale\" content=\"en_US\" \/>\n<meta property=\"og:type\" content=\"article\" \/>\n<meta property=\"og:title\" content=\"Gjykimi kund\u00ebr ish-krer\u00ebve t\u00eb U\u00c7K-s\u00eb, Gjykata Speciale pranon prova nga Serbia -\" \/>\n<meta property=\"og:description\" content=\"Hag\u00eb, 30 Korrik 2025 Gjykata Speciale pranon prova kund\u00ebr ish-krer\u00ebve t\u00eb U\u00c7K-s\u00eb nga Departamenti serb i Siguris\u00eb Shtet\u00ebrore, MUP-i dhe e ashtuquajtura Komanda p\u00ebr Kosov\u00ebn.\" \/>\n<meta property=\"og:url\" content=\"https:\/\/veritasinfo.org\/?p=5910\" \/>\n<meta property=\"article:published_time\" content=\"2025-07-30T11:07:27+00:00\" \/>\n<meta property=\"article:modified_time\" content=\"2025-07-30T11:15:48+00:00\" \/>\n<meta property=\"og:image\" content=\"https:\/\/veritasinfo.org\/wp-content\/uploads\/2025\/07\/IMG_2415.jpeg\" \/>\n\t<meta property=\"og:image:width\" content=\"290\" \/>\n\t<meta property=\"og:image:height\" content=\"174\" \/>\n\t<meta property=\"og:image:type\" content=\"image\/jpeg\" \/>\n<meta name=\"author\" content=\"admin\" \/>\n<meta name=\"twitter:card\" content=\"summary_large_image\" \/>\n<meta name=\"twitter:label1\" content=\"Written by\" \/>\n\t<meta name=\"twitter:data1\" content=\"admin\" \/>\n\t<meta name=\"twitter:label2\" content=\"Est. reading time\" \/>\n\t<meta name=\"twitter:data2\" content=\"2 minutes\" \/>\n<script type=\"application\/ld+json\" class=\"yoast-schema-graph\">{\"@context\":\"https:\/\/schema.org\",\"@graph\":[{\"@type\":\"WebPage\",\"@id\":\"https:\/\/veritasinfo.org\/?p=5910\",\"url\":\"https:\/\/veritasinfo.org\/?p=5910\",\"name\":\"Gjykimi kund\u00ebr ish-krer\u00ebve t\u00eb U\u00c7K-s\u00eb, Gjykata Speciale pranon prova nga Serbia -\",\"isPartOf\":{\"@id\":\"https:\/\/veritasinfo.org\/#website\"},\"primaryImageOfPage\":{\"@id\":\"https:\/\/veritasinfo.org\/?p=5910#primaryimage\"},\"image\":{\"@id\":\"https:\/\/veritasinfo.org\/?p=5910#primaryimage\"},\"thumbnailUrl\":\"https:\/\/veritasinfo.org\/wp-content\/uploads\/2025\/07\/IMG_2415.jpeg\",\"datePublished\":\"2025-07-30T11:07:27+00:00\",\"dateModified\":\"2025-07-30T11:15:48+00:00\",\"author\":{\"@id\":\"https:\/\/veritasinfo.org\/#\/schema\/person\/7701f8c088bece422266b100a712374f\"},\"breadcrumb\":{\"@id\":\"https:\/\/veritasinfo.org\/?p=5910#breadcrumb\"},\"inLanguage\":\"en-US\",\"potentialAction\":[{\"@type\":\"ReadAction\",\"target\":[\"https:\/\/veritasinfo.org\/?p=5910\"]}]},{\"@type\":\"ImageObject\",\"inLanguage\":\"en-US\",\"@id\":\"https:\/\/veritasinfo.org\/?p=5910#primaryimage\",\"url\":\"https:\/\/veritasinfo.org\/wp-content\/uploads\/2025\/07\/IMG_2415.jpeg\",\"contentUrl\":\"https:\/\/veritasinfo.org\/wp-content\/uploads\/2025\/07\/IMG_2415.jpeg\",\"width\":290,\"height\":174},{\"@type\":\"BreadcrumbList\",\"@id\":\"https:\/\/veritasinfo.org\/?p=5910#breadcrumb\",\"itemListElement\":[{\"@type\":\"ListItem\",\"position\":1,\"name\":\"Home\",\"item\":\"https:\/\/veritasinfo.org\/\"},{\"@type\":\"ListItem\",\"position\":2,\"name\":\"Gjykimi kund\u00ebr ish-krer\u00ebve t\u00eb U\u00c7K-s\u00eb, Gjykata Speciale pranon prova nga Serbia\"}]},{\"@type\":\"WebSite\",\"@id\":\"https:\/\/veritasinfo.org\/#website\",\"url\":\"https:\/\/veritasinfo.org\/\",\"name\":\"\",\"description\":\"\",\"potentialAction\":[{\"@type\":\"SearchAction\",\"target\":{\"@type\":\"EntryPoint\",\"urlTemplate\":\"https:\/\/veritasinfo.org\/?s={search_term_string}\"},\"query-input\":{\"@type\":\"PropertyValueSpecification\",\"valueRequired\":true,\"valueName\":\"search_term_string\"}}],\"inLanguage\":\"en-US\"},{\"@type\":\"Person\",\"@id\":\"https:\/\/veritasinfo.org\/#\/schema\/person\/7701f8c088bece422266b100a712374f\",\"name\":\"admin\",\"image\":{\"@type\":\"ImageObject\",\"inLanguage\":\"en-US\",\"@id\":\"https:\/\/veritasinfo.org\/#\/schema\/person\/image\/\",\"url\":\"https:\/\/secure.gravatar.com\/avatar\/ea53aa3bf6c9a12d5fde8ce4deff43fef3885ae33cf60184161a50d6987cfd2f?s=96&d=mm&r=g\",\"contentUrl\":\"https:\/\/secure.gravatar.com\/avatar\/ea53aa3bf6c9a12d5fde8ce4deff43fef3885ae33cf60184161a50d6987cfd2f?s=96&d=mm&r=g\",\"caption\":\"admin\"},\"sameAs\":[\"https:\/\/veritasinfo.org\"],\"url\":\"https:\/\/veritasinfo.org\/?author=1\"}]}<\/script>\n<!-- \/ Yoast SEO plugin. -->","yoast_head_json":{"title":"Gjykimi kund\u00ebr ish-krer\u00ebve t\u00eb U\u00c7K-s\u00eb, Gjykata Speciale pranon prova nga Serbia -","robots":{"index":"index","follow":"follow","max-snippet":"max-snippet:-1","max-image-preview":"max-image-preview:large","max-video-preview":"max-video-preview:-1"},"canonical":"https:\/\/veritasinfo.org\/?p=5910","og_locale":"en_US","og_type":"article","og_title":"Gjykimi kund\u00ebr ish-krer\u00ebve t\u00eb U\u00c7K-s\u00eb, Gjykata Speciale pranon prova nga Serbia -","og_description":"Hag\u00eb, 30 Korrik 2025 Gjykata Speciale pranon prova kund\u00ebr ish-krer\u00ebve t\u00eb U\u00c7K-s\u00eb nga Departamenti serb i Siguris\u00eb Shtet\u00ebrore, MUP-i dhe e ashtuquajtura Komanda p\u00ebr Kosov\u00ebn.","og_url":"https:\/\/veritasinfo.org\/?p=5910","article_published_time":"2025-07-30T11:07:27+00:00","article_modified_time":"2025-07-30T11:15:48+00:00","og_image":[{"width":290,"height":174,"url":"https:\/\/veritasinfo.org\/wp-content\/uploads\/2025\/07\/IMG_2415.jpeg","type":"image\/jpeg"}],"author":"admin","twitter_card":"summary_large_image","twitter_misc":{"Written by":"admin","Est. reading time":"2 minutes"},"schema":{"@context":"https:\/\/schema.org","@graph":[{"@type":"WebPage","@id":"https:\/\/veritasinfo.org\/?p=5910","url":"https:\/\/veritasinfo.org\/?p=5910","name":"Gjykimi kund\u00ebr ish-krer\u00ebve t\u00eb U\u00c7K-s\u00eb, Gjykata Speciale pranon prova nga Serbia -","isPartOf":{"@id":"https:\/\/veritasinfo.org\/#website"},"primaryImageOfPage":{"@id":"https:\/\/veritasinfo.org\/?p=5910#primaryimage"},"image":{"@id":"https:\/\/veritasinfo.org\/?p=5910#primaryimage"},"thumbnailUrl":"https:\/\/veritasinfo.org\/wp-content\/uploads\/2025\/07\/IMG_2415.jpeg","datePublished":"2025-07-30T11:07:27+00:00","dateModified":"2025-07-30T11:15:48+00:00","author":{"@id":"https:\/\/veritasinfo.org\/#\/schema\/person\/7701f8c088bece422266b100a712374f"},"breadcrumb":{"@id":"https:\/\/veritasinfo.org\/?p=5910#breadcrumb"},"inLanguage":"en-US","potentialAction":[{"@type":"ReadAction","target":["https:\/\/veritasinfo.org\/?p=5910"]}]},{"@type":"ImageObject","inLanguage":"en-US","@id":"https:\/\/veritasinfo.org\/?p=5910#primaryimage","url":"https:\/\/veritasinfo.org\/wp-content\/uploads\/2025\/07\/IMG_2415.jpeg","contentUrl":"https:\/\/veritasinfo.org\/wp-content\/uploads\/2025\/07\/IMG_2415.jpeg","width":290,"height":174},{"@type":"BreadcrumbList","@id":"https:\/\/veritasinfo.org\/?p=5910#breadcrumb","itemListElement":[{"@type":"ListItem","position":1,"name":"Home","item":"https:\/\/veritasinfo.org\/"},{"@type":"ListItem","position":2,"name":"Gjykimi kund\u00ebr ish-krer\u00ebve t\u00eb U\u00c7K-s\u00eb, Gjykata Speciale pranon prova nga Serbia"}]},{"@type":"WebSite","@id":"https:\/\/veritasinfo.org\/#website","url":"https:\/\/veritasinfo.org\/","name":"","description":"","potentialAction":[{"@type":"SearchAction","target":{"@type":"EntryPoint","urlTemplate":"https:\/\/veritasinfo.org\/?s={search_term_string}"},"query-input":{"@type":"PropertyValueSpecification","valueRequired":true,"valueName":"search_term_string"}}],"inLanguage":"en-US"},{"@type":"Person","@id":"https:\/\/veritasinfo.org\/#\/schema\/person\/7701f8c088bece422266b100a712374f","name":"admin","image":{"@type":"ImageObject","inLanguage":"en-US","@id":"https:\/\/veritasinfo.org\/#\/schema\/person\/image\/","url":"https:\/\/secure.gravatar.com\/avatar\/ea53aa3bf6c9a12d5fde8ce4deff43fef3885ae33cf60184161a50d6987cfd2f?s=96&d=mm&r=g","contentUrl":"https:\/\/secure.gravatar.com\/avatar\/ea53aa3bf6c9a12d5fde8ce4deff43fef3885ae33cf60184161a50d6987cfd2f?s=96&d=mm&r=g","caption":"admin"},"sameAs":["https:\/\/veritasinfo.org"],"url":"https:\/\/veritasinfo.org\/?author=1"}]}},"featured_image_urls":{"full":["https:\/\/veritasinfo.org\/wp-content\/uploads\/2025\/07\/IMG_2415.jpeg",290,174,false],"thumbnail":["https:\/\/veritasinfo.org\/wp-content\/uploads\/2025\/07\/IMG_2415-150x150.jpeg",150,150,true],"medium":["https:\/\/veritasinfo.org\/wp-content\/uploads\/2025\/07\/IMG_2415.jpeg",290,174,false],"medium_large":["https:\/\/veritasinfo.org\/wp-content\/uploads\/2025\/07\/IMG_2415.jpeg",290,174,false],"large":["https:\/\/veritasinfo.org\/wp-content\/uploads\/2025\/07\/IMG_2415.jpeg",290,174,false],"1536x1536":["https:\/\/veritasinfo.org\/wp-content\/uploads\/2025\/07\/IMG_2415.jpeg",290,174,false],"2048x2048":["https:\/\/veritasinfo.org\/wp-content\/uploads\/2025\/07\/IMG_2415.jpeg",290,174,false],"kreeti-slider-full":["https:\/\/veritasinfo.org\/wp-content\/uploads\/2025\/07\/IMG_2415.jpeg",290,174,false],"kreeti-featured":["https:\/\/veritasinfo.org\/wp-content\/uploads\/2025\/07\/IMG_2415.jpeg",290,174,false],"kreeti-medium":["https:\/\/veritasinfo.org\/wp-content\/uploads\/2025\/07\/IMG_2415.jpeg",290,174,false],"kreeti-medium-square":["https:\/\/veritasinfo.org\/wp-content\/uploads\/2025\/07\/IMG_2415.jpeg",290,174,false]},"author_info":{"info":["admin"]},"category_info":"<a href=\"https:\/\/veritasinfo.org\/?cat=58\" rel=\"category\">Politik\u00eb<\/a>","tag_info":"Politik\u00eb","comment_count":"0","_links":{"self":[{"href":"https:\/\/veritasinfo.org\/index.php?rest_route=\/wp\/v2\/posts\/5910","targetHints":{"allow":["GET"]}}],"collection":[{"href":"https:\/\/veritasinfo.org\/index.php?rest_route=\/wp\/v2\/posts"}],"about":[{"href":"https:\/\/veritasinfo.org\/index.php?rest_route=\/wp\/v2\/types\/post"}],"author":[{"embeddable":true,"href":"https:\/\/veritasinfo.org\/index.php?rest_route=\/wp\/v2\/users\/1"}],"replies":[{"embeddable":true,"href":"https:\/\/veritasinfo.org\/index.php?rest_route=%2Fwp%2Fv2%2Fcomments&post=5910"}],"version-history":[{"count":3,"href":"https:\/\/veritasinfo.org\/index.php?rest_route=\/wp\/v2\/posts\/5910\/revisions"}],"predecessor-version":[{"id":5916,"href":"https:\/\/veritasinfo.org\/index.php?rest_route=\/wp\/v2\/posts\/5910\/revisions\/5916"}],"wp:featuredmedia":[{"embeddable":true,"href":"https:\/\/veritasinfo.org\/index.php?rest_route=\/wp\/v2\/media\/5911"}],"wp:attachment":[{"href":"https:\/\/veritasinfo.org\/index.php?rest_route=%2Fwp%2Fv2%2Fmedia&parent=5910"}],"wp:term":[{"taxonomy":"category","embeddable":true,"href":"https:\/\/veritasinfo.org\/index.php?rest_route=%2Fwp%2Fv2%2Fcategories&post=5910"},{"taxonomy":"post_tag","embeddable":true,"href":"https:\/\/veritasinfo.org\/index.php?rest_route=%2Fwp%2Fv2%2Ftags&post=5910"}],"curies":[{"name":"wp","href":"https:\/\/api.w.org\/{rel}","templated":true}]}}