{"id":5896,"date":"2025-07-30T11:21:26","date_gmt":"2025-07-30T09:21:26","guid":{"rendered":"https:\/\/veritasinfo.org\/?p=5896"},"modified":"2025-07-30T11:21:26","modified_gmt":"2025-07-30T09:21:26","slug":"ambasada-e-mbreterise-fsk-tregoje-profesionalizem-vleresojme-koordinimin-me-kfor-in","status":"publish","type":"post","link":"https:\/\/veritasinfo.org\/?p=5896","title":{"rendered":"Ambasada e Mbret\u00ebris\u00eb: FSK tregoj\u00eb profesionaliz\u00ebm, vler\u00ebsojm\u00eb koordinimin me KFOR-in"},"content":{"rendered":"<p>Prishtin\u00eb, 30 Korrik 2025<\/p>\n<p>Ambasada e Mbret\u00ebris\u00eb s\u00eb Bashkuar n\u00eb Kosov\u00eb ka th\u00ebn\u00eb se vler\u00ebson bashk\u00ebpunimi e KFOR-it dhe FSK-s\u00eb pas autorizimit nga komandanti i KFOR-it p\u00ebr pjes\u00ebmarrje t\u00eb nj\u00eb ekipi t\u00eb specializuar t\u00eb FSK-s\u00eb p\u00ebr t\u00eb ndihmuar n\u00eb gjetjen e trupit t\u00eb personit i cili kishte r\u00ebn\u00eb n\u00eb Ujman.<\/p>\n<p>N\u00eb nj\u00eb reagim n\u00eb Facebook nga ambasada \u00ebsht\u00eb th\u00ebn\u00eb se FSK ka treguar profesionaliz\u00ebm n\u00eb misionin e s\u00eb mart\u00ebs e cila atje ka shkuar sipas marr\u00ebveshjes ekzistuese.<\/p>\n<div class=\"jeg_ad jeg_ad_article jnews_content_inline_ads  \">\n<div class=\"ads-wrapper align-center \"><\/div>\n<\/div>\n<p>\u201cAmbasada e Mbret\u00ebris\u00eb s\u00eb Bashkuar njeh koordinimin pozitiv nd\u00ebrmjet misionit t\u00eb udh\u00ebhequr nga NATO, KFOR, dhe Forc\u00ebs s\u00eb Siguris\u00eb s\u00eb Kosov\u00ebs (FSK), pas autorizimit nga Komandanti i KFOR-it q\u00eb FSK-ja t\u00eb dislokoj\u00eb ekipe t\u00eb K\u00ebrkim-Shp\u00ebtimit me q\u00ebllim t\u00eb ve\u00e7ant\u00eb p\u00ebr t\u00eb ndihmuar n\u00eb rastin tragjik t\u00eb nj\u00eb personi t\u00eb zhdukur n\u00eb Liqenin e Ujmanit\/Gazivod\u00ebs. Ky operacion \u00ebsht\u00eb d\u00ebshmi e aft\u00ebsive t\u00eb shk\u00eblqyera t\u00eb FSK-s\u00eb n\u00eb K\u00ebrkim-Shp\u00ebtim dhe \u00ebsht\u00eb n\u00eb p\u00ebrputhje me marr\u00ebveshjet e kahmotshme nd\u00ebrmjet KFOR-it dhe FSK-s\u00eb. Ne e p\u00ebrg\u00ebzojm\u00eb KFOR-in p\u00ebr mb\u00ebshtetjen dhe sigurimin e ofruar gjat\u00eb k\u00ebtij operacioni dhe u shprehim ngush\u00ebllimet tona familjes s\u00eb personit q\u00eb fatkeq\u00ebsisht humbi jet\u00ebn\u201d, thuhet nd\u00ebr t\u00eb tjera.<\/p>\n<p>Mbret\u00ebria e Bashkuar ka th\u00ebn\u00eb se mb\u00ebshtet plot\u00ebsisht misionin e KFOR-it p\u00ebr t\u00eb kontribuar n\u00eb nj\u00eb ambient t\u00eb sigurt dhe t\u00eb qet\u00eb p\u00ebr t\u00eb gjith\u00eb njer\u00ebzit dhe komunitetet n\u00eb Kosov\u00eb. Bashk\u00ebpunimi i ngusht\u00eb nd\u00ebrmjet KFOR-it, FSK-s\u00eb dhe strukturave t\u00eb tjera t\u00eb siguris\u00eb, p\u00ebrfshir\u00eb Policin\u00eb e Kosov\u00ebs dhe EULEX-in, \u00ebsht\u00eb thelb\u00ebsor p\u00ebr suksesin e k\u00ebtij misioni.<\/p>\n<p>Ekipet e FSK-s\u00eb t\u00eb mart\u00ebn kan\u00eb arritur t\u00eb gjejn\u00eb trupin e 33-vje\u00e7arit i cili kishte r\u00ebn\u00eb nga ura n\u00eb Liqenin e Ujmanit.<\/p>\n<p>Shkuarja e ekipit t\u00eb FSK-s\u00eb ishte b\u00ebr\u00eb me leje t\u00eb komandantit t\u00eb KFOR-it pas k\u00ebrkes\u00ebs s\u00eb Agjencis\u00eb p\u00ebr Menaxhimin e Emergjencave.<\/p>\n<p>&nbsp;<\/p>\n","protected":false},"excerpt":{"rendered":"<p>Prishtin\u00eb, 30 Korrik 2025 Ambasada e Mbret\u00ebris\u00eb s\u00eb Bashkuar n\u00eb Kosov\u00eb ka th\u00ebn\u00eb se vler\u00ebson bashk\u00ebpunimi e KFOR-it dhe FSK-s\u00eb pas autorizimit nga komandanti i<\/p>\n","protected":false},"author":1,"featured_media":5898,"comment_status":"open","ping_status":"open","sticky":false,"template":"","format":"standard","meta":{"footnotes":""},"categories":[60],"tags":[],"class_list":["post-5896","post","type-post","status-publish","format-standard","has-post-thumbnail","hentry","category-shoqerore-sq"],"yoast_head":"<!-- This site is optimized with the Yoast SEO plugin v25.3.1 - https:\/\/yoast.com\/wordpress\/plugins\/seo\/ -->\n<title>Ambasada e Mbret\u00ebris\u00eb: FSK tregoj\u00eb profesionaliz\u00ebm, vler\u00ebsojm\u00eb koordinimin me KFOR-in -<\/title>\n<meta name=\"robots\" content=\"index, follow, max-snippet:-1, max-image-preview:large, max-video-preview:-1\" \/>\n<link rel=\"canonical\" href=\"https:\/\/veritasinfo.org\/?p=5896\" \/>\n<meta property=\"og:locale\" content=\"en_US\" \/>\n<meta property=\"og:type\" content=\"article\" \/>\n<meta property=\"og:title\" content=\"Ambasada e Mbret\u00ebris\u00eb: FSK tregoj\u00eb profesionaliz\u00ebm, vler\u00ebsojm\u00eb koordinimin me KFOR-in -\" \/>\n<meta property=\"og:description\" content=\"Prishtin\u00eb, 30 Korrik 2025 Ambasada e Mbret\u00ebris\u00eb s\u00eb Bashkuar n\u00eb Kosov\u00eb ka th\u00ebn\u00eb se vler\u00ebson bashk\u00ebpunimi e KFOR-it dhe FSK-s\u00eb pas autorizimit nga komandanti i\" \/>\n<meta property=\"og:url\" content=\"https:\/\/veritasinfo.org\/?p=5896\" \/>\n<meta property=\"article:published_time\" content=\"2025-07-30T09:21:26+00:00\" \/>\n<meta property=\"og:image\" content=\"https:\/\/veritasinfo.org\/wp-content\/uploads\/2025\/07\/IMG_2414.jpeg\" \/>\n\t<meta property=\"og:image:width\" content=\"1140\" \/>\n\t<meta property=\"og:image:height\" content=\"570\" \/>\n\t<meta property=\"og:image:type\" content=\"image\/jpeg\" \/>\n<meta name=\"author\" content=\"admin\" \/>\n<meta name=\"twitter:card\" content=\"summary_large_image\" \/>\n<meta name=\"twitter:label1\" content=\"Written by\" \/>\n\t<meta name=\"twitter:data1\" content=\"admin\" \/>\n\t<meta name=\"twitter:label2\" content=\"Est. reading time\" \/>\n\t<meta name=\"twitter:data2\" content=\"2 minutes\" \/>\n<script type=\"application\/ld+json\" class=\"yoast-schema-graph\">{\"@context\":\"https:\/\/schema.org\",\"@graph\":[{\"@type\":\"WebPage\",\"@id\":\"https:\/\/veritasinfo.org\/?p=5896\",\"url\":\"https:\/\/veritasinfo.org\/?p=5896\",\"name\":\"Ambasada e Mbret\u00ebris\u00eb: FSK tregoj\u00eb profesionaliz\u00ebm, vler\u00ebsojm\u00eb koordinimin me KFOR-in -\",\"isPartOf\":{\"@id\":\"https:\/\/veritasinfo.org\/#website\"},\"primaryImageOfPage\":{\"@id\":\"https:\/\/veritasinfo.org\/?p=5896#primaryimage\"},\"image\":{\"@id\":\"https:\/\/veritasinfo.org\/?p=5896#primaryimage\"},\"thumbnailUrl\":\"https:\/\/veritasinfo.org\/wp-content\/uploads\/2025\/07\/IMG_2414.jpeg\",\"datePublished\":\"2025-07-30T09:21:26+00:00\",\"author\":{\"@id\":\"https:\/\/veritasinfo.org\/#\/schema\/person\/7701f8c088bece422266b100a712374f\"},\"breadcrumb\":{\"@id\":\"https:\/\/veritasinfo.org\/?p=5896#breadcrumb\"},\"inLanguage\":\"en-US\",\"potentialAction\":[{\"@type\":\"ReadAction\",\"target\":[\"https:\/\/veritasinfo.org\/?p=5896\"]}]},{\"@type\":\"ImageObject\",\"inLanguage\":\"en-US\",\"@id\":\"https:\/\/veritasinfo.org\/?p=5896#primaryimage\",\"url\":\"https:\/\/veritasinfo.org\/wp-content\/uploads\/2025\/07\/IMG_2414.jpeg\",\"contentUrl\":\"https:\/\/veritasinfo.org\/wp-content\/uploads\/2025\/07\/IMG_2414.jpeg\",\"width\":1140,\"height\":570},{\"@type\":\"BreadcrumbList\",\"@id\":\"https:\/\/veritasinfo.org\/?p=5896#breadcrumb\",\"itemListElement\":[{\"@type\":\"ListItem\",\"position\":1,\"name\":\"Home\",\"item\":\"https:\/\/veritasinfo.org\/\"},{\"@type\":\"ListItem\",\"position\":2,\"name\":\"Ambasada e Mbret\u00ebris\u00eb: FSK tregoj\u00eb profesionaliz\u00ebm, vler\u00ebsojm\u00eb koordinimin me KFOR-in\"}]},{\"@type\":\"WebSite\",\"@id\":\"https:\/\/veritasinfo.org\/#website\",\"url\":\"https:\/\/veritasinfo.org\/\",\"name\":\"\",\"description\":\"\",\"potentialAction\":[{\"@type\":\"SearchAction\",\"target\":{\"@type\":\"EntryPoint\",\"urlTemplate\":\"https:\/\/veritasinfo.org\/?s={search_term_string}\"},\"query-input\":{\"@type\":\"PropertyValueSpecification\",\"valueRequired\":true,\"valueName\":\"search_term_string\"}}],\"inLanguage\":\"en-US\"},{\"@type\":\"Person\",\"@id\":\"https:\/\/veritasinfo.org\/#\/schema\/person\/7701f8c088bece422266b100a712374f\",\"name\":\"admin\",\"image\":{\"@type\":\"ImageObject\",\"inLanguage\":\"en-US\",\"@id\":\"https:\/\/veritasinfo.org\/#\/schema\/person\/image\/\",\"url\":\"https:\/\/secure.gravatar.com\/avatar\/ea53aa3bf6c9a12d5fde8ce4deff43fef3885ae33cf60184161a50d6987cfd2f?s=96&d=mm&r=g\",\"contentUrl\":\"https:\/\/secure.gravatar.com\/avatar\/ea53aa3bf6c9a12d5fde8ce4deff43fef3885ae33cf60184161a50d6987cfd2f?s=96&d=mm&r=g\",\"caption\":\"admin\"},\"sameAs\":[\"https:\/\/veritasinfo.org\"],\"url\":\"https:\/\/veritasinfo.org\/?author=1\"}]}<\/script>\n<!-- \/ Yoast SEO plugin. -->","yoast_head_json":{"title":"Ambasada e Mbret\u00ebris\u00eb: FSK tregoj\u00eb profesionaliz\u00ebm, vler\u00ebsojm\u00eb koordinimin me KFOR-in -","robots":{"index":"index","follow":"follow","max-snippet":"max-snippet:-1","max-image-preview":"max-image-preview:large","max-video-preview":"max-video-preview:-1"},"canonical":"https:\/\/veritasinfo.org\/?p=5896","og_locale":"en_US","og_type":"article","og_title":"Ambasada e Mbret\u00ebris\u00eb: FSK tregoj\u00eb profesionaliz\u00ebm, vler\u00ebsojm\u00eb koordinimin me KFOR-in -","og_description":"Prishtin\u00eb, 30 Korrik 2025 Ambasada e Mbret\u00ebris\u00eb s\u00eb Bashkuar n\u00eb Kosov\u00eb ka th\u00ebn\u00eb se vler\u00ebson bashk\u00ebpunimi e KFOR-it dhe FSK-s\u00eb pas autorizimit nga komandanti i","og_url":"https:\/\/veritasinfo.org\/?p=5896","article_published_time":"2025-07-30T09:21:26+00:00","og_image":[{"width":1140,"height":570,"url":"https:\/\/veritasinfo.org\/wp-content\/uploads\/2025\/07\/IMG_2414.jpeg","type":"image\/jpeg"}],"author":"admin","twitter_card":"summary_large_image","twitter_misc":{"Written by":"admin","Est. reading time":"2 minutes"},"schema":{"@context":"https:\/\/schema.org","@graph":[{"@type":"WebPage","@id":"https:\/\/veritasinfo.org\/?p=5896","url":"https:\/\/veritasinfo.org\/?p=5896","name":"Ambasada e Mbret\u00ebris\u00eb: FSK tregoj\u00eb profesionaliz\u00ebm, vler\u00ebsojm\u00eb koordinimin me KFOR-in -","isPartOf":{"@id":"https:\/\/veritasinfo.org\/#website"},"primaryImageOfPage":{"@id":"https:\/\/veritasinfo.org\/?p=5896#primaryimage"},"image":{"@id":"https:\/\/veritasinfo.org\/?p=5896#primaryimage"},"thumbnailUrl":"https:\/\/veritasinfo.org\/wp-content\/uploads\/2025\/07\/IMG_2414.jpeg","datePublished":"2025-07-30T09:21:26+00:00","author":{"@id":"https:\/\/veritasinfo.org\/#\/schema\/person\/7701f8c088bece422266b100a712374f"},"breadcrumb":{"@id":"https:\/\/veritasinfo.org\/?p=5896#breadcrumb"},"inLanguage":"en-US","potentialAction":[{"@type":"ReadAction","target":["https:\/\/veritasinfo.org\/?p=5896"]}]},{"@type":"ImageObject","inLanguage":"en-US","@id":"https:\/\/veritasinfo.org\/?p=5896#primaryimage","url":"https:\/\/veritasinfo.org\/wp-content\/uploads\/2025\/07\/IMG_2414.jpeg","contentUrl":"https:\/\/veritasinfo.org\/wp-content\/uploads\/2025\/07\/IMG_2414.jpeg","width":1140,"height":570},{"@type":"BreadcrumbList","@id":"https:\/\/veritasinfo.org\/?p=5896#breadcrumb","itemListElement":[{"@type":"ListItem","position":1,"name":"Home","item":"https:\/\/veritasinfo.org\/"},{"@type":"ListItem","position":2,"name":"Ambasada e Mbret\u00ebris\u00eb: FSK tregoj\u00eb profesionaliz\u00ebm, vler\u00ebsojm\u00eb koordinimin me KFOR-in"}]},{"@type":"WebSite","@id":"https:\/\/veritasinfo.org\/#website","url":"https:\/\/veritasinfo.org\/","name":"","description":"","potentialAction":[{"@type":"SearchAction","target":{"@type":"EntryPoint","urlTemplate":"https:\/\/veritasinfo.org\/?s={search_term_string}"},"query-input":{"@type":"PropertyValueSpecification","valueRequired":true,"valueName":"search_term_string"}}],"inLanguage":"en-US"},{"@type":"Person","@id":"https:\/\/veritasinfo.org\/#\/schema\/person\/7701f8c088bece422266b100a712374f","name":"admin","image":{"@type":"ImageObject","inLanguage":"en-US","@id":"https:\/\/veritasinfo.org\/#\/schema\/person\/image\/","url":"https:\/\/secure.gravatar.com\/avatar\/ea53aa3bf6c9a12d5fde8ce4deff43fef3885ae33cf60184161a50d6987cfd2f?s=96&d=mm&r=g","contentUrl":"https:\/\/secure.gravatar.com\/avatar\/ea53aa3bf6c9a12d5fde8ce4deff43fef3885ae33cf60184161a50d6987cfd2f?s=96&d=mm&r=g","caption":"admin"},"sameAs":["https:\/\/veritasinfo.org"],"url":"https:\/\/veritasinfo.org\/?author=1"}]}},"featured_image_urls":{"full":["https:\/\/veritasinfo.org\/wp-content\/uploads\/2025\/07\/IMG_2414.jpeg",1140,570,false],"thumbnail":["https:\/\/veritasinfo.org\/wp-content\/uploads\/2025\/07\/IMG_2414-150x150.jpeg",150,150,true],"medium":["https:\/\/veritasinfo.org\/wp-content\/uploads\/2025\/07\/IMG_2414-300x150.jpeg",300,150,true],"medium_large":["https:\/\/veritasinfo.org\/wp-content\/uploads\/2025\/07\/IMG_2414-768x384.jpeg",640,320,true],"large":["https:\/\/veritasinfo.org\/wp-content\/uploads\/2025\/07\/IMG_2414-1024x512.jpeg",640,320,true],"1536x1536":["https:\/\/veritasinfo.org\/wp-content\/uploads\/2025\/07\/IMG_2414.jpeg",1140,570,false],"2048x2048":["https:\/\/veritasinfo.org\/wp-content\/uploads\/2025\/07\/IMG_2414.jpeg",1140,570,false],"kreeti-slider-full":["https:\/\/veritasinfo.org\/wp-content\/uploads\/2025\/07\/IMG_2414.jpeg",1140,570,false],"kreeti-featured":["https:\/\/veritasinfo.org\/wp-content\/uploads\/2025\/07\/IMG_2414.jpeg",1024,512,false],"kreeti-medium":["https:\/\/veritasinfo.org\/wp-content\/uploads\/2025\/07\/IMG_2414.jpeg",720,360,false],"kreeti-medium-square":["https:\/\/veritasinfo.org\/wp-content\/uploads\/2025\/07\/IMG_2414.jpeg",350,175,false]},"author_info":{"info":["admin"]},"category_info":"<a href=\"https:\/\/veritasinfo.org\/?cat=60\" rel=\"category\">Shoq\u00ebrore<\/a>","tag_info":"Shoq\u00ebrore","comment_count":"0","_links":{"self":[{"href":"https:\/\/veritasinfo.org\/index.php?rest_route=\/wp\/v2\/posts\/5896","targetHints":{"allow":["GET"]}}],"collection":[{"href":"https:\/\/veritasinfo.org\/index.php?rest_route=\/wp\/v2\/posts"}],"about":[{"href":"https:\/\/veritasinfo.org\/index.php?rest_route=\/wp\/v2\/types\/post"}],"author":[{"embeddable":true,"href":"https:\/\/veritasinfo.org\/index.php?rest_route=\/wp\/v2\/users\/1"}],"replies":[{"embeddable":true,"href":"https:\/\/veritasinfo.org\/index.php?rest_route=%2Fwp%2Fv2%2Fcomments&post=5896"}],"version-history":[{"count":1,"href":"https:\/\/veritasinfo.org\/index.php?rest_route=\/wp\/v2\/posts\/5896\/revisions"}],"predecessor-version":[{"id":5899,"href":"https:\/\/veritasinfo.org\/index.php?rest_route=\/wp\/v2\/posts\/5896\/revisions\/5899"}],"wp:featuredmedia":[{"embeddable":true,"href":"https:\/\/veritasinfo.org\/index.php?rest_route=\/wp\/v2\/media\/5898"}],"wp:attachment":[{"href":"https:\/\/veritasinfo.org\/index.php?rest_route=%2Fwp%2Fv2%2Fmedia&parent=5896"}],"wp:term":[{"taxonomy":"category","embeddable":true,"href":"https:\/\/veritasinfo.org\/index.php?rest_route=%2Fwp%2Fv2%2Fcategories&post=5896"},{"taxonomy":"post_tag","embeddable":true,"href":"https:\/\/veritasinfo.org\/index.php?rest_route=%2Fwp%2Fv2%2Ftags&post=5896"}],"curies":[{"name":"wp","href":"https:\/\/api.w.org\/{rel}","templated":true}]}}