{"id":5895,"date":"2025-07-30T11:21:44","date_gmt":"2025-07-30T09:21:44","guid":{"rendered":"https:\/\/veritasinfo.org\/?p=5895"},"modified":"2025-07-30T11:21:44","modified_gmt":"2025-07-30T09:21:44","slug":"kallezim-penal-ndaj-kater-deshmitareve-ne-rastin-banjska","status":"publish","type":"post","link":"https:\/\/veritasinfo.org\/?p=5895","title":{"rendered":"Kall\u00ebzim penal ndaj kat\u00ebr d\u00ebshmitar\u00ebve n\u00eb rastin \u201cBanjska\u201d"},"content":{"rendered":"<p>Prishtin\u00eb, 30 korrik 2025<\/p>\n<p>P\u00ebrfaq\u00ebsuesi i policit t\u00eb d\u00ebmtuar n\u00eb rastin \u201cBanjska\u201d- Alban Rashiti, avokati Naim Rudari ka njoftuar se ka ushtruar kall\u00ebzim penal ndaj kat\u00ebr d\u00ebshmitar\u00ebve n\u00eb k\u00ebt\u00eb rast, n\u00ebn dyshimin se kan\u00eb kryer disa vepra penale, p\u00ebrfshir\u00eb deklarimin e rrem\u00eb.<\/p>\n<p>Kall\u00ebzimi penal \u00ebsht\u00eb ushtruar p\u00ebr veprat penale \u201cNdihma n\u00eb kryerjen e terrorizmit\u201d, \u201cMoslajm\u00ebrimi i veprave penale apo kryer\u00ebsve t\u00eb tyre\u201d, \u201cDh\u00ebnia e ndihm\u00ebs kryer\u00ebsve pas kryerjes s\u00eb vepr\u00ebs penale\u201d, \u201cDeklarim i rrem\u00eb\u201d dhe \u201cManipulimi me prova\u201d, raporton \u201cBetimi p\u00ebr Drejt\u00ebsi\u201c.<\/p>\n<p>Rudari ka shkruar n\u00eb Facebook se m\u00eb\u00a022\u00a0dhe\u00a024 korrik 2025\u00a0u ftuan t\u00eb d\u00ebgjohen dy d\u00ebshmitar\u00eb t\u00eb cil\u00ebt kan\u00eb par\u00eb dhe m\u00ebsuar shum\u00eb p\u00ebr rastin dhe an\u00ebtar\u00ebt e grupit terrorist.<\/p>\n<p>Dy d\u00ebshmitar\u00ebt q\u00eb u d\u00ebgjuan n\u00eb dit\u00ebt e p\u00ebrmendura nga avokati ishin Rade Nedelkoviq dhe Velko Iliq, ky i fundit ka d\u00ebshmuar n\u00eb seanc\u00eb t\u00eb mbyllur. T\u00eb kall\u00ebzuar penalisht jan\u00eb edhe Marko Saviq dhe Ivan Filimonoviq.<\/p>\n<p>\u201cAta, p\u00ebrve\u00e7 se kishin ndihmuar grupin terrorist q\u00eb t\u00eb strehohen n\u00eb hotelin Rajnska Banja n\u00eb fshatin Bajnsk\u00eb, kishin premtuar se personat e armatosur (terrorist\u00ebt) do t\u2019i evidentojn\u00eb si pun\u00ebtor\u00eb t\u00eb hotelit p\u00ebr t\u2019i maskuar q\u00eb mos t\u00eb arrestohen, i kan\u00eb lejuar q\u00eb t\u00eb u japin ndihm\u00eb t\u00eb plagosurve n\u00eb hotel e m\u00eb pas duke i zhveshur uniformat p\u00ebr t\u2019i nd\u00ebrruar me rroba civile ua kan\u00eb mund\u00ebsur largimin nga fshati Bajnsk\u00eb, k\u00ebshtu k\u00ebta \u201cd\u00ebshmitar\u00eb\u201d kan\u00eb vendosur edhe n\u00eb gjykim t\u00eb DEKLAROJN\u00cb RREJSH\u00cbM duke mbrojtur kriminel\u00ebt me d\u00ebshmin\u00eb e tyre e duke u munduar q\u00eb t\u00eb mohojn\u00eb ato q\u00eb kishin deklaruar me par\u00eb\u201d, shkruan Rudari.<\/p>\n<p>Avokati k\u00ebrkoi q\u00eb Prokuroria t\u00eb hetoj\u00eb k\u00ebt\u00eb rast, duke shtuar se me hetim do t\u00eb sigurohen edhe shum\u00eb prova p\u00ebr personat q\u00eb kan\u00eb ndihmuar grupin terrorist n\u00eb Basnjk\u00eb.<\/p>\n<p>Postimi i plot\u00eb:<\/p>\n<p>\u201c<em>Lidhur me rastin e koduar \u201cBAJNSKA\u201d jemi detyruar q\u00eb disa persona t\u2019i kallzojm\u00eb penalisht t\u00eb cil\u00ebt kan\u00eb kryer disa vepra penale.<\/em><\/p>\n<p><em>Me dat\u00ebn 22 dhe 24 korrik 2025 n\u00eb gjykat\u00eb jan\u00eb ftuar q\u00eb t\u00eb d\u00ebgjohen n\u00eb cil\u00ebsi t\u00eb d\u00ebshmitar\u00ebve dy persona t\u00eb cil\u00ebt kishin par\u00eb e kishin m\u00ebsuar shum\u00eb p\u00ebr rastin dhe an\u00ebtar\u00ebt grupit terrorist dhe se ato q\u00eb dinin i kan\u00eb deklaruar m\u00eb heret n\u00eb polici e prokurori.<\/em><\/p>\n<p><em>Ata, p\u00ebrve\u00e7 se kishin ndihmuar grupin terrorist q\u00eb t\u00eb strehohen n\u00eb hotelin Rajnska Banja n\u00eb fshatin Bajnsk\u00eb, kishin premtuar se personat e armatosur (terrorist\u00ebt) do t\u2019i evidentojn\u00eb si pun\u00ebtor\u00eb t\u00eb hotelit p\u00ebr t\u2019i maskuar q\u00eb mos t\u00eb arrestohen, i kan\u00eb lejuar q\u00eb t\u00eb u japin ndihm\u00eb t\u00eb plagosurve n\u00eb hotel e m\u00eb pas duke i zhveshur uniformat p\u00ebr t\u2019i nd\u00ebrruar me rroba civile ua kan\u00eb mund\u00ebsur largimin nga fshati Bajnsk\u00eb, k\u00ebshtu k\u00ebta \u201cd\u00ebshmitar\u00eb\u201d kan\u00eb vendosur edhe n\u00eb gjykim t\u00eb DEKLAROJN\u00cb R<\/em>REJSH\u00cbM duke mbrojtur kriminel\u00ebt me d\u00ebshmin\u00eb e tyre e duke u munduar q\u00eb t\u00eb mohojn\u00eb ato q\u00eb kishin deklaruar me par\u00eb.<\/p>\n<p><em>Pra detyrimi p\u00ebr t\u00eb deklaruar t\u00eb v\u00ebrtet\u00ebn NUK ka alternativ\u00eb dhe NUK i jap t\u00eb drejt\u00eb d\u00ebshmitarit q\u00eb n\u00eb gjykat\u00eb t\u00eb deklaroj\u00eb \u00e7far\u00eb t\u00eb doj\u00eb apo t\u00eb zgjedh\u00eb se pas cilit deklarim d\u00ebshiron t\u00eb mbetet atij t\u00eb dh\u00ebn\u00eb m\u00eb par\u00eb apo atij t\u00eb rrem\u00eb n\u00eb gjykat\u00eb, por d\u00ebshmitar\u00ebt DETYROHEN q\u00eb t\u00eb deklarojn\u00eb t\u00eb v\u00ebrtet\u00ebn dhe vet\u00ebm t\u00eb v\u00ebrtet\u00ebn.<\/em><\/p>\n<p><em>K\u00ebrkojm\u00eb hetim sa m\u00eb par\u00eb nga Prokuroria edhe pse provat jan\u00eb n\u00eb dor\u00ebn ton\u00eb por me hetim do t\u00eb sigurohen edhe shum\u00eb prova p\u00ebr personat q\u00eb kan\u00eb ndihmuar grupin terrorist n\u00eb Bajnska n\u00eb forma t\u00eb ndryshme sepse k\u00ebt\u00eb ua kemi borxh familjes Bunjaku, zyrtarit policor Alban Rashiti, gjith\u00eb Policis\u00eb s\u00eb Kosov\u00ebs dhe t\u00eb gjith\u00eb qytetar\u00ebve t\u00eb Kosov\u00ebs q\u00eb mbi k\u00ebto veprimtari kriminale t\u00eb Serbis\u00eb mbi Kosov\u00eb t\u00eb ket\u00eb ndri\u00e7im t\u00eb plot\u00eb e drejt\u00ebsi duke gjykuar ata q\u00eb me vepra terroriste sulmuan rendin juridik t\u00eb Republik\u00ebs s\u00eb Kosov\u00ebs\u201d.\u00a0<\/em><\/p>\n","protected":false},"excerpt":{"rendered":"<p>Prishtin\u00eb, 30 korrik 2025 P\u00ebrfaq\u00ebsuesi i policit t\u00eb d\u00ebmtuar n\u00eb rastin \u201cBanjska\u201d- Alban Rashiti, avokati Naim Rudari ka njoftuar se ka ushtruar kall\u00ebzim penal ndaj<\/p>\n","protected":false},"author":1,"featured_media":5897,"comment_status":"open","ping_status":"open","sticky":false,"template":"","format":"standard","meta":{"footnotes":""},"categories":[60],"tags":[],"class_list":["post-5895","post","type-post","status-publish","format-standard","has-post-thumbnail","hentry","category-shoqerore-sq"],"yoast_head":"<!-- This site is optimized with the Yoast SEO plugin v25.3.1 - https:\/\/yoast.com\/wordpress\/plugins\/seo\/ -->\n<title>Kall\u00ebzim penal ndaj kat\u00ebr d\u00ebshmitar\u00ebve n\u00eb rastin \u201cBanjska\u201d -<\/title>\n<meta name=\"robots\" content=\"index, follow, max-snippet:-1, max-image-preview:large, max-video-preview:-1\" \/>\n<link rel=\"canonical\" href=\"https:\/\/veritasinfo.org\/?p=5895\" \/>\n<meta property=\"og:locale\" content=\"en_US\" \/>\n<meta property=\"og:type\" content=\"article\" \/>\n<meta property=\"og:title\" content=\"Kall\u00ebzim penal ndaj kat\u00ebr d\u00ebshmitar\u00ebve n\u00eb rastin \u201cBanjska\u201d -\" \/>\n<meta property=\"og:description\" content=\"Prishtin\u00eb, 30 korrik 2025 P\u00ebrfaq\u00ebsuesi i policit t\u00eb d\u00ebmtuar n\u00eb rastin \u201cBanjska\u201d- Alban Rashiti, avokati Naim Rudari ka njoftuar se ka ushtruar kall\u00ebzim penal ndaj\" \/>\n<meta property=\"og:url\" content=\"https:\/\/veritasinfo.org\/?p=5895\" \/>\n<meta property=\"article:published_time\" content=\"2025-07-30T09:21:44+00:00\" \/>\n<meta property=\"og:image\" content=\"https:\/\/veritasinfo.org\/wp-content\/uploads\/2025\/07\/IMG_2124.webp\" \/>\n\t<meta property=\"og:image:width\" content=\"380\" \/>\n\t<meta property=\"og:image:height\" content=\"210\" \/>\n\t<meta property=\"og:image:type\" content=\"image\/webp\" \/>\n<meta name=\"author\" content=\"admin\" \/>\n<meta name=\"twitter:card\" content=\"summary_large_image\" \/>\n<meta name=\"twitter:label1\" content=\"Written by\" \/>\n\t<meta name=\"twitter:data1\" content=\"admin\" \/>\n\t<meta name=\"twitter:label2\" content=\"Est. reading time\" \/>\n\t<meta name=\"twitter:data2\" content=\"3 minutes\" \/>\n<script type=\"application\/ld+json\" class=\"yoast-schema-graph\">{\"@context\":\"https:\/\/schema.org\",\"@graph\":[{\"@type\":\"WebPage\",\"@id\":\"https:\/\/veritasinfo.org\/?p=5895\",\"url\":\"https:\/\/veritasinfo.org\/?p=5895\",\"name\":\"Kall\u00ebzim penal ndaj kat\u00ebr d\u00ebshmitar\u00ebve n\u00eb rastin \u201cBanjska\u201d -\",\"isPartOf\":{\"@id\":\"https:\/\/veritasinfo.org\/#website\"},\"primaryImageOfPage\":{\"@id\":\"https:\/\/veritasinfo.org\/?p=5895#primaryimage\"},\"image\":{\"@id\":\"https:\/\/veritasinfo.org\/?p=5895#primaryimage\"},\"thumbnailUrl\":\"https:\/\/veritasinfo.org\/wp-content\/uploads\/2025\/07\/IMG_2124.webp\",\"datePublished\":\"2025-07-30T09:21:44+00:00\",\"author\":{\"@id\":\"https:\/\/veritasinfo.org\/#\/schema\/person\/7701f8c088bece422266b100a712374f\"},\"breadcrumb\":{\"@id\":\"https:\/\/veritasinfo.org\/?p=5895#breadcrumb\"},\"inLanguage\":\"en-US\",\"potentialAction\":[{\"@type\":\"ReadAction\",\"target\":[\"https:\/\/veritasinfo.org\/?p=5895\"]}]},{\"@type\":\"ImageObject\",\"inLanguage\":\"en-US\",\"@id\":\"https:\/\/veritasinfo.org\/?p=5895#primaryimage\",\"url\":\"https:\/\/veritasinfo.org\/wp-content\/uploads\/2025\/07\/IMG_2124.webp\",\"contentUrl\":\"https:\/\/veritasinfo.org\/wp-content\/uploads\/2025\/07\/IMG_2124.webp\",\"width\":380,\"height\":210},{\"@type\":\"BreadcrumbList\",\"@id\":\"https:\/\/veritasinfo.org\/?p=5895#breadcrumb\",\"itemListElement\":[{\"@type\":\"ListItem\",\"position\":1,\"name\":\"Home\",\"item\":\"https:\/\/veritasinfo.org\/\"},{\"@type\":\"ListItem\",\"position\":2,\"name\":\"Kall\u00ebzim penal ndaj kat\u00ebr d\u00ebshmitar\u00ebve n\u00eb rastin \u201cBanjska\u201d\"}]},{\"@type\":\"WebSite\",\"@id\":\"https:\/\/veritasinfo.org\/#website\",\"url\":\"https:\/\/veritasinfo.org\/\",\"name\":\"\",\"description\":\"\",\"potentialAction\":[{\"@type\":\"SearchAction\",\"target\":{\"@type\":\"EntryPoint\",\"urlTemplate\":\"https:\/\/veritasinfo.org\/?s={search_term_string}\"},\"query-input\":{\"@type\":\"PropertyValueSpecification\",\"valueRequired\":true,\"valueName\":\"search_term_string\"}}],\"inLanguage\":\"en-US\"},{\"@type\":\"Person\",\"@id\":\"https:\/\/veritasinfo.org\/#\/schema\/person\/7701f8c088bece422266b100a712374f\",\"name\":\"admin\",\"image\":{\"@type\":\"ImageObject\",\"inLanguage\":\"en-US\",\"@id\":\"https:\/\/veritasinfo.org\/#\/schema\/person\/image\/\",\"url\":\"https:\/\/secure.gravatar.com\/avatar\/ea53aa3bf6c9a12d5fde8ce4deff43fef3885ae33cf60184161a50d6987cfd2f?s=96&d=mm&r=g\",\"contentUrl\":\"https:\/\/secure.gravatar.com\/avatar\/ea53aa3bf6c9a12d5fde8ce4deff43fef3885ae33cf60184161a50d6987cfd2f?s=96&d=mm&r=g\",\"caption\":\"admin\"},\"sameAs\":[\"https:\/\/veritasinfo.org\"],\"url\":\"https:\/\/veritasinfo.org\/?author=1\"}]}<\/script>\n<!-- \/ Yoast SEO plugin. -->","yoast_head_json":{"title":"Kall\u00ebzim penal ndaj kat\u00ebr d\u00ebshmitar\u00ebve n\u00eb rastin \u201cBanjska\u201d -","robots":{"index":"index","follow":"follow","max-snippet":"max-snippet:-1","max-image-preview":"max-image-preview:large","max-video-preview":"max-video-preview:-1"},"canonical":"https:\/\/veritasinfo.org\/?p=5895","og_locale":"en_US","og_type":"article","og_title":"Kall\u00ebzim penal ndaj kat\u00ebr d\u00ebshmitar\u00ebve n\u00eb rastin \u201cBanjska\u201d -","og_description":"Prishtin\u00eb, 30 korrik 2025 P\u00ebrfaq\u00ebsuesi i policit t\u00eb d\u00ebmtuar n\u00eb rastin \u201cBanjska\u201d- Alban Rashiti, avokati Naim Rudari ka njoftuar se ka ushtruar kall\u00ebzim penal ndaj","og_url":"https:\/\/veritasinfo.org\/?p=5895","article_published_time":"2025-07-30T09:21:44+00:00","og_image":[{"width":380,"height":210,"url":"https:\/\/veritasinfo.org\/wp-content\/uploads\/2025\/07\/IMG_2124.webp","type":"image\/webp"}],"author":"admin","twitter_card":"summary_large_image","twitter_misc":{"Written by":"admin","Est. reading time":"3 minutes"},"schema":{"@context":"https:\/\/schema.org","@graph":[{"@type":"WebPage","@id":"https:\/\/veritasinfo.org\/?p=5895","url":"https:\/\/veritasinfo.org\/?p=5895","name":"Kall\u00ebzim penal ndaj kat\u00ebr d\u00ebshmitar\u00ebve n\u00eb rastin \u201cBanjska\u201d -","isPartOf":{"@id":"https:\/\/veritasinfo.org\/#website"},"primaryImageOfPage":{"@id":"https:\/\/veritasinfo.org\/?p=5895#primaryimage"},"image":{"@id":"https:\/\/veritasinfo.org\/?p=5895#primaryimage"},"thumbnailUrl":"https:\/\/veritasinfo.org\/wp-content\/uploads\/2025\/07\/IMG_2124.webp","datePublished":"2025-07-30T09:21:44+00:00","author":{"@id":"https:\/\/veritasinfo.org\/#\/schema\/person\/7701f8c088bece422266b100a712374f"},"breadcrumb":{"@id":"https:\/\/veritasinfo.org\/?p=5895#breadcrumb"},"inLanguage":"en-US","potentialAction":[{"@type":"ReadAction","target":["https:\/\/veritasinfo.org\/?p=5895"]}]},{"@type":"ImageObject","inLanguage":"en-US","@id":"https:\/\/veritasinfo.org\/?p=5895#primaryimage","url":"https:\/\/veritasinfo.org\/wp-content\/uploads\/2025\/07\/IMG_2124.webp","contentUrl":"https:\/\/veritasinfo.org\/wp-content\/uploads\/2025\/07\/IMG_2124.webp","width":380,"height":210},{"@type":"BreadcrumbList","@id":"https:\/\/veritasinfo.org\/?p=5895#breadcrumb","itemListElement":[{"@type":"ListItem","position":1,"name":"Home","item":"https:\/\/veritasinfo.org\/"},{"@type":"ListItem","position":2,"name":"Kall\u00ebzim penal ndaj kat\u00ebr d\u00ebshmitar\u00ebve n\u00eb rastin \u201cBanjska\u201d"}]},{"@type":"WebSite","@id":"https:\/\/veritasinfo.org\/#website","url":"https:\/\/veritasinfo.org\/","name":"","description":"","potentialAction":[{"@type":"SearchAction","target":{"@type":"EntryPoint","urlTemplate":"https:\/\/veritasinfo.org\/?s={search_term_string}"},"query-input":{"@type":"PropertyValueSpecification","valueRequired":true,"valueName":"search_term_string"}}],"inLanguage":"en-US"},{"@type":"Person","@id":"https:\/\/veritasinfo.org\/#\/schema\/person\/7701f8c088bece422266b100a712374f","name":"admin","image":{"@type":"ImageObject","inLanguage":"en-US","@id":"https:\/\/veritasinfo.org\/#\/schema\/person\/image\/","url":"https:\/\/secure.gravatar.com\/avatar\/ea53aa3bf6c9a12d5fde8ce4deff43fef3885ae33cf60184161a50d6987cfd2f?s=96&d=mm&r=g","contentUrl":"https:\/\/secure.gravatar.com\/avatar\/ea53aa3bf6c9a12d5fde8ce4deff43fef3885ae33cf60184161a50d6987cfd2f?s=96&d=mm&r=g","caption":"admin"},"sameAs":["https:\/\/veritasinfo.org"],"url":"https:\/\/veritasinfo.org\/?author=1"}]}},"featured_image_urls":{"full":["https:\/\/veritasinfo.org\/wp-content\/uploads\/2025\/07\/IMG_2124.webp",380,210,false],"thumbnail":["https:\/\/veritasinfo.org\/wp-content\/uploads\/2025\/07\/IMG_2124-150x150.webp",150,150,true],"medium":["https:\/\/veritasinfo.org\/wp-content\/uploads\/2025\/07\/IMG_2124-300x166.webp",300,166,true],"medium_large":["https:\/\/veritasinfo.org\/wp-content\/uploads\/2025\/07\/IMG_2124.webp",380,210,false],"large":["https:\/\/veritasinfo.org\/wp-content\/uploads\/2025\/07\/IMG_2124.webp",380,210,false],"1536x1536":["https:\/\/veritasinfo.org\/wp-content\/uploads\/2025\/07\/IMG_2124.webp",380,210,false],"2048x2048":["https:\/\/veritasinfo.org\/wp-content\/uploads\/2025\/07\/IMG_2124.webp",380,210,false],"kreeti-slider-full":["https:\/\/veritasinfo.org\/wp-content\/uploads\/2025\/07\/IMG_2124.webp",380,210,false],"kreeti-featured":["https:\/\/veritasinfo.org\/wp-content\/uploads\/2025\/07\/IMG_2124.webp",380,210,false],"kreeti-medium":["https:\/\/veritasinfo.org\/wp-content\/uploads\/2025\/07\/IMG_2124.webp",380,210,false],"kreeti-medium-square":["https:\/\/veritasinfo.org\/wp-content\/uploads\/2025\/07\/IMG_2124.webp",350,193,false]},"author_info":{"info":["admin"]},"category_info":"<a href=\"https:\/\/veritasinfo.org\/?cat=60\" rel=\"category\">Shoq\u00ebrore<\/a>","tag_info":"Shoq\u00ebrore","comment_count":"0","_links":{"self":[{"href":"https:\/\/veritasinfo.org\/index.php?rest_route=\/wp\/v2\/posts\/5895","targetHints":{"allow":["GET"]}}],"collection":[{"href":"https:\/\/veritasinfo.org\/index.php?rest_route=\/wp\/v2\/posts"}],"about":[{"href":"https:\/\/veritasinfo.org\/index.php?rest_route=\/wp\/v2\/types\/post"}],"author":[{"embeddable":true,"href":"https:\/\/veritasinfo.org\/index.php?rest_route=\/wp\/v2\/users\/1"}],"replies":[{"embeddable":true,"href":"https:\/\/veritasinfo.org\/index.php?rest_route=%2Fwp%2Fv2%2Fcomments&post=5895"}],"version-history":[{"count":1,"href":"https:\/\/veritasinfo.org\/index.php?rest_route=\/wp\/v2\/posts\/5895\/revisions"}],"predecessor-version":[{"id":5900,"href":"https:\/\/veritasinfo.org\/index.php?rest_route=\/wp\/v2\/posts\/5895\/revisions\/5900"}],"wp:featuredmedia":[{"embeddable":true,"href":"https:\/\/veritasinfo.org\/index.php?rest_route=\/wp\/v2\/media\/5897"}],"wp:attachment":[{"href":"https:\/\/veritasinfo.org\/index.php?rest_route=%2Fwp%2Fv2%2Fmedia&parent=5895"}],"wp:term":[{"taxonomy":"category","embeddable":true,"href":"https:\/\/veritasinfo.org\/index.php?rest_route=%2Fwp%2Fv2%2Fcategories&post=5895"},{"taxonomy":"post_tag","embeddable":true,"href":"https:\/\/veritasinfo.org\/index.php?rest_route=%2Fwp%2Fv2%2Ftags&post=5895"}],"curies":[{"name":"wp","href":"https:\/\/api.w.org\/{rel}","templated":true}]}}