{"id":5893,"date":"2025-07-30T16:16:01","date_gmt":"2025-07-30T14:16:01","guid":{"rendered":"https:\/\/veritasinfo.org\/?p=5893"},"modified":"2025-07-30T16:16:01","modified_gmt":"2025-07-30T14:16:01","slug":"hapet-ekspozita-mitrovica-ngjyrat-e-shpirtit-tim-ne-qendren-kulturore-kadri-kadriu","status":"publish","type":"post","link":"https:\/\/veritasinfo.org\/?p=5893","title":{"rendered":"Hapet ekspozita \u201cMitrovica \u2013 ngjyrat e shpirtit tim\u201d n\u00eb Qendr\u00ebn Kulturore \u201cKadri Kadriu\u201d"},"content":{"rendered":"<p>Mitrovic\u00eb e Veriut, 30 korrik 2025<\/p>\n<p>Qendra Kulturore \u201cKadri Kadriu\u201d, e vendosur n\u00eb skaj t\u00eb Mitrovic\u00ebs s\u00eb Veriut, edhe nj\u00eb her\u00eb d\u00ebshmoi rolin e saj si vat\u00ebr e artit dhe dialogut, p\u00ebrmes hapjes s\u00eb ekspozit\u00ebs \u201cMitrovica \u2013 ngjyrat e shpirtit tim\u201d nga artisti i njohur Shukri \u00c7eliku.<\/p>\n<p><img decoding=\"async\" class=\"alignnone size-medium wp-image-5888 lazyload\" data-src=\"https:\/\/veritasinfo.org\/wp-content\/uploads\/2025\/07\/1000068163-300x135.jpg\" alt=\"\" width=\"300\" height=\"135\" data-srcset=\"https:\/\/veritasinfo.org\/wp-content\/uploads\/2025\/07\/1000068163-300x135.jpg 300w, https:\/\/veritasinfo.org\/wp-content\/uploads\/2025\/07\/1000068163-1024x461.jpg 1024w, https:\/\/veritasinfo.org\/wp-content\/uploads\/2025\/07\/1000068163-768x345.jpg 768w, https:\/\/veritasinfo.org\/wp-content\/uploads\/2025\/07\/1000068163-1536x691.jpg 1536w, https:\/\/veritasinfo.org\/wp-content\/uploads\/2025\/07\/1000068163-2048x921.jpg 2048w\" data-sizes=\"(max-width: 300px) 100vw, 300px\" src=\"data:image\/gif;base64,R0lGODlhAQABAAAAACH5BAEKAAEALAAAAAABAAEAAAICTAEAOw==\" style=\"--smush-placeholder-width: 300px; --smush-placeholder-aspect-ratio: 300\/135;\" \/><\/p>\n<p>Ekspozita, e mbajtur m\u00eb 29 korrik 2025, solli nj\u00eb interpretim autentik artistik t\u00eb Mitrovic\u00ebs p\u00ebrmes kujtimeve personale, identitetit dhe emocioneve t\u00eb autorit. N\u00ebp\u00ebrmjet kompozimeve plot ngjyra, autori arriti t\u00eb paraqes\u00eb peizazhin shpirt\u00ebror t\u00eb qytetit dhe lidhjen e tij t\u00eb thell\u00eb me t\u00eb.<\/p>\n<p><img decoding=\"async\" class=\"alignnone size-medium wp-image-5889 lazyload\" data-src=\"https:\/\/veritasinfo.org\/wp-content\/uploads\/2025\/07\/1000068164-300x135.jpg\" alt=\"\" width=\"300\" height=\"135\" data-srcset=\"https:\/\/veritasinfo.org\/wp-content\/uploads\/2025\/07\/1000068164-300x135.jpg 300w, https:\/\/veritasinfo.org\/wp-content\/uploads\/2025\/07\/1000068164-1024x461.jpg 1024w, https:\/\/veritasinfo.org\/wp-content\/uploads\/2025\/07\/1000068164-768x345.jpg 768w, https:\/\/veritasinfo.org\/wp-content\/uploads\/2025\/07\/1000068164-1536x691.jpg 1536w, https:\/\/veritasinfo.org\/wp-content\/uploads\/2025\/07\/1000068164-2048x921.jpg 2048w\" data-sizes=\"(max-width: 300px) 100vw, 300px\" src=\"data:image\/gif;base64,R0lGODlhAQABAAAAACH5BAEKAAEALAAAAAABAAEAAAICTAEAOw==\" style=\"--smush-placeholder-width: 300px; --smush-placeholder-aspect-ratio: 300\/135;\" \/><\/p>\n<p>Qendra Kulturore, q\u00eb mban emrin e piktorit t\u00eb njohur dhe veprimtarit t\u00eb kultur\u00ebs Kadri Kadriu, \u00ebsht\u00eb simbol i trash\u00ebgimis\u00eb artistike dhe p\u00ebrpjekjeve p\u00ebr ruajtjen e identitetit kulturor t\u00eb Kosov\u00ebs s\u00eb Veriut. Ky hap\u00ebsir\u00eb nuk \u00ebsht\u00eb vet\u00ebm nj\u00eb galeri arti, por edhe nj\u00eb ur\u00eb mir\u00ebkuptimi nd\u00ebrmjet komuniteteve q\u00eb jetojn\u00eb n\u00eb k\u00ebt\u00eb qytet multietnik.<\/p>\n<p><img decoding=\"async\" class=\"alignnone size-medium wp-image-5887 lazyload\" data-src=\"https:\/\/veritasinfo.org\/wp-content\/uploads\/2025\/07\/1000068166-300x135.jpg\" alt=\"\" width=\"300\" height=\"135\" data-srcset=\"https:\/\/veritasinfo.org\/wp-content\/uploads\/2025\/07\/1000068166-300x135.jpg 300w, https:\/\/veritasinfo.org\/wp-content\/uploads\/2025\/07\/1000068166-1024x461.jpg 1024w, https:\/\/veritasinfo.org\/wp-content\/uploads\/2025\/07\/1000068166-768x345.jpg 768w, https:\/\/veritasinfo.org\/wp-content\/uploads\/2025\/07\/1000068166-1536x691.jpg 1536w, https:\/\/veritasinfo.org\/wp-content\/uploads\/2025\/07\/1000068166-2048x921.jpg 2048w\" data-sizes=\"(max-width: 300px) 100vw, 300px\" src=\"data:image\/gif;base64,R0lGODlhAQABAAAAACH5BAEKAAEALAAAAAABAAEAAAICTAEAOw==\" style=\"--smush-placeholder-width: 300px; --smush-placeholder-aspect-ratio: 300\/135;\" \/><\/p>\n<p>E ardhmja e saj varet nga gatishm\u00ebria e institucioneve lokale p\u00ebr t\u00eb mb\u00ebshtetur iniciativat artistike gjith\u00ebp\u00ebrfshir\u00ebse, duke ofruar nj\u00eb platform\u00eb p\u00ebr dialog, krijimtari dhe bashk\u00ebpunim t\u00eb nd\u00ebrsjell\u00eb.<\/p>\n<p><img decoding=\"async\" class=\"alignnone size-medium wp-image-5890 lazyload\" data-src=\"https:\/\/veritasinfo.org\/wp-content\/uploads\/2025\/07\/1000068168-300x135.jpg\" alt=\"\" width=\"300\" height=\"135\" data-srcset=\"https:\/\/veritasinfo.org\/wp-content\/uploads\/2025\/07\/1000068168-300x135.jpg 300w, https:\/\/veritasinfo.org\/wp-content\/uploads\/2025\/07\/1000068168-1024x461.jpg 1024w, https:\/\/veritasinfo.org\/wp-content\/uploads\/2025\/07\/1000068168-768x345.jpg 768w, https:\/\/veritasinfo.org\/wp-content\/uploads\/2025\/07\/1000068168-1536x691.jpg 1536w, https:\/\/veritasinfo.org\/wp-content\/uploads\/2025\/07\/1000068168-2048x921.jpg 2048w\" data-sizes=\"(max-width: 300px) 100vw, 300px\" src=\"data:image\/gif;base64,R0lGODlhAQABAAAAACH5BAEKAAEALAAAAAABAAEAAAICTAEAOw==\" style=\"--smush-placeholder-width: 300px; --smush-placeholder-aspect-ratio: 300\/135;\" \/><\/p>\n<p>&nbsp;<\/p>\n","protected":false},"excerpt":{"rendered":"<p>Mitrovic\u00eb e Veriut, 30 korrik 2025 Qendra Kulturore \u201cKadri Kadriu\u201d, e vendosur n\u00eb skaj t\u00eb Mitrovic\u00ebs s\u00eb Veriut, edhe nj\u00eb her\u00eb d\u00ebshmoi rolin e saj<\/p>\n","protected":false},"author":1,"featured_media":5938,"comment_status":"open","ping_status":"open","sticky":false,"template":"","format":"standard","meta":{"footnotes":""},"categories":[54],"tags":[],"class_list":["post-5893","post","type-post","status-publish","format-standard","has-post-thumbnail","hentry","category-kulture-sq"],"yoast_head":"<!-- This site is optimized with the Yoast SEO plugin v25.3.1 - https:\/\/yoast.com\/wordpress\/plugins\/seo\/ -->\n<title>Hapet ekspozita \u201cMitrovica \u2013 ngjyrat e shpirtit tim\u201d n\u00eb Qendr\u00ebn Kulturore \u201cKadri Kadriu\u201d -<\/title>\n<meta name=\"robots\" content=\"index, follow, max-snippet:-1, max-image-preview:large, max-video-preview:-1\" \/>\n<link rel=\"canonical\" href=\"https:\/\/veritasinfo.org\/?p=5893\" \/>\n<meta property=\"og:locale\" content=\"en_US\" \/>\n<meta property=\"og:type\" content=\"article\" \/>\n<meta property=\"og:title\" content=\"Hapet ekspozita \u201cMitrovica \u2013 ngjyrat e shpirtit tim\u201d n\u00eb Qendr\u00ebn Kulturore \u201cKadri Kadriu\u201d -\" \/>\n<meta property=\"og:description\" content=\"Mitrovic\u00eb e Veriut, 30 korrik 2025 Qendra Kulturore \u201cKadri Kadriu\u201d, e vendosur n\u00eb skaj t\u00eb Mitrovic\u00ebs s\u00eb Veriut, edhe nj\u00eb her\u00eb d\u00ebshmoi rolin e saj\" \/>\n<meta property=\"og:url\" content=\"https:\/\/veritasinfo.org\/?p=5893\" \/>\n<meta property=\"article:published_time\" content=\"2025-07-30T14:16:01+00:00\" \/>\n<meta property=\"og:image\" content=\"https:\/\/veritasinfo.org\/wp-content\/uploads\/2025\/07\/IMG-20250730-WA0004.jpg\" \/>\n\t<meta property=\"og:image:width\" content=\"940\" \/>\n\t<meta property=\"og:image:height\" content=\"788\" \/>\n\t<meta property=\"og:image:type\" content=\"image\/jpeg\" \/>\n<meta name=\"author\" content=\"admin\" \/>\n<meta name=\"twitter:card\" content=\"summary_large_image\" \/>\n<meta name=\"twitter:label1\" content=\"Written by\" \/>\n\t<meta name=\"twitter:data1\" content=\"admin\" \/>\n\t<meta name=\"twitter:label2\" content=\"Est. reading time\" \/>\n\t<meta name=\"twitter:data2\" content=\"2 minutes\" \/>\n<script type=\"application\/ld+json\" class=\"yoast-schema-graph\">{\"@context\":\"https:\/\/schema.org\",\"@graph\":[{\"@type\":\"WebPage\",\"@id\":\"https:\/\/veritasinfo.org\/?p=5893\",\"url\":\"https:\/\/veritasinfo.org\/?p=5893\",\"name\":\"Hapet ekspozita \u201cMitrovica \u2013 ngjyrat e shpirtit tim\u201d n\u00eb Qendr\u00ebn Kulturore \u201cKadri Kadriu\u201d -\",\"isPartOf\":{\"@id\":\"https:\/\/veritasinfo.org\/#website\"},\"primaryImageOfPage\":{\"@id\":\"https:\/\/veritasinfo.org\/?p=5893#primaryimage\"},\"image\":{\"@id\":\"https:\/\/veritasinfo.org\/?p=5893#primaryimage\"},\"thumbnailUrl\":\"https:\/\/veritasinfo.org\/wp-content\/uploads\/2025\/07\/IMG-20250730-WA0004.jpg\",\"datePublished\":\"2025-07-30T14:16:01+00:00\",\"author\":{\"@id\":\"https:\/\/veritasinfo.org\/#\/schema\/person\/7701f8c088bece422266b100a712374f\"},\"breadcrumb\":{\"@id\":\"https:\/\/veritasinfo.org\/?p=5893#breadcrumb\"},\"inLanguage\":\"en-US\",\"potentialAction\":[{\"@type\":\"ReadAction\",\"target\":[\"https:\/\/veritasinfo.org\/?p=5893\"]}]},{\"@type\":\"ImageObject\",\"inLanguage\":\"en-US\",\"@id\":\"https:\/\/veritasinfo.org\/?p=5893#primaryimage\",\"url\":\"https:\/\/veritasinfo.org\/wp-content\/uploads\/2025\/07\/IMG-20250730-WA0004.jpg\",\"contentUrl\":\"https:\/\/veritasinfo.org\/wp-content\/uploads\/2025\/07\/IMG-20250730-WA0004.jpg\",\"width\":940,\"height\":788},{\"@type\":\"BreadcrumbList\",\"@id\":\"https:\/\/veritasinfo.org\/?p=5893#breadcrumb\",\"itemListElement\":[{\"@type\":\"ListItem\",\"position\":1,\"name\":\"Home\",\"item\":\"https:\/\/veritasinfo.org\/\"},{\"@type\":\"ListItem\",\"position\":2,\"name\":\"Hapet ekspozita \u201cMitrovica \u2013 ngjyrat e shpirtit tim\u201d n\u00eb Qendr\u00ebn Kulturore \u201cKadri Kadriu\u201d\"}]},{\"@type\":\"WebSite\",\"@id\":\"https:\/\/veritasinfo.org\/#website\",\"url\":\"https:\/\/veritasinfo.org\/\",\"name\":\"\",\"description\":\"\",\"potentialAction\":[{\"@type\":\"SearchAction\",\"target\":{\"@type\":\"EntryPoint\",\"urlTemplate\":\"https:\/\/veritasinfo.org\/?s={search_term_string}\"},\"query-input\":{\"@type\":\"PropertyValueSpecification\",\"valueRequired\":true,\"valueName\":\"search_term_string\"}}],\"inLanguage\":\"en-US\"},{\"@type\":\"Person\",\"@id\":\"https:\/\/veritasinfo.org\/#\/schema\/person\/7701f8c088bece422266b100a712374f\",\"name\":\"admin\",\"image\":{\"@type\":\"ImageObject\",\"inLanguage\":\"en-US\",\"@id\":\"https:\/\/veritasinfo.org\/#\/schema\/person\/image\/\",\"url\":\"https:\/\/secure.gravatar.com\/avatar\/ea53aa3bf6c9a12d5fde8ce4deff43fef3885ae33cf60184161a50d6987cfd2f?s=96&d=mm&r=g\",\"contentUrl\":\"https:\/\/secure.gravatar.com\/avatar\/ea53aa3bf6c9a12d5fde8ce4deff43fef3885ae33cf60184161a50d6987cfd2f?s=96&d=mm&r=g\",\"caption\":\"admin\"},\"sameAs\":[\"https:\/\/veritasinfo.org\"],\"url\":\"https:\/\/veritasinfo.org\/?author=1\"}]}<\/script>\n<!-- \/ Yoast SEO plugin. -->","yoast_head_json":{"title":"Hapet ekspozita \u201cMitrovica \u2013 ngjyrat e shpirtit tim\u201d n\u00eb Qendr\u00ebn Kulturore \u201cKadri Kadriu\u201d -","robots":{"index":"index","follow":"follow","max-snippet":"max-snippet:-1","max-image-preview":"max-image-preview:large","max-video-preview":"max-video-preview:-1"},"canonical":"https:\/\/veritasinfo.org\/?p=5893","og_locale":"en_US","og_type":"article","og_title":"Hapet ekspozita \u201cMitrovica \u2013 ngjyrat e shpirtit tim\u201d n\u00eb Qendr\u00ebn Kulturore \u201cKadri Kadriu\u201d -","og_description":"Mitrovic\u00eb e Veriut, 30 korrik 2025 Qendra Kulturore \u201cKadri Kadriu\u201d, e vendosur n\u00eb skaj t\u00eb Mitrovic\u00ebs s\u00eb Veriut, edhe nj\u00eb her\u00eb d\u00ebshmoi rolin e saj","og_url":"https:\/\/veritasinfo.org\/?p=5893","article_published_time":"2025-07-30T14:16:01+00:00","og_image":[{"width":940,"height":788,"url":"https:\/\/veritasinfo.org\/wp-content\/uploads\/2025\/07\/IMG-20250730-WA0004.jpg","type":"image\/jpeg"}],"author":"admin","twitter_card":"summary_large_image","twitter_misc":{"Written by":"admin","Est. reading time":"2 minutes"},"schema":{"@context":"https:\/\/schema.org","@graph":[{"@type":"WebPage","@id":"https:\/\/veritasinfo.org\/?p=5893","url":"https:\/\/veritasinfo.org\/?p=5893","name":"Hapet ekspozita \u201cMitrovica \u2013 ngjyrat e shpirtit tim\u201d n\u00eb Qendr\u00ebn Kulturore \u201cKadri Kadriu\u201d -","isPartOf":{"@id":"https:\/\/veritasinfo.org\/#website"},"primaryImageOfPage":{"@id":"https:\/\/veritasinfo.org\/?p=5893#primaryimage"},"image":{"@id":"https:\/\/veritasinfo.org\/?p=5893#primaryimage"},"thumbnailUrl":"https:\/\/veritasinfo.org\/wp-content\/uploads\/2025\/07\/IMG-20250730-WA0004.jpg","datePublished":"2025-07-30T14:16:01+00:00","author":{"@id":"https:\/\/veritasinfo.org\/#\/schema\/person\/7701f8c088bece422266b100a712374f"},"breadcrumb":{"@id":"https:\/\/veritasinfo.org\/?p=5893#breadcrumb"},"inLanguage":"en-US","potentialAction":[{"@type":"ReadAction","target":["https:\/\/veritasinfo.org\/?p=5893"]}]},{"@type":"ImageObject","inLanguage":"en-US","@id":"https:\/\/veritasinfo.org\/?p=5893#primaryimage","url":"https:\/\/veritasinfo.org\/wp-content\/uploads\/2025\/07\/IMG-20250730-WA0004.jpg","contentUrl":"https:\/\/veritasinfo.org\/wp-content\/uploads\/2025\/07\/IMG-20250730-WA0004.jpg","width":940,"height":788},{"@type":"BreadcrumbList","@id":"https:\/\/veritasinfo.org\/?p=5893#breadcrumb","itemListElement":[{"@type":"ListItem","position":1,"name":"Home","item":"https:\/\/veritasinfo.org\/"},{"@type":"ListItem","position":2,"name":"Hapet ekspozita \u201cMitrovica \u2013 ngjyrat e shpirtit tim\u201d n\u00eb Qendr\u00ebn Kulturore \u201cKadri Kadriu\u201d"}]},{"@type":"WebSite","@id":"https:\/\/veritasinfo.org\/#website","url":"https:\/\/veritasinfo.org\/","name":"","description":"","potentialAction":[{"@type":"SearchAction","target":{"@type":"EntryPoint","urlTemplate":"https:\/\/veritasinfo.org\/?s={search_term_string}"},"query-input":{"@type":"PropertyValueSpecification","valueRequired":true,"valueName":"search_term_string"}}],"inLanguage":"en-US"},{"@type":"Person","@id":"https:\/\/veritasinfo.org\/#\/schema\/person\/7701f8c088bece422266b100a712374f","name":"admin","image":{"@type":"ImageObject","inLanguage":"en-US","@id":"https:\/\/veritasinfo.org\/#\/schema\/person\/image\/","url":"https:\/\/secure.gravatar.com\/avatar\/ea53aa3bf6c9a12d5fde8ce4deff43fef3885ae33cf60184161a50d6987cfd2f?s=96&d=mm&r=g","contentUrl":"https:\/\/secure.gravatar.com\/avatar\/ea53aa3bf6c9a12d5fde8ce4deff43fef3885ae33cf60184161a50d6987cfd2f?s=96&d=mm&r=g","caption":"admin"},"sameAs":["https:\/\/veritasinfo.org"],"url":"https:\/\/veritasinfo.org\/?author=1"}]}},"featured_image_urls":{"full":["https:\/\/veritasinfo.org\/wp-content\/uploads\/2025\/07\/IMG-20250730-WA0004.jpg",940,788,false],"thumbnail":["https:\/\/veritasinfo.org\/wp-content\/uploads\/2025\/07\/IMG-20250730-WA0004-150x150.jpg",150,150,true],"medium":["https:\/\/veritasinfo.org\/wp-content\/uploads\/2025\/07\/IMG-20250730-WA0004-300x251.jpg",300,251,true],"medium_large":["https:\/\/veritasinfo.org\/wp-content\/uploads\/2025\/07\/IMG-20250730-WA0004-768x644.jpg",640,537,true],"large":["https:\/\/veritasinfo.org\/wp-content\/uploads\/2025\/07\/IMG-20250730-WA0004.jpg",640,537,false],"1536x1536":["https:\/\/veritasinfo.org\/wp-content\/uploads\/2025\/07\/IMG-20250730-WA0004.jpg",940,788,false],"2048x2048":["https:\/\/veritasinfo.org\/wp-content\/uploads\/2025\/07\/IMG-20250730-WA0004.jpg",940,788,false],"kreeti-slider-full":["https:\/\/veritasinfo.org\/wp-content\/uploads\/2025\/07\/IMG-20250730-WA0004.jpg",859,720,false],"kreeti-featured":["https:\/\/veritasinfo.org\/wp-content\/uploads\/2025\/07\/IMG-20250730-WA0004.jpg",940,788,false],"kreeti-medium":["https:\/\/veritasinfo.org\/wp-content\/uploads\/2025\/07\/IMG-20250730-WA0004.jpg",632,530,false],"kreeti-medium-square":["https:\/\/veritasinfo.org\/wp-content\/uploads\/2025\/07\/IMG-20250730-WA0004.jpg",350,293,false]},"author_info":{"info":["admin"]},"category_info":"<a href=\"https:\/\/veritasinfo.org\/?cat=54\" rel=\"category\">Kultur\u00eb<\/a>","tag_info":"Kultur\u00eb","comment_count":"0","_links":{"self":[{"href":"https:\/\/veritasinfo.org\/index.php?rest_route=\/wp\/v2\/posts\/5893","targetHints":{"allow":["GET"]}}],"collection":[{"href":"https:\/\/veritasinfo.org\/index.php?rest_route=\/wp\/v2\/posts"}],"about":[{"href":"https:\/\/veritasinfo.org\/index.php?rest_route=\/wp\/v2\/types\/post"}],"author":[{"embeddable":true,"href":"https:\/\/veritasinfo.org\/index.php?rest_route=\/wp\/v2\/users\/1"}],"replies":[{"embeddable":true,"href":"https:\/\/veritasinfo.org\/index.php?rest_route=%2Fwp%2Fv2%2Fcomments&post=5893"}],"version-history":[{"count":1,"href":"https:\/\/veritasinfo.org\/index.php?rest_route=\/wp\/v2\/posts\/5893\/revisions"}],"predecessor-version":[{"id":5894,"href":"https:\/\/veritasinfo.org\/index.php?rest_route=\/wp\/v2\/posts\/5893\/revisions\/5894"}],"wp:featuredmedia":[{"embeddable":true,"href":"https:\/\/veritasinfo.org\/index.php?rest_route=\/wp\/v2\/media\/5938"}],"wp:attachment":[{"href":"https:\/\/veritasinfo.org\/index.php?rest_route=%2Fwp%2Fv2%2Fmedia&parent=5893"}],"wp:term":[{"taxonomy":"category","embeddable":true,"href":"https:\/\/veritasinfo.org\/index.php?rest_route=%2Fwp%2Fv2%2Fcategories&post=5893"},{"taxonomy":"post_tag","embeddable":true,"href":"https:\/\/veritasinfo.org\/index.php?rest_route=%2Fwp%2Fv2%2Ftags&post=5893"}],"curies":[{"name":"wp","href":"https:\/\/api.w.org\/{rel}","templated":true}]}}