{"id":5886,"date":"2025-07-30T16:14:51","date_gmt":"2025-07-30T14:14:51","guid":{"rendered":"https:\/\/veritasinfo.org\/?p=5886"},"modified":"2025-07-30T16:14:51","modified_gmt":"2025-07-30T14:14:51","slug":"otvorena-izlozba-mitrovica-boje-moje-duse-u-kulturnom-centru-kadri-kadriu","status":"publish","type":"post","link":"https:\/\/veritasinfo.org\/?p=5886&lang=sr","title":{"rendered":"Otvorena izlo\u017eba \u201cMitrovica \u2013 boje moje du\u0161e\u201d u Kulturnom centru \u201cKadri Kadriu\u201d"},"content":{"rendered":"<p>Severna Mitrovica, 30. jul 2025.<\/p>\n<p>Kulturni centar \u201cKadri Kadriu\u201d, sme\u0161ten na rubu Severne Mitrovice, jo\u0161 jednom je potvrdio svoju ulogu \u017eari\u0161ta umetnosti i dijaloga, otvaranjem izlo\u017ebe \u201cMitrovica \u2013 boje moje du\u0161e\u201d renomiranog umetnika \u0160ukrija \u010celikua.<\/p>\n<p><img decoding=\"async\" class=\"alignnone size-medium wp-image-5888 lazyload\" data-src=\"https:\/\/veritasinfo.org\/wp-content\/uploads\/2025\/07\/1000068163-300x135.jpg\" alt=\"\" width=\"300\" height=\"135\" data-srcset=\"https:\/\/veritasinfo.org\/wp-content\/uploads\/2025\/07\/1000068163-300x135.jpg 300w, https:\/\/veritasinfo.org\/wp-content\/uploads\/2025\/07\/1000068163-1024x461.jpg 1024w, https:\/\/veritasinfo.org\/wp-content\/uploads\/2025\/07\/1000068163-768x345.jpg 768w, https:\/\/veritasinfo.org\/wp-content\/uploads\/2025\/07\/1000068163-1536x691.jpg 1536w, https:\/\/veritasinfo.org\/wp-content\/uploads\/2025\/07\/1000068163-2048x921.jpg 2048w\" data-sizes=\"(max-width: 300px) 100vw, 300px\" src=\"data:image\/gif;base64,R0lGODlhAQABAAAAACH5BAEKAAEALAAAAAABAAEAAAICTAEAOw==\" style=\"--smush-placeholder-width: 300px; --smush-placeholder-aspect-ratio: 300\/135;\" \/><\/p>\n<p>&nbsp;<\/p>\n<p>Izlo\u017eba, odr\u017eana 29. jula 2025. godine, donosi autenti\u010dnu umetni\u010dku interpretaciju Mitrovice kroz prizmu li\u010dnih se\u0107anja, identiteta i emocija umetnika. Kroz koloritne kompozicije, autor je uspeo da prika\u017ee duhovni pejza\u017e grada i vezu koju nosi sa sobom.<\/p>\n<p><img decoding=\"async\" class=\"alignnone size-medium wp-image-5889 lazyload\" data-src=\"https:\/\/veritasinfo.org\/wp-content\/uploads\/2025\/07\/1000068164-300x135.jpg\" alt=\"\" width=\"300\" height=\"135\" data-srcset=\"https:\/\/veritasinfo.org\/wp-content\/uploads\/2025\/07\/1000068164-300x135.jpg 300w, https:\/\/veritasinfo.org\/wp-content\/uploads\/2025\/07\/1000068164-1024x461.jpg 1024w, https:\/\/veritasinfo.org\/wp-content\/uploads\/2025\/07\/1000068164-768x345.jpg 768w, https:\/\/veritasinfo.org\/wp-content\/uploads\/2025\/07\/1000068164-1536x691.jpg 1536w, https:\/\/veritasinfo.org\/wp-content\/uploads\/2025\/07\/1000068164-2048x921.jpg 2048w\" data-sizes=\"(max-width: 300px) 100vw, 300px\" src=\"data:image\/gif;base64,R0lGODlhAQABAAAAACH5BAEKAAEALAAAAAABAAEAAAICTAEAOw==\" style=\"--smush-placeholder-width: 300px; --smush-placeholder-aspect-ratio: 300\/135;\" \/><\/p>\n<p>Kulturni centar, koji nosi ime po istaknutom slikaru i kulturnom posleniku Kadriju Kadriuu, simbol je umetni\u010dkog nasle\u0111a i zalaganja za o\u010duvanje kulturnog identiteta Severnog Kosova. Ovaj prostor ne slu\u017ei samo kao galerija, ve\u0107 i kao most razumevanja me\u0111u zajednicama koje \u017eive u ovom multietni\u010dkom gradu.<\/p>\n<p><img decoding=\"async\" class=\"alignnone size-medium wp-image-5887 lazyload\" data-src=\"https:\/\/veritasinfo.org\/wp-content\/uploads\/2025\/07\/1000068166-300x135.jpg\" alt=\"\" width=\"300\" height=\"135\" data-srcset=\"https:\/\/veritasinfo.org\/wp-content\/uploads\/2025\/07\/1000068166-300x135.jpg 300w, https:\/\/veritasinfo.org\/wp-content\/uploads\/2025\/07\/1000068166-1024x461.jpg 1024w, https:\/\/veritasinfo.org\/wp-content\/uploads\/2025\/07\/1000068166-768x345.jpg 768w, https:\/\/veritasinfo.org\/wp-content\/uploads\/2025\/07\/1000068166-1536x691.jpg 1536w, https:\/\/veritasinfo.org\/wp-content\/uploads\/2025\/07\/1000068166-2048x921.jpg 2048w\" data-sizes=\"(max-width: 300px) 100vw, 300px\" src=\"data:image\/gif;base64,R0lGODlhAQABAAAAACH5BAEKAAEALAAAAAABAAEAAAICTAEAOw==\" style=\"--smush-placeholder-width: 300px; --smush-placeholder-aspect-ratio: 300\/135;\" \/><\/p>\n<p>Njegova budu\u0107nost zavisi od spremnosti lokalnih institucija da podr\u017ee umetni\u010dke inicijative koje uklju\u010duju sve etni\u010dke i dru\u0161tvene grupe, pru\u017eaju\u0107i platformu za dijalog, kreativnost i zajedni\u010dko stvaranje.<\/p>\n<p>&nbsp;<\/p>\n<p><img decoding=\"async\" class=\"alignnone size-medium wp-image-5890 lazyload\" data-src=\"https:\/\/veritasinfo.org\/wp-content\/uploads\/2025\/07\/1000068168-300x135.jpg\" alt=\"\" width=\"300\" height=\"135\" data-srcset=\"https:\/\/veritasinfo.org\/wp-content\/uploads\/2025\/07\/1000068168-300x135.jpg 300w, https:\/\/veritasinfo.org\/wp-content\/uploads\/2025\/07\/1000068168-1024x461.jpg 1024w, https:\/\/veritasinfo.org\/wp-content\/uploads\/2025\/07\/1000068168-768x345.jpg 768w, https:\/\/veritasinfo.org\/wp-content\/uploads\/2025\/07\/1000068168-1536x691.jpg 1536w, https:\/\/veritasinfo.org\/wp-content\/uploads\/2025\/07\/1000068168-2048x921.jpg 2048w\" data-sizes=\"(max-width: 300px) 100vw, 300px\" src=\"data:image\/gif;base64,R0lGODlhAQABAAAAACH5BAEKAAEALAAAAAABAAEAAAICTAEAOw==\" style=\"--smush-placeholder-width: 300px; --smush-placeholder-aspect-ratio: 300\/135;\" \/><\/p>\n<p>&nbsp;<\/p>\n<p>&nbsp;<\/p>\n","protected":false},"excerpt":{"rendered":"<p>Severna Mitrovica, 30. jul 2025. Kulturni centar \u201cKadri Kadriu\u201d, sme\u0161ten na rubu Severne Mitrovice, jo\u0161 jednom je potvrdio svoju ulogu \u017eari\u0161ta umetnosti i dijaloga, otvaranjem<\/p>\n","protected":false},"author":1,"featured_media":5938,"comment_status":"open","ping_status":"open","sticky":false,"template":"","format":"standard","meta":{"footnotes":""},"categories":[34],"tags":[],"class_list":["post-5886","post","type-post","status-publish","format-standard","has-post-thumbnail","hentry","category-kultura"],"yoast_head":"<!-- This site is optimized with the Yoast SEO plugin v25.3.1 - https:\/\/yoast.com\/wordpress\/plugins\/seo\/ -->\n<title>Otvorena izlo\u017eba \u201cMitrovica \u2013 boje moje du\u0161e\u201d u Kulturnom centru \u201cKadri Kadriu\u201d -<\/title>\n<meta name=\"robots\" content=\"index, follow, max-snippet:-1, max-image-preview:large, max-video-preview:-1\" \/>\n<link rel=\"canonical\" href=\"https:\/\/veritasinfo.org\/?p=5886&lang=sr\" \/>\n<meta property=\"og:locale\" content=\"en_US\" \/>\n<meta property=\"og:type\" content=\"article\" \/>\n<meta property=\"og:title\" content=\"Otvorena izlo\u017eba \u201cMitrovica \u2013 boje moje du\u0161e\u201d u Kulturnom centru \u201cKadri Kadriu\u201d -\" \/>\n<meta property=\"og:description\" content=\"Severna Mitrovica, 30. jul 2025. Kulturni centar \u201cKadri Kadriu\u201d, sme\u0161ten na rubu Severne Mitrovice, jo\u0161 jednom je potvrdio svoju ulogu \u017eari\u0161ta umetnosti i dijaloga, otvaranjem\" \/>\n<meta property=\"og:url\" content=\"https:\/\/veritasinfo.org\/?p=5886&amp;lang=sr\" \/>\n<meta property=\"article:published_time\" content=\"2025-07-30T14:14:51+00:00\" \/>\n<meta property=\"og:image\" content=\"https:\/\/veritasinfo.org\/wp-content\/uploads\/2025\/07\/IMG-20250730-WA0004.jpg\" \/>\n\t<meta property=\"og:image:width\" content=\"940\" \/>\n\t<meta property=\"og:image:height\" content=\"788\" \/>\n\t<meta property=\"og:image:type\" content=\"image\/jpeg\" \/>\n<meta name=\"author\" content=\"admin\" \/>\n<meta name=\"twitter:card\" content=\"summary_large_image\" \/>\n<meta name=\"twitter:label1\" content=\"Written by\" \/>\n\t<meta name=\"twitter:data1\" content=\"admin\" \/>\n\t<meta name=\"twitter:label2\" content=\"Est. reading time\" \/>\n\t<meta name=\"twitter:data2\" content=\"2 minutes\" \/>\n<script type=\"application\/ld+json\" class=\"yoast-schema-graph\">{\"@context\":\"https:\/\/schema.org\",\"@graph\":[{\"@type\":\"WebPage\",\"@id\":\"https:\/\/veritasinfo.org\/?p=5886&lang=sr\",\"url\":\"https:\/\/veritasinfo.org\/?p=5886&lang=sr\",\"name\":\"Otvorena izlo\u017eba \u201cMitrovica \u2013 boje moje du\u0161e\u201d u Kulturnom centru \u201cKadri Kadriu\u201d -\",\"isPartOf\":{\"@id\":\"https:\/\/veritasinfo.org\/#website\"},\"primaryImageOfPage\":{\"@id\":\"https:\/\/veritasinfo.org\/?p=5886&lang=sr#primaryimage\"},\"image\":{\"@id\":\"https:\/\/veritasinfo.org\/?p=5886&lang=sr#primaryimage\"},\"thumbnailUrl\":\"https:\/\/veritasinfo.org\/wp-content\/uploads\/2025\/07\/IMG-20250730-WA0004.jpg\",\"datePublished\":\"2025-07-30T14:14:51+00:00\",\"author\":{\"@id\":\"https:\/\/veritasinfo.org\/#\/schema\/person\/7701f8c088bece422266b100a712374f\"},\"breadcrumb\":{\"@id\":\"https:\/\/veritasinfo.org\/?p=5886&lang=sr#breadcrumb\"},\"inLanguage\":\"en-US\",\"potentialAction\":[{\"@type\":\"ReadAction\",\"target\":[\"https:\/\/veritasinfo.org\/?p=5886&lang=sr\"]}]},{\"@type\":\"ImageObject\",\"inLanguage\":\"en-US\",\"@id\":\"https:\/\/veritasinfo.org\/?p=5886&lang=sr#primaryimage\",\"url\":\"https:\/\/veritasinfo.org\/wp-content\/uploads\/2025\/07\/IMG-20250730-WA0004.jpg\",\"contentUrl\":\"https:\/\/veritasinfo.org\/wp-content\/uploads\/2025\/07\/IMG-20250730-WA0004.jpg\",\"width\":940,\"height\":788},{\"@type\":\"BreadcrumbList\",\"@id\":\"https:\/\/veritasinfo.org\/?p=5886&lang=sr#breadcrumb\",\"itemListElement\":[{\"@type\":\"ListItem\",\"position\":1,\"name\":\"Home\",\"item\":\"https:\/\/veritasinfo.org\/\"},{\"@type\":\"ListItem\",\"position\":2,\"name\":\"Otvorena izlo\u017eba \u201cMitrovica \u2013 boje moje du\u0161e\u201d u Kulturnom centru \u201cKadri Kadriu\u201d\"}]},{\"@type\":\"WebSite\",\"@id\":\"https:\/\/veritasinfo.org\/#website\",\"url\":\"https:\/\/veritasinfo.org\/\",\"name\":\"\",\"description\":\"\",\"potentialAction\":[{\"@type\":\"SearchAction\",\"target\":{\"@type\":\"EntryPoint\",\"urlTemplate\":\"https:\/\/veritasinfo.org\/?s={search_term_string}\"},\"query-input\":{\"@type\":\"PropertyValueSpecification\",\"valueRequired\":true,\"valueName\":\"search_term_string\"}}],\"inLanguage\":\"en-US\"},{\"@type\":\"Person\",\"@id\":\"https:\/\/veritasinfo.org\/#\/schema\/person\/7701f8c088bece422266b100a712374f\",\"name\":\"admin\",\"image\":{\"@type\":\"ImageObject\",\"inLanguage\":\"en-US\",\"@id\":\"https:\/\/veritasinfo.org\/#\/schema\/person\/image\/\",\"url\":\"https:\/\/secure.gravatar.com\/avatar\/ea53aa3bf6c9a12d5fde8ce4deff43fef3885ae33cf60184161a50d6987cfd2f?s=96&d=mm&r=g\",\"contentUrl\":\"https:\/\/secure.gravatar.com\/avatar\/ea53aa3bf6c9a12d5fde8ce4deff43fef3885ae33cf60184161a50d6987cfd2f?s=96&d=mm&r=g\",\"caption\":\"admin\"},\"sameAs\":[\"https:\/\/veritasinfo.org\"],\"url\":\"https:\/\/veritasinfo.org\/?author=1\"}]}<\/script>\n<!-- \/ Yoast SEO plugin. -->","yoast_head_json":{"title":"Otvorena izlo\u017eba \u201cMitrovica \u2013 boje moje du\u0161e\u201d u Kulturnom centru \u201cKadri Kadriu\u201d -","robots":{"index":"index","follow":"follow","max-snippet":"max-snippet:-1","max-image-preview":"max-image-preview:large","max-video-preview":"max-video-preview:-1"},"canonical":"https:\/\/veritasinfo.org\/?p=5886&lang=sr","og_locale":"en_US","og_type":"article","og_title":"Otvorena izlo\u017eba \u201cMitrovica \u2013 boje moje du\u0161e\u201d u Kulturnom centru \u201cKadri Kadriu\u201d -","og_description":"Severna Mitrovica, 30. jul 2025. Kulturni centar \u201cKadri Kadriu\u201d, sme\u0161ten na rubu Severne Mitrovice, jo\u0161 jednom je potvrdio svoju ulogu \u017eari\u0161ta umetnosti i dijaloga, otvaranjem","og_url":"https:\/\/veritasinfo.org\/?p=5886&lang=sr","article_published_time":"2025-07-30T14:14:51+00:00","og_image":[{"width":940,"height":788,"url":"https:\/\/veritasinfo.org\/wp-content\/uploads\/2025\/07\/IMG-20250730-WA0004.jpg","type":"image\/jpeg"}],"author":"admin","twitter_card":"summary_large_image","twitter_misc":{"Written by":"admin","Est. reading time":"2 minutes"},"schema":{"@context":"https:\/\/schema.org","@graph":[{"@type":"WebPage","@id":"https:\/\/veritasinfo.org\/?p=5886&lang=sr","url":"https:\/\/veritasinfo.org\/?p=5886&lang=sr","name":"Otvorena izlo\u017eba \u201cMitrovica \u2013 boje moje du\u0161e\u201d u Kulturnom centru \u201cKadri Kadriu\u201d -","isPartOf":{"@id":"https:\/\/veritasinfo.org\/#website"},"primaryImageOfPage":{"@id":"https:\/\/veritasinfo.org\/?p=5886&lang=sr#primaryimage"},"image":{"@id":"https:\/\/veritasinfo.org\/?p=5886&lang=sr#primaryimage"},"thumbnailUrl":"https:\/\/veritasinfo.org\/wp-content\/uploads\/2025\/07\/IMG-20250730-WA0004.jpg","datePublished":"2025-07-30T14:14:51+00:00","author":{"@id":"https:\/\/veritasinfo.org\/#\/schema\/person\/7701f8c088bece422266b100a712374f"},"breadcrumb":{"@id":"https:\/\/veritasinfo.org\/?p=5886&lang=sr#breadcrumb"},"inLanguage":"en-US","potentialAction":[{"@type":"ReadAction","target":["https:\/\/veritasinfo.org\/?p=5886&lang=sr"]}]},{"@type":"ImageObject","inLanguage":"en-US","@id":"https:\/\/veritasinfo.org\/?p=5886&lang=sr#primaryimage","url":"https:\/\/veritasinfo.org\/wp-content\/uploads\/2025\/07\/IMG-20250730-WA0004.jpg","contentUrl":"https:\/\/veritasinfo.org\/wp-content\/uploads\/2025\/07\/IMG-20250730-WA0004.jpg","width":940,"height":788},{"@type":"BreadcrumbList","@id":"https:\/\/veritasinfo.org\/?p=5886&lang=sr#breadcrumb","itemListElement":[{"@type":"ListItem","position":1,"name":"Home","item":"https:\/\/veritasinfo.org\/"},{"@type":"ListItem","position":2,"name":"Otvorena izlo\u017eba \u201cMitrovica \u2013 boje moje du\u0161e\u201d u Kulturnom centru \u201cKadri Kadriu\u201d"}]},{"@type":"WebSite","@id":"https:\/\/veritasinfo.org\/#website","url":"https:\/\/veritasinfo.org\/","name":"","description":"","potentialAction":[{"@type":"SearchAction","target":{"@type":"EntryPoint","urlTemplate":"https:\/\/veritasinfo.org\/?s={search_term_string}"},"query-input":{"@type":"PropertyValueSpecification","valueRequired":true,"valueName":"search_term_string"}}],"inLanguage":"en-US"},{"@type":"Person","@id":"https:\/\/veritasinfo.org\/#\/schema\/person\/7701f8c088bece422266b100a712374f","name":"admin","image":{"@type":"ImageObject","inLanguage":"en-US","@id":"https:\/\/veritasinfo.org\/#\/schema\/person\/image\/","url":"https:\/\/secure.gravatar.com\/avatar\/ea53aa3bf6c9a12d5fde8ce4deff43fef3885ae33cf60184161a50d6987cfd2f?s=96&d=mm&r=g","contentUrl":"https:\/\/secure.gravatar.com\/avatar\/ea53aa3bf6c9a12d5fde8ce4deff43fef3885ae33cf60184161a50d6987cfd2f?s=96&d=mm&r=g","caption":"admin"},"sameAs":["https:\/\/veritasinfo.org"],"url":"https:\/\/veritasinfo.org\/?author=1"}]}},"featured_image_urls":{"full":["https:\/\/veritasinfo.org\/wp-content\/uploads\/2025\/07\/IMG-20250730-WA0004.jpg",940,788,false],"thumbnail":["https:\/\/veritasinfo.org\/wp-content\/uploads\/2025\/07\/IMG-20250730-WA0004-150x150.jpg",150,150,true],"medium":["https:\/\/veritasinfo.org\/wp-content\/uploads\/2025\/07\/IMG-20250730-WA0004-300x251.jpg",300,251,true],"medium_large":["https:\/\/veritasinfo.org\/wp-content\/uploads\/2025\/07\/IMG-20250730-WA0004-768x644.jpg",640,537,true],"large":["https:\/\/veritasinfo.org\/wp-content\/uploads\/2025\/07\/IMG-20250730-WA0004.jpg",640,537,false],"1536x1536":["https:\/\/veritasinfo.org\/wp-content\/uploads\/2025\/07\/IMG-20250730-WA0004.jpg",940,788,false],"2048x2048":["https:\/\/veritasinfo.org\/wp-content\/uploads\/2025\/07\/IMG-20250730-WA0004.jpg",940,788,false],"kreeti-slider-full":["https:\/\/veritasinfo.org\/wp-content\/uploads\/2025\/07\/IMG-20250730-WA0004.jpg",859,720,false],"kreeti-featured":["https:\/\/veritasinfo.org\/wp-content\/uploads\/2025\/07\/IMG-20250730-WA0004.jpg",940,788,false],"kreeti-medium":["https:\/\/veritasinfo.org\/wp-content\/uploads\/2025\/07\/IMG-20250730-WA0004.jpg",632,530,false],"kreeti-medium-square":["https:\/\/veritasinfo.org\/wp-content\/uploads\/2025\/07\/IMG-20250730-WA0004.jpg",350,293,false]},"author_info":{"info":["admin"]},"category_info":"<a href=\"https:\/\/veritasinfo.org\/?cat=34&#038;lang=sr\" rel=\"category\">Kultura<\/a>","tag_info":"Kultura","comment_count":"0","_links":{"self":[{"href":"https:\/\/veritasinfo.org\/index.php?rest_route=\/wp\/v2\/posts\/5886","targetHints":{"allow":["GET"]}}],"collection":[{"href":"https:\/\/veritasinfo.org\/index.php?rest_route=\/wp\/v2\/posts"}],"about":[{"href":"https:\/\/veritasinfo.org\/index.php?rest_route=\/wp\/v2\/types\/post"}],"author":[{"embeddable":true,"href":"https:\/\/veritasinfo.org\/index.php?rest_route=\/wp\/v2\/users\/1"}],"replies":[{"embeddable":true,"href":"https:\/\/veritasinfo.org\/index.php?rest_route=%2Fwp%2Fv2%2Fcomments&post=5886"}],"version-history":[{"count":1,"href":"https:\/\/veritasinfo.org\/index.php?rest_route=\/wp\/v2\/posts\/5886\/revisions"}],"predecessor-version":[{"id":5891,"href":"https:\/\/veritasinfo.org\/index.php?rest_route=\/wp\/v2\/posts\/5886\/revisions\/5891"}],"wp:featuredmedia":[{"embeddable":true,"href":"https:\/\/veritasinfo.org\/index.php?rest_route=\/wp\/v2\/media\/5938"}],"wp:attachment":[{"href":"https:\/\/veritasinfo.org\/index.php?rest_route=%2Fwp%2Fv2%2Fmedia&parent=5886"}],"wp:term":[{"taxonomy":"category","embeddable":true,"href":"https:\/\/veritasinfo.org\/index.php?rest_route=%2Fwp%2Fv2%2Fcategories&post=5886"},{"taxonomy":"post_tag","embeddable":true,"href":"https:\/\/veritasinfo.org\/index.php?rest_route=%2Fwp%2Fv2%2Ftags&post=5886"}],"curies":[{"name":"wp","href":"https:\/\/api.w.org\/{rel}","templated":true}]}}