{"id":5880,"date":"2025-07-30T09:17:38","date_gmt":"2025-07-30T07:17:38","guid":{"rendered":"https:\/\/veritasinfo.org\/?p=5880"},"modified":"2025-07-30T09:25:22","modified_gmt":"2025-07-30T07:25:22","slug":"per-shkak-te-frikes-nga-kremlini-dhe-republikes-popullore-te-kines-vucic-mbledh-prifterinjte-besnike-rreth-tij","status":"publish","type":"post","link":"https:\/\/veritasinfo.org\/?p=5880","title":{"rendered":"P\u00ebr shkak t\u00eb frik\u00ebs nga Kremlini dhe Republik\u00ebs Popullore t\u00eb Kin\u00ebs, Vu\u00e7i\u00e7 mbledh prift\u00ebrinjt\u00eb &#8220;besnik\u00eb&#8221; rreth tij"},"content":{"rendered":"<p>Beograd, 30 korrik 2025<\/p>\n<p>Kremlini po shtr\u00ebngon lakun politik rreth autokratit serb Aleksandar Vu\u00e7i\u00e7, i cili koh\u00eb m\u00eb par\u00eb kaloi &#8220;vij\u00ebn e kuqe&#8221; p\u00ebr shkak t\u00eb nj\u00eb s\u00ebr\u00eb &#8220;tradhtish&#8221; q\u00eb mediat ruse raportuan intensivisht dhe shum\u00eb ashp\u00ebr n\u00eb muajt e fundit.<br \/>\nSh\u00ebrbimi i Inteligjenc\u00ebs s\u00eb Jashtme i Federat\u00ebs Ruse (SVR) e b\u00ebri t\u00eb qart\u00eb n\u00eb dy njoftime se Vu\u00e7i\u00e7 &#8220;e goditi Rusin\u00eb pas shpine&#8221; duke furnizuar me municione n\u00eb Ukrain\u00eb p\u00ebrmes nd\u00ebrmjet\u00ebsve.<\/p>\n<p>Nga Moska, Vu\u00e7i\u00e7 dhe regjimi i tij, p\u00ebrve\u00e7 SVR, u sulmuan ashp\u00ebr nga media, gj\u00eb q\u00eb mund t\u00eb karakterizohet si &#8220;rrahje mediatike&#8221; nga Kremlini. Ideologu jozyrtar i Putinit, filozofi Aleksandar Dugin, foli gjithashtu dhe ta se &#8220;Vu\u00e7i\u00e7it i ka ardhur fundi dhe nuk ka m\u00eb legjitimitet&#8221;.<br \/>\nKonfirmimi se Rusia d\u00ebshiron ta rr\u00ebzoj\u00eb Vu\u00e7i\u00e7in vjen edhe nga Per\u00ebndimi, nga John Craig, ish-ambasador i SHBA-s\u00eb n\u00eb Oman dhe asistent special i Presidentit George W. Bush p\u00ebr luft\u00ebn kund\u00ebr terrorizmit, i cili deklaroi n\u00eb artikullin e tij si autor p\u00ebr Euronews se &#8220;tani Rusia po p\u00ebrpiqet t\u00eb destabilizoj\u00eb situat\u00ebn n\u00eb Serbi&#8221;.<\/p>\n<p><em>Koreografia nacionaliste gjithnj\u00eb e m\u00eb e pranishme n\u00eb protestat n\u00eb Serbi<\/em><\/p>\n<p>Se &#8220;dora ruse&#8221; \u00ebsht\u00eb thell\u00ebsisht e p\u00ebrfshir\u00eb n\u00eb destabilizimin e regjimit t\u00eb presidentit t\u00eb Serbis\u00eb mund t\u00eb hamend\u00ebsohet bazuar n\u00eb tonin nacionalist q\u00eb mund t\u00eb v\u00ebrehet gjithnj\u00eb e m\u00eb shum\u00eb n\u00eb protestat e student\u00ebve n\u00eb Serbi.<\/p>\n<p><strong>Goditja p\u00ebrfundimtare u dha p\u00ebrmes KOS-it<\/strong><\/p>\n<p>Megjithat\u00eb, Kremlini ende nuk ia ka dh\u00ebn\u00eb goditjen p\u00ebrfundimtare Vu\u00e7i\u00e7it dhe regjimit t\u00eb tij kriminogjen-hegjemonik, por kjo nuk do t\u00eb thot\u00eb q\u00eb Moska nuk po mendon intensivisht p\u00ebr k\u00ebt\u00eb. Instrumentin kryesor kur b\u00ebhet fjal\u00eb p\u00ebr rr\u00ebzimin e Vu\u00e7i\u00e7it, Moska e sheh n\u00eb Kish\u00ebn Ortodokse Serbe (KOS), dhe kjo ide u pjek m\u00eb 22 prill, kur kreu i k\u00ebsaj organizate Porfirije Peri\u00e7 dhe eminenca gri dhe putinofili i deklaruar Irinej Bulovi\u00e7 vizituan Mosk\u00ebn.<\/p>\n<p>Dy zyrtar\u00eb t\u00eb lart\u00eb t\u00eb Kish\u00ebs Ortodokse Serbe u takuan m\u00eb pas me Presidentin Vladimir Putin dhe njeriun e par\u00eb t\u00eb Kish\u00ebs Ortodokse Ruse (RPC), deg\u00eb e s\u00eb cil\u00ebs \u00ebsht\u00eb vet\u00ebm Kisha Ortodokse Serbe, Kirill Gundjaev.<\/p>\n<p>Udh\u00ebheqja ruse vler\u00ebsoi m\u00eb pas se Vu\u00e7i\u00e7 do t&#8217;i mashtronte dhe nuk do t\u00eb vinte n\u00eb festimin e Dit\u00ebs s\u00eb Fitores m\u00eb 9 maj, k\u00ebshtu q\u00eb Putini m\u00eb pas, p\u00ebrmes kreut t\u00eb Kish\u00ebs Ortodokse Serbe, tha se autokrati serb duhet t\u00eb vij\u00eb n\u00eb Mosk\u00eb, p\u00ebrndryshe jo vet\u00ebm ai, por edhe kreu i Kish\u00ebs Ortodokse Serbe do t\u00eb ndiente pasojat e r\u00ebnda.<\/p>\n<p><em>Porfirije erdhi n\u00eb Mosk\u00eb p\u00ebr t&#8217;i d\u00ebrguar nj\u00eb mesazh nga Putini Vu\u00e7iqit.<\/em><\/p>\n<p>N\u00eb at\u00eb koh\u00eb, Moska doli me iden\u00eb se mund t\u00eb ndikonte, madje edhe ta rr\u00ebzonte Vu\u00e7i\u00e7in n\u00ebp\u00ebrmjet SPC-s\u00eb, e cila \u00ebsht\u00eb shtylla kryesore e pushtetit p\u00ebr autokrat\u00ebt serb\u00eb, s\u00eb bashku me BIA-n dhe strukturat kriminale.<\/p>\n<p>\u201c<em>Protestat studentore tashm\u00eb jan\u00eb kthyer djathtas dhe ka gjithnj\u00eb e m\u00eb shum\u00eb koreografi dhe ngjyrime nacionaliste pro-ruse, k\u00ebshtu q\u00eb mund t\u00eb ndihet se q\u00ebllimi i Mosk\u00ebs \u00ebsht\u00eb t\u00eb organizoj\u00eb di\u00e7ka t\u00eb ngjashme me tubimet n\u00eb Mal t\u00eb Zi. N\u00ebse student\u00ebt bashkohen me KOS-in, ashtu si\u00e7 n\u00eb vitin 1997 patriarku i at\u00ebhersh\u00ebm Pavle q\u00ebndroi me student\u00ebt, ekziston nj\u00eb mund\u00ebsi reale q\u00eb protestat studentore t\u00eb shnd\u00ebrrohen n\u00eb tubime. Sipas Rusis\u00eb, ky \u00ebsht\u00eb fundi i Vu\u00e7i\u00e7it, sepse atij nuk do t&#8217;i lejohet dhe as nuk do t\u00eb ket\u00eb forc\u00ebn politike p\u00ebr t&#8217;iu kund\u00ebrv\u00ebn\u00eb kish\u00ebs\u201d, than\u00eb ata.<\/em><\/p>\n<p><strong>Vu\u00e7i\u00e7 e rrethon veten me njer\u00ebz t\u00eb veshur me mantel<\/strong><\/p>\n<p>Vu\u00e7i\u00e7 \u00ebsht\u00eb i vet\u00ebdijsh\u00ebm se ky skenar \u00ebsht\u00eb shum\u00eb i sigurt dhe p\u00ebr k\u00ebt\u00eb arsye ka frik\u00eb. Si kund\u00ebrmas\u00eb, autokrati serb i jep &#8220;ndihm\u00eb financiare&#8221; Kish\u00ebs s\u00eb Serbis\u00eb dhe zyrtar\u00ebve t\u00eb saj t\u00eb lart\u00eb, dhe b\u00ebhet fjal\u00eb p\u00ebr miliona, p\u00ebr t\u00eb cilat Portal Aktuelno ka shkruar disa her\u00eb.<\/p>\n<p>P\u00ebrve\u00e7 ryshfetit q\u00eb u jep zyrtar\u00ebve t\u00eb lart\u00eb t\u00eb Kish\u00ebs Ortodokse Serbe, Vu\u00e7i\u00e7 shp\u00ebrblen peshkop\u00ebt q\u00eb ai beson se do t&#8217;i jen\u00eb besnik\u00eb me grada dhe dekorata. Shembulli m\u00eb i fundit lidhet me Malin e Zi, ku Metodije Ostoji\u00e7 u ngrit n\u00eb grad\u00ebn e mitropolitit, n\u00eb m\u00ebnyr\u00eb q\u00eb t\u00eb neutralizonte politikisht Joanikij Mi\u0107ovi\u0107, nj\u00eb tjet\u00ebr mitropolit malazez q\u00eb kishte mb\u00ebshtetur prej koh\u00ebsh student\u00ebt.<\/p>\n<p>Ostojiqi ia ka shp\u00ebrblyer tashm\u00eb Vu\u00e7iqit me urdhrin q\u00eb iu dha s\u00eb fundmi dhe n\u00eb k\u00ebt\u00eb m\u00ebnyr\u00eb ka d\u00ebshmuar se do t\u00eb jet\u00eb nj\u00eb besnik i tij.<\/p>\n<p>P\u00ebrpara Ostoji\u00e7it, grada e mitropolitit i ishte dh\u00ebn\u00eb peshkopit skandaloz Pahomije Ga\u00e7i\u00e7, i cili njihet p\u00ebr skandalet pedofile, por kjo padyshim nuk \u00ebsht\u00eb e r\u00ebnd\u00ebsishme sepse besnik\u00ebria ndaj patriarkut jozyrtar Vu\u00e7i\u00e7 \u00ebsht\u00eb thelb\u00ebsore p\u00ebr marrjen e nj\u00eb grade m\u00eb t\u00eb lart\u00eb. Gjithashtu, Vu\u00e7i\u00e7 fitoi mb\u00ebshtetjen e nj\u00eb zyrtari t\u00eb lart\u00eb me shum\u00eb ndikim t\u00eb Kish\u00ebs Ortodokse Serbe, Vasilij Ka\u00e7avenda, t\u00eb cilin e dekoroi n\u00eb qershor t\u00eb vitit t\u00eb kaluar, edhe pse ai \u00ebsht\u00eb nj\u00eb maniak seksual dhe pedofil i provuar i p\u00ebrfshir\u00eb n\u00eb aktivitete kriminale dhe krime shum\u00eb t\u00eb r\u00ebnda.<\/p>\n<p><em>Metodije iu betua p\u00ebr besnik\u00ebri Vu\u00e7i\u00e7it dhe u rreshtua me &#8220;autoritete&#8221; t\u00eb tilla n\u00eb Kish\u00ebn Ortodokse Serbe si Ka\u00e7avenda dhe Pahomije.<\/em><\/p>\n<p>Vu\u00e7i\u00e7 nd\u00ebrron pallton, por kurr\u00eb temperamentin<br \/>\nK\u00ebto dit\u00eb, kan\u00eb dal\u00eb n\u00eb sip\u00ebrfaqe informacione q\u00eb p\u00ebrfaq\u00ebsojn\u00eb nj\u00eb shuplak\u00eb t\u00eb re p\u00ebr Mosk\u00ebn nga regjimi i Vu\u00e7i\u00e7it. M\u00eb 12 qershor, Ministria e Pun\u00ebve t\u00eb Brendshme e Serbis\u00eb, me p\u00eblqimin e Ministrive t\u00eb Mbrojtjes dhe Ministris\u00eb s\u00eb Pun\u00ebve t\u00eb Jashtme, miratoi tranzitin e 960 predhave artilerie HE M107 kalibri 155 mm t\u00eb prodhimit boshnjak p\u00ebrmes territorit shtet\u00ebror.<\/p>\n<p>Dokumentacioni thot\u00eb se p\u00ebrdoruesi p\u00ebrfundimtar i mallrave \u00ebsht\u00eb Ministria e Mbrojtjes e Republik\u00ebs \u00c7eke, dhe ky vend \u00ebsht\u00eb lider n\u00eb prokurimin e predhave artilerie p\u00ebr ushtrin\u00eb ukrainase. Prandaj, municioni p\u00ebrfundon n\u00eb Ukrain\u00eb, dhe Serbia miratoi tranzitin, pavar\u00ebsisht faktit se Vu\u00e7i\u00e7 \u00ebsht\u00eb paralajm\u00ebruar disa her\u00eb se po i &#8220;ngul thik\u00ebn n\u00eb shtrat&#8221; Rusis\u00eb.<\/p>\n<p><em>Televizioni rus Cargrad, i af\u00ebrt me Putinin, shkroi disa dit\u00eb m\u00eb par\u00eb pik\u00ebrisht p\u00ebr k\u00ebt\u00eb rast q\u00eb lidhet me tranzitin e municioneve, dhe gjithashtu akuzoi Serbin\u00eb se \u00ebsht\u00eb e gatshme t\u00eb mb\u00ebshtes\u00eb sanksionet kund\u00ebr Rusis\u00eb, n\u00ebse asaj i \u201cgarantohet\u201d perspektiva e an\u00ebtar\u00ebsimit n\u00eb BE.<\/em><\/p>\n<p>&#8220;\u00cbsht\u00eb nj\u00eb goditje p\u00ebr Rusin\u00eb nga prapa. Do t\u00eb jet\u00eb si gjithmon\u00eb me tradhtar\u00ebt&#8221;, shkruan platforma online TV Tsargrad, e cila \u00ebsht\u00eb n\u00eb pron\u00ebsi t\u00eb Konstantin Malofeyev, nj\u00eb njeri shum\u00eb i af\u00ebrt me Vladimir Putinin.<\/p>\n<p>Kjo tregon se \u00ebsht\u00eb mjaft e justifikuar q\u00eb n\u00eb opinionin publik t\u00eb Rusis\u00eb \u00ebsht\u00eb krijuar q\u00ebndrimi se Vu\u00e7i\u00e7 do ta tradhtoj\u00eb p\u00ebrs\u00ebri Mosk\u00ebn, edhe pse betohet p\u00ebr &#8220;miq\u00ebsi shekullore&#8221;. N\u00ebse marrim parasysh se Vu\u00e7i\u00e7 do t\u00eb duhet t\u00eb vazhdoj\u00eb me praktik\u00ebn e d\u00ebrgimit t\u00eb arm\u00ebve n\u00eb Ukrain\u00eb dhe rr\u00ebzimit t\u00eb Per\u00ebndimit, i cili po e shantazhon hapur, at\u00ebher\u00eb \u00ebsht\u00eb mjaft e pritshme q\u00eb n\u00eb vjesht\u00eb Moska t\u00eb mund t\u00eb jap\u00eb sinjalin p\u00ebr aktivizimin e operacionit SPC. Pas k\u00ebsaj, duhet t\u00eb presim nj\u00eb betej\u00eb t\u00eb ashp\u00ebr midis besnik\u00ebve dhe atyre q\u00eb u urdh\u00ebruan t\u00eb mb\u00ebshtesin student\u00ebt dhe qytetar\u00ebt q\u00eb protestojn\u00eb kund\u00ebr autokratit serb.<\/p>\n","protected":false},"excerpt":{"rendered":"<p>Beograd, 30 korrik 2025 Kremlini po shtr\u00ebngon lakun politik rreth autokratit serb Aleksandar Vu\u00e7i\u00e7, i cili koh\u00eb m\u00eb par\u00eb kaloi &#8220;vij\u00ebn e kuqe&#8221; p\u00ebr shkak<\/p>\n","protected":false},"author":1,"featured_media":5850,"comment_status":"open","ping_status":"open","sticky":false,"template":"","format":"standard","meta":{"footnotes":""},"categories":[58],"tags":[],"class_list":["post-5880","post","type-post","status-publish","format-standard","has-post-thumbnail","hentry","category-politike-sq"],"yoast_head":"<!-- This site is optimized with the Yoast SEO plugin v25.3.1 - https:\/\/yoast.com\/wordpress\/plugins\/seo\/ -->\n<title>P\u00ebr shkak t\u00eb frik\u00ebs nga Kremlini dhe Republik\u00ebs Popullore t\u00eb Kin\u00ebs, Vu\u00e7i\u00e7 mbledh prift\u00ebrinjt\u00eb &quot;besnik\u00eb&quot; rreth tij -<\/title>\n<meta name=\"robots\" content=\"index, follow, max-snippet:-1, max-image-preview:large, max-video-preview:-1\" \/>\n<link rel=\"canonical\" href=\"https:\/\/veritasinfo.org\/?p=5880\" \/>\n<meta property=\"og:locale\" content=\"en_US\" \/>\n<meta property=\"og:type\" content=\"article\" \/>\n<meta property=\"og:title\" content=\"P\u00ebr shkak t\u00eb frik\u00ebs nga Kremlini dhe Republik\u00ebs Popullore t\u00eb Kin\u00ebs, Vu\u00e7i\u00e7 mbledh prift\u00ebrinjt\u00eb &quot;besnik\u00eb&quot; rreth tij -\" \/>\n<meta property=\"og:description\" content=\"Beograd, 30 korrik 2025 Kremlini po shtr\u00ebngon lakun politik rreth autokratit serb Aleksandar Vu\u00e7i\u00e7, i cili koh\u00eb m\u00eb par\u00eb kaloi &#8220;vij\u00ebn e kuqe&#8221; p\u00ebr shkak\" \/>\n<meta property=\"og:url\" content=\"https:\/\/veritasinfo.org\/?p=5880\" \/>\n<meta property=\"article:published_time\" content=\"2025-07-30T07:17:38+00:00\" \/>\n<meta property=\"article:modified_time\" content=\"2025-07-30T07:25:22+00:00\" \/>\n<meta property=\"og:image\" content=\"https:\/\/veritasinfo.org\/wp-content\/uploads\/2025\/07\/IMG_2120.jpeg\" \/>\n\t<meta property=\"og:image:width\" content=\"1068\" \/>\n\t<meta property=\"og:image:height\" content=\"712\" \/>\n\t<meta property=\"og:image:type\" content=\"image\/jpeg\" \/>\n<meta name=\"author\" content=\"admin\" \/>\n<meta name=\"twitter:card\" content=\"summary_large_image\" \/>\n<meta name=\"twitter:label1\" content=\"Written by\" \/>\n\t<meta name=\"twitter:data1\" content=\"admin\" \/>\n\t<meta name=\"twitter:label2\" content=\"Est. reading time\" \/>\n\t<meta name=\"twitter:data2\" content=\"5 minutes\" \/>\n<script type=\"application\/ld+json\" class=\"yoast-schema-graph\">{\"@context\":\"https:\/\/schema.org\",\"@graph\":[{\"@type\":\"WebPage\",\"@id\":\"https:\/\/veritasinfo.org\/?p=5880\",\"url\":\"https:\/\/veritasinfo.org\/?p=5880\",\"name\":\"P\u00ebr shkak t\u00eb frik\u00ebs nga Kremlini dhe Republik\u00ebs Popullore t\u00eb Kin\u00ebs, Vu\u00e7i\u00e7 mbledh prift\u00ebrinjt\u00eb \\\"besnik\u00eb\\\" rreth tij -\",\"isPartOf\":{\"@id\":\"https:\/\/veritasinfo.org\/#website\"},\"primaryImageOfPage\":{\"@id\":\"https:\/\/veritasinfo.org\/?p=5880#primaryimage\"},\"image\":{\"@id\":\"https:\/\/veritasinfo.org\/?p=5880#primaryimage\"},\"thumbnailUrl\":\"https:\/\/veritasinfo.org\/wp-content\/uploads\/2025\/07\/IMG_2120.jpeg\",\"datePublished\":\"2025-07-30T07:17:38+00:00\",\"dateModified\":\"2025-07-30T07:25:22+00:00\",\"author\":{\"@id\":\"https:\/\/veritasinfo.org\/#\/schema\/person\/7701f8c088bece422266b100a712374f\"},\"breadcrumb\":{\"@id\":\"https:\/\/veritasinfo.org\/?p=5880#breadcrumb\"},\"inLanguage\":\"en-US\",\"potentialAction\":[{\"@type\":\"ReadAction\",\"target\":[\"https:\/\/veritasinfo.org\/?p=5880\"]}]},{\"@type\":\"ImageObject\",\"inLanguage\":\"en-US\",\"@id\":\"https:\/\/veritasinfo.org\/?p=5880#primaryimage\",\"url\":\"https:\/\/veritasinfo.org\/wp-content\/uploads\/2025\/07\/IMG_2120.jpeg\",\"contentUrl\":\"https:\/\/veritasinfo.org\/wp-content\/uploads\/2025\/07\/IMG_2120.jpeg\",\"width\":1068,\"height\":712},{\"@type\":\"BreadcrumbList\",\"@id\":\"https:\/\/veritasinfo.org\/?p=5880#breadcrumb\",\"itemListElement\":[{\"@type\":\"ListItem\",\"position\":1,\"name\":\"Home\",\"item\":\"https:\/\/veritasinfo.org\/\"},{\"@type\":\"ListItem\",\"position\":2,\"name\":\"P\u00ebr shkak t\u00eb frik\u00ebs nga Kremlini dhe Republik\u00ebs Popullore t\u00eb Kin\u00ebs, Vu\u00e7i\u00e7 mbledh prift\u00ebrinjt\u00eb &#8220;besnik\u00eb&#8221; rreth tij\"}]},{\"@type\":\"WebSite\",\"@id\":\"https:\/\/veritasinfo.org\/#website\",\"url\":\"https:\/\/veritasinfo.org\/\",\"name\":\"\",\"description\":\"\",\"potentialAction\":[{\"@type\":\"SearchAction\",\"target\":{\"@type\":\"EntryPoint\",\"urlTemplate\":\"https:\/\/veritasinfo.org\/?s={search_term_string}\"},\"query-input\":{\"@type\":\"PropertyValueSpecification\",\"valueRequired\":true,\"valueName\":\"search_term_string\"}}],\"inLanguage\":\"en-US\"},{\"@type\":\"Person\",\"@id\":\"https:\/\/veritasinfo.org\/#\/schema\/person\/7701f8c088bece422266b100a712374f\",\"name\":\"admin\",\"image\":{\"@type\":\"ImageObject\",\"inLanguage\":\"en-US\",\"@id\":\"https:\/\/veritasinfo.org\/#\/schema\/person\/image\/\",\"url\":\"https:\/\/secure.gravatar.com\/avatar\/ea53aa3bf6c9a12d5fde8ce4deff43fef3885ae33cf60184161a50d6987cfd2f?s=96&d=mm&r=g\",\"contentUrl\":\"https:\/\/secure.gravatar.com\/avatar\/ea53aa3bf6c9a12d5fde8ce4deff43fef3885ae33cf60184161a50d6987cfd2f?s=96&d=mm&r=g\",\"caption\":\"admin\"},\"sameAs\":[\"https:\/\/veritasinfo.org\"],\"url\":\"https:\/\/veritasinfo.org\/?author=1\"}]}<\/script>\n<!-- \/ Yoast SEO plugin. -->","yoast_head_json":{"title":"P\u00ebr shkak t\u00eb frik\u00ebs nga Kremlini dhe Republik\u00ebs Popullore t\u00eb Kin\u00ebs, Vu\u00e7i\u00e7 mbledh prift\u00ebrinjt\u00eb \"besnik\u00eb\" rreth tij -","robots":{"index":"index","follow":"follow","max-snippet":"max-snippet:-1","max-image-preview":"max-image-preview:large","max-video-preview":"max-video-preview:-1"},"canonical":"https:\/\/veritasinfo.org\/?p=5880","og_locale":"en_US","og_type":"article","og_title":"P\u00ebr shkak t\u00eb frik\u00ebs nga Kremlini dhe Republik\u00ebs Popullore t\u00eb Kin\u00ebs, Vu\u00e7i\u00e7 mbledh prift\u00ebrinjt\u00eb \"besnik\u00eb\" rreth tij -","og_description":"Beograd, 30 korrik 2025 Kremlini po shtr\u00ebngon lakun politik rreth autokratit serb Aleksandar Vu\u00e7i\u00e7, i cili koh\u00eb m\u00eb par\u00eb kaloi &#8220;vij\u00ebn e kuqe&#8221; p\u00ebr shkak","og_url":"https:\/\/veritasinfo.org\/?p=5880","article_published_time":"2025-07-30T07:17:38+00:00","article_modified_time":"2025-07-30T07:25:22+00:00","og_image":[{"width":1068,"height":712,"url":"https:\/\/veritasinfo.org\/wp-content\/uploads\/2025\/07\/IMG_2120.jpeg","type":"image\/jpeg"}],"author":"admin","twitter_card":"summary_large_image","twitter_misc":{"Written by":"admin","Est. reading time":"5 minutes"},"schema":{"@context":"https:\/\/schema.org","@graph":[{"@type":"WebPage","@id":"https:\/\/veritasinfo.org\/?p=5880","url":"https:\/\/veritasinfo.org\/?p=5880","name":"P\u00ebr shkak t\u00eb frik\u00ebs nga Kremlini dhe Republik\u00ebs Popullore t\u00eb Kin\u00ebs, Vu\u00e7i\u00e7 mbledh prift\u00ebrinjt\u00eb \"besnik\u00eb\" rreth tij -","isPartOf":{"@id":"https:\/\/veritasinfo.org\/#website"},"primaryImageOfPage":{"@id":"https:\/\/veritasinfo.org\/?p=5880#primaryimage"},"image":{"@id":"https:\/\/veritasinfo.org\/?p=5880#primaryimage"},"thumbnailUrl":"https:\/\/veritasinfo.org\/wp-content\/uploads\/2025\/07\/IMG_2120.jpeg","datePublished":"2025-07-30T07:17:38+00:00","dateModified":"2025-07-30T07:25:22+00:00","author":{"@id":"https:\/\/veritasinfo.org\/#\/schema\/person\/7701f8c088bece422266b100a712374f"},"breadcrumb":{"@id":"https:\/\/veritasinfo.org\/?p=5880#breadcrumb"},"inLanguage":"en-US","potentialAction":[{"@type":"ReadAction","target":["https:\/\/veritasinfo.org\/?p=5880"]}]},{"@type":"ImageObject","inLanguage":"en-US","@id":"https:\/\/veritasinfo.org\/?p=5880#primaryimage","url":"https:\/\/veritasinfo.org\/wp-content\/uploads\/2025\/07\/IMG_2120.jpeg","contentUrl":"https:\/\/veritasinfo.org\/wp-content\/uploads\/2025\/07\/IMG_2120.jpeg","width":1068,"height":712},{"@type":"BreadcrumbList","@id":"https:\/\/veritasinfo.org\/?p=5880#breadcrumb","itemListElement":[{"@type":"ListItem","position":1,"name":"Home","item":"https:\/\/veritasinfo.org\/"},{"@type":"ListItem","position":2,"name":"P\u00ebr shkak t\u00eb frik\u00ebs nga Kremlini dhe Republik\u00ebs Popullore t\u00eb Kin\u00ebs, Vu\u00e7i\u00e7 mbledh prift\u00ebrinjt\u00eb &#8220;besnik\u00eb&#8221; rreth tij"}]},{"@type":"WebSite","@id":"https:\/\/veritasinfo.org\/#website","url":"https:\/\/veritasinfo.org\/","name":"","description":"","potentialAction":[{"@type":"SearchAction","target":{"@type":"EntryPoint","urlTemplate":"https:\/\/veritasinfo.org\/?s={search_term_string}"},"query-input":{"@type":"PropertyValueSpecification","valueRequired":true,"valueName":"search_term_string"}}],"inLanguage":"en-US"},{"@type":"Person","@id":"https:\/\/veritasinfo.org\/#\/schema\/person\/7701f8c088bece422266b100a712374f","name":"admin","image":{"@type":"ImageObject","inLanguage":"en-US","@id":"https:\/\/veritasinfo.org\/#\/schema\/person\/image\/","url":"https:\/\/secure.gravatar.com\/avatar\/ea53aa3bf6c9a12d5fde8ce4deff43fef3885ae33cf60184161a50d6987cfd2f?s=96&d=mm&r=g","contentUrl":"https:\/\/secure.gravatar.com\/avatar\/ea53aa3bf6c9a12d5fde8ce4deff43fef3885ae33cf60184161a50d6987cfd2f?s=96&d=mm&r=g","caption":"admin"},"sameAs":["https:\/\/veritasinfo.org"],"url":"https:\/\/veritasinfo.org\/?author=1"}]}},"featured_image_urls":{"full":["https:\/\/veritasinfo.org\/wp-content\/uploads\/2025\/07\/IMG_2120.jpeg",1068,712,false],"thumbnail":["https:\/\/veritasinfo.org\/wp-content\/uploads\/2025\/07\/IMG_2120-150x150.jpeg",150,150,true],"medium":["https:\/\/veritasinfo.org\/wp-content\/uploads\/2025\/07\/IMG_2120-300x200.jpeg",300,200,true],"medium_large":["https:\/\/veritasinfo.org\/wp-content\/uploads\/2025\/07\/IMG_2120-768x512.jpeg",640,427,true],"large":["https:\/\/veritasinfo.org\/wp-content\/uploads\/2025\/07\/IMG_2120-1024x683.jpeg",640,427,true],"1536x1536":["https:\/\/veritasinfo.org\/wp-content\/uploads\/2025\/07\/IMG_2120.jpeg",1068,712,false],"2048x2048":["https:\/\/veritasinfo.org\/wp-content\/uploads\/2025\/07\/IMG_2120.jpeg",1068,712,false],"kreeti-slider-full":["https:\/\/veritasinfo.org\/wp-content\/uploads\/2025\/07\/IMG_2120.jpeg",1068,712,false],"kreeti-featured":["https:\/\/veritasinfo.org\/wp-content\/uploads\/2025\/07\/IMG_2120.jpeg",1024,683,false],"kreeti-medium":["https:\/\/veritasinfo.org\/wp-content\/uploads\/2025\/07\/IMG_2120.jpeg",720,480,false],"kreeti-medium-square":["https:\/\/veritasinfo.org\/wp-content\/uploads\/2025\/07\/IMG_2120.jpeg",350,233,false]},"author_info":{"info":["admin"]},"category_info":"<a href=\"https:\/\/veritasinfo.org\/?cat=58\" rel=\"category\">Politik\u00eb<\/a>","tag_info":"Politik\u00eb","comment_count":"0","_links":{"self":[{"href":"https:\/\/veritasinfo.org\/index.php?rest_route=\/wp\/v2\/posts\/5880","targetHints":{"allow":["GET"]}}],"collection":[{"href":"https:\/\/veritasinfo.org\/index.php?rest_route=\/wp\/v2\/posts"}],"about":[{"href":"https:\/\/veritasinfo.org\/index.php?rest_route=\/wp\/v2\/types\/post"}],"author":[{"embeddable":true,"href":"https:\/\/veritasinfo.org\/index.php?rest_route=\/wp\/v2\/users\/1"}],"replies":[{"embeddable":true,"href":"https:\/\/veritasinfo.org\/index.php?rest_route=%2Fwp%2Fv2%2Fcomments&post=5880"}],"version-history":[{"count":4,"href":"https:\/\/veritasinfo.org\/index.php?rest_route=\/wp\/v2\/posts\/5880\/revisions"}],"predecessor-version":[{"id":5884,"href":"https:\/\/veritasinfo.org\/index.php?rest_route=\/wp\/v2\/posts\/5880\/revisions\/5884"}],"wp:featuredmedia":[{"embeddable":true,"href":"https:\/\/veritasinfo.org\/index.php?rest_route=\/wp\/v2\/media\/5850"}],"wp:attachment":[{"href":"https:\/\/veritasinfo.org\/index.php?rest_route=%2Fwp%2Fv2%2Fmedia&parent=5880"}],"wp:term":[{"taxonomy":"category","embeddable":true,"href":"https:\/\/veritasinfo.org\/index.php?rest_route=%2Fwp%2Fv2%2Fcategories&post=5880"},{"taxonomy":"post_tag","embeddable":true,"href":"https:\/\/veritasinfo.org\/index.php?rest_route=%2Fwp%2Fv2%2Ftags&post=5880"}],"curies":[{"name":"wp","href":"https:\/\/api.w.org\/{rel}","templated":true}]}}