{"id":5840,"date":"2025-07-30T07:35:02","date_gmt":"2025-07-30T05:35:02","guid":{"rendered":"https:\/\/veritasinfo.org\/?p=5840"},"modified":"2025-07-30T07:35:02","modified_gmt":"2025-07-30T05:35:02","slug":"parashikimi-i-motit-pjeserisht-me-diell-dhe-vranesira-te-shperndara","status":"publish","type":"post","link":"https:\/\/veritasinfo.org\/?p=5840","title":{"rendered":"Parashikimi i motit: Pjes\u00ebrisht me diell dhe vran\u00ebsira t\u00eb shp\u00ebrndara"},"content":{"rendered":"<p>Prishtin\u00eb, 30 korrik 2025<\/p>\n<p><strong>T\u00eb m\u00ebrkur\u00ebn, mbi vendin ton\u00eb do t\u00eb mbaj\u00eb mot kryesisht me diell dhe vran\u00ebsira t\u00eb shp\u00ebrndara. Gjat\u00eb dit\u00ebs pritet t\u00eb fryj\u00eb er\u00eb e leht\u00eb nga verilindja, me shpejt\u00ebsi prej 1 deri n\u00eb 4 metra n\u00eb sekond\u00eb.<\/strong><\/p>\n<p>Sipas Institutit Hidrometeorologjik t\u00eb Kosov\u00ebs, temperaturat minimale do t\u00eb l\u00ebvizin nga 13 deri n\u00eb 17 grad\u00eb Celsius, nd\u00ebrsa ato maksimale pritet t\u00eb arrijn\u00eb nga 24 deri n\u00eb 27 grad\u00eb.<\/p>\n<p>E gjith\u00eb kjo jav\u00eb po karakterizohet nga nj\u00eb mot m\u00eb i paq\u00ebndruesh\u00ebm. Parashikimet tregojn\u00eb p\u00ebr prani t\u00eb vran\u00ebsirave t\u00eb her\u00ebpashershme, t\u00eb nd\u00ebrthurura me intervale me diell. N\u00eb disa zona mund t\u00eb ket\u00eb edhe reshje shiu t\u00eb shoq\u00ebruara me shkarkime rrufesh.<\/p>\n","protected":false},"excerpt":{"rendered":"<p>Prishtin\u00eb, 30 korrik 2025 T\u00eb m\u00ebrkur\u00ebn, mbi vendin ton\u00eb do t\u00eb mbaj\u00eb mot kryesisht me diell dhe vran\u00ebsira t\u00eb shp\u00ebrndara. Gjat\u00eb dit\u00ebs pritet t\u00eb fryj\u00eb<\/p>\n","protected":false},"author":1,"featured_media":5570,"comment_status":"open","ping_status":"open","sticky":false,"template":"","format":"standard","meta":{"footnotes":""},"categories":[60],"tags":[],"class_list":["post-5840","post","type-post","status-publish","format-standard","has-post-thumbnail","hentry","category-shoqerore-sq"],"yoast_head":"<!-- This site is optimized with the Yoast SEO plugin v25.3.1 - https:\/\/yoast.com\/wordpress\/plugins\/seo\/ -->\n<title>Parashikimi i motit: Pjes\u00ebrisht me diell dhe vran\u00ebsira t\u00eb shp\u00ebrndara -<\/title>\n<meta name=\"robots\" content=\"index, follow, max-snippet:-1, max-image-preview:large, max-video-preview:-1\" \/>\n<link rel=\"canonical\" href=\"https:\/\/veritasinfo.org\/?p=5840\" \/>\n<meta property=\"og:locale\" content=\"en_US\" \/>\n<meta property=\"og:type\" content=\"article\" \/>\n<meta property=\"og:title\" content=\"Parashikimi i motit: Pjes\u00ebrisht me diell dhe vran\u00ebsira t\u00eb shp\u00ebrndara -\" \/>\n<meta property=\"og:description\" content=\"Prishtin\u00eb, 30 korrik 2025 T\u00eb m\u00ebrkur\u00ebn, mbi vendin ton\u00eb do t\u00eb mbaj\u00eb mot kryesisht me diell dhe vran\u00ebsira t\u00eb shp\u00ebrndara. Gjat\u00eb dit\u00ebs pritet t\u00eb fryj\u00eb\" \/>\n<meta property=\"og:url\" content=\"https:\/\/veritasinfo.org\/?p=5840\" \/>\n<meta property=\"article:published_time\" content=\"2025-07-30T05:35:02+00:00\" \/>\n<meta property=\"og:image\" content=\"https:\/\/veritasinfo.org\/wp-content\/uploads\/2025\/07\/IMG_2088.png\" \/>\n\t<meta property=\"og:image:width\" content=\"296\" \/>\n\t<meta property=\"og:image:height\" content=\"170\" \/>\n\t<meta property=\"og:image:type\" content=\"image\/png\" \/>\n<meta name=\"author\" content=\"admin\" \/>\n<meta name=\"twitter:card\" content=\"summary_large_image\" \/>\n<meta name=\"twitter:label1\" content=\"Written by\" \/>\n\t<meta name=\"twitter:data1\" content=\"admin\" \/>\n\t<meta name=\"twitter:label2\" content=\"Est. reading time\" \/>\n\t<meta name=\"twitter:data2\" content=\"1 minute\" \/>\n<script type=\"application\/ld+json\" class=\"yoast-schema-graph\">{\"@context\":\"https:\/\/schema.org\",\"@graph\":[{\"@type\":\"WebPage\",\"@id\":\"https:\/\/veritasinfo.org\/?p=5840\",\"url\":\"https:\/\/veritasinfo.org\/?p=5840\",\"name\":\"Parashikimi i motit: Pjes\u00ebrisht me diell dhe vran\u00ebsira t\u00eb shp\u00ebrndara -\",\"isPartOf\":{\"@id\":\"https:\/\/veritasinfo.org\/#website\"},\"primaryImageOfPage\":{\"@id\":\"https:\/\/veritasinfo.org\/?p=5840#primaryimage\"},\"image\":{\"@id\":\"https:\/\/veritasinfo.org\/?p=5840#primaryimage\"},\"thumbnailUrl\":\"https:\/\/veritasinfo.org\/wp-content\/uploads\/2025\/07\/IMG_2088.png\",\"datePublished\":\"2025-07-30T05:35:02+00:00\",\"author\":{\"@id\":\"https:\/\/veritasinfo.org\/#\/schema\/person\/7701f8c088bece422266b100a712374f\"},\"breadcrumb\":{\"@id\":\"https:\/\/veritasinfo.org\/?p=5840#breadcrumb\"},\"inLanguage\":\"en-US\",\"potentialAction\":[{\"@type\":\"ReadAction\",\"target\":[\"https:\/\/veritasinfo.org\/?p=5840\"]}]},{\"@type\":\"ImageObject\",\"inLanguage\":\"en-US\",\"@id\":\"https:\/\/veritasinfo.org\/?p=5840#primaryimage\",\"url\":\"https:\/\/veritasinfo.org\/wp-content\/uploads\/2025\/07\/IMG_2088.png\",\"contentUrl\":\"https:\/\/veritasinfo.org\/wp-content\/uploads\/2025\/07\/IMG_2088.png\",\"width\":296,\"height\":170},{\"@type\":\"BreadcrumbList\",\"@id\":\"https:\/\/veritasinfo.org\/?p=5840#breadcrumb\",\"itemListElement\":[{\"@type\":\"ListItem\",\"position\":1,\"name\":\"Home\",\"item\":\"https:\/\/veritasinfo.org\/\"},{\"@type\":\"ListItem\",\"position\":2,\"name\":\"Parashikimi i motit: Pjes\u00ebrisht me diell dhe vran\u00ebsira t\u00eb shp\u00ebrndara\"}]},{\"@type\":\"WebSite\",\"@id\":\"https:\/\/veritasinfo.org\/#website\",\"url\":\"https:\/\/veritasinfo.org\/\",\"name\":\"\",\"description\":\"\",\"potentialAction\":[{\"@type\":\"SearchAction\",\"target\":{\"@type\":\"EntryPoint\",\"urlTemplate\":\"https:\/\/veritasinfo.org\/?s={search_term_string}\"},\"query-input\":{\"@type\":\"PropertyValueSpecification\",\"valueRequired\":true,\"valueName\":\"search_term_string\"}}],\"inLanguage\":\"en-US\"},{\"@type\":\"Person\",\"@id\":\"https:\/\/veritasinfo.org\/#\/schema\/person\/7701f8c088bece422266b100a712374f\",\"name\":\"admin\",\"image\":{\"@type\":\"ImageObject\",\"inLanguage\":\"en-US\",\"@id\":\"https:\/\/veritasinfo.org\/#\/schema\/person\/image\/\",\"url\":\"https:\/\/secure.gravatar.com\/avatar\/ea53aa3bf6c9a12d5fde8ce4deff43fef3885ae33cf60184161a50d6987cfd2f?s=96&d=mm&r=g\",\"contentUrl\":\"https:\/\/secure.gravatar.com\/avatar\/ea53aa3bf6c9a12d5fde8ce4deff43fef3885ae33cf60184161a50d6987cfd2f?s=96&d=mm&r=g\",\"caption\":\"admin\"},\"sameAs\":[\"https:\/\/veritasinfo.org\"],\"url\":\"https:\/\/veritasinfo.org\/?author=1\"}]}<\/script>\n<!-- \/ Yoast SEO plugin. -->","yoast_head_json":{"title":"Parashikimi i motit: Pjes\u00ebrisht me diell dhe vran\u00ebsira t\u00eb shp\u00ebrndara -","robots":{"index":"index","follow":"follow","max-snippet":"max-snippet:-1","max-image-preview":"max-image-preview:large","max-video-preview":"max-video-preview:-1"},"canonical":"https:\/\/veritasinfo.org\/?p=5840","og_locale":"en_US","og_type":"article","og_title":"Parashikimi i motit: Pjes\u00ebrisht me diell dhe vran\u00ebsira t\u00eb shp\u00ebrndara -","og_description":"Prishtin\u00eb, 30 korrik 2025 T\u00eb m\u00ebrkur\u00ebn, mbi vendin ton\u00eb do t\u00eb mbaj\u00eb mot kryesisht me diell dhe vran\u00ebsira t\u00eb shp\u00ebrndara. Gjat\u00eb dit\u00ebs pritet t\u00eb fryj\u00eb","og_url":"https:\/\/veritasinfo.org\/?p=5840","article_published_time":"2025-07-30T05:35:02+00:00","og_image":[{"width":296,"height":170,"url":"https:\/\/veritasinfo.org\/wp-content\/uploads\/2025\/07\/IMG_2088.png","type":"image\/png"}],"author":"admin","twitter_card":"summary_large_image","twitter_misc":{"Written by":"admin","Est. reading time":"1 minute"},"schema":{"@context":"https:\/\/schema.org","@graph":[{"@type":"WebPage","@id":"https:\/\/veritasinfo.org\/?p=5840","url":"https:\/\/veritasinfo.org\/?p=5840","name":"Parashikimi i motit: Pjes\u00ebrisht me diell dhe vran\u00ebsira t\u00eb shp\u00ebrndara -","isPartOf":{"@id":"https:\/\/veritasinfo.org\/#website"},"primaryImageOfPage":{"@id":"https:\/\/veritasinfo.org\/?p=5840#primaryimage"},"image":{"@id":"https:\/\/veritasinfo.org\/?p=5840#primaryimage"},"thumbnailUrl":"https:\/\/veritasinfo.org\/wp-content\/uploads\/2025\/07\/IMG_2088.png","datePublished":"2025-07-30T05:35:02+00:00","author":{"@id":"https:\/\/veritasinfo.org\/#\/schema\/person\/7701f8c088bece422266b100a712374f"},"breadcrumb":{"@id":"https:\/\/veritasinfo.org\/?p=5840#breadcrumb"},"inLanguage":"en-US","potentialAction":[{"@type":"ReadAction","target":["https:\/\/veritasinfo.org\/?p=5840"]}]},{"@type":"ImageObject","inLanguage":"en-US","@id":"https:\/\/veritasinfo.org\/?p=5840#primaryimage","url":"https:\/\/veritasinfo.org\/wp-content\/uploads\/2025\/07\/IMG_2088.png","contentUrl":"https:\/\/veritasinfo.org\/wp-content\/uploads\/2025\/07\/IMG_2088.png","width":296,"height":170},{"@type":"BreadcrumbList","@id":"https:\/\/veritasinfo.org\/?p=5840#breadcrumb","itemListElement":[{"@type":"ListItem","position":1,"name":"Home","item":"https:\/\/veritasinfo.org\/"},{"@type":"ListItem","position":2,"name":"Parashikimi i motit: Pjes\u00ebrisht me diell dhe vran\u00ebsira t\u00eb shp\u00ebrndara"}]},{"@type":"WebSite","@id":"https:\/\/veritasinfo.org\/#website","url":"https:\/\/veritasinfo.org\/","name":"","description":"","potentialAction":[{"@type":"SearchAction","target":{"@type":"EntryPoint","urlTemplate":"https:\/\/veritasinfo.org\/?s={search_term_string}"},"query-input":{"@type":"PropertyValueSpecification","valueRequired":true,"valueName":"search_term_string"}}],"inLanguage":"en-US"},{"@type":"Person","@id":"https:\/\/veritasinfo.org\/#\/schema\/person\/7701f8c088bece422266b100a712374f","name":"admin","image":{"@type":"ImageObject","inLanguage":"en-US","@id":"https:\/\/veritasinfo.org\/#\/schema\/person\/image\/","url":"https:\/\/secure.gravatar.com\/avatar\/ea53aa3bf6c9a12d5fde8ce4deff43fef3885ae33cf60184161a50d6987cfd2f?s=96&d=mm&r=g","contentUrl":"https:\/\/secure.gravatar.com\/avatar\/ea53aa3bf6c9a12d5fde8ce4deff43fef3885ae33cf60184161a50d6987cfd2f?s=96&d=mm&r=g","caption":"admin"},"sameAs":["https:\/\/veritasinfo.org"],"url":"https:\/\/veritasinfo.org\/?author=1"}]}},"featured_image_urls":{"full":["https:\/\/veritasinfo.org\/wp-content\/uploads\/2025\/07\/IMG_2088.png",296,170,false],"thumbnail":["https:\/\/veritasinfo.org\/wp-content\/uploads\/2025\/07\/IMG_2088-150x150.png",150,150,true],"medium":["https:\/\/veritasinfo.org\/wp-content\/uploads\/2025\/07\/IMG_2088.png",296,170,false],"medium_large":["https:\/\/veritasinfo.org\/wp-content\/uploads\/2025\/07\/IMG_2088.png",296,170,false],"large":["https:\/\/veritasinfo.org\/wp-content\/uploads\/2025\/07\/IMG_2088.png",296,170,false],"1536x1536":["https:\/\/veritasinfo.org\/wp-content\/uploads\/2025\/07\/IMG_2088.png",296,170,false],"2048x2048":["https:\/\/veritasinfo.org\/wp-content\/uploads\/2025\/07\/IMG_2088.png",296,170,false],"kreeti-slider-full":["https:\/\/veritasinfo.org\/wp-content\/uploads\/2025\/07\/IMG_2088.png",296,170,false],"kreeti-featured":["https:\/\/veritasinfo.org\/wp-content\/uploads\/2025\/07\/IMG_2088.png",296,170,false],"kreeti-medium":["https:\/\/veritasinfo.org\/wp-content\/uploads\/2025\/07\/IMG_2088.png",296,170,false],"kreeti-medium-square":["https:\/\/veritasinfo.org\/wp-content\/uploads\/2025\/07\/IMG_2088.png",296,170,false]},"author_info":{"info":["admin"]},"category_info":"<a href=\"https:\/\/veritasinfo.org\/?cat=60\" rel=\"category\">Shoq\u00ebrore<\/a>","tag_info":"Shoq\u00ebrore","comment_count":"0","_links":{"self":[{"href":"https:\/\/veritasinfo.org\/index.php?rest_route=\/wp\/v2\/posts\/5840","targetHints":{"allow":["GET"]}}],"collection":[{"href":"https:\/\/veritasinfo.org\/index.php?rest_route=\/wp\/v2\/posts"}],"about":[{"href":"https:\/\/veritasinfo.org\/index.php?rest_route=\/wp\/v2\/types\/post"}],"author":[{"embeddable":true,"href":"https:\/\/veritasinfo.org\/index.php?rest_route=\/wp\/v2\/users\/1"}],"replies":[{"embeddable":true,"href":"https:\/\/veritasinfo.org\/index.php?rest_route=%2Fwp%2Fv2%2Fcomments&post=5840"}],"version-history":[{"count":1,"href":"https:\/\/veritasinfo.org\/index.php?rest_route=\/wp\/v2\/posts\/5840\/revisions"}],"predecessor-version":[{"id":5841,"href":"https:\/\/veritasinfo.org\/index.php?rest_route=\/wp\/v2\/posts\/5840\/revisions\/5841"}],"wp:featuredmedia":[{"embeddable":true,"href":"https:\/\/veritasinfo.org\/index.php?rest_route=\/wp\/v2\/media\/5570"}],"wp:attachment":[{"href":"https:\/\/veritasinfo.org\/index.php?rest_route=%2Fwp%2Fv2%2Fmedia&parent=5840"}],"wp:term":[{"taxonomy":"category","embeddable":true,"href":"https:\/\/veritasinfo.org\/index.php?rest_route=%2Fwp%2Fv2%2Fcategories&post=5840"},{"taxonomy":"post_tag","embeddable":true,"href":"https:\/\/veritasinfo.org\/index.php?rest_route=%2Fwp%2Fv2%2Ftags&post=5840"}],"curies":[{"name":"wp","href":"https:\/\/api.w.org\/{rel}","templated":true}]}}