{"id":5832,"date":"2025-07-30T07:28:45","date_gmt":"2025-07-30T05:28:45","guid":{"rendered":"https:\/\/veritasinfo.org\/?p=5832"},"modified":"2025-07-29T23:40:14","modified_gmt":"2025-07-29T21:40:14","slug":"kfor-i-deklarohet-rreth-vizites-se-byrne-s-ne-camp-film-city","status":"publish","type":"post","link":"https:\/\/veritasinfo.org\/?p=5832","title":{"rendered":"KFOR-i deklarohet rreth vizit\u00ebs s\u00eb Byrne-s n\u00eb \u201cCamp Film City\u201d"},"content":{"rendered":"<p>Prishtin\u00eb, 30 Korrik 2025<\/p>\n<p>Komandanti i misionit t\u00eb KFOR-it, gjeneralmajor Enrico Barduani, priti nj\u00eb vizit\u00eb zyrtare nga ministri i Shtetit p\u00ebr \u00c7\u00ebshtjet Evropiane dhe Mbrojtjen e Republik\u00ebs s\u00eb Irland\u00ebs, Thomas Byrne, n\u00eb shtabin e KFOR-it n\u00eb \u201cCamp Film City\u201d, n\u00eb Prishtin\u00eb.<\/p>\n<p>Ai u shoq\u00ebrua nga ambasadori irlandez n\u00eb Kosov\u00eb, Ragnar Almqvist, dhe shefi i shtabit t\u00eb Forcave Mbrojt\u00ebse Irlandeze, gjenerallejtnant Rossa Mulcahy.<\/p>\n<p>Sipas KFOR-it, vizita ofroi nj\u00eb rast kuptimplot\u00eb p\u00ebr t\u00eb shk\u00ebmbyer perspektiva mbi situat\u00ebn aktuale t\u00eb siguris\u00eb n\u00eb Kosov\u00eb dhe n\u00eb rajonin e gjer\u00eb.<\/p>\n<p>Gjeneralmajor Barduani ndau pik\u00ebpamjet e tij dhe p\u00ebrshkroi angazhimin e vazhduesh\u00ebm t\u00eb KFOR-it p\u00ebr t\u00eb ruajtur nj\u00eb mjedis t\u00eb sigurt p\u00ebr t\u00eb gjitha komunitetet n\u00eb Kosov\u00eb.<\/p>\n<p>\u201cGjeneral Major Barduani vler\u00ebsoi profesionalizmin e personelit irlandez t\u00eb vendosur n\u00eb KFOR dhe shprehu vler\u00ebsimin e tij t\u00eb thell\u00eb p\u00ebr kontributin e gjat\u00eb t\u00eb Irland\u00ebs n\u00eb mision q\u00eb nga viti 1999 dhe angazhimin e saj t\u00eb vazhduesh\u00ebm p\u00ebr t\u00eb promovuar paqen dhe stabilitetin n\u00eb Ballkanin Per\u00ebndimor.<\/p>\n<p>KFOR-i vazhdon t\u00eb zbatoj\u00eb mandatin e tij \u2013 bazuar n\u00eb Rezolut\u00ebn 1244 t\u00eb K\u00ebshillit t\u00eb Sigurimit t\u00eb OKB-s\u00eb t\u00eb vitit 1999 \u2013 p\u00ebr t\u00eb kontribuar n\u00eb nj\u00eb mjedis t\u00eb sigurt p\u00ebr t\u00eb gjith\u00eb njer\u00ebzit dhe komunitetet q\u00eb jetojn\u00eb n\u00eb Kosov\u00eb dhe lirin\u00eb e l\u00ebvizjes, n\u00eb \u00e7do koh\u00eb dhe n\u00eb m\u00ebnyr\u00eb t\u00eb paanshme\u201d thuhet n\u00eb njoftim.<\/p>\n<p>&nbsp;<\/p>\n<p>&nbsp;<\/p>\n","protected":false},"excerpt":{"rendered":"<p>Prishtin\u00eb, 30 Korrik 2025 Komandanti i misionit t\u00eb KFOR-it, gjeneralmajor Enrico Barduani, priti nj\u00eb vizit\u00eb zyrtare nga ministri i Shtetit p\u00ebr \u00c7\u00ebshtjet Evropiane dhe Mbrojtjen<\/p>\n","protected":false},"author":1,"featured_media":5833,"comment_status":"open","ping_status":"open","sticky":false,"template":"","format":"standard","meta":{"footnotes":""},"categories":[60],"tags":[],"class_list":["post-5832","post","type-post","status-publish","format-standard","has-post-thumbnail","hentry","category-shoqerore-sq"],"yoast_head":"<!-- This site is optimized with the Yoast SEO plugin v25.3.1 - https:\/\/yoast.com\/wordpress\/plugins\/seo\/ -->\n<title>KFOR-i deklarohet rreth vizit\u00ebs s\u00eb Byrne-s n\u00eb \u201cCamp Film City\u201d -<\/title>\n<meta name=\"robots\" content=\"index, follow, max-snippet:-1, max-image-preview:large, max-video-preview:-1\" \/>\n<link rel=\"canonical\" href=\"https:\/\/veritasinfo.org\/?p=5832\" \/>\n<meta property=\"og:locale\" content=\"en_US\" \/>\n<meta property=\"og:type\" content=\"article\" \/>\n<meta property=\"og:title\" content=\"KFOR-i deklarohet rreth vizit\u00ebs s\u00eb Byrne-s n\u00eb \u201cCamp Film City\u201d -\" \/>\n<meta property=\"og:description\" content=\"Prishtin\u00eb, 30 Korrik 2025 Komandanti i misionit t\u00eb KFOR-it, gjeneralmajor Enrico Barduani, priti nj\u00eb vizit\u00eb zyrtare nga ministri i Shtetit p\u00ebr \u00c7\u00ebshtjet Evropiane dhe Mbrojtjen\" \/>\n<meta property=\"og:url\" content=\"https:\/\/veritasinfo.org\/?p=5832\" \/>\n<meta property=\"article:published_time\" content=\"2025-07-30T05:28:45+00:00\" \/>\n<meta property=\"og:image\" content=\"https:\/\/veritasinfo.org\/wp-content\/uploads\/2025\/07\/IMG_2412.jpeg\" \/>\n\t<meta property=\"og:image:width\" content=\"1280\" \/>\n\t<meta property=\"og:image:height\" content=\"852\" \/>\n\t<meta property=\"og:image:type\" content=\"image\/jpeg\" \/>\n<meta name=\"author\" content=\"admin\" \/>\n<meta name=\"twitter:card\" content=\"summary_large_image\" \/>\n<meta name=\"twitter:label1\" content=\"Written by\" \/>\n\t<meta name=\"twitter:data1\" content=\"admin\" \/>\n\t<meta name=\"twitter:label2\" content=\"Est. reading time\" \/>\n\t<meta name=\"twitter:data2\" content=\"2 minutes\" \/>\n<script type=\"application\/ld+json\" class=\"yoast-schema-graph\">{\"@context\":\"https:\/\/schema.org\",\"@graph\":[{\"@type\":\"WebPage\",\"@id\":\"https:\/\/veritasinfo.org\/?p=5832\",\"url\":\"https:\/\/veritasinfo.org\/?p=5832\",\"name\":\"KFOR-i deklarohet rreth vizit\u00ebs s\u00eb Byrne-s n\u00eb \u201cCamp Film City\u201d -\",\"isPartOf\":{\"@id\":\"https:\/\/veritasinfo.org\/#website\"},\"primaryImageOfPage\":{\"@id\":\"https:\/\/veritasinfo.org\/?p=5832#primaryimage\"},\"image\":{\"@id\":\"https:\/\/veritasinfo.org\/?p=5832#primaryimage\"},\"thumbnailUrl\":\"https:\/\/veritasinfo.org\/wp-content\/uploads\/2025\/07\/IMG_2412.jpeg\",\"datePublished\":\"2025-07-30T05:28:45+00:00\",\"author\":{\"@id\":\"https:\/\/veritasinfo.org\/#\/schema\/person\/7701f8c088bece422266b100a712374f\"},\"breadcrumb\":{\"@id\":\"https:\/\/veritasinfo.org\/?p=5832#breadcrumb\"},\"inLanguage\":\"en-US\",\"potentialAction\":[{\"@type\":\"ReadAction\",\"target\":[\"https:\/\/veritasinfo.org\/?p=5832\"]}]},{\"@type\":\"ImageObject\",\"inLanguage\":\"en-US\",\"@id\":\"https:\/\/veritasinfo.org\/?p=5832#primaryimage\",\"url\":\"https:\/\/veritasinfo.org\/wp-content\/uploads\/2025\/07\/IMG_2412.jpeg\",\"contentUrl\":\"https:\/\/veritasinfo.org\/wp-content\/uploads\/2025\/07\/IMG_2412.jpeg\",\"width\":1280,\"height\":852},{\"@type\":\"BreadcrumbList\",\"@id\":\"https:\/\/veritasinfo.org\/?p=5832#breadcrumb\",\"itemListElement\":[{\"@type\":\"ListItem\",\"position\":1,\"name\":\"Home\",\"item\":\"https:\/\/veritasinfo.org\/\"},{\"@type\":\"ListItem\",\"position\":2,\"name\":\"KFOR-i deklarohet rreth vizit\u00ebs s\u00eb Byrne-s n\u00eb \u201cCamp Film City\u201d\"}]},{\"@type\":\"WebSite\",\"@id\":\"https:\/\/veritasinfo.org\/#website\",\"url\":\"https:\/\/veritasinfo.org\/\",\"name\":\"\",\"description\":\"\",\"potentialAction\":[{\"@type\":\"SearchAction\",\"target\":{\"@type\":\"EntryPoint\",\"urlTemplate\":\"https:\/\/veritasinfo.org\/?s={search_term_string}\"},\"query-input\":{\"@type\":\"PropertyValueSpecification\",\"valueRequired\":true,\"valueName\":\"search_term_string\"}}],\"inLanguage\":\"en-US\"},{\"@type\":\"Person\",\"@id\":\"https:\/\/veritasinfo.org\/#\/schema\/person\/7701f8c088bece422266b100a712374f\",\"name\":\"admin\",\"image\":{\"@type\":\"ImageObject\",\"inLanguage\":\"en-US\",\"@id\":\"https:\/\/veritasinfo.org\/#\/schema\/person\/image\/\",\"url\":\"https:\/\/secure.gravatar.com\/avatar\/ea53aa3bf6c9a12d5fde8ce4deff43fef3885ae33cf60184161a50d6987cfd2f?s=96&d=mm&r=g\",\"contentUrl\":\"https:\/\/secure.gravatar.com\/avatar\/ea53aa3bf6c9a12d5fde8ce4deff43fef3885ae33cf60184161a50d6987cfd2f?s=96&d=mm&r=g\",\"caption\":\"admin\"},\"sameAs\":[\"https:\/\/veritasinfo.org\"],\"url\":\"https:\/\/veritasinfo.org\/?author=1\"}]}<\/script>\n<!-- \/ Yoast SEO plugin. -->","yoast_head_json":{"title":"KFOR-i deklarohet rreth vizit\u00ebs s\u00eb Byrne-s n\u00eb \u201cCamp Film City\u201d -","robots":{"index":"index","follow":"follow","max-snippet":"max-snippet:-1","max-image-preview":"max-image-preview:large","max-video-preview":"max-video-preview:-1"},"canonical":"https:\/\/veritasinfo.org\/?p=5832","og_locale":"en_US","og_type":"article","og_title":"KFOR-i deklarohet rreth vizit\u00ebs s\u00eb Byrne-s n\u00eb \u201cCamp Film City\u201d -","og_description":"Prishtin\u00eb, 30 Korrik 2025 Komandanti i misionit t\u00eb KFOR-it, gjeneralmajor Enrico Barduani, priti nj\u00eb vizit\u00eb zyrtare nga ministri i Shtetit p\u00ebr \u00c7\u00ebshtjet Evropiane dhe Mbrojtjen","og_url":"https:\/\/veritasinfo.org\/?p=5832","article_published_time":"2025-07-30T05:28:45+00:00","og_image":[{"width":1280,"height":852,"url":"https:\/\/veritasinfo.org\/wp-content\/uploads\/2025\/07\/IMG_2412.jpeg","type":"image\/jpeg"}],"author":"admin","twitter_card":"summary_large_image","twitter_misc":{"Written by":"admin","Est. reading time":"2 minutes"},"schema":{"@context":"https:\/\/schema.org","@graph":[{"@type":"WebPage","@id":"https:\/\/veritasinfo.org\/?p=5832","url":"https:\/\/veritasinfo.org\/?p=5832","name":"KFOR-i deklarohet rreth vizit\u00ebs s\u00eb Byrne-s n\u00eb \u201cCamp Film City\u201d -","isPartOf":{"@id":"https:\/\/veritasinfo.org\/#website"},"primaryImageOfPage":{"@id":"https:\/\/veritasinfo.org\/?p=5832#primaryimage"},"image":{"@id":"https:\/\/veritasinfo.org\/?p=5832#primaryimage"},"thumbnailUrl":"https:\/\/veritasinfo.org\/wp-content\/uploads\/2025\/07\/IMG_2412.jpeg","datePublished":"2025-07-30T05:28:45+00:00","author":{"@id":"https:\/\/veritasinfo.org\/#\/schema\/person\/7701f8c088bece422266b100a712374f"},"breadcrumb":{"@id":"https:\/\/veritasinfo.org\/?p=5832#breadcrumb"},"inLanguage":"en-US","potentialAction":[{"@type":"ReadAction","target":["https:\/\/veritasinfo.org\/?p=5832"]}]},{"@type":"ImageObject","inLanguage":"en-US","@id":"https:\/\/veritasinfo.org\/?p=5832#primaryimage","url":"https:\/\/veritasinfo.org\/wp-content\/uploads\/2025\/07\/IMG_2412.jpeg","contentUrl":"https:\/\/veritasinfo.org\/wp-content\/uploads\/2025\/07\/IMG_2412.jpeg","width":1280,"height":852},{"@type":"BreadcrumbList","@id":"https:\/\/veritasinfo.org\/?p=5832#breadcrumb","itemListElement":[{"@type":"ListItem","position":1,"name":"Home","item":"https:\/\/veritasinfo.org\/"},{"@type":"ListItem","position":2,"name":"KFOR-i deklarohet rreth vizit\u00ebs s\u00eb Byrne-s n\u00eb \u201cCamp Film City\u201d"}]},{"@type":"WebSite","@id":"https:\/\/veritasinfo.org\/#website","url":"https:\/\/veritasinfo.org\/","name":"","description":"","potentialAction":[{"@type":"SearchAction","target":{"@type":"EntryPoint","urlTemplate":"https:\/\/veritasinfo.org\/?s={search_term_string}"},"query-input":{"@type":"PropertyValueSpecification","valueRequired":true,"valueName":"search_term_string"}}],"inLanguage":"en-US"},{"@type":"Person","@id":"https:\/\/veritasinfo.org\/#\/schema\/person\/7701f8c088bece422266b100a712374f","name":"admin","image":{"@type":"ImageObject","inLanguage":"en-US","@id":"https:\/\/veritasinfo.org\/#\/schema\/person\/image\/","url":"https:\/\/secure.gravatar.com\/avatar\/ea53aa3bf6c9a12d5fde8ce4deff43fef3885ae33cf60184161a50d6987cfd2f?s=96&d=mm&r=g","contentUrl":"https:\/\/secure.gravatar.com\/avatar\/ea53aa3bf6c9a12d5fde8ce4deff43fef3885ae33cf60184161a50d6987cfd2f?s=96&d=mm&r=g","caption":"admin"},"sameAs":["https:\/\/veritasinfo.org"],"url":"https:\/\/veritasinfo.org\/?author=1"}]}},"featured_image_urls":{"full":["https:\/\/veritasinfo.org\/wp-content\/uploads\/2025\/07\/IMG_2412.jpeg",1280,852,false],"thumbnail":["https:\/\/veritasinfo.org\/wp-content\/uploads\/2025\/07\/IMG_2412-150x150.jpeg",150,150,true],"medium":["https:\/\/veritasinfo.org\/wp-content\/uploads\/2025\/07\/IMG_2412-300x200.jpeg",300,200,true],"medium_large":["https:\/\/veritasinfo.org\/wp-content\/uploads\/2025\/07\/IMG_2412-768x511.jpeg",640,426,true],"large":["https:\/\/veritasinfo.org\/wp-content\/uploads\/2025\/07\/IMG_2412-1024x682.jpeg",640,426,true],"1536x1536":["https:\/\/veritasinfo.org\/wp-content\/uploads\/2025\/07\/IMG_2412.jpeg",1280,852,false],"2048x2048":["https:\/\/veritasinfo.org\/wp-content\/uploads\/2025\/07\/IMG_2412.jpeg",1280,852,false],"kreeti-slider-full":["https:\/\/veritasinfo.org\/wp-content\/uploads\/2025\/07\/IMG_2412.jpeg",1082,720,false],"kreeti-featured":["https:\/\/veritasinfo.org\/wp-content\/uploads\/2025\/07\/IMG_2412.jpeg",1024,682,false],"kreeti-medium":["https:\/\/veritasinfo.org\/wp-content\/uploads\/2025\/07\/IMG_2412.jpeg",720,479,false],"kreeti-medium-square":["https:\/\/veritasinfo.org\/wp-content\/uploads\/2025\/07\/IMG_2412.jpeg",350,233,false]},"author_info":{"info":["admin"]},"category_info":"<a href=\"https:\/\/veritasinfo.org\/?cat=60\" rel=\"category\">Shoq\u00ebrore<\/a>","tag_info":"Shoq\u00ebrore","comment_count":"0","_links":{"self":[{"href":"https:\/\/veritasinfo.org\/index.php?rest_route=\/wp\/v2\/posts\/5832","targetHints":{"allow":["GET"]}}],"collection":[{"href":"https:\/\/veritasinfo.org\/index.php?rest_route=\/wp\/v2\/posts"}],"about":[{"href":"https:\/\/veritasinfo.org\/index.php?rest_route=\/wp\/v2\/types\/post"}],"author":[{"embeddable":true,"href":"https:\/\/veritasinfo.org\/index.php?rest_route=\/wp\/v2\/users\/1"}],"replies":[{"embeddable":true,"href":"https:\/\/veritasinfo.org\/index.php?rest_route=%2Fwp%2Fv2%2Fcomments&post=5832"}],"version-history":[{"count":2,"href":"https:\/\/veritasinfo.org\/index.php?rest_route=\/wp\/v2\/posts\/5832\/revisions"}],"predecessor-version":[{"id":5837,"href":"https:\/\/veritasinfo.org\/index.php?rest_route=\/wp\/v2\/posts\/5832\/revisions\/5837"}],"wp:featuredmedia":[{"embeddable":true,"href":"https:\/\/veritasinfo.org\/index.php?rest_route=\/wp\/v2\/media\/5833"}],"wp:attachment":[{"href":"https:\/\/veritasinfo.org\/index.php?rest_route=%2Fwp%2Fv2%2Fmedia&parent=5832"}],"wp:term":[{"taxonomy":"category","embeddable":true,"href":"https:\/\/veritasinfo.org\/index.php?rest_route=%2Fwp%2Fv2%2Fcategories&post=5832"},{"taxonomy":"post_tag","embeddable":true,"href":"https:\/\/veritasinfo.org\/index.php?rest_route=%2Fwp%2Fv2%2Ftags&post=5832"}],"curies":[{"name":"wp","href":"https:\/\/api.w.org\/{rel}","templated":true}]}}