{"id":5826,"date":"2025-07-30T07:22:12","date_gmt":"2025-07-30T05:22:12","guid":{"rendered":"https:\/\/veritasinfo.org\/?p=5826"},"modified":"2025-07-29T23:31:48","modified_gmt":"2025-07-29T21:31:48","slug":"kuci-serbia-po-perdor-arrestime-politike-per-te-fshehur-spiunazhin-e-saj-agresiv-ndaj-kosoves-dhe-perendimit","status":"publish","type":"post","link":"https:\/\/veritasinfo.org\/?p=5826","title":{"rendered":"Ku\u00e7i: Serbia po p\u00ebrdor arrestime politike p\u00ebr t\u00eb fshehur spiunazhin e saj agresiv ndaj Kosov\u00ebs dhe Per\u00ebndimit"},"content":{"rendered":"<p>Prishtin\u00eb, 30 Korrik 2025<\/p>\n<p><strong>Guraku\u00e7 Ku\u00e7i, Hulumtuesi i Lart\u00eb n\u00eb Institutin p\u00ebr Studime t\u00eb Luft\u00ebs Hibride \u201cOCTOPUS\u201d, ka reaguar ndaj val\u00ebs s\u00eb fundit t\u00eb arrestimeve t\u00eb b\u00ebra nga Serbia, duke i cil\u00ebsuar si arrestime politike q\u00eb synojn\u00eb t\u00eb fshehin dhe t\u00eb devijojn\u00eb v\u00ebmendjen nga aktivitetet e saj t\u00eb spiunazhit agresiv ndaj Kosov\u00ebs dhe aleat\u00ebve per\u00ebndimor\u00eb.<\/strong><\/p>\n<p>Sipas Ku\u00e7it, Serbia ka arrestuar dy shqiptar\u00eb me akuza t\u00eb fabrikuara. Nj\u00ebri prej tyre, Arbnor Spahiu, akuzohet p\u00ebr \u201cvrasje t\u00eb r\u00ebnd\u00eb\u201d n\u00eb rastin e sulmit terrorist n\u00eb Banjsk\u00eb n\u00eb shtator t\u00eb vitit 2023, ndon\u00ebse ai ka dh\u00ebn\u00eb dor\u00ebheqje nga Policia e Kosov\u00ebs q\u00eb n\u00eb vitin 2022, para ngjarjes n\u00eb fjal\u00eb. Arrestimi i dyt\u00eb, ai i Lulzim Halilit si \u201cish-pjes\u00ebtar i U\u00c7K-s\u00eb\u201d, \u00ebsht\u00eb po ashtu i pabazuar \u2013 pasi Halili nuk ka qen\u00eb pjes\u00ebtar i luft\u00ebs dhe nuk figuron n\u00eb asnj\u00eb list\u00eb t\u00eb veteran\u00ebve.<\/p>\n<p>P\u00ebr t\u00eb treguar edhe m\u00eb shum\u00eb panikun e saj, Serbia ka arrestuar s\u00eb fundi edhe nj\u00eb qytetar serb t\u00eb Kosov\u00ebs, Sasha Gjorgjeviq nga Sht\u00ebrpca, i cili punonte n\u00eb nj\u00eb qend\u00ebr sh\u00ebndet\u00ebsore lokale. Ai akuzohet p\u00ebr spiunim n\u00eb favor t\u00eb AKI-s\u00eb s\u00eb Kosov\u00ebs dhe SHISH-it t\u00eb Shqip\u00ebris\u00eb \u2013 akuza q\u00eb Ku\u00e7i i quan pjes\u00eb e nj\u00eb hakmarrjeje politike.<\/p>\n<p>K\u00ebto arrestime, sipas Ku\u00e7it, erdh\u00ebn pas suksesit t\u00eb institucioneve t\u00eb siguris\u00eb dhe drejt\u00ebsis\u00eb n\u00eb Kosov\u00eb p\u00ebr t\u00eb dekonspiruar t\u00eb pakt\u00ebn gjasht\u00eb agjent\u00eb t\u00eb sh\u00ebrbimit sekret serb BIA, mes tyre edhe Aleksand\u00ebr Vllajiq, i cili ka pranuar faj\u00ebsin\u00eb.<\/p>\n<p>\u201cSerbia po tenton t\u00eb relativizoj\u00eb dekonspirimin e strukturave t\u00eb saj t\u00eb spiunazhit, duke i paraqitur si p\u00ebrplasje t\u00eb zakonshme mes sh\u00ebrbimeve inteligjente, p\u00ebr t\u00eb shmangur pasojat dhe p\u00ebr t\u00eb frenuar hetimet m\u00eb t\u00eb thelluara q\u00eb do t\u2019i zbulonin lidhjet e saj me rrjete destabilizuese nd\u00ebrkomb\u00ebtare,\u201d theksoi Ku\u00e7i.<\/p>\n<p>Ai paralajm\u00ebron se veprimet e Serbis\u00eb nuk p\u00ebrb\u00ebjn\u00eb vet\u00ebm k\u00ebrc\u00ebnim p\u00ebr Kosov\u00ebn, por po e pozicionojn\u00eb at\u00eb si nj\u00eb faktor destabilizues n\u00eb shkall\u00eb globale, me p\u00ebrfshirje n\u00eb operacione t\u00eb ndikimit t\u00eb huaj n\u00eb vende si Franca, Moldavia dhe p\u00ebrtej.<\/p>\n","protected":false},"excerpt":{"rendered":"<p>Prishtin\u00eb, 30 Korrik 2025 Guraku\u00e7 Ku\u00e7i, Hulumtuesi i Lart\u00eb n\u00eb Institutin p\u00ebr Studime t\u00eb Luft\u00ebs Hibride \u201cOCTOPUS\u201d, ka reaguar ndaj val\u00ebs s\u00eb fundit t\u00eb arrestimeve<\/p>\n","protected":false},"author":1,"featured_media":5827,"comment_status":"open","ping_status":"open","sticky":false,"template":"","format":"standard","meta":{"footnotes":""},"categories":[58],"tags":[],"class_list":["post-5826","post","type-post","status-publish","format-standard","has-post-thumbnail","hentry","category-politike-sq"],"yoast_head":"<!-- This site is optimized with the Yoast SEO plugin v25.3.1 - https:\/\/yoast.com\/wordpress\/plugins\/seo\/ -->\n<title>Ku\u00e7i: Serbia po p\u00ebrdor arrestime politike p\u00ebr t\u00eb fshehur spiunazhin e saj agresiv ndaj Kosov\u00ebs dhe Per\u00ebndimit -<\/title>\n<meta name=\"robots\" content=\"index, follow, max-snippet:-1, max-image-preview:large, max-video-preview:-1\" \/>\n<link rel=\"canonical\" href=\"https:\/\/veritasinfo.org\/?p=5826\" \/>\n<meta property=\"og:locale\" content=\"en_US\" \/>\n<meta property=\"og:type\" content=\"article\" \/>\n<meta property=\"og:title\" content=\"Ku\u00e7i: Serbia po p\u00ebrdor arrestime politike p\u00ebr t\u00eb fshehur spiunazhin e saj agresiv ndaj Kosov\u00ebs dhe Per\u00ebndimit -\" \/>\n<meta property=\"og:description\" content=\"Prishtin\u00eb, 30 Korrik 2025 Guraku\u00e7 Ku\u00e7i, Hulumtuesi i Lart\u00eb n\u00eb Institutin p\u00ebr Studime t\u00eb Luft\u00ebs Hibride \u201cOCTOPUS\u201d, ka reaguar ndaj val\u00ebs s\u00eb fundit t\u00eb arrestimeve\" \/>\n<meta property=\"og:url\" content=\"https:\/\/veritasinfo.org\/?p=5826\" \/>\n<meta property=\"article:published_time\" content=\"2025-07-30T05:22:12+00:00\" \/>\n<meta property=\"og:image\" content=\"https:\/\/veritasinfo.org\/wp-content\/uploads\/2025\/07\/IMG_2410.jpeg\" \/>\n\t<meta property=\"og:image:width\" content=\"960\" \/>\n\t<meta property=\"og:image:height\" content=\"640\" \/>\n\t<meta property=\"og:image:type\" content=\"image\/jpeg\" \/>\n<meta name=\"author\" content=\"admin\" \/>\n<meta name=\"twitter:card\" content=\"summary_large_image\" \/>\n<meta name=\"twitter:label1\" content=\"Written by\" \/>\n\t<meta name=\"twitter:data1\" content=\"admin\" \/>\n\t<meta name=\"twitter:label2\" content=\"Est. reading time\" \/>\n\t<meta name=\"twitter:data2\" content=\"2 minutes\" \/>\n<script type=\"application\/ld+json\" class=\"yoast-schema-graph\">{\"@context\":\"https:\/\/schema.org\",\"@graph\":[{\"@type\":\"WebPage\",\"@id\":\"https:\/\/veritasinfo.org\/?p=5826\",\"url\":\"https:\/\/veritasinfo.org\/?p=5826\",\"name\":\"Ku\u00e7i: Serbia po p\u00ebrdor arrestime politike p\u00ebr t\u00eb fshehur spiunazhin e saj agresiv ndaj Kosov\u00ebs dhe Per\u00ebndimit -\",\"isPartOf\":{\"@id\":\"https:\/\/veritasinfo.org\/#website\"},\"primaryImageOfPage\":{\"@id\":\"https:\/\/veritasinfo.org\/?p=5826#primaryimage\"},\"image\":{\"@id\":\"https:\/\/veritasinfo.org\/?p=5826#primaryimage\"},\"thumbnailUrl\":\"https:\/\/veritasinfo.org\/wp-content\/uploads\/2025\/07\/IMG_2410.jpeg\",\"datePublished\":\"2025-07-30T05:22:12+00:00\",\"author\":{\"@id\":\"https:\/\/veritasinfo.org\/#\/schema\/person\/7701f8c088bece422266b100a712374f\"},\"breadcrumb\":{\"@id\":\"https:\/\/veritasinfo.org\/?p=5826#breadcrumb\"},\"inLanguage\":\"en-US\",\"potentialAction\":[{\"@type\":\"ReadAction\",\"target\":[\"https:\/\/veritasinfo.org\/?p=5826\"]}]},{\"@type\":\"ImageObject\",\"inLanguage\":\"en-US\",\"@id\":\"https:\/\/veritasinfo.org\/?p=5826#primaryimage\",\"url\":\"https:\/\/veritasinfo.org\/wp-content\/uploads\/2025\/07\/IMG_2410.jpeg\",\"contentUrl\":\"https:\/\/veritasinfo.org\/wp-content\/uploads\/2025\/07\/IMG_2410.jpeg\",\"width\":960,\"height\":640},{\"@type\":\"BreadcrumbList\",\"@id\":\"https:\/\/veritasinfo.org\/?p=5826#breadcrumb\",\"itemListElement\":[{\"@type\":\"ListItem\",\"position\":1,\"name\":\"Home\",\"item\":\"https:\/\/veritasinfo.org\/\"},{\"@type\":\"ListItem\",\"position\":2,\"name\":\"Ku\u00e7i: Serbia po p\u00ebrdor arrestime politike p\u00ebr t\u00eb fshehur spiunazhin e saj agresiv ndaj Kosov\u00ebs dhe Per\u00ebndimit\"}]},{\"@type\":\"WebSite\",\"@id\":\"https:\/\/veritasinfo.org\/#website\",\"url\":\"https:\/\/veritasinfo.org\/\",\"name\":\"\",\"description\":\"\",\"potentialAction\":[{\"@type\":\"SearchAction\",\"target\":{\"@type\":\"EntryPoint\",\"urlTemplate\":\"https:\/\/veritasinfo.org\/?s={search_term_string}\"},\"query-input\":{\"@type\":\"PropertyValueSpecification\",\"valueRequired\":true,\"valueName\":\"search_term_string\"}}],\"inLanguage\":\"en-US\"},{\"@type\":\"Person\",\"@id\":\"https:\/\/veritasinfo.org\/#\/schema\/person\/7701f8c088bece422266b100a712374f\",\"name\":\"admin\",\"image\":{\"@type\":\"ImageObject\",\"inLanguage\":\"en-US\",\"@id\":\"https:\/\/veritasinfo.org\/#\/schema\/person\/image\/\",\"url\":\"https:\/\/secure.gravatar.com\/avatar\/ea53aa3bf6c9a12d5fde8ce4deff43fef3885ae33cf60184161a50d6987cfd2f?s=96&d=mm&r=g\",\"contentUrl\":\"https:\/\/secure.gravatar.com\/avatar\/ea53aa3bf6c9a12d5fde8ce4deff43fef3885ae33cf60184161a50d6987cfd2f?s=96&d=mm&r=g\",\"caption\":\"admin\"},\"sameAs\":[\"https:\/\/veritasinfo.org\"],\"url\":\"https:\/\/veritasinfo.org\/?author=1\"}]}<\/script>\n<!-- \/ Yoast SEO plugin. -->","yoast_head_json":{"title":"Ku\u00e7i: Serbia po p\u00ebrdor arrestime politike p\u00ebr t\u00eb fshehur spiunazhin e saj agresiv ndaj Kosov\u00ebs dhe Per\u00ebndimit -","robots":{"index":"index","follow":"follow","max-snippet":"max-snippet:-1","max-image-preview":"max-image-preview:large","max-video-preview":"max-video-preview:-1"},"canonical":"https:\/\/veritasinfo.org\/?p=5826","og_locale":"en_US","og_type":"article","og_title":"Ku\u00e7i: Serbia po p\u00ebrdor arrestime politike p\u00ebr t\u00eb fshehur spiunazhin e saj agresiv ndaj Kosov\u00ebs dhe Per\u00ebndimit -","og_description":"Prishtin\u00eb, 30 Korrik 2025 Guraku\u00e7 Ku\u00e7i, Hulumtuesi i Lart\u00eb n\u00eb Institutin p\u00ebr Studime t\u00eb Luft\u00ebs Hibride \u201cOCTOPUS\u201d, ka reaguar ndaj val\u00ebs s\u00eb fundit t\u00eb arrestimeve","og_url":"https:\/\/veritasinfo.org\/?p=5826","article_published_time":"2025-07-30T05:22:12+00:00","og_image":[{"width":960,"height":640,"url":"https:\/\/veritasinfo.org\/wp-content\/uploads\/2025\/07\/IMG_2410.jpeg","type":"image\/jpeg"}],"author":"admin","twitter_card":"summary_large_image","twitter_misc":{"Written by":"admin","Est. reading time":"2 minutes"},"schema":{"@context":"https:\/\/schema.org","@graph":[{"@type":"WebPage","@id":"https:\/\/veritasinfo.org\/?p=5826","url":"https:\/\/veritasinfo.org\/?p=5826","name":"Ku\u00e7i: Serbia po p\u00ebrdor arrestime politike p\u00ebr t\u00eb fshehur spiunazhin e saj agresiv ndaj Kosov\u00ebs dhe Per\u00ebndimit -","isPartOf":{"@id":"https:\/\/veritasinfo.org\/#website"},"primaryImageOfPage":{"@id":"https:\/\/veritasinfo.org\/?p=5826#primaryimage"},"image":{"@id":"https:\/\/veritasinfo.org\/?p=5826#primaryimage"},"thumbnailUrl":"https:\/\/veritasinfo.org\/wp-content\/uploads\/2025\/07\/IMG_2410.jpeg","datePublished":"2025-07-30T05:22:12+00:00","author":{"@id":"https:\/\/veritasinfo.org\/#\/schema\/person\/7701f8c088bece422266b100a712374f"},"breadcrumb":{"@id":"https:\/\/veritasinfo.org\/?p=5826#breadcrumb"},"inLanguage":"en-US","potentialAction":[{"@type":"ReadAction","target":["https:\/\/veritasinfo.org\/?p=5826"]}]},{"@type":"ImageObject","inLanguage":"en-US","@id":"https:\/\/veritasinfo.org\/?p=5826#primaryimage","url":"https:\/\/veritasinfo.org\/wp-content\/uploads\/2025\/07\/IMG_2410.jpeg","contentUrl":"https:\/\/veritasinfo.org\/wp-content\/uploads\/2025\/07\/IMG_2410.jpeg","width":960,"height":640},{"@type":"BreadcrumbList","@id":"https:\/\/veritasinfo.org\/?p=5826#breadcrumb","itemListElement":[{"@type":"ListItem","position":1,"name":"Home","item":"https:\/\/veritasinfo.org\/"},{"@type":"ListItem","position":2,"name":"Ku\u00e7i: Serbia po p\u00ebrdor arrestime politike p\u00ebr t\u00eb fshehur spiunazhin e saj agresiv ndaj Kosov\u00ebs dhe Per\u00ebndimit"}]},{"@type":"WebSite","@id":"https:\/\/veritasinfo.org\/#website","url":"https:\/\/veritasinfo.org\/","name":"","description":"","potentialAction":[{"@type":"SearchAction","target":{"@type":"EntryPoint","urlTemplate":"https:\/\/veritasinfo.org\/?s={search_term_string}"},"query-input":{"@type":"PropertyValueSpecification","valueRequired":true,"valueName":"search_term_string"}}],"inLanguage":"en-US"},{"@type":"Person","@id":"https:\/\/veritasinfo.org\/#\/schema\/person\/7701f8c088bece422266b100a712374f","name":"admin","image":{"@type":"ImageObject","inLanguage":"en-US","@id":"https:\/\/veritasinfo.org\/#\/schema\/person\/image\/","url":"https:\/\/secure.gravatar.com\/avatar\/ea53aa3bf6c9a12d5fde8ce4deff43fef3885ae33cf60184161a50d6987cfd2f?s=96&d=mm&r=g","contentUrl":"https:\/\/secure.gravatar.com\/avatar\/ea53aa3bf6c9a12d5fde8ce4deff43fef3885ae33cf60184161a50d6987cfd2f?s=96&d=mm&r=g","caption":"admin"},"sameAs":["https:\/\/veritasinfo.org"],"url":"https:\/\/veritasinfo.org\/?author=1"}]}},"featured_image_urls":{"full":["https:\/\/veritasinfo.org\/wp-content\/uploads\/2025\/07\/IMG_2410.jpeg",960,640,false],"thumbnail":["https:\/\/veritasinfo.org\/wp-content\/uploads\/2025\/07\/IMG_2410-150x150.jpeg",150,150,true],"medium":["https:\/\/veritasinfo.org\/wp-content\/uploads\/2025\/07\/IMG_2410-300x200.jpeg",300,200,true],"medium_large":["https:\/\/veritasinfo.org\/wp-content\/uploads\/2025\/07\/IMG_2410-768x512.jpeg",640,427,true],"large":["https:\/\/veritasinfo.org\/wp-content\/uploads\/2025\/07\/IMG_2410.jpeg",640,427,false],"1536x1536":["https:\/\/veritasinfo.org\/wp-content\/uploads\/2025\/07\/IMG_2410.jpeg",960,640,false],"2048x2048":["https:\/\/veritasinfo.org\/wp-content\/uploads\/2025\/07\/IMG_2410.jpeg",960,640,false],"kreeti-slider-full":["https:\/\/veritasinfo.org\/wp-content\/uploads\/2025\/07\/IMG_2410.jpeg",960,640,false],"kreeti-featured":["https:\/\/veritasinfo.org\/wp-content\/uploads\/2025\/07\/IMG_2410.jpeg",960,640,false],"kreeti-medium":["https:\/\/veritasinfo.org\/wp-content\/uploads\/2025\/07\/IMG_2410.jpeg",720,480,false],"kreeti-medium-square":["https:\/\/veritasinfo.org\/wp-content\/uploads\/2025\/07\/IMG_2410.jpeg",350,233,false]},"author_info":{"info":["admin"]},"category_info":"<a href=\"https:\/\/veritasinfo.org\/?cat=58\" rel=\"category\">Politik\u00eb<\/a>","tag_info":"Politik\u00eb","comment_count":"0","_links":{"self":[{"href":"https:\/\/veritasinfo.org\/index.php?rest_route=\/wp\/v2\/posts\/5826","targetHints":{"allow":["GET"]}}],"collection":[{"href":"https:\/\/veritasinfo.org\/index.php?rest_route=\/wp\/v2\/posts"}],"about":[{"href":"https:\/\/veritasinfo.org\/index.php?rest_route=\/wp\/v2\/types\/post"}],"author":[{"embeddable":true,"href":"https:\/\/veritasinfo.org\/index.php?rest_route=\/wp\/v2\/users\/1"}],"replies":[{"embeddable":true,"href":"https:\/\/veritasinfo.org\/index.php?rest_route=%2Fwp%2Fv2%2Fcomments&post=5826"}],"version-history":[{"count":1,"href":"https:\/\/veritasinfo.org\/index.php?rest_route=\/wp\/v2\/posts\/5826\/revisions"}],"predecessor-version":[{"id":5828,"href":"https:\/\/veritasinfo.org\/index.php?rest_route=\/wp\/v2\/posts\/5826\/revisions\/5828"}],"wp:featuredmedia":[{"embeddable":true,"href":"https:\/\/veritasinfo.org\/index.php?rest_route=\/wp\/v2\/media\/5827"}],"wp:attachment":[{"href":"https:\/\/veritasinfo.org\/index.php?rest_route=%2Fwp%2Fv2%2Fmedia&parent=5826"}],"wp:term":[{"taxonomy":"category","embeddable":true,"href":"https:\/\/veritasinfo.org\/index.php?rest_route=%2Fwp%2Fv2%2Fcategories&post=5826"},{"taxonomy":"post_tag","embeddable":true,"href":"https:\/\/veritasinfo.org\/index.php?rest_route=%2Fwp%2Fv2%2Ftags&post=5826"}],"curies":[{"name":"wp","href":"https:\/\/api.w.org\/{rel}","templated":true}]}}