{"id":5810,"date":"2025-07-29T20:58:18","date_gmt":"2025-07-29T18:58:18","guid":{"rendered":"https:\/\/veritasinfo.org\/?p=5810"},"modified":"2025-07-29T20:58:18","modified_gmt":"2025-07-29T18:58:18","slug":"igor-popoviq-i-zyres-per-kosove-incizon-kunderligjshem-bisedimet-ne-bruksel-per-interes-te-bia-s","status":"publish","type":"post","link":"https:\/\/veritasinfo.org\/?p=5810","title":{"rendered":"Igor Popoviq i &#8220;Zyr\u00ebs p\u00ebr Kosov\u00eb&#8221; incizon kund\u00ebrligjsh\u00ebm bisedimet n\u00eb Bruksel p\u00ebr interes t\u00eb BIA-s"},"content":{"rendered":"<p>Beograd, 29 Korrik 2025<\/p>\n<p>Ndihm\u00ebsi i drejtorit i t\u00eb ashtuquajtur\u00ebs Zyr\u00eb p\u00ebr Kosov\u00ebn n\u00eb Qeverin\u00eb e Serbis\u00eb, Igor Popoviq, ka incizuar fshehurazi-p\u00ebrgjuar p\u00ebr llogari t\u00eb BIA-s serbe, nj\u00eb takim zyrtar n\u00eb Bruksel mes p\u00ebrfaq\u00ebsuesve serb\u00eb dhe zyrtar\u00ebve t\u00eb Bashkimit Evropian. Takimi \u00ebsht\u00eb mbajtur m\u00eb 17 shtator 2020. Ky incizim u transmetua sot n\u00eb emisionin \u201cFive\u201d, RTV Dukagjini.<\/p>\n<p>Kujtojm\u00eb se Popoviq \u00ebsht\u00eb arrestuar nga autoritetet e Kosov\u00ebs dhe po hetohet p\u00ebr vepr\u00ebn penale \u201cnxitje e p\u00ebr\u00e7arjes dhe mosdurimit\u201d,<\/p>\n<p>Nd\u00ebrkaq, Gjykata Themelore n\u00eb Prishtin\u00eb i ka caktuar mas\u00ebn e paraburgimit prej nj\u00eb muaji Popoviqit.<\/p>\n<p>N\u00eb incizim d\u00ebgjohet fillimisht nj\u00eb komunikim n\u00eb serbisht me fraz\u00ebn \u201ca je gati? Po\u2026 incizo\u201d, q\u00eb n\u00ebnkupton nisjen e nj\u00eb incizimi t\u00eb fsheht\u00eb.<\/p>\n<p>M\u00eb tej n\u00eb takim, d\u00ebgjohet nj\u00eb burr\u00eb q\u00eb fton Igor Popoviqin p\u00ebr t\u00eb prezantuar, nd\u00ebrsa prezantimi zhvillohet m\u00eb pas nga nj\u00eb p\u00ebrfaq\u00ebsuese me emrin Nevena.<\/p>\n<p>N\u00eb k\u00ebt\u00eb prezantim flitet p\u00ebr \u201cpronat e Republik\u00ebs s\u00eb Serbis\u00eb\u201d n\u00eb territorin e Kosov\u00ebs, duke p\u00ebrfshir\u00eb ato t\u00eb Kish\u00ebs Ortodokse Serbe dhe komuniteteve joshqiptare. Nevena thekson se zgjidhja e k\u00ebsaj \u00e7\u00ebshtjeje k\u00ebrkon \u201cdialog politik n\u00eb nivel t\u00eb lart\u00eb dhe marr\u00ebveshje p\u00ebrfundimtare dhe ligj\u00ebrisht t\u00eb obligueshme\u201d.<\/p>\n<p>\u201cDo t\u00eb filloj\u00eb me tem\u00ebn e par\u00eb, fushveprimi dhe struktura e c\u00ebshtjes s\u00eb pronave.<\/p>\n<p>N\u00eb terme t\u00eb gjera, \u00e7\u00ebshtja e pronave mbulon pronat e Republik\u00ebs s\u00eb Serbis\u00eb, t\u00eb operator\u00ebve ekonomik\u00eb t\u00eb Republik\u00ebs s\u00eb Serbis\u00eb, n\u00eb territorin e Kosov\u00ebs, nd\u00ebrmarrjet q\u00eb jan\u00eb pron\u00eb e shtetit, kompani dhe korporata private q\u00eb i takojn\u00eb serb\u00ebve dhe popullat\u00ebs jo-shqiptare n\u00eb Kosov\u00eb dhe pronat e Kish\u00ebs Ortodokse Serbe.<\/p>\n<p>Niveli politik i zgjidhjes s\u00eb \u00e7\u00ebshtjes s\u00eb pronave do t\u00eb n\u00ebnkuptonte dialog t\u00eb nivelit t\u00eb lart\u00eb q\u00eb do t\u00eb arrij\u00eb vendime p\u00ebrfundimtare dhe ligj\u00ebrisht obliguese n\u00eb t\u00eb gjitha rastet, t\u00eb cilat nuk mund t\u00eb zgjidhen n\u00eb nivele m\u00eb t\u00eb ul\u00ebta\u201d, d\u00ebgjohet t\u00eb thot\u00eb n\u00eb anglisht p\u00ebrfaq\u00ebsuesja serbe para zyrtar\u00ebve t\u00eb BE-s\u00eb.<\/p>\n<p>Pas p\u00ebrfundimit t\u00eb prezantimit, incizimi vazhdon me biseda t\u00eb lira n\u00eb ambientet e nd\u00ebrtes\u00ebs ku po mbahej takimi, p\u00ebrfshir\u00eb diskutime mbi kufizimet e pandemis\u00eb dhe oraret e pun\u00ebs.<\/p>\n<p>\u201cShpresojm\u00eb q\u00eb t\u00eb diel\u00ebn q\u00eb k\u00ebto rregulla t\u00eb COVID-it do t\u00eb zhduken mrekullisht\u201d, d\u00ebgjohet t\u00eb thot\u00eb nj\u00eb grua pas takimit.<\/p>\n<p>N\u00eb nj\u00eb pjes\u00eb tjet\u00ebr t\u00eb audio-incizimit, d\u00ebgjohet vet\u00eb Igor Popoviq duke komentuar: \u201cMendoj se desh\u00ebn t\u00eb eksplodojn\u00eb kur e d\u00ebgjuan at\u00eb (prezantimin)\u201d. Nd\u00ebrsa nj\u00ebra nga bashk\u00ebbisedueset e pyet: \u201cA ia dol\u00ebt krejt ta merrni?\u201d, me tjetr\u00ebn q\u00eb shton \u201ce aktivizuam\u201d. Sipas Popoviqit, rreth \u201cdhjet\u00eb minuta\u201d sa ka zgjatur takimi, e kan\u00eb incizuar t\u00eb t\u00ebrin.<\/p>\n<p>&nbsp;<\/p>\n","protected":false},"excerpt":{"rendered":"<p>Beograd, 29 Korrik 2025 Ndihm\u00ebsi i drejtorit i t\u00eb ashtuquajtur\u00ebs Zyr\u00eb p\u00ebr Kosov\u00ebn n\u00eb Qeverin\u00eb e Serbis\u00eb, Igor Popoviq, ka incizuar fshehurazi-p\u00ebrgjuar p\u00ebr llogari t\u00eb<\/p>\n","protected":false},"author":1,"featured_media":5794,"comment_status":"open","ping_status":"open","sticky":false,"template":"","format":"standard","meta":{"footnotes":""},"categories":[58],"tags":[],"class_list":["post-5810","post","type-post","status-publish","format-standard","has-post-thumbnail","hentry","category-politike-sq"],"yoast_head":"<!-- This site is optimized with the Yoast SEO plugin v25.3.1 - https:\/\/yoast.com\/wordpress\/plugins\/seo\/ -->\n<title>Igor Popoviq i &quot;Zyr\u00ebs p\u00ebr Kosov\u00eb&quot; incizon kund\u00ebrligjsh\u00ebm bisedimet n\u00eb Bruksel p\u00ebr interes t\u00eb BIA-s -<\/title>\n<meta name=\"robots\" content=\"index, follow, max-snippet:-1, max-image-preview:large, max-video-preview:-1\" \/>\n<link rel=\"canonical\" href=\"https:\/\/veritasinfo.org\/?p=5810\" \/>\n<meta property=\"og:locale\" content=\"en_US\" \/>\n<meta property=\"og:type\" content=\"article\" \/>\n<meta property=\"og:title\" content=\"Igor Popoviq i &quot;Zyr\u00ebs p\u00ebr Kosov\u00eb&quot; incizon kund\u00ebrligjsh\u00ebm bisedimet n\u00eb Bruksel p\u00ebr interes t\u00eb BIA-s -\" \/>\n<meta property=\"og:description\" content=\"Beograd, 29 Korrik 2025 Ndihm\u00ebsi i drejtorit i t\u00eb ashtuquajtur\u00ebs Zyr\u00eb p\u00ebr Kosov\u00ebn n\u00eb Qeverin\u00eb e Serbis\u00eb, Igor Popoviq, ka incizuar fshehurazi-p\u00ebrgjuar p\u00ebr llogari t\u00eb\" \/>\n<meta property=\"og:url\" content=\"https:\/\/veritasinfo.org\/?p=5810\" \/>\n<meta property=\"article:published_time\" content=\"2025-07-29T18:58:18+00:00\" \/>\n<meta property=\"og:image\" content=\"https:\/\/veritasinfo.org\/wp-content\/uploads\/2025\/07\/IMG_2405.jpeg\" \/>\n\t<meta property=\"og:image:width\" content=\"780\" \/>\n\t<meta property=\"og:image:height\" content=\"439\" \/>\n\t<meta property=\"og:image:type\" content=\"image\/jpeg\" \/>\n<meta name=\"author\" content=\"admin\" \/>\n<meta name=\"twitter:card\" content=\"summary_large_image\" \/>\n<meta name=\"twitter:label1\" content=\"Written by\" \/>\n\t<meta name=\"twitter:data1\" content=\"admin\" \/>\n\t<meta name=\"twitter:label2\" content=\"Est. reading time\" \/>\n\t<meta name=\"twitter:data2\" content=\"2 minutes\" \/>\n<script type=\"application\/ld+json\" class=\"yoast-schema-graph\">{\"@context\":\"https:\/\/schema.org\",\"@graph\":[{\"@type\":\"WebPage\",\"@id\":\"https:\/\/veritasinfo.org\/?p=5810\",\"url\":\"https:\/\/veritasinfo.org\/?p=5810\",\"name\":\"Igor Popoviq i \\\"Zyr\u00ebs p\u00ebr Kosov\u00eb\\\" incizon kund\u00ebrligjsh\u00ebm bisedimet n\u00eb Bruksel p\u00ebr interes t\u00eb BIA-s -\",\"isPartOf\":{\"@id\":\"https:\/\/veritasinfo.org\/#website\"},\"primaryImageOfPage\":{\"@id\":\"https:\/\/veritasinfo.org\/?p=5810#primaryimage\"},\"image\":{\"@id\":\"https:\/\/veritasinfo.org\/?p=5810#primaryimage\"},\"thumbnailUrl\":\"https:\/\/veritasinfo.org\/wp-content\/uploads\/2025\/07\/IMG_2405.jpeg\",\"datePublished\":\"2025-07-29T18:58:18+00:00\",\"author\":{\"@id\":\"https:\/\/veritasinfo.org\/#\/schema\/person\/7701f8c088bece422266b100a712374f\"},\"breadcrumb\":{\"@id\":\"https:\/\/veritasinfo.org\/?p=5810#breadcrumb\"},\"inLanguage\":\"en-US\",\"potentialAction\":[{\"@type\":\"ReadAction\",\"target\":[\"https:\/\/veritasinfo.org\/?p=5810\"]}]},{\"@type\":\"ImageObject\",\"inLanguage\":\"en-US\",\"@id\":\"https:\/\/veritasinfo.org\/?p=5810#primaryimage\",\"url\":\"https:\/\/veritasinfo.org\/wp-content\/uploads\/2025\/07\/IMG_2405.jpeg\",\"contentUrl\":\"https:\/\/veritasinfo.org\/wp-content\/uploads\/2025\/07\/IMG_2405.jpeg\",\"width\":780,\"height\":439},{\"@type\":\"BreadcrumbList\",\"@id\":\"https:\/\/veritasinfo.org\/?p=5810#breadcrumb\",\"itemListElement\":[{\"@type\":\"ListItem\",\"position\":1,\"name\":\"Home\",\"item\":\"https:\/\/veritasinfo.org\/\"},{\"@type\":\"ListItem\",\"position\":2,\"name\":\"Igor Popoviq i &#8220;Zyr\u00ebs p\u00ebr Kosov\u00eb&#8221; incizon kund\u00ebrligjsh\u00ebm bisedimet n\u00eb Bruksel p\u00ebr interes t\u00eb BIA-s\"}]},{\"@type\":\"WebSite\",\"@id\":\"https:\/\/veritasinfo.org\/#website\",\"url\":\"https:\/\/veritasinfo.org\/\",\"name\":\"\",\"description\":\"\",\"potentialAction\":[{\"@type\":\"SearchAction\",\"target\":{\"@type\":\"EntryPoint\",\"urlTemplate\":\"https:\/\/veritasinfo.org\/?s={search_term_string}\"},\"query-input\":{\"@type\":\"PropertyValueSpecification\",\"valueRequired\":true,\"valueName\":\"search_term_string\"}}],\"inLanguage\":\"en-US\"},{\"@type\":\"Person\",\"@id\":\"https:\/\/veritasinfo.org\/#\/schema\/person\/7701f8c088bece422266b100a712374f\",\"name\":\"admin\",\"image\":{\"@type\":\"ImageObject\",\"inLanguage\":\"en-US\",\"@id\":\"https:\/\/veritasinfo.org\/#\/schema\/person\/image\/\",\"url\":\"https:\/\/secure.gravatar.com\/avatar\/ea53aa3bf6c9a12d5fde8ce4deff43fef3885ae33cf60184161a50d6987cfd2f?s=96&d=mm&r=g\",\"contentUrl\":\"https:\/\/secure.gravatar.com\/avatar\/ea53aa3bf6c9a12d5fde8ce4deff43fef3885ae33cf60184161a50d6987cfd2f?s=96&d=mm&r=g\",\"caption\":\"admin\"},\"sameAs\":[\"https:\/\/veritasinfo.org\"],\"url\":\"https:\/\/veritasinfo.org\/?author=1\"}]}<\/script>\n<!-- \/ Yoast SEO plugin. -->","yoast_head_json":{"title":"Igor Popoviq i \"Zyr\u00ebs p\u00ebr Kosov\u00eb\" incizon kund\u00ebrligjsh\u00ebm bisedimet n\u00eb Bruksel p\u00ebr interes t\u00eb BIA-s -","robots":{"index":"index","follow":"follow","max-snippet":"max-snippet:-1","max-image-preview":"max-image-preview:large","max-video-preview":"max-video-preview:-1"},"canonical":"https:\/\/veritasinfo.org\/?p=5810","og_locale":"en_US","og_type":"article","og_title":"Igor Popoviq i \"Zyr\u00ebs p\u00ebr Kosov\u00eb\" incizon kund\u00ebrligjsh\u00ebm bisedimet n\u00eb Bruksel p\u00ebr interes t\u00eb BIA-s -","og_description":"Beograd, 29 Korrik 2025 Ndihm\u00ebsi i drejtorit i t\u00eb ashtuquajtur\u00ebs Zyr\u00eb p\u00ebr Kosov\u00ebn n\u00eb Qeverin\u00eb e Serbis\u00eb, Igor Popoviq, ka incizuar fshehurazi-p\u00ebrgjuar p\u00ebr llogari t\u00eb","og_url":"https:\/\/veritasinfo.org\/?p=5810","article_published_time":"2025-07-29T18:58:18+00:00","og_image":[{"width":780,"height":439,"url":"https:\/\/veritasinfo.org\/wp-content\/uploads\/2025\/07\/IMG_2405.jpeg","type":"image\/jpeg"}],"author":"admin","twitter_card":"summary_large_image","twitter_misc":{"Written by":"admin","Est. reading time":"2 minutes"},"schema":{"@context":"https:\/\/schema.org","@graph":[{"@type":"WebPage","@id":"https:\/\/veritasinfo.org\/?p=5810","url":"https:\/\/veritasinfo.org\/?p=5810","name":"Igor Popoviq i \"Zyr\u00ebs p\u00ebr Kosov\u00eb\" incizon kund\u00ebrligjsh\u00ebm bisedimet n\u00eb Bruksel p\u00ebr interes t\u00eb BIA-s -","isPartOf":{"@id":"https:\/\/veritasinfo.org\/#website"},"primaryImageOfPage":{"@id":"https:\/\/veritasinfo.org\/?p=5810#primaryimage"},"image":{"@id":"https:\/\/veritasinfo.org\/?p=5810#primaryimage"},"thumbnailUrl":"https:\/\/veritasinfo.org\/wp-content\/uploads\/2025\/07\/IMG_2405.jpeg","datePublished":"2025-07-29T18:58:18+00:00","author":{"@id":"https:\/\/veritasinfo.org\/#\/schema\/person\/7701f8c088bece422266b100a712374f"},"breadcrumb":{"@id":"https:\/\/veritasinfo.org\/?p=5810#breadcrumb"},"inLanguage":"en-US","potentialAction":[{"@type":"ReadAction","target":["https:\/\/veritasinfo.org\/?p=5810"]}]},{"@type":"ImageObject","inLanguage":"en-US","@id":"https:\/\/veritasinfo.org\/?p=5810#primaryimage","url":"https:\/\/veritasinfo.org\/wp-content\/uploads\/2025\/07\/IMG_2405.jpeg","contentUrl":"https:\/\/veritasinfo.org\/wp-content\/uploads\/2025\/07\/IMG_2405.jpeg","width":780,"height":439},{"@type":"BreadcrumbList","@id":"https:\/\/veritasinfo.org\/?p=5810#breadcrumb","itemListElement":[{"@type":"ListItem","position":1,"name":"Home","item":"https:\/\/veritasinfo.org\/"},{"@type":"ListItem","position":2,"name":"Igor Popoviq i &#8220;Zyr\u00ebs p\u00ebr Kosov\u00eb&#8221; incizon kund\u00ebrligjsh\u00ebm bisedimet n\u00eb Bruksel p\u00ebr interes t\u00eb BIA-s"}]},{"@type":"WebSite","@id":"https:\/\/veritasinfo.org\/#website","url":"https:\/\/veritasinfo.org\/","name":"","description":"","potentialAction":[{"@type":"SearchAction","target":{"@type":"EntryPoint","urlTemplate":"https:\/\/veritasinfo.org\/?s={search_term_string}"},"query-input":{"@type":"PropertyValueSpecification","valueRequired":true,"valueName":"search_term_string"}}],"inLanguage":"en-US"},{"@type":"Person","@id":"https:\/\/veritasinfo.org\/#\/schema\/person\/7701f8c088bece422266b100a712374f","name":"admin","image":{"@type":"ImageObject","inLanguage":"en-US","@id":"https:\/\/veritasinfo.org\/#\/schema\/person\/image\/","url":"https:\/\/secure.gravatar.com\/avatar\/ea53aa3bf6c9a12d5fde8ce4deff43fef3885ae33cf60184161a50d6987cfd2f?s=96&d=mm&r=g","contentUrl":"https:\/\/secure.gravatar.com\/avatar\/ea53aa3bf6c9a12d5fde8ce4deff43fef3885ae33cf60184161a50d6987cfd2f?s=96&d=mm&r=g","caption":"admin"},"sameAs":["https:\/\/veritasinfo.org"],"url":"https:\/\/veritasinfo.org\/?author=1"}]}},"featured_image_urls":{"full":["https:\/\/veritasinfo.org\/wp-content\/uploads\/2025\/07\/IMG_2405.jpeg",780,439,false],"thumbnail":["https:\/\/veritasinfo.org\/wp-content\/uploads\/2025\/07\/IMG_2405-150x150.jpeg",150,150,true],"medium":["https:\/\/veritasinfo.org\/wp-content\/uploads\/2025\/07\/IMG_2405-300x169.jpeg",300,169,true],"medium_large":["https:\/\/veritasinfo.org\/wp-content\/uploads\/2025\/07\/IMG_2405-768x432.jpeg",640,360,true],"large":["https:\/\/veritasinfo.org\/wp-content\/uploads\/2025\/07\/IMG_2405.jpeg",640,360,false],"1536x1536":["https:\/\/veritasinfo.org\/wp-content\/uploads\/2025\/07\/IMG_2405.jpeg",780,439,false],"2048x2048":["https:\/\/veritasinfo.org\/wp-content\/uploads\/2025\/07\/IMG_2405.jpeg",780,439,false],"kreeti-slider-full":["https:\/\/veritasinfo.org\/wp-content\/uploads\/2025\/07\/IMG_2405.jpeg",780,439,false],"kreeti-featured":["https:\/\/veritasinfo.org\/wp-content\/uploads\/2025\/07\/IMG_2405.jpeg",780,439,false],"kreeti-medium":["https:\/\/veritasinfo.org\/wp-content\/uploads\/2025\/07\/IMG_2405.jpeg",720,405,false],"kreeti-medium-square":["https:\/\/veritasinfo.org\/wp-content\/uploads\/2025\/07\/IMG_2405.jpeg",350,197,false]},"author_info":{"info":["admin"]},"category_info":"<a href=\"https:\/\/veritasinfo.org\/?cat=58\" rel=\"category\">Politik\u00eb<\/a>","tag_info":"Politik\u00eb","comment_count":"0","_links":{"self":[{"href":"https:\/\/veritasinfo.org\/index.php?rest_route=\/wp\/v2\/posts\/5810","targetHints":{"allow":["GET"]}}],"collection":[{"href":"https:\/\/veritasinfo.org\/index.php?rest_route=\/wp\/v2\/posts"}],"about":[{"href":"https:\/\/veritasinfo.org\/index.php?rest_route=\/wp\/v2\/types\/post"}],"author":[{"embeddable":true,"href":"https:\/\/veritasinfo.org\/index.php?rest_route=\/wp\/v2\/users\/1"}],"replies":[{"embeddable":true,"href":"https:\/\/veritasinfo.org\/index.php?rest_route=%2Fwp%2Fv2%2Fcomments&post=5810"}],"version-history":[{"count":1,"href":"https:\/\/veritasinfo.org\/index.php?rest_route=\/wp\/v2\/posts\/5810\/revisions"}],"predecessor-version":[{"id":5811,"href":"https:\/\/veritasinfo.org\/index.php?rest_route=\/wp\/v2\/posts\/5810\/revisions\/5811"}],"wp:featuredmedia":[{"embeddable":true,"href":"https:\/\/veritasinfo.org\/index.php?rest_route=\/wp\/v2\/media\/5794"}],"wp:attachment":[{"href":"https:\/\/veritasinfo.org\/index.php?rest_route=%2Fwp%2Fv2%2Fmedia&parent=5810"}],"wp:term":[{"taxonomy":"category","embeddable":true,"href":"https:\/\/veritasinfo.org\/index.php?rest_route=%2Fwp%2Fv2%2Fcategories&post=5810"},{"taxonomy":"post_tag","embeddable":true,"href":"https:\/\/veritasinfo.org\/index.php?rest_route=%2Fwp%2Fv2%2Ftags&post=5810"}],"curies":[{"name":"wp","href":"https:\/\/api.w.org\/{rel}","templated":true}]}}