{"id":581,"date":"2025-06-14T09:41:45","date_gmt":"2025-06-14T11:41:45","guid":{"rendered":"https:\/\/veritasinfo.org\/?p=581"},"modified":"2025-06-14T09:42:20","modified_gmt":"2025-06-14T11:42:20","slug":"petar-petkovic-vlasti-u-pristini-privele-trojicu-mup-a-srbije","status":"publish","type":"post","link":"https:\/\/veritasinfo.org\/?p=581&lang=sr","title":{"rendered":"Petar Petkovic\u0301: Vlasti u Pri\u0161tini privele trojicu MUP-a Srbije"},"content":{"rendered":"<p><strong>Beograd, 14 Jun 2025<\/strong><\/p>\n<p>Direktor Kancelarije za Kosovo, Petar Petkovi\u0107 saop\u0161tio je da su vlasti u Pri\u0161tini, po direktnom nalogu Aljbina Kurtija privele sino\u0107 i jutros trojicu pripadnika Ministarstva unutra\u0161njih poslova i jednog penzionisanog policajca na prelazima i to bez ikakvog osnova ili povoda, ve\u0107 isklju\u010divo, kako je naglasio, kao vid politi\u010dki motivisane odmazde protiv srpskog naroda.<\/p>\n<p>\u201cSino\u0107 su na Brnjaku privedeni pripadnik MUP N. V. (26), kao i M. S. (53), penzionisani policajac, dok je danas na Jarinju priveden M. M. (28) tako\u0111e pripadnik MUP, a na prelazu Kon\u010dulj Pri\u0161tina je privela i A. M. (36), tako\u0111e pripadnika MUP Srbija\u201d, saop\u0161tio je Petkovi\u0107.<\/p>\n<p>Istakao je da svi oni sa porodicama mirno godinama \u017eive na Kosovu i svoje du\u017enosti obavljaju u policijskim upravama na teritoriji centralne Srbije.<\/p>\n<p>\u201cOni se trenutno nalaze u pritvorima i Kancelarija za Kosovo svima \u0107e obezbediti besplatnu pravnu pomo\u0107, a o njihovom protivpravnom li\u0161avanju slobode obavesti\u0107emo diplomatskim kanalima sve me\u0111unarodne predstavnike, kao i posrednika u dijalogu Petera Sorensena\u201d, navodi Petkovi\u0107.<\/p>\n<p>Dodao je da su Kurti i Sve\u010dlja doneli odluku o protivpravnom proterivanju N. V. \u0161to je, kako ocenjuje, nezapam\u0107eni presedan i potez Pri\u0161tine, te da \u0107e ovaj novi \u201ctalas represije\u201d imati opasne i ozbiljne implikacije na normalizaciju odnosa i sproveden je s ciljem zao\u0161travanja i podizanja me\u0111uetni\u010dkih tenzija.<\/p>\n<p>Podsetio je da je ju\u010de podignuta optu\u017enica protiv \u010dlana Predsedni\u0161tva Srpske liste Slavka Simi\u0107a.<\/p>\n<p>\u201cMontirana politi\u010dka optu\u017enica, kao deo poku\u0161aja kriminalizacije istinskih boraca za interese srpskog naroda i poku\u0161aja zabrane Srpske liste \u0161to je li\u010dna opsesija Aljbina Kurtija.Slavko Simi\u0107, kao i svi \u010destiti Srbi na Kosovu smetnja je vlastima u Pri\u0161tini jer su mu interesi srpskog naroda iznad svega i nikada nije niti \u0107e pristajati na ucene Kurtija i njegovih posilnih i napad na njega, napad je na svakog Srbina kome je srpstvo u srcu\u201d, zaklju\u010dio je Petkovi\u0107.<\/p>\n","protected":false},"excerpt":{"rendered":"<p>Beograd, 14 Jun 2025 Direktor Kancelarije za Kosovo, Petar Petkovi\u0107 saop\u0161tio je da su vlasti u Pri\u0161tini, po direktnom nalogu Aljbina Kurtija privele sino\u0107 i<\/p>\n","protected":false},"author":2,"featured_media":582,"comment_status":"open","ping_status":"open","sticky":false,"template":"","format":"standard","meta":{"footnotes":""},"categories":[28],"tags":[],"class_list":["post-581","post","type-post","status-publish","format-standard","has-post-thumbnail","hentry","category-politika"],"yoast_head":"<!-- This site is optimized with the Yoast SEO plugin v25.3.1 - https:\/\/yoast.com\/wordpress\/plugins\/seo\/ -->\n<title>Petar Petkovic\u0301: Vlasti u Pri\u0161tini privele trojicu MUP-a Srbije -<\/title>\n<meta name=\"robots\" content=\"index, follow, max-snippet:-1, max-image-preview:large, max-video-preview:-1\" \/>\n<link rel=\"canonical\" href=\"https:\/\/veritasinfo.org\/?p=581&lang=sr\" \/>\n<meta property=\"og:locale\" content=\"en_US\" \/>\n<meta property=\"og:type\" content=\"article\" \/>\n<meta property=\"og:title\" content=\"Petar Petkovic\u0301: Vlasti u Pri\u0161tini privele trojicu MUP-a Srbije -\" \/>\n<meta property=\"og:description\" content=\"Beograd, 14 Jun 2025 Direktor Kancelarije za Kosovo, Petar Petkovi\u0107 saop\u0161tio je da su vlasti u Pri\u0161tini, po direktnom nalogu Aljbina Kurtija privele sino\u0107 i\" \/>\n<meta property=\"og:url\" content=\"https:\/\/veritasinfo.org\/?p=581&amp;lang=sr\" \/>\n<meta property=\"article:published_time\" content=\"2025-06-14T11:41:45+00:00\" \/>\n<meta property=\"article:modified_time\" content=\"2025-06-14T11:42:20+00:00\" \/>\n<meta property=\"og:image\" content=\"https:\/\/veritasinfo.org\/wp-content\/uploads\/2025\/06\/petkoviq.jpg\" \/>\n\t<meta property=\"og:image:width\" content=\"585\" \/>\n\t<meta property=\"og:image:height\" content=\"344\" \/>\n\t<meta property=\"og:image:type\" content=\"image\/jpeg\" \/>\n<meta name=\"author\" content=\"US1\" \/>\n<meta name=\"twitter:card\" content=\"summary_large_image\" \/>\n<meta name=\"twitter:label1\" content=\"Written by\" \/>\n\t<meta name=\"twitter:data1\" content=\"US1\" \/>\n\t<meta name=\"twitter:label2\" content=\"Est. reading time\" \/>\n\t<meta name=\"twitter:data2\" content=\"2 minutes\" \/>\n<script type=\"application\/ld+json\" class=\"yoast-schema-graph\">{\"@context\":\"https:\/\/schema.org\",\"@graph\":[{\"@type\":\"WebPage\",\"@id\":\"https:\/\/veritasinfo.org\/?p=581&lang=sr\",\"url\":\"https:\/\/veritasinfo.org\/?p=581&lang=sr\",\"name\":\"Petar Petkovic\u0301: Vlasti u Pri\u0161tini privele trojicu MUP-a Srbije -\",\"isPartOf\":{\"@id\":\"https:\/\/veritasinfo.org\/#website\"},\"primaryImageOfPage\":{\"@id\":\"https:\/\/veritasinfo.org\/?p=581&lang=sr#primaryimage\"},\"image\":{\"@id\":\"https:\/\/veritasinfo.org\/?p=581&lang=sr#primaryimage\"},\"thumbnailUrl\":\"https:\/\/veritasinfo.org\/wp-content\/uploads\/2025\/06\/petkoviq.jpg\",\"datePublished\":\"2025-06-14T11:41:45+00:00\",\"dateModified\":\"2025-06-14T11:42:20+00:00\",\"author\":{\"@id\":\"https:\/\/veritasinfo.org\/#\/schema\/person\/c2b8be262ea994d0995addca692c5e98\"},\"breadcrumb\":{\"@id\":\"https:\/\/veritasinfo.org\/?p=581&lang=sr#breadcrumb\"},\"inLanguage\":\"en-US\",\"potentialAction\":[{\"@type\":\"ReadAction\",\"target\":[\"https:\/\/veritasinfo.org\/?p=581&lang=sr\"]}]},{\"@type\":\"ImageObject\",\"inLanguage\":\"en-US\",\"@id\":\"https:\/\/veritasinfo.org\/?p=581&lang=sr#primaryimage\",\"url\":\"https:\/\/veritasinfo.org\/wp-content\/uploads\/2025\/06\/petkoviq.jpg\",\"contentUrl\":\"https:\/\/veritasinfo.org\/wp-content\/uploads\/2025\/06\/petkoviq.jpg\",\"width\":585,\"height\":344},{\"@type\":\"BreadcrumbList\",\"@id\":\"https:\/\/veritasinfo.org\/?p=581&lang=sr#breadcrumb\",\"itemListElement\":[{\"@type\":\"ListItem\",\"position\":1,\"name\":\"Home\",\"item\":\"https:\/\/veritasinfo.org\/\"},{\"@type\":\"ListItem\",\"position\":2,\"name\":\"Petar Petkovic\u0301: Vlasti u Pri\u0161tini privele trojicu MUP-a Srbije\"}]},{\"@type\":\"WebSite\",\"@id\":\"https:\/\/veritasinfo.org\/#website\",\"url\":\"https:\/\/veritasinfo.org\/\",\"name\":\"\",\"description\":\"\",\"potentialAction\":[{\"@type\":\"SearchAction\",\"target\":{\"@type\":\"EntryPoint\",\"urlTemplate\":\"https:\/\/veritasinfo.org\/?s={search_term_string}\"},\"query-input\":{\"@type\":\"PropertyValueSpecification\",\"valueRequired\":true,\"valueName\":\"search_term_string\"}}],\"inLanguage\":\"en-US\"},{\"@type\":\"Person\",\"@id\":\"https:\/\/veritasinfo.org\/#\/schema\/person\/c2b8be262ea994d0995addca692c5e98\",\"name\":\"US1\",\"image\":{\"@type\":\"ImageObject\",\"inLanguage\":\"en-US\",\"@id\":\"https:\/\/veritasinfo.org\/#\/schema\/person\/image\/\",\"url\":\"https:\/\/secure.gravatar.com\/avatar\/4e96a59bd256abf9956eb9963ac891a47461ffb364d47b0e9aab113328fdb75b?s=96&d=mm&r=g\",\"contentUrl\":\"https:\/\/secure.gravatar.com\/avatar\/4e96a59bd256abf9956eb9963ac891a47461ffb364d47b0e9aab113328fdb75b?s=96&d=mm&r=g\",\"caption\":\"US1\"},\"url\":\"https:\/\/veritasinfo.org\/?author=2\"}]}<\/script>\n<!-- \/ Yoast SEO plugin. -->","yoast_head_json":{"title":"Petar Petkovic\u0301: Vlasti u Pri\u0161tini privele trojicu MUP-a Srbije -","robots":{"index":"index","follow":"follow","max-snippet":"max-snippet:-1","max-image-preview":"max-image-preview:large","max-video-preview":"max-video-preview:-1"},"canonical":"https:\/\/veritasinfo.org\/?p=581&lang=sr","og_locale":"en_US","og_type":"article","og_title":"Petar Petkovic\u0301: Vlasti u Pri\u0161tini privele trojicu MUP-a Srbije -","og_description":"Beograd, 14 Jun 2025 Direktor Kancelarije za Kosovo, Petar Petkovi\u0107 saop\u0161tio je da su vlasti u Pri\u0161tini, po direktnom nalogu Aljbina Kurtija privele sino\u0107 i","og_url":"https:\/\/veritasinfo.org\/?p=581&lang=sr","article_published_time":"2025-06-14T11:41:45+00:00","article_modified_time":"2025-06-14T11:42:20+00:00","og_image":[{"width":585,"height":344,"url":"https:\/\/veritasinfo.org\/wp-content\/uploads\/2025\/06\/petkoviq.jpg","type":"image\/jpeg"}],"author":"US1","twitter_card":"summary_large_image","twitter_misc":{"Written by":"US1","Est. reading time":"2 minutes"},"schema":{"@context":"https:\/\/schema.org","@graph":[{"@type":"WebPage","@id":"https:\/\/veritasinfo.org\/?p=581&lang=sr","url":"https:\/\/veritasinfo.org\/?p=581&lang=sr","name":"Petar Petkovic\u0301: Vlasti u Pri\u0161tini privele trojicu MUP-a Srbije -","isPartOf":{"@id":"https:\/\/veritasinfo.org\/#website"},"primaryImageOfPage":{"@id":"https:\/\/veritasinfo.org\/?p=581&lang=sr#primaryimage"},"image":{"@id":"https:\/\/veritasinfo.org\/?p=581&lang=sr#primaryimage"},"thumbnailUrl":"https:\/\/veritasinfo.org\/wp-content\/uploads\/2025\/06\/petkoviq.jpg","datePublished":"2025-06-14T11:41:45+00:00","dateModified":"2025-06-14T11:42:20+00:00","author":{"@id":"https:\/\/veritasinfo.org\/#\/schema\/person\/c2b8be262ea994d0995addca692c5e98"},"breadcrumb":{"@id":"https:\/\/veritasinfo.org\/?p=581&lang=sr#breadcrumb"},"inLanguage":"en-US","potentialAction":[{"@type":"ReadAction","target":["https:\/\/veritasinfo.org\/?p=581&lang=sr"]}]},{"@type":"ImageObject","inLanguage":"en-US","@id":"https:\/\/veritasinfo.org\/?p=581&lang=sr#primaryimage","url":"https:\/\/veritasinfo.org\/wp-content\/uploads\/2025\/06\/petkoviq.jpg","contentUrl":"https:\/\/veritasinfo.org\/wp-content\/uploads\/2025\/06\/petkoviq.jpg","width":585,"height":344},{"@type":"BreadcrumbList","@id":"https:\/\/veritasinfo.org\/?p=581&lang=sr#breadcrumb","itemListElement":[{"@type":"ListItem","position":1,"name":"Home","item":"https:\/\/veritasinfo.org\/"},{"@type":"ListItem","position":2,"name":"Petar Petkovic\u0301: Vlasti u Pri\u0161tini privele trojicu MUP-a Srbije"}]},{"@type":"WebSite","@id":"https:\/\/veritasinfo.org\/#website","url":"https:\/\/veritasinfo.org\/","name":"","description":"","potentialAction":[{"@type":"SearchAction","target":{"@type":"EntryPoint","urlTemplate":"https:\/\/veritasinfo.org\/?s={search_term_string}"},"query-input":{"@type":"PropertyValueSpecification","valueRequired":true,"valueName":"search_term_string"}}],"inLanguage":"en-US"},{"@type":"Person","@id":"https:\/\/veritasinfo.org\/#\/schema\/person\/c2b8be262ea994d0995addca692c5e98","name":"US1","image":{"@type":"ImageObject","inLanguage":"en-US","@id":"https:\/\/veritasinfo.org\/#\/schema\/person\/image\/","url":"https:\/\/secure.gravatar.com\/avatar\/4e96a59bd256abf9956eb9963ac891a47461ffb364d47b0e9aab113328fdb75b?s=96&d=mm&r=g","contentUrl":"https:\/\/secure.gravatar.com\/avatar\/4e96a59bd256abf9956eb9963ac891a47461ffb364d47b0e9aab113328fdb75b?s=96&d=mm&r=g","caption":"US1"},"url":"https:\/\/veritasinfo.org\/?author=2"}]}},"featured_image_urls":{"full":["https:\/\/veritasinfo.org\/wp-content\/uploads\/2025\/06\/petkoviq.jpg",585,344,false],"thumbnail":["https:\/\/veritasinfo.org\/wp-content\/uploads\/2025\/06\/petkoviq-150x150.jpg",150,150,true],"medium":["https:\/\/veritasinfo.org\/wp-content\/uploads\/2025\/06\/petkoviq-300x176.jpg",300,176,true],"medium_large":["https:\/\/veritasinfo.org\/wp-content\/uploads\/2025\/06\/petkoviq.jpg",585,344,false],"large":["https:\/\/veritasinfo.org\/wp-content\/uploads\/2025\/06\/petkoviq.jpg",585,344,false],"1536x1536":["https:\/\/veritasinfo.org\/wp-content\/uploads\/2025\/06\/petkoviq.jpg",585,344,false],"2048x2048":["https:\/\/veritasinfo.org\/wp-content\/uploads\/2025\/06\/petkoviq.jpg",585,344,false],"kreeti-slider-full":["https:\/\/veritasinfo.org\/wp-content\/uploads\/2025\/06\/petkoviq.jpg",585,344,false],"kreeti-featured":["https:\/\/veritasinfo.org\/wp-content\/uploads\/2025\/06\/petkoviq.jpg",585,344,false],"kreeti-medium":["https:\/\/veritasinfo.org\/wp-content\/uploads\/2025\/06\/petkoviq.jpg",585,344,false],"kreeti-medium-square":["https:\/\/veritasinfo.org\/wp-content\/uploads\/2025\/06\/petkoviq.jpg",350,206,false]},"author_info":{"info":["US1"]},"category_info":"<a href=\"https:\/\/veritasinfo.org\/?cat=28&#038;lang=sr\" rel=\"category\">Politika<\/a>","tag_info":"Politika","comment_count":"0","_links":{"self":[{"href":"https:\/\/veritasinfo.org\/index.php?rest_route=\/wp\/v2\/posts\/581","targetHints":{"allow":["GET"]}}],"collection":[{"href":"https:\/\/veritasinfo.org\/index.php?rest_route=\/wp\/v2\/posts"}],"about":[{"href":"https:\/\/veritasinfo.org\/index.php?rest_route=\/wp\/v2\/types\/post"}],"author":[{"embeddable":true,"href":"https:\/\/veritasinfo.org\/index.php?rest_route=\/wp\/v2\/users\/2"}],"replies":[{"embeddable":true,"href":"https:\/\/veritasinfo.org\/index.php?rest_route=%2Fwp%2Fv2%2Fcomments&post=581"}],"version-history":[{"count":2,"href":"https:\/\/veritasinfo.org\/index.php?rest_route=\/wp\/v2\/posts\/581\/revisions"}],"predecessor-version":[{"id":585,"href":"https:\/\/veritasinfo.org\/index.php?rest_route=\/wp\/v2\/posts\/581\/revisions\/585"}],"wp:featuredmedia":[{"embeddable":true,"href":"https:\/\/veritasinfo.org\/index.php?rest_route=\/wp\/v2\/media\/582"}],"wp:attachment":[{"href":"https:\/\/veritasinfo.org\/index.php?rest_route=%2Fwp%2Fv2%2Fmedia&parent=581"}],"wp:term":[{"taxonomy":"category","embeddable":true,"href":"https:\/\/veritasinfo.org\/index.php?rest_route=%2Fwp%2Fv2%2Fcategories&post=581"},{"taxonomy":"post_tag","embeddable":true,"href":"https:\/\/veritasinfo.org\/index.php?rest_route=%2Fwp%2Fv2%2Ftags&post=581"}],"curies":[{"name":"wp","href":"https:\/\/api.w.org\/{rel}","templated":true}]}}