{"id":5783,"date":"2025-07-29T18:41:12","date_gmt":"2025-07-29T16:41:12","guid":{"rendered":"https:\/\/veritasinfo.org\/?p=5783"},"modified":"2025-07-29T18:41:12","modified_gmt":"2025-07-29T16:41:12","slug":"identifikohen-rastet-e-para-te-semundjes-gjuha-e-kalter-auv-vendos-masa","status":"publish","type":"post","link":"https:\/\/veritasinfo.org\/?p=5783","title":{"rendered":"Identifikohen rastet e para t\u00eb s\u00ebmundjes \u201cgjuha e kalt\u00ebr\u201d, AUV vendos masa"},"content":{"rendered":"<p>Prishtin\u00eb, 29 Korrik 2025<\/p>\n<p>Agjencia e Ushqimit dhe Veterinaris\u00eb ka njoftuar se jan\u00eb identifikuar rastet e para n\u00eb Kosov\u00eb t\u00eb prezenc\u00ebs s\u00eb s\u00ebmundjes \u201cgjuha e kalt\u00ebr\u201d. AUV ka njoftuar se \u00ebsht\u00eb konfirmuar prezenca n\u00eb dy ferma, nj\u00eb n\u00eb Marec t\u00eb Prishtin\u00ebs dhe nj\u00eb n\u00eb Brus t\u00eb Lipjanit.<\/p>\n<p>\u201cMe q\u00ebllim t\u00eb parandalim t\u00eb p\u00ebrhapjes se s\u00ebmundjes n\u00eb fermat t\u00eb tjera, Agjencia e Ushqimit dhe Veterinaris\u00eb nga sot, \u00a0ka vendosur masat e p\u00ebrgjithshme kufizuese t\u00eb l\u00ebvizjes se kafsh\u00ebve brenda territorit t\u00eb Kosov\u00ebs. Nj\u00ebkoh\u00ebsisht urdh\u00ebrohen t\u00eb gjith\u00eb fermer\u00ebt ne bashk\u00ebpunim me veteriner\u00ebt privat\u00eb t\u2019i p\u00ebrdorin masat e dezinsektimit \u00a0n\u00eb ferma dhe p\u00ebrreth tyre. Me qellim t\u00eb eliminimit t\u00eb mushkonjave si vektor kryesor i p\u00ebrhapjes se s\u00ebmundjes. Po ashtu \u00a0t\u2019i shmangin kontakte me kafsh\u00ebt e tufave tjera. T\u00eb gjitha autoritetet mbik\u00ebqyr\u00ebse ligjezbatuese obligohen t\u00eb ndihmojn\u00eb n\u00eb mbik\u00ebqyrjen e zbatimit t\u00eb masave strikte kufizuese t\u00eb l\u00ebvizjes se bag\u00ebtive n\u00eb gjith\u00eb territorin e vendit\u201d, ka njoftuar AUV.<\/p>\n<p>\u201cGjuha e kalt\u00ebr\u201d \u00ebsht\u00eb s\u00ebmundje virale jongjit\u00ebse, e cila transmetohet p\u00ebrmes pickimit t\u00eb mushkonjave. Nga kjo s\u00ebmundje preken gjedhet, delet dhe dhit\u00eb. M\u00eb t\u00eb ndjeshme jan\u00eb delet.<\/p>\n<p>\u201cShenjat klinike dhe ngordhjet shfaqen vet\u00ebm tek delja. Gjedhi sh\u00ebrben si rezervar i s\u00ebmundjes\u201d, ka njoftuar AUV.<\/p>\n<p>S\u00ebmundja nuk transmetohet nga kafsh\u00ebt te njeriu dhe nuk transmetohet nga kafsha ne kafsh\u00eb.<\/p>\n<p><strong>Masat e marra nga AUV:\u00a0<\/strong><\/p>\n<p><i>Bazuar n\u00eb Ligjit \u00a0Nr. 2004\/21 p\u00ebr Veterinarin\u00eb, Agjencia e Ushqimit dhe Veterinaris\u00eb me dat\u00eb 29.07.2025 ka nxjerr\u00eb \u2018\u2019Vendim\u2019\u2019 me nr. 01\/574\/2025 P\u00ebr masat e p\u00ebrgjithshme p\u00ebr kontrollin, parandalimin dhe luftimin e s\u00ebmundjes \u2018\u2019 Gjuha e Kalt\u00ebr\u2019\u2019. \u00a0Me ket\u00eb vendim jan\u00eb zgjeruar masat kufizuese t\u00eb cilat ende jan\u00eb n\u00eb fuqi p\u00ebr parandalimin e p\u00ebrhapjes se s\u00ebmundjeve tjera.\u00a0<\/i><br \/>\n<i>Vendimi zbatohet n\u00eb gjith\u00eb territorin e Republik\u00ebs se Kosov\u00ebs\u00a0<\/i><\/p>\n<p><i>I. Masat e p\u00ebrgjithshme:<\/i><br \/>\n<i>a) Ndalohet l\u00ebvizja e kafsh\u00ebve nga fermat, \u00a0tregtimi n\u00eb tregjet \u00a0dhe \u00a0shitblerja;<\/i><br \/>\n<i>b) Fermat n\u00eb t\u00eb cilat konfirmohet prezenca e s\u00ebmundjes, marrin statusin t\u00eb infektuara dhe vendosen ne mas\u00eb izolimi\/karantine t\u00eb plot. U ndalohet \u00e7do l\u00ebvizje hyrje dalje. \u00a0<\/i><br \/>\n<i>c) Obligohen fermer\u00ebt, qe p\u00ebr \u00e7do ndryshim t\u00eb gjendjes sh\u00ebndet\u00ebsore t\u00eb kafsh\u00ebve menj\u00ebher\u00eb t\u00eb njoftojn\u00eb veterinarin. Praktikat veterinare jan\u00eb t\u00eb obliguar t\u00eb zbatojn\u00eb protokollet sh\u00ebndet\u00ebsore veterinare p\u00ebr parandalimin dhe luftimin e k\u00ebsaj s\u00ebmundje\u00a0<\/i><br \/>\n<i>d) Fermer\u00ebt aktivizojn\u00eb masat e biosiguris\u00eb ne fermat e tyre. T\u00eb p\u00ebrdorin repelent\/insekticide p\u00ebr eliminimin e mushkonjave (lloji i preparatit t\u00eb p\u00ebrdoret sipas rekomandimit t\u00eb veterinerit)\u00a0<\/i><br \/>\n<i>e) T\u00eb p\u00ebrcaktohen lokacionet p\u00ebr Groposjen e kafsh\u00ebve t\u00eb ngordhura;<\/i><br \/>\n<i>f) AUV vazhdon me hulumtimin epidemiologjik, marrjen e mostrave dhe kryerjen e testimeve laboratorike;<\/i><br \/>\n<i>II. P\u00ebrjashtimisht nga pika I e k\u00ebtij vendimi, lejohet l\u00ebvizja kafsh\u00ebve nga fermat e lira nga kjo s\u00ebmundje deri n\u00eb thertore t\u00eb licencuara, \u00a0me p\u00eblqimin paraprak t\u00eb inspektorit veterinar t\u00eb Agjencis\u00eb s\u00eb Ushqimit dhe Veterinaris\u00eb.<\/i><br \/>\n<i>III. Urdh\u00ebrohen t\u00eb gjith\u00eb menaxheret e tregjeve q\u00eb nga momenti i hyrjes n\u00eb fuqi t\u00eb k\u00ebtij vendimi t\u00eb pezullojn\u00eb pun\u00ebn.<\/i><br \/>\n<i>IV. Obligohen, Policia e Kosov\u00ebs, organet Komunale n\u00eb koordinim dhe \u00a0 bashk\u00ebpunim me AUV-n\u00eb \u00a0t\u00eb b\u00ebjn\u00eb mbik\u00ebqyrjen e zbatimit t\u00eb masave.<\/i><br \/>\n<i>V. Masat hyn\u00eb n\u00eb fuqi sot dat\u00eb 29.07.2025<\/i><\/p>\n<p>&nbsp;<\/p>\n","protected":false},"excerpt":{"rendered":"<p>Prishtin\u00eb, 29 Korrik 2025 Agjencia e Ushqimit dhe Veterinaris\u00eb ka njoftuar se jan\u00eb identifikuar rastet e para n\u00eb Kosov\u00eb t\u00eb prezenc\u00ebs s\u00eb s\u00ebmundjes \u201cgjuha e<\/p>\n","protected":false},"author":1,"featured_media":5784,"comment_status":"open","ping_status":"open","sticky":false,"template":"","format":"standard","meta":{"footnotes":""},"categories":[60],"tags":[],"class_list":["post-5783","post","type-post","status-publish","format-standard","has-post-thumbnail","hentry","category-shoqerore-sq"],"yoast_head":"<!-- This site is optimized with the Yoast SEO plugin v25.3.1 - https:\/\/yoast.com\/wordpress\/plugins\/seo\/ -->\n<title>Identifikohen rastet e para t\u00eb s\u00ebmundjes \u201cgjuha e kalt\u00ebr\u201d, AUV vendos masa -<\/title>\n<meta name=\"robots\" content=\"index, follow, max-snippet:-1, max-image-preview:large, max-video-preview:-1\" \/>\n<link rel=\"canonical\" href=\"https:\/\/veritasinfo.org\/?p=5783\" \/>\n<meta property=\"og:locale\" content=\"en_US\" \/>\n<meta property=\"og:type\" content=\"article\" \/>\n<meta property=\"og:title\" content=\"Identifikohen rastet e para t\u00eb s\u00ebmundjes \u201cgjuha e kalt\u00ebr\u201d, AUV vendos masa -\" \/>\n<meta property=\"og:description\" content=\"Prishtin\u00eb, 29 Korrik 2025 Agjencia e Ushqimit dhe Veterinaris\u00eb ka njoftuar se jan\u00eb identifikuar rastet e para n\u00eb Kosov\u00eb t\u00eb prezenc\u00ebs s\u00eb s\u00ebmundjes \u201cgjuha e\" \/>\n<meta property=\"og:url\" content=\"https:\/\/veritasinfo.org\/?p=5783\" \/>\n<meta property=\"article:published_time\" content=\"2025-07-29T16:41:12+00:00\" \/>\n<meta property=\"og:image\" content=\"https:\/\/veritasinfo.org\/wp-content\/uploads\/2025\/07\/IMG_2401.webp\" \/>\n\t<meta property=\"og:image:width\" content=\"1219\" \/>\n\t<meta property=\"og:image:height\" content=\"793\" \/>\n\t<meta property=\"og:image:type\" content=\"image\/webp\" \/>\n<meta name=\"author\" content=\"admin\" \/>\n<meta name=\"twitter:card\" content=\"summary_large_image\" \/>\n<meta name=\"twitter:label1\" content=\"Written by\" \/>\n\t<meta name=\"twitter:data1\" content=\"admin\" \/>\n\t<meta name=\"twitter:label2\" content=\"Est. reading time\" \/>\n\t<meta name=\"twitter:data2\" content=\"3 minutes\" \/>\n<script type=\"application\/ld+json\" class=\"yoast-schema-graph\">{\"@context\":\"https:\/\/schema.org\",\"@graph\":[{\"@type\":\"WebPage\",\"@id\":\"https:\/\/veritasinfo.org\/?p=5783\",\"url\":\"https:\/\/veritasinfo.org\/?p=5783\",\"name\":\"Identifikohen rastet e para t\u00eb s\u00ebmundjes \u201cgjuha e kalt\u00ebr\u201d, AUV vendos masa -\",\"isPartOf\":{\"@id\":\"https:\/\/veritasinfo.org\/#website\"},\"primaryImageOfPage\":{\"@id\":\"https:\/\/veritasinfo.org\/?p=5783#primaryimage\"},\"image\":{\"@id\":\"https:\/\/veritasinfo.org\/?p=5783#primaryimage\"},\"thumbnailUrl\":\"https:\/\/veritasinfo.org\/wp-content\/uploads\/2025\/07\/IMG_2401.webp\",\"datePublished\":\"2025-07-29T16:41:12+00:00\",\"author\":{\"@id\":\"https:\/\/veritasinfo.org\/#\/schema\/person\/7701f8c088bece422266b100a712374f\"},\"breadcrumb\":{\"@id\":\"https:\/\/veritasinfo.org\/?p=5783#breadcrumb\"},\"inLanguage\":\"en-US\",\"potentialAction\":[{\"@type\":\"ReadAction\",\"target\":[\"https:\/\/veritasinfo.org\/?p=5783\"]}]},{\"@type\":\"ImageObject\",\"inLanguage\":\"en-US\",\"@id\":\"https:\/\/veritasinfo.org\/?p=5783#primaryimage\",\"url\":\"https:\/\/veritasinfo.org\/wp-content\/uploads\/2025\/07\/IMG_2401.webp\",\"contentUrl\":\"https:\/\/veritasinfo.org\/wp-content\/uploads\/2025\/07\/IMG_2401.webp\",\"width\":1219,\"height\":793},{\"@type\":\"BreadcrumbList\",\"@id\":\"https:\/\/veritasinfo.org\/?p=5783#breadcrumb\",\"itemListElement\":[{\"@type\":\"ListItem\",\"position\":1,\"name\":\"Home\",\"item\":\"https:\/\/veritasinfo.org\/\"},{\"@type\":\"ListItem\",\"position\":2,\"name\":\"Identifikohen rastet e para t\u00eb s\u00ebmundjes \u201cgjuha e kalt\u00ebr\u201d, AUV vendos masa\"}]},{\"@type\":\"WebSite\",\"@id\":\"https:\/\/veritasinfo.org\/#website\",\"url\":\"https:\/\/veritasinfo.org\/\",\"name\":\"\",\"description\":\"\",\"potentialAction\":[{\"@type\":\"SearchAction\",\"target\":{\"@type\":\"EntryPoint\",\"urlTemplate\":\"https:\/\/veritasinfo.org\/?s={search_term_string}\"},\"query-input\":{\"@type\":\"PropertyValueSpecification\",\"valueRequired\":true,\"valueName\":\"search_term_string\"}}],\"inLanguage\":\"en-US\"},{\"@type\":\"Person\",\"@id\":\"https:\/\/veritasinfo.org\/#\/schema\/person\/7701f8c088bece422266b100a712374f\",\"name\":\"admin\",\"image\":{\"@type\":\"ImageObject\",\"inLanguage\":\"en-US\",\"@id\":\"https:\/\/veritasinfo.org\/#\/schema\/person\/image\/\",\"url\":\"https:\/\/secure.gravatar.com\/avatar\/ea53aa3bf6c9a12d5fde8ce4deff43fef3885ae33cf60184161a50d6987cfd2f?s=96&d=mm&r=g\",\"contentUrl\":\"https:\/\/secure.gravatar.com\/avatar\/ea53aa3bf6c9a12d5fde8ce4deff43fef3885ae33cf60184161a50d6987cfd2f?s=96&d=mm&r=g\",\"caption\":\"admin\"},\"sameAs\":[\"https:\/\/veritasinfo.org\"],\"url\":\"https:\/\/veritasinfo.org\/?author=1\"}]}<\/script>\n<!-- \/ Yoast SEO plugin. -->","yoast_head_json":{"title":"Identifikohen rastet e para t\u00eb s\u00ebmundjes \u201cgjuha e kalt\u00ebr\u201d, AUV vendos masa -","robots":{"index":"index","follow":"follow","max-snippet":"max-snippet:-1","max-image-preview":"max-image-preview:large","max-video-preview":"max-video-preview:-1"},"canonical":"https:\/\/veritasinfo.org\/?p=5783","og_locale":"en_US","og_type":"article","og_title":"Identifikohen rastet e para t\u00eb s\u00ebmundjes \u201cgjuha e kalt\u00ebr\u201d, AUV vendos masa -","og_description":"Prishtin\u00eb, 29 Korrik 2025 Agjencia e Ushqimit dhe Veterinaris\u00eb ka njoftuar se jan\u00eb identifikuar rastet e para n\u00eb Kosov\u00eb t\u00eb prezenc\u00ebs s\u00eb s\u00ebmundjes \u201cgjuha e","og_url":"https:\/\/veritasinfo.org\/?p=5783","article_published_time":"2025-07-29T16:41:12+00:00","og_image":[{"width":1219,"height":793,"url":"https:\/\/veritasinfo.org\/wp-content\/uploads\/2025\/07\/IMG_2401.webp","type":"image\/webp"}],"author":"admin","twitter_card":"summary_large_image","twitter_misc":{"Written by":"admin","Est. reading time":"3 minutes"},"schema":{"@context":"https:\/\/schema.org","@graph":[{"@type":"WebPage","@id":"https:\/\/veritasinfo.org\/?p=5783","url":"https:\/\/veritasinfo.org\/?p=5783","name":"Identifikohen rastet e para t\u00eb s\u00ebmundjes \u201cgjuha e kalt\u00ebr\u201d, AUV vendos masa -","isPartOf":{"@id":"https:\/\/veritasinfo.org\/#website"},"primaryImageOfPage":{"@id":"https:\/\/veritasinfo.org\/?p=5783#primaryimage"},"image":{"@id":"https:\/\/veritasinfo.org\/?p=5783#primaryimage"},"thumbnailUrl":"https:\/\/veritasinfo.org\/wp-content\/uploads\/2025\/07\/IMG_2401.webp","datePublished":"2025-07-29T16:41:12+00:00","author":{"@id":"https:\/\/veritasinfo.org\/#\/schema\/person\/7701f8c088bece422266b100a712374f"},"breadcrumb":{"@id":"https:\/\/veritasinfo.org\/?p=5783#breadcrumb"},"inLanguage":"en-US","potentialAction":[{"@type":"ReadAction","target":["https:\/\/veritasinfo.org\/?p=5783"]}]},{"@type":"ImageObject","inLanguage":"en-US","@id":"https:\/\/veritasinfo.org\/?p=5783#primaryimage","url":"https:\/\/veritasinfo.org\/wp-content\/uploads\/2025\/07\/IMG_2401.webp","contentUrl":"https:\/\/veritasinfo.org\/wp-content\/uploads\/2025\/07\/IMG_2401.webp","width":1219,"height":793},{"@type":"BreadcrumbList","@id":"https:\/\/veritasinfo.org\/?p=5783#breadcrumb","itemListElement":[{"@type":"ListItem","position":1,"name":"Home","item":"https:\/\/veritasinfo.org\/"},{"@type":"ListItem","position":2,"name":"Identifikohen rastet e para t\u00eb s\u00ebmundjes \u201cgjuha e kalt\u00ebr\u201d, AUV vendos masa"}]},{"@type":"WebSite","@id":"https:\/\/veritasinfo.org\/#website","url":"https:\/\/veritasinfo.org\/","name":"","description":"","potentialAction":[{"@type":"SearchAction","target":{"@type":"EntryPoint","urlTemplate":"https:\/\/veritasinfo.org\/?s={search_term_string}"},"query-input":{"@type":"PropertyValueSpecification","valueRequired":true,"valueName":"search_term_string"}}],"inLanguage":"en-US"},{"@type":"Person","@id":"https:\/\/veritasinfo.org\/#\/schema\/person\/7701f8c088bece422266b100a712374f","name":"admin","image":{"@type":"ImageObject","inLanguage":"en-US","@id":"https:\/\/veritasinfo.org\/#\/schema\/person\/image\/","url":"https:\/\/secure.gravatar.com\/avatar\/ea53aa3bf6c9a12d5fde8ce4deff43fef3885ae33cf60184161a50d6987cfd2f?s=96&d=mm&r=g","contentUrl":"https:\/\/secure.gravatar.com\/avatar\/ea53aa3bf6c9a12d5fde8ce4deff43fef3885ae33cf60184161a50d6987cfd2f?s=96&d=mm&r=g","caption":"admin"},"sameAs":["https:\/\/veritasinfo.org"],"url":"https:\/\/veritasinfo.org\/?author=1"}]}},"featured_image_urls":{"full":["https:\/\/veritasinfo.org\/wp-content\/uploads\/2025\/07\/IMG_2401.webp",1219,793,false],"thumbnail":["https:\/\/veritasinfo.org\/wp-content\/uploads\/2025\/07\/IMG_2401-150x150.webp",150,150,true],"medium":["https:\/\/veritasinfo.org\/wp-content\/uploads\/2025\/07\/IMG_2401-300x195.webp",300,195,true],"medium_large":["https:\/\/veritasinfo.org\/wp-content\/uploads\/2025\/07\/IMG_2401-768x500.webp",640,417,true],"large":["https:\/\/veritasinfo.org\/wp-content\/uploads\/2025\/07\/IMG_2401-1024x666.webp",640,416,true],"1536x1536":["https:\/\/veritasinfo.org\/wp-content\/uploads\/2025\/07\/IMG_2401.webp",1219,793,false],"2048x2048":["https:\/\/veritasinfo.org\/wp-content\/uploads\/2025\/07\/IMG_2401.webp",1219,793,false],"kreeti-slider-full":["https:\/\/veritasinfo.org\/wp-content\/uploads\/2025\/07\/IMG_2401.webp",1107,720,false],"kreeti-featured":["https:\/\/veritasinfo.org\/wp-content\/uploads\/2025\/07\/IMG_2401.webp",1024,666,false],"kreeti-medium":["https:\/\/veritasinfo.org\/wp-content\/uploads\/2025\/07\/IMG_2401.webp",720,468,false],"kreeti-medium-square":["https:\/\/veritasinfo.org\/wp-content\/uploads\/2025\/07\/IMG_2401.webp",350,228,false]},"author_info":{"info":["admin"]},"category_info":"<a href=\"https:\/\/veritasinfo.org\/?cat=60\" rel=\"category\">Shoq\u00ebrore<\/a>","tag_info":"Shoq\u00ebrore","comment_count":"0","_links":{"self":[{"href":"https:\/\/veritasinfo.org\/index.php?rest_route=\/wp\/v2\/posts\/5783","targetHints":{"allow":["GET"]}}],"collection":[{"href":"https:\/\/veritasinfo.org\/index.php?rest_route=\/wp\/v2\/posts"}],"about":[{"href":"https:\/\/veritasinfo.org\/index.php?rest_route=\/wp\/v2\/types\/post"}],"author":[{"embeddable":true,"href":"https:\/\/veritasinfo.org\/index.php?rest_route=\/wp\/v2\/users\/1"}],"replies":[{"embeddable":true,"href":"https:\/\/veritasinfo.org\/index.php?rest_route=%2Fwp%2Fv2%2Fcomments&post=5783"}],"version-history":[{"count":1,"href":"https:\/\/veritasinfo.org\/index.php?rest_route=\/wp\/v2\/posts\/5783\/revisions"}],"predecessor-version":[{"id":5785,"href":"https:\/\/veritasinfo.org\/index.php?rest_route=\/wp\/v2\/posts\/5783\/revisions\/5785"}],"wp:featuredmedia":[{"embeddable":true,"href":"https:\/\/veritasinfo.org\/index.php?rest_route=\/wp\/v2\/media\/5784"}],"wp:attachment":[{"href":"https:\/\/veritasinfo.org\/index.php?rest_route=%2Fwp%2Fv2%2Fmedia&parent=5783"}],"wp:term":[{"taxonomy":"category","embeddable":true,"href":"https:\/\/veritasinfo.org\/index.php?rest_route=%2Fwp%2Fv2%2Fcategories&post=5783"},{"taxonomy":"post_tag","embeddable":true,"href":"https:\/\/veritasinfo.org\/index.php?rest_route=%2Fwp%2Fv2%2Ftags&post=5783"}],"curies":[{"name":"wp","href":"https:\/\/api.w.org\/{rel}","templated":true}]}}