{"id":5771,"date":"2025-07-29T18:08:07","date_gmt":"2025-07-29T16:08:07","guid":{"rendered":"https:\/\/veritasinfo.org\/?p=5771"},"modified":"2025-07-29T18:08:07","modified_gmt":"2025-07-29T16:08:07","slug":"kos-serbia-e-detyruar-ti-respektoje-te-drejtat-e-shqiptareve-ne-lugine","status":"publish","type":"post","link":"https:\/\/veritasinfo.org\/?p=5771","title":{"rendered":"Kos: Serbia e detyruar t\u2019i respektoj\u00eb t\u00eb drejtat e shqiptar\u00ebve n\u00eb Lugin\u00eb"},"content":{"rendered":"<p>Preshev\u00eb, 29 Korrik 2025<\/p>\n<p><strong>Serbia \u00ebsht\u00eb e obliguar q\u00eb t\u2019i respektoj\u00eb t\u00eb drejtat e pakicave sipas standardeve evropiane, si pjes\u00eb e procesit t\u00eb integrimit evropian. K\u00ebshtu ka deklaruar Marta Kos, Komisionere e Bashkimit Evropian p\u00ebr Zgjerim, n\u00eb letr\u00ebn e d\u00ebrguar deputetit t\u00eb vet\u00ebm shqiptar n\u00eb Parlamentin e Serbis\u00eb, Shaip Kamberi.<\/strong><\/p>\n<p>&nbsp;<\/p>\n<p>\u201cN\u00eb kuad\u00ebr t\u00eb Kapitullit 23 \u2018Gjyq\u00ebsori dhe t\u00eb Drejtat Themelore\u2019 t\u00eb negociatave p\u00ebr an\u00ebtar\u00ebsim, Serbia \u00ebsht\u00eb e detyruar t\u00eb zbatoj\u00eb kuadrin ligjor p\u00ebr t\u00eb drejtat e personave q\u00eb i p\u00ebrkasin pakicave, n\u00eb p\u00ebrputhje me standardet nd\u00ebrkomb\u00ebtare dhe evropiane,\u201d ka th\u00ebn\u00eb Kos.<\/p>\n<p>Komisionerja evropiane thekson se Bashkimi Evropian po ndjek nga af\u00ebr trajtimin e pakicave dhe pozit\u00ebn e tyre n\u00eb Serbi, duke konfirmuar se Kapitulli 23 \u00ebsht\u00eb i r\u00ebnd\u00ebsish\u00ebm p\u00ebr rrug\u00ebtimin e Serbis\u00eb drejt BE-s\u00eb.<\/p>\n<p>\u201cD\u00ebshiroj t\u2019ju siguroj se Komisioni po ndjek me kujdes trajtimin e personave q\u00eb i p\u00ebrkasin pakicave komb\u00ebtare, p\u00ebrfshir\u00eb situat\u00ebn e komunitetit shqiptar n\u00eb Serbi, gjithashtu n\u00eb kuad\u00ebr t\u00eb zotimeve t\u00eb marra nga Serbia gjat\u00eb negociatave p\u00ebr an\u00ebtar\u00ebsim n\u00eb BE,\u201d shkruan ajo.<\/p>\n<p>Lidhur me \u00e7\u00ebshtjen specifike t\u00eb \u2018pasivizimit\u2019 t\u00eb adresave, ajo shprehet se Bashkimi Evropian ka theksuar n\u00eb raportin e Paket\u00ebs s\u00eb Zgjerimit p\u00ebr vitin 2024 p\u00ebr Serbin\u00eb nevoj\u00ebn q\u00eb autoritetet t\u00eb sqarojn\u00eb m\u00eb mir\u00eb p\u00ebr publikun m\u00ebnyr\u00ebn e verifikimit t\u00eb statusit t\u00eb q\u00ebndrimit, \u201cgj\u00eb q\u00eb ka rezultuar n\u00eb \u2018pasivizimin\u2019 e disa adresave dhe pyetjen n\u00ebse jugu i Serbis\u00eb \u00ebsht\u00eb ve\u00e7an\u00ebrisht i sh\u00ebnjestruar\u201d.<\/p>\n<p>Vet\u00eb Kamberi thot\u00eb se pas k\u00ebsaj letre dhe reagimeve nga K\u00ebshilli Evropian, shqiptar\u00ebt e Lugin\u00ebs po marrin gjithnj\u00eb e m\u00eb shum\u00eb v\u00ebmendje n\u00eb institucionet e Brukselit.<\/p>\n<p>Kujtojm\u00eb se jav\u00ebn e kaluar edhe presidenti i K\u00ebshillit t\u00eb BE-s\u00eb, Antonio Costa, deklaroi se pakicat do t\u00eb ken\u00eb rol t\u00eb r\u00ebnd\u00ebsish\u00ebm n\u00eb kuad\u00ebr t\u00eb angazhimeve t\u00eb Serbis\u00eb n\u00eb procesin e an\u00ebtar\u00ebsimit n\u00eb BE. Ai shtoi se K\u00ebshilli i BE-s\u00eb \u00ebsht\u00eb i njoftuar holl\u00ebsisht mbi \u00e7\u00ebshtjen e pasivizimit t\u00eb adresave n\u00eb Lugin\u00ebn e Preshev\u00ebs.<\/p>\n<p><img fetchpriority=\"high\" decoding=\"async\" class=\"alignnone size-medium wp-image-5772\" src=\"https:\/\/veritasinfo.org\/wp-content\/uploads\/2025\/07\/IMG_2399-232x300.jpeg\" alt=\"\" width=\"232\" height=\"300\" srcset=\"https:\/\/veritasinfo.org\/wp-content\/uploads\/2025\/07\/IMG_2399-232x300.jpeg 232w, https:\/\/veritasinfo.org\/wp-content\/uploads\/2025\/07\/IMG_2399-792x1024.jpeg 792w, https:\/\/veritasinfo.org\/wp-content\/uploads\/2025\/07\/IMG_2399-768x993.jpeg 768w, https:\/\/veritasinfo.org\/wp-content\/uploads\/2025\/07\/IMG_2399-1188x1536.jpeg 1188w, https:\/\/veritasinfo.org\/wp-content\/uploads\/2025\/07\/IMG_2399.jpeg 1290w\" sizes=\"(max-width: 232px) 100vw, 232px\" \/><\/p>\n<p>&nbsp;<\/p>\n","protected":false},"excerpt":{"rendered":"<p>Preshev\u00eb, 29 Korrik 2025 Serbia \u00ebsht\u00eb e obliguar q\u00eb t\u2019i respektoj\u00eb t\u00eb drejtat e pakicave sipas standardeve evropiane, si pjes\u00eb e procesit t\u00eb integrimit evropian.<\/p>\n","protected":false},"author":1,"featured_media":5773,"comment_status":"open","ping_status":"open","sticky":false,"template":"","format":"standard","meta":{"footnotes":""},"categories":[58],"tags":[],"class_list":["post-5771","post","type-post","status-publish","format-standard","has-post-thumbnail","hentry","category-politike-sq"],"yoast_head":"<!-- This site is optimized with the Yoast SEO plugin v25.3.1 - https:\/\/yoast.com\/wordpress\/plugins\/seo\/ -->\n<title>Kos: Serbia e detyruar t\u2019i respektoj\u00eb t\u00eb drejtat e shqiptar\u00ebve n\u00eb Lugin\u00eb -<\/title>\n<meta name=\"robots\" content=\"index, follow, max-snippet:-1, max-image-preview:large, max-video-preview:-1\" \/>\n<link rel=\"canonical\" href=\"https:\/\/veritasinfo.org\/?p=5771\" \/>\n<meta property=\"og:locale\" content=\"en_US\" \/>\n<meta property=\"og:type\" content=\"article\" \/>\n<meta property=\"og:title\" content=\"Kos: Serbia e detyruar t\u2019i respektoj\u00eb t\u00eb drejtat e shqiptar\u00ebve n\u00eb Lugin\u00eb -\" \/>\n<meta property=\"og:description\" content=\"Preshev\u00eb, 29 Korrik 2025 Serbia \u00ebsht\u00eb e obliguar q\u00eb t\u2019i respektoj\u00eb t\u00eb drejtat e pakicave sipas standardeve evropiane, si pjes\u00eb e procesit t\u00eb integrimit evropian.\" \/>\n<meta property=\"og:url\" content=\"https:\/\/veritasinfo.org\/?p=5771\" \/>\n<meta property=\"article:published_time\" content=\"2025-07-29T16:08:07+00:00\" \/>\n<meta property=\"og:image\" content=\"https:\/\/veritasinfo.org\/wp-content\/uploads\/2025\/07\/IMG_2398.jpeg\" \/>\n\t<meta property=\"og:image:width\" content=\"780\" \/>\n\t<meta property=\"og:image:height\" content=\"500\" \/>\n\t<meta property=\"og:image:type\" content=\"image\/jpeg\" \/>\n<meta name=\"author\" content=\"admin\" \/>\n<meta name=\"twitter:card\" content=\"summary_large_image\" \/>\n<meta name=\"twitter:label1\" content=\"Written by\" \/>\n\t<meta name=\"twitter:data1\" content=\"admin\" \/>\n\t<meta name=\"twitter:label2\" content=\"Est. reading time\" \/>\n\t<meta name=\"twitter:data2\" content=\"2 minutes\" \/>\n<script type=\"application\/ld+json\" class=\"yoast-schema-graph\">{\"@context\":\"https:\/\/schema.org\",\"@graph\":[{\"@type\":\"WebPage\",\"@id\":\"https:\/\/veritasinfo.org\/?p=5771\",\"url\":\"https:\/\/veritasinfo.org\/?p=5771\",\"name\":\"Kos: Serbia e detyruar t\u2019i respektoj\u00eb t\u00eb drejtat e shqiptar\u00ebve n\u00eb Lugin\u00eb -\",\"isPartOf\":{\"@id\":\"https:\/\/veritasinfo.org\/#website\"},\"primaryImageOfPage\":{\"@id\":\"https:\/\/veritasinfo.org\/?p=5771#primaryimage\"},\"image\":{\"@id\":\"https:\/\/veritasinfo.org\/?p=5771#primaryimage\"},\"thumbnailUrl\":\"https:\/\/veritasinfo.org\/wp-content\/uploads\/2025\/07\/IMG_2398.jpeg\",\"datePublished\":\"2025-07-29T16:08:07+00:00\",\"author\":{\"@id\":\"https:\/\/veritasinfo.org\/#\/schema\/person\/7701f8c088bece422266b100a712374f\"},\"breadcrumb\":{\"@id\":\"https:\/\/veritasinfo.org\/?p=5771#breadcrumb\"},\"inLanguage\":\"en-US\",\"potentialAction\":[{\"@type\":\"ReadAction\",\"target\":[\"https:\/\/veritasinfo.org\/?p=5771\"]}]},{\"@type\":\"ImageObject\",\"inLanguage\":\"en-US\",\"@id\":\"https:\/\/veritasinfo.org\/?p=5771#primaryimage\",\"url\":\"https:\/\/veritasinfo.org\/wp-content\/uploads\/2025\/07\/IMG_2398.jpeg\",\"contentUrl\":\"https:\/\/veritasinfo.org\/wp-content\/uploads\/2025\/07\/IMG_2398.jpeg\",\"width\":780,\"height\":500},{\"@type\":\"BreadcrumbList\",\"@id\":\"https:\/\/veritasinfo.org\/?p=5771#breadcrumb\",\"itemListElement\":[{\"@type\":\"ListItem\",\"position\":1,\"name\":\"Home\",\"item\":\"https:\/\/veritasinfo.org\/\"},{\"@type\":\"ListItem\",\"position\":2,\"name\":\"Kos: Serbia e detyruar t\u2019i respektoj\u00eb t\u00eb drejtat e shqiptar\u00ebve n\u00eb Lugin\u00eb\"}]},{\"@type\":\"WebSite\",\"@id\":\"https:\/\/veritasinfo.org\/#website\",\"url\":\"https:\/\/veritasinfo.org\/\",\"name\":\"\",\"description\":\"\",\"potentialAction\":[{\"@type\":\"SearchAction\",\"target\":{\"@type\":\"EntryPoint\",\"urlTemplate\":\"https:\/\/veritasinfo.org\/?s={search_term_string}\"},\"query-input\":{\"@type\":\"PropertyValueSpecification\",\"valueRequired\":true,\"valueName\":\"search_term_string\"}}],\"inLanguage\":\"en-US\"},{\"@type\":\"Person\",\"@id\":\"https:\/\/veritasinfo.org\/#\/schema\/person\/7701f8c088bece422266b100a712374f\",\"name\":\"admin\",\"image\":{\"@type\":\"ImageObject\",\"inLanguage\":\"en-US\",\"@id\":\"https:\/\/veritasinfo.org\/#\/schema\/person\/image\/\",\"url\":\"https:\/\/secure.gravatar.com\/avatar\/ea53aa3bf6c9a12d5fde8ce4deff43fef3885ae33cf60184161a50d6987cfd2f?s=96&d=mm&r=g\",\"contentUrl\":\"https:\/\/secure.gravatar.com\/avatar\/ea53aa3bf6c9a12d5fde8ce4deff43fef3885ae33cf60184161a50d6987cfd2f?s=96&d=mm&r=g\",\"caption\":\"admin\"},\"sameAs\":[\"https:\/\/veritasinfo.org\"],\"url\":\"https:\/\/veritasinfo.org\/?author=1\"}]}<\/script>\n<!-- \/ Yoast SEO plugin. -->","yoast_head_json":{"title":"Kos: Serbia e detyruar t\u2019i respektoj\u00eb t\u00eb drejtat e shqiptar\u00ebve n\u00eb Lugin\u00eb -","robots":{"index":"index","follow":"follow","max-snippet":"max-snippet:-1","max-image-preview":"max-image-preview:large","max-video-preview":"max-video-preview:-1"},"canonical":"https:\/\/veritasinfo.org\/?p=5771","og_locale":"en_US","og_type":"article","og_title":"Kos: Serbia e detyruar t\u2019i respektoj\u00eb t\u00eb drejtat e shqiptar\u00ebve n\u00eb Lugin\u00eb -","og_description":"Preshev\u00eb, 29 Korrik 2025 Serbia \u00ebsht\u00eb e obliguar q\u00eb t\u2019i respektoj\u00eb t\u00eb drejtat e pakicave sipas standardeve evropiane, si pjes\u00eb e procesit t\u00eb integrimit evropian.","og_url":"https:\/\/veritasinfo.org\/?p=5771","article_published_time":"2025-07-29T16:08:07+00:00","og_image":[{"width":780,"height":500,"url":"https:\/\/veritasinfo.org\/wp-content\/uploads\/2025\/07\/IMG_2398.jpeg","type":"image\/jpeg"}],"author":"admin","twitter_card":"summary_large_image","twitter_misc":{"Written by":"admin","Est. reading time":"2 minutes"},"schema":{"@context":"https:\/\/schema.org","@graph":[{"@type":"WebPage","@id":"https:\/\/veritasinfo.org\/?p=5771","url":"https:\/\/veritasinfo.org\/?p=5771","name":"Kos: Serbia e detyruar t\u2019i respektoj\u00eb t\u00eb drejtat e shqiptar\u00ebve n\u00eb Lugin\u00eb -","isPartOf":{"@id":"https:\/\/veritasinfo.org\/#website"},"primaryImageOfPage":{"@id":"https:\/\/veritasinfo.org\/?p=5771#primaryimage"},"image":{"@id":"https:\/\/veritasinfo.org\/?p=5771#primaryimage"},"thumbnailUrl":"https:\/\/veritasinfo.org\/wp-content\/uploads\/2025\/07\/IMG_2398.jpeg","datePublished":"2025-07-29T16:08:07+00:00","author":{"@id":"https:\/\/veritasinfo.org\/#\/schema\/person\/7701f8c088bece422266b100a712374f"},"breadcrumb":{"@id":"https:\/\/veritasinfo.org\/?p=5771#breadcrumb"},"inLanguage":"en-US","potentialAction":[{"@type":"ReadAction","target":["https:\/\/veritasinfo.org\/?p=5771"]}]},{"@type":"ImageObject","inLanguage":"en-US","@id":"https:\/\/veritasinfo.org\/?p=5771#primaryimage","url":"https:\/\/veritasinfo.org\/wp-content\/uploads\/2025\/07\/IMG_2398.jpeg","contentUrl":"https:\/\/veritasinfo.org\/wp-content\/uploads\/2025\/07\/IMG_2398.jpeg","width":780,"height":500},{"@type":"BreadcrumbList","@id":"https:\/\/veritasinfo.org\/?p=5771#breadcrumb","itemListElement":[{"@type":"ListItem","position":1,"name":"Home","item":"https:\/\/veritasinfo.org\/"},{"@type":"ListItem","position":2,"name":"Kos: Serbia e detyruar t\u2019i respektoj\u00eb t\u00eb drejtat e shqiptar\u00ebve n\u00eb Lugin\u00eb"}]},{"@type":"WebSite","@id":"https:\/\/veritasinfo.org\/#website","url":"https:\/\/veritasinfo.org\/","name":"","description":"","potentialAction":[{"@type":"SearchAction","target":{"@type":"EntryPoint","urlTemplate":"https:\/\/veritasinfo.org\/?s={search_term_string}"},"query-input":{"@type":"PropertyValueSpecification","valueRequired":true,"valueName":"search_term_string"}}],"inLanguage":"en-US"},{"@type":"Person","@id":"https:\/\/veritasinfo.org\/#\/schema\/person\/7701f8c088bece422266b100a712374f","name":"admin","image":{"@type":"ImageObject","inLanguage":"en-US","@id":"https:\/\/veritasinfo.org\/#\/schema\/person\/image\/","url":"https:\/\/secure.gravatar.com\/avatar\/ea53aa3bf6c9a12d5fde8ce4deff43fef3885ae33cf60184161a50d6987cfd2f?s=96&d=mm&r=g","contentUrl":"https:\/\/secure.gravatar.com\/avatar\/ea53aa3bf6c9a12d5fde8ce4deff43fef3885ae33cf60184161a50d6987cfd2f?s=96&d=mm&r=g","caption":"admin"},"sameAs":["https:\/\/veritasinfo.org"],"url":"https:\/\/veritasinfo.org\/?author=1"}]}},"featured_image_urls":{"full":["https:\/\/veritasinfo.org\/wp-content\/uploads\/2025\/07\/IMG_2398.jpeg",780,500,false],"thumbnail":["https:\/\/veritasinfo.org\/wp-content\/uploads\/2025\/07\/IMG_2398-150x150.jpeg",150,150,true],"medium":["https:\/\/veritasinfo.org\/wp-content\/uploads\/2025\/07\/IMG_2398-300x192.jpeg",300,192,true],"medium_large":["https:\/\/veritasinfo.org\/wp-content\/uploads\/2025\/07\/IMG_2398-768x492.jpeg",640,410,true],"large":["https:\/\/veritasinfo.org\/wp-content\/uploads\/2025\/07\/IMG_2398.jpeg",640,410,false],"1536x1536":["https:\/\/veritasinfo.org\/wp-content\/uploads\/2025\/07\/IMG_2398.jpeg",780,500,false],"2048x2048":["https:\/\/veritasinfo.org\/wp-content\/uploads\/2025\/07\/IMG_2398.jpeg",780,500,false],"kreeti-slider-full":["https:\/\/veritasinfo.org\/wp-content\/uploads\/2025\/07\/IMG_2398.jpeg",780,500,false],"kreeti-featured":["https:\/\/veritasinfo.org\/wp-content\/uploads\/2025\/07\/IMG_2398.jpeg",780,500,false],"kreeti-medium":["https:\/\/veritasinfo.org\/wp-content\/uploads\/2025\/07\/IMG_2398.jpeg",720,462,false],"kreeti-medium-square":["https:\/\/veritasinfo.org\/wp-content\/uploads\/2025\/07\/IMG_2398.jpeg",350,224,false]},"author_info":{"info":["admin"]},"category_info":"<a href=\"https:\/\/veritasinfo.org\/?cat=58\" rel=\"category\">Politik\u00eb<\/a>","tag_info":"Politik\u00eb","comment_count":"0","_links":{"self":[{"href":"https:\/\/veritasinfo.org\/index.php?rest_route=\/wp\/v2\/posts\/5771","targetHints":{"allow":["GET"]}}],"collection":[{"href":"https:\/\/veritasinfo.org\/index.php?rest_route=\/wp\/v2\/posts"}],"about":[{"href":"https:\/\/veritasinfo.org\/index.php?rest_route=\/wp\/v2\/types\/post"}],"author":[{"embeddable":true,"href":"https:\/\/veritasinfo.org\/index.php?rest_route=\/wp\/v2\/users\/1"}],"replies":[{"embeddable":true,"href":"https:\/\/veritasinfo.org\/index.php?rest_route=%2Fwp%2Fv2%2Fcomments&post=5771"}],"version-history":[{"count":1,"href":"https:\/\/veritasinfo.org\/index.php?rest_route=\/wp\/v2\/posts\/5771\/revisions"}],"predecessor-version":[{"id":5774,"href":"https:\/\/veritasinfo.org\/index.php?rest_route=\/wp\/v2\/posts\/5771\/revisions\/5774"}],"wp:featuredmedia":[{"embeddable":true,"href":"https:\/\/veritasinfo.org\/index.php?rest_route=\/wp\/v2\/media\/5773"}],"wp:attachment":[{"href":"https:\/\/veritasinfo.org\/index.php?rest_route=%2Fwp%2Fv2%2Fmedia&parent=5771"}],"wp:term":[{"taxonomy":"category","embeddable":true,"href":"https:\/\/veritasinfo.org\/index.php?rest_route=%2Fwp%2Fv2%2Fcategories&post=5771"},{"taxonomy":"post_tag","embeddable":true,"href":"https:\/\/veritasinfo.org\/index.php?rest_route=%2Fwp%2Fv2%2Ftags&post=5771"}],"curies":[{"name":"wp","href":"https:\/\/api.w.org\/{rel}","templated":true}]}}