{"id":5756,"date":"2025-07-29T15:22:29","date_gmt":"2025-07-29T13:22:29","guid":{"rendered":"https:\/\/veritasinfo.org\/?p=5756"},"modified":"2025-07-29T15:22:29","modified_gmt":"2025-07-29T13:22:29","slug":"kushtetuesja-do-te-nxjerrim-vendim-meritor-per-kerkesat-rreth-konstituimit-te-kuvendit","status":"publish","type":"post","link":"https:\/\/veritasinfo.org\/?p=5756","title":{"rendered":"Kushtetuesja: Do t\u00eb nxjerrim vendim meritor p\u00ebr k\u00ebrkesat rreth konstituimit t\u00eb Kuvendit"},"content":{"rendered":"<p>Prishtin\u00eb, 29 Korrik 2025<\/p>\n<p>Gjykata Kushtetuese ka th\u00ebn\u00eb se do t\u00eb nxjerr vendim meritor sa i p\u00ebrket k\u00ebrkesave t\u00eb parashtruar rreth konstituimit t\u00eb Kuvendit, pas vendimi t\u00eb mas\u00ebs s\u00eb p\u00ebrkohshme q\u00eb p\u00ebrfundon m\u00eb 8 gusht.<\/p>\n<p>\u201cPas vendimit p\u00ebr vendosjen ex officio t\u00eb mas\u00ebs s\u00eb p\u00ebrkohshme, Gjykata do t\u00eb nxjerr vendim meritor p\u00ebrkitazi me k\u00ebrkesat e parashtruara rreth konstituimit t\u00eb Kuvendit t\u00eb Kosov\u00ebs\u201d, thuhet n\u00eb nj\u00eb p\u00ebrgjigje p\u00ebr T\u00ebv\u00eb1 nga Kushtetuesja.<\/p>\n<div class=\"jeg_ad jeg_ad_article jnews_content_inline_ads  \">\n<div class=\"ads-wrapper align-center \">Gjykata Kushtetuese t\u00eb enjten kishte nxjerr n\u00eb vendim p\u00ebr mas\u00eb t\u00eb p\u00ebrkohshme p\u00ebr seanc\u00ebn konstituive, ku kishte vendosur q\u00eb n\u00ebse Kuvendi nuk konstituohet sipas afatit t\u00eb dh\u00ebn\u00eb brenda 30 dit\u00ebve, pra deri m\u00eb 26 korrik, deputet\u00ebt nuk mund t\u00eb marrin asnj\u00eb veprim deri m\u00eb 8 gusht.<\/div>\n<\/div>\n<p>Nd\u00ebrsa, sa i p\u00ebrket hapave pas 8 gushtit ka paqart\u00ebsi mes komentimeve q\u00eb deputet\u00ebve mund t\u00eb merret mandati dhe shkuarja n\u00eb zgjedhje t\u00eb jasht\u00ebzakonshme .<\/p>\n","protected":false},"excerpt":{"rendered":"<p>Prishtin\u00eb, 29 Korrik 2025 Gjykata Kushtetuese ka th\u00ebn\u00eb se do t\u00eb nxjerr vendim meritor sa i p\u00ebrket k\u00ebrkesave t\u00eb parashtruar rreth konstituimit t\u00eb Kuvendit, pas<\/p>\n","protected":false},"author":1,"featured_media":5757,"comment_status":"open","ping_status":"open","sticky":false,"template":"","format":"standard","meta":{"footnotes":""},"categories":[58],"tags":[],"class_list":["post-5756","post","type-post","status-publish","format-standard","has-post-thumbnail","hentry","category-politike-sq"],"yoast_head":"<!-- This site is optimized with the Yoast SEO plugin v25.3.1 - https:\/\/yoast.com\/wordpress\/plugins\/seo\/ -->\n<title>Kushtetuesja: Do t\u00eb nxjerrim vendim meritor p\u00ebr k\u00ebrkesat rreth konstituimit t\u00eb Kuvendit -<\/title>\n<meta name=\"robots\" content=\"index, follow, max-snippet:-1, max-image-preview:large, max-video-preview:-1\" \/>\n<link rel=\"canonical\" href=\"https:\/\/veritasinfo.org\/?p=5756\" \/>\n<meta property=\"og:locale\" content=\"en_US\" \/>\n<meta property=\"og:type\" content=\"article\" \/>\n<meta property=\"og:title\" content=\"Kushtetuesja: Do t\u00eb nxjerrim vendim meritor p\u00ebr k\u00ebrkesat rreth konstituimit t\u00eb Kuvendit -\" \/>\n<meta property=\"og:description\" content=\"Prishtin\u00eb, 29 Korrik 2025 Gjykata Kushtetuese ka th\u00ebn\u00eb se do t\u00eb nxjerr vendim meritor sa i p\u00ebrket k\u00ebrkesave t\u00eb parashtruar rreth konstituimit t\u00eb Kuvendit, pas\" \/>\n<meta property=\"og:url\" content=\"https:\/\/veritasinfo.org\/?p=5756\" \/>\n<meta property=\"article:published_time\" content=\"2025-07-29T13:22:29+00:00\" \/>\n<meta property=\"og:image\" content=\"https:\/\/veritasinfo.org\/wp-content\/uploads\/2025\/07\/IMG_2395.png\" \/>\n\t<meta property=\"og:image:width\" content=\"750\" \/>\n\t<meta property=\"og:image:height\" content=\"375\" \/>\n\t<meta property=\"og:image:type\" content=\"image\/png\" \/>\n<meta name=\"author\" content=\"admin\" \/>\n<meta name=\"twitter:card\" content=\"summary_large_image\" \/>\n<meta name=\"twitter:label1\" content=\"Written by\" \/>\n\t<meta name=\"twitter:data1\" content=\"admin\" \/>\n\t<meta name=\"twitter:label2\" content=\"Est. reading time\" \/>\n\t<meta name=\"twitter:data2\" content=\"1 minute\" \/>\n<script type=\"application\/ld+json\" class=\"yoast-schema-graph\">{\"@context\":\"https:\/\/schema.org\",\"@graph\":[{\"@type\":\"WebPage\",\"@id\":\"https:\/\/veritasinfo.org\/?p=5756\",\"url\":\"https:\/\/veritasinfo.org\/?p=5756\",\"name\":\"Kushtetuesja: Do t\u00eb nxjerrim vendim meritor p\u00ebr k\u00ebrkesat rreth konstituimit t\u00eb Kuvendit -\",\"isPartOf\":{\"@id\":\"https:\/\/veritasinfo.org\/#website\"},\"primaryImageOfPage\":{\"@id\":\"https:\/\/veritasinfo.org\/?p=5756#primaryimage\"},\"image\":{\"@id\":\"https:\/\/veritasinfo.org\/?p=5756#primaryimage\"},\"thumbnailUrl\":\"https:\/\/veritasinfo.org\/wp-content\/uploads\/2025\/07\/IMG_2395.png\",\"datePublished\":\"2025-07-29T13:22:29+00:00\",\"author\":{\"@id\":\"https:\/\/veritasinfo.org\/#\/schema\/person\/7701f8c088bece422266b100a712374f\"},\"breadcrumb\":{\"@id\":\"https:\/\/veritasinfo.org\/?p=5756#breadcrumb\"},\"inLanguage\":\"en-US\",\"potentialAction\":[{\"@type\":\"ReadAction\",\"target\":[\"https:\/\/veritasinfo.org\/?p=5756\"]}]},{\"@type\":\"ImageObject\",\"inLanguage\":\"en-US\",\"@id\":\"https:\/\/veritasinfo.org\/?p=5756#primaryimage\",\"url\":\"https:\/\/veritasinfo.org\/wp-content\/uploads\/2025\/07\/IMG_2395.png\",\"contentUrl\":\"https:\/\/veritasinfo.org\/wp-content\/uploads\/2025\/07\/IMG_2395.png\",\"width\":750,\"height\":375},{\"@type\":\"BreadcrumbList\",\"@id\":\"https:\/\/veritasinfo.org\/?p=5756#breadcrumb\",\"itemListElement\":[{\"@type\":\"ListItem\",\"position\":1,\"name\":\"Home\",\"item\":\"https:\/\/veritasinfo.org\/\"},{\"@type\":\"ListItem\",\"position\":2,\"name\":\"Kushtetuesja: Do t\u00eb nxjerrim vendim meritor p\u00ebr k\u00ebrkesat rreth konstituimit t\u00eb Kuvendit\"}]},{\"@type\":\"WebSite\",\"@id\":\"https:\/\/veritasinfo.org\/#website\",\"url\":\"https:\/\/veritasinfo.org\/\",\"name\":\"\",\"description\":\"\",\"potentialAction\":[{\"@type\":\"SearchAction\",\"target\":{\"@type\":\"EntryPoint\",\"urlTemplate\":\"https:\/\/veritasinfo.org\/?s={search_term_string}\"},\"query-input\":{\"@type\":\"PropertyValueSpecification\",\"valueRequired\":true,\"valueName\":\"search_term_string\"}}],\"inLanguage\":\"en-US\"},{\"@type\":\"Person\",\"@id\":\"https:\/\/veritasinfo.org\/#\/schema\/person\/7701f8c088bece422266b100a712374f\",\"name\":\"admin\",\"image\":{\"@type\":\"ImageObject\",\"inLanguage\":\"en-US\",\"@id\":\"https:\/\/veritasinfo.org\/#\/schema\/person\/image\/\",\"url\":\"https:\/\/secure.gravatar.com\/avatar\/ea53aa3bf6c9a12d5fde8ce4deff43fef3885ae33cf60184161a50d6987cfd2f?s=96&d=mm&r=g\",\"contentUrl\":\"https:\/\/secure.gravatar.com\/avatar\/ea53aa3bf6c9a12d5fde8ce4deff43fef3885ae33cf60184161a50d6987cfd2f?s=96&d=mm&r=g\",\"caption\":\"admin\"},\"sameAs\":[\"https:\/\/veritasinfo.org\"],\"url\":\"https:\/\/veritasinfo.org\/?author=1\"}]}<\/script>\n<!-- \/ Yoast SEO plugin. -->","yoast_head_json":{"title":"Kushtetuesja: Do t\u00eb nxjerrim vendim meritor p\u00ebr k\u00ebrkesat rreth konstituimit t\u00eb Kuvendit -","robots":{"index":"index","follow":"follow","max-snippet":"max-snippet:-1","max-image-preview":"max-image-preview:large","max-video-preview":"max-video-preview:-1"},"canonical":"https:\/\/veritasinfo.org\/?p=5756","og_locale":"en_US","og_type":"article","og_title":"Kushtetuesja: Do t\u00eb nxjerrim vendim meritor p\u00ebr k\u00ebrkesat rreth konstituimit t\u00eb Kuvendit -","og_description":"Prishtin\u00eb, 29 Korrik 2025 Gjykata Kushtetuese ka th\u00ebn\u00eb se do t\u00eb nxjerr vendim meritor sa i p\u00ebrket k\u00ebrkesave t\u00eb parashtruar rreth konstituimit t\u00eb Kuvendit, pas","og_url":"https:\/\/veritasinfo.org\/?p=5756","article_published_time":"2025-07-29T13:22:29+00:00","og_image":[{"width":750,"height":375,"url":"https:\/\/veritasinfo.org\/wp-content\/uploads\/2025\/07\/IMG_2395.png","type":"image\/png"}],"author":"admin","twitter_card":"summary_large_image","twitter_misc":{"Written by":"admin","Est. reading time":"1 minute"},"schema":{"@context":"https:\/\/schema.org","@graph":[{"@type":"WebPage","@id":"https:\/\/veritasinfo.org\/?p=5756","url":"https:\/\/veritasinfo.org\/?p=5756","name":"Kushtetuesja: Do t\u00eb nxjerrim vendim meritor p\u00ebr k\u00ebrkesat rreth konstituimit t\u00eb Kuvendit -","isPartOf":{"@id":"https:\/\/veritasinfo.org\/#website"},"primaryImageOfPage":{"@id":"https:\/\/veritasinfo.org\/?p=5756#primaryimage"},"image":{"@id":"https:\/\/veritasinfo.org\/?p=5756#primaryimage"},"thumbnailUrl":"https:\/\/veritasinfo.org\/wp-content\/uploads\/2025\/07\/IMG_2395.png","datePublished":"2025-07-29T13:22:29+00:00","author":{"@id":"https:\/\/veritasinfo.org\/#\/schema\/person\/7701f8c088bece422266b100a712374f"},"breadcrumb":{"@id":"https:\/\/veritasinfo.org\/?p=5756#breadcrumb"},"inLanguage":"en-US","potentialAction":[{"@type":"ReadAction","target":["https:\/\/veritasinfo.org\/?p=5756"]}]},{"@type":"ImageObject","inLanguage":"en-US","@id":"https:\/\/veritasinfo.org\/?p=5756#primaryimage","url":"https:\/\/veritasinfo.org\/wp-content\/uploads\/2025\/07\/IMG_2395.png","contentUrl":"https:\/\/veritasinfo.org\/wp-content\/uploads\/2025\/07\/IMG_2395.png","width":750,"height":375},{"@type":"BreadcrumbList","@id":"https:\/\/veritasinfo.org\/?p=5756#breadcrumb","itemListElement":[{"@type":"ListItem","position":1,"name":"Home","item":"https:\/\/veritasinfo.org\/"},{"@type":"ListItem","position":2,"name":"Kushtetuesja: Do t\u00eb nxjerrim vendim meritor p\u00ebr k\u00ebrkesat rreth konstituimit t\u00eb Kuvendit"}]},{"@type":"WebSite","@id":"https:\/\/veritasinfo.org\/#website","url":"https:\/\/veritasinfo.org\/","name":"","description":"","potentialAction":[{"@type":"SearchAction","target":{"@type":"EntryPoint","urlTemplate":"https:\/\/veritasinfo.org\/?s={search_term_string}"},"query-input":{"@type":"PropertyValueSpecification","valueRequired":true,"valueName":"search_term_string"}}],"inLanguage":"en-US"},{"@type":"Person","@id":"https:\/\/veritasinfo.org\/#\/schema\/person\/7701f8c088bece422266b100a712374f","name":"admin","image":{"@type":"ImageObject","inLanguage":"en-US","@id":"https:\/\/veritasinfo.org\/#\/schema\/person\/image\/","url":"https:\/\/secure.gravatar.com\/avatar\/ea53aa3bf6c9a12d5fde8ce4deff43fef3885ae33cf60184161a50d6987cfd2f?s=96&d=mm&r=g","contentUrl":"https:\/\/secure.gravatar.com\/avatar\/ea53aa3bf6c9a12d5fde8ce4deff43fef3885ae33cf60184161a50d6987cfd2f?s=96&d=mm&r=g","caption":"admin"},"sameAs":["https:\/\/veritasinfo.org"],"url":"https:\/\/veritasinfo.org\/?author=1"}]}},"featured_image_urls":{"full":["https:\/\/veritasinfo.org\/wp-content\/uploads\/2025\/07\/IMG_2395.png",750,375,false],"thumbnail":["https:\/\/veritasinfo.org\/wp-content\/uploads\/2025\/07\/IMG_2395-150x150.png",150,150,true],"medium":["https:\/\/veritasinfo.org\/wp-content\/uploads\/2025\/07\/IMG_2395-300x150.png",300,150,true],"medium_large":["https:\/\/veritasinfo.org\/wp-content\/uploads\/2025\/07\/IMG_2395.png",640,320,false],"large":["https:\/\/veritasinfo.org\/wp-content\/uploads\/2025\/07\/IMG_2395.png",640,320,false],"1536x1536":["https:\/\/veritasinfo.org\/wp-content\/uploads\/2025\/07\/IMG_2395.png",750,375,false],"2048x2048":["https:\/\/veritasinfo.org\/wp-content\/uploads\/2025\/07\/IMG_2395.png",750,375,false],"kreeti-slider-full":["https:\/\/veritasinfo.org\/wp-content\/uploads\/2025\/07\/IMG_2395.png",750,375,false],"kreeti-featured":["https:\/\/veritasinfo.org\/wp-content\/uploads\/2025\/07\/IMG_2395.png",750,375,false],"kreeti-medium":["https:\/\/veritasinfo.org\/wp-content\/uploads\/2025\/07\/IMG_2395.png",720,360,false],"kreeti-medium-square":["https:\/\/veritasinfo.org\/wp-content\/uploads\/2025\/07\/IMG_2395.png",350,175,false]},"author_info":{"info":["admin"]},"category_info":"<a href=\"https:\/\/veritasinfo.org\/?cat=58\" rel=\"category\">Politik\u00eb<\/a>","tag_info":"Politik\u00eb","comment_count":"0","_links":{"self":[{"href":"https:\/\/veritasinfo.org\/index.php?rest_route=\/wp\/v2\/posts\/5756","targetHints":{"allow":["GET"]}}],"collection":[{"href":"https:\/\/veritasinfo.org\/index.php?rest_route=\/wp\/v2\/posts"}],"about":[{"href":"https:\/\/veritasinfo.org\/index.php?rest_route=\/wp\/v2\/types\/post"}],"author":[{"embeddable":true,"href":"https:\/\/veritasinfo.org\/index.php?rest_route=\/wp\/v2\/users\/1"}],"replies":[{"embeddable":true,"href":"https:\/\/veritasinfo.org\/index.php?rest_route=%2Fwp%2Fv2%2Fcomments&post=5756"}],"version-history":[{"count":1,"href":"https:\/\/veritasinfo.org\/index.php?rest_route=\/wp\/v2\/posts\/5756\/revisions"}],"predecessor-version":[{"id":5758,"href":"https:\/\/veritasinfo.org\/index.php?rest_route=\/wp\/v2\/posts\/5756\/revisions\/5758"}],"wp:featuredmedia":[{"embeddable":true,"href":"https:\/\/veritasinfo.org\/index.php?rest_route=\/wp\/v2\/media\/5757"}],"wp:attachment":[{"href":"https:\/\/veritasinfo.org\/index.php?rest_route=%2Fwp%2Fv2%2Fmedia&parent=5756"}],"wp:term":[{"taxonomy":"category","embeddable":true,"href":"https:\/\/veritasinfo.org\/index.php?rest_route=%2Fwp%2Fv2%2Fcategories&post=5756"},{"taxonomy":"post_tag","embeddable":true,"href":"https:\/\/veritasinfo.org\/index.php?rest_route=%2Fwp%2Fv2%2Ftags&post=5756"}],"curies":[{"name":"wp","href":"https:\/\/api.w.org\/{rel}","templated":true}]}}