{"id":5707,"date":"2025-07-29T08:26:57","date_gmt":"2025-07-29T06:26:57","guid":{"rendered":"https:\/\/veritasinfo.org\/?p=5707"},"modified":"2025-07-29T08:27:26","modified_gmt":"2025-07-29T06:27:26","slug":"ovl-e-uck-se-e-gatshme-per-verifikimin-e-veteraneve-ne-pritje-te-komisionit-nga-qeveria","status":"publish","type":"post","link":"https:\/\/veritasinfo.org\/?p=5707","title":{"rendered":"OVL e U\u00c7K-s\u00eb e gatshme p\u00ebr verifikimin e veteran\u00ebve \u2013 n\u00eb pritje t\u00eb komisionit nga Qeveria"},"content":{"rendered":"<p>OVL e U\u00c7K-s\u00eb e gatshme p\u00ebr verifikimin e veteran\u00ebve \u2013 n\u00eb pritje t\u00eb komisionit nga Qeveria<\/p>\n<p>Prishtin\u00eb, 29 korrik 2025<\/p>\n<p>Organizatat e dala nga lufta e U\u00c7K-s\u00eb kan\u00eb shprehur gatishm\u00ebrin\u00eb p\u00ebr t\u00eb bashk\u00ebpunuar n\u00eb procesin e riverifikimit t\u00eb list\u00ebs s\u00eb veteran\u00ebve t\u00eb luft\u00ebs, duke theksuar se presin themelimin e komisionit t\u00eb posa\u00e7\u00ebm nga Qeveria e Kosov\u00ebs.<\/p>\n<p>Xhavit Jashari nga Organizata e Veteran\u00ebve t\u00eb Luft\u00ebs deklaroi se komandant\u00ebt e zonave, s\u00eb bashku me zinxhirin komandues, jan\u00eb organi m\u00eb i p\u00ebrshtatsh\u00ebm p\u00ebr t\u00eb b\u00ebr\u00eb verifikimin real t\u00eb statusit t\u00eb veteran\u00ebve.<\/p>\n<p>\u201cDrejt\u00ebsia duhet t\u00eb argumentoj\u00eb qart\u00eb ku jan\u00eb b\u00ebr\u00eb shkeljet. Nuk mundet dikush si Agim \u00c7eku t\u2019i njoh\u00eb personalisht t\u00eb gjith\u00eb ushtar\u00ebt n\u00eb gjith\u00eb zonat e luft\u00ebs. Verifikimi duhet t\u00eb b\u00ebhet nga komandant\u00ebt e zonave\u201d, u shpreh Jashari p\u00ebr RTK.<\/p>\n<p>Sipas tij, OVL e U\u00c7K-s\u00eb \u00ebsht\u00eb e hapur ndaj \u00e7do bashk\u00ebpunimi institucional dhe do t\u00eb respektoj\u00eb vendimet ligjore, por k\u00ebrkon q\u00eb procesi t\u00eb bazohet n\u00eb fakte.<\/p>\n<p>Nga ana tjet\u00ebr, Shkumbin Krasniqi, emri i t\u00eb cilit gjendet n\u00eb list\u00ebn e veteran\u00ebve, deklaroi se procesi ka qen\u00eb i politizuar dhe se numri i veteran\u00ebve t\u00eb rrejsh\u00ebm mund t\u00eb jet\u00eb mbi 25 mij\u00eb.<\/p>\n<p>\u201c\u00cbsht\u00eb abuzuar me shifrat p\u00ebr p\u00ebrfitime politike. Nuk ka m\u00eb shum\u00eb se 17 mij\u00eb veteran\u00eb t\u00eb v\u00ebrtet\u00eb\u201d, tha ai.<\/p>\n<p>Edhe Frash\u00ebr Oseku reagoi p\u00ebr d\u00ebnimet ndaj disa komandant\u00ebve t\u00eb zonave, duke theksuar se heshtja n\u00eb k\u00ebt\u00eb \u00e7\u00ebshtje n\u00ebnkupton bashk\u00ebfaj\u00ebsi.<\/p>\n<p>Nd\u00ebrkoh\u00eb, Qeveria e Kosov\u00ebs ende nuk ka kthyer p\u00ebrgjigje lidhur me nisjen e procedurave p\u00ebr themelimin e komisionit p\u00ebr verifikim, edhe pse Gjykata Themelore n\u00eb Prishtin\u00eb e ka obliguar ligj\u00ebrisht p\u00ebr k\u00ebt\u00eb hap.<\/p>\n<p>Pak dit\u00eb m\u00eb par\u00eb, n\u00eb rigjykim, kjo gjykat\u00eb shpalli fajtor\u00eb dhjet\u00eb persona t\u00eb p\u00ebrfshir\u00eb n\u00eb rastin \u201cVeteran\u00ebt\u201d, duke i d\u00ebnuar secilin me nga nj\u00eb vit burgim.<\/p>\n<p>&nbsp;<\/p>\n","protected":false},"excerpt":{"rendered":"<p>OVL e U\u00c7K-s\u00eb e gatshme p\u00ebr verifikimin e veteran\u00ebve \u2013 n\u00eb pritje t\u00eb komisionit nga Qeveria Prishtin\u00eb, 29 korrik 2025 Organizatat e dala nga lufta<\/p>\n","protected":false},"author":1,"featured_media":5708,"comment_status":"open","ping_status":"open","sticky":false,"template":"","format":"standard","meta":{"footnotes":""},"categories":[60],"tags":[],"class_list":["post-5707","post","type-post","status-publish","format-standard","has-post-thumbnail","hentry","category-shoqerore-sq"],"yoast_head":"<!-- This site is optimized with the Yoast SEO plugin v25.3.1 - https:\/\/yoast.com\/wordpress\/plugins\/seo\/ -->\n<title>OVL e U\u00c7K-s\u00eb e gatshme p\u00ebr verifikimin e veteran\u00ebve \u2013 n\u00eb pritje t\u00eb komisionit nga Qeveria -<\/title>\n<meta name=\"robots\" content=\"index, follow, max-snippet:-1, max-image-preview:large, max-video-preview:-1\" \/>\n<link rel=\"canonical\" href=\"https:\/\/veritasinfo.org\/?p=5707\" \/>\n<meta property=\"og:locale\" content=\"en_US\" \/>\n<meta property=\"og:type\" content=\"article\" \/>\n<meta property=\"og:title\" content=\"OVL e U\u00c7K-s\u00eb e gatshme p\u00ebr verifikimin e veteran\u00ebve \u2013 n\u00eb pritje t\u00eb komisionit nga Qeveria -\" \/>\n<meta property=\"og:description\" content=\"OVL e U\u00c7K-s\u00eb e gatshme p\u00ebr verifikimin e veteran\u00ebve \u2013 n\u00eb pritje t\u00eb komisionit nga Qeveria Prishtin\u00eb, 29 korrik 2025 Organizatat e dala nga lufta\" \/>\n<meta property=\"og:url\" content=\"https:\/\/veritasinfo.org\/?p=5707\" \/>\n<meta property=\"article:published_time\" content=\"2025-07-29T06:26:57+00:00\" \/>\n<meta property=\"article:modified_time\" content=\"2025-07-29T06:27:26+00:00\" \/>\n<meta property=\"og:image\" content=\"https:\/\/veritasinfo.org\/wp-content\/uploads\/2025\/07\/uck.jpg\" \/>\n\t<meta property=\"og:image:width\" content=\"960\" \/>\n\t<meta property=\"og:image:height\" content=\"540\" \/>\n\t<meta property=\"og:image:type\" content=\"image\/jpeg\" \/>\n<meta name=\"author\" content=\"admin\" \/>\n<meta name=\"twitter:card\" content=\"summary_large_image\" \/>\n<meta name=\"twitter:label1\" content=\"Written by\" \/>\n\t<meta name=\"twitter:data1\" content=\"admin\" \/>\n\t<meta name=\"twitter:label2\" content=\"Est. reading time\" \/>\n\t<meta name=\"twitter:data2\" content=\"2 minutes\" \/>\n<script type=\"application\/ld+json\" class=\"yoast-schema-graph\">{\"@context\":\"https:\/\/schema.org\",\"@graph\":[{\"@type\":\"WebPage\",\"@id\":\"https:\/\/veritasinfo.org\/?p=5707\",\"url\":\"https:\/\/veritasinfo.org\/?p=5707\",\"name\":\"OVL e U\u00c7K-s\u00eb e gatshme p\u00ebr verifikimin e veteran\u00ebve \u2013 n\u00eb pritje t\u00eb komisionit nga Qeveria -\",\"isPartOf\":{\"@id\":\"https:\/\/veritasinfo.org\/#website\"},\"primaryImageOfPage\":{\"@id\":\"https:\/\/veritasinfo.org\/?p=5707#primaryimage\"},\"image\":{\"@id\":\"https:\/\/veritasinfo.org\/?p=5707#primaryimage\"},\"thumbnailUrl\":\"https:\/\/veritasinfo.org\/wp-content\/uploads\/2025\/07\/uck.jpg\",\"datePublished\":\"2025-07-29T06:26:57+00:00\",\"dateModified\":\"2025-07-29T06:27:26+00:00\",\"author\":{\"@id\":\"https:\/\/veritasinfo.org\/#\/schema\/person\/7701f8c088bece422266b100a712374f\"},\"breadcrumb\":{\"@id\":\"https:\/\/veritasinfo.org\/?p=5707#breadcrumb\"},\"inLanguage\":\"en-US\",\"potentialAction\":[{\"@type\":\"ReadAction\",\"target\":[\"https:\/\/veritasinfo.org\/?p=5707\"]}]},{\"@type\":\"ImageObject\",\"inLanguage\":\"en-US\",\"@id\":\"https:\/\/veritasinfo.org\/?p=5707#primaryimage\",\"url\":\"https:\/\/veritasinfo.org\/wp-content\/uploads\/2025\/07\/uck.jpg\",\"contentUrl\":\"https:\/\/veritasinfo.org\/wp-content\/uploads\/2025\/07\/uck.jpg\",\"width\":960,\"height\":540},{\"@type\":\"BreadcrumbList\",\"@id\":\"https:\/\/veritasinfo.org\/?p=5707#breadcrumb\",\"itemListElement\":[{\"@type\":\"ListItem\",\"position\":1,\"name\":\"Home\",\"item\":\"https:\/\/veritasinfo.org\/\"},{\"@type\":\"ListItem\",\"position\":2,\"name\":\"OVL e U\u00c7K-s\u00eb e gatshme p\u00ebr verifikimin e veteran\u00ebve \u2013 n\u00eb pritje t\u00eb komisionit nga Qeveria\"}]},{\"@type\":\"WebSite\",\"@id\":\"https:\/\/veritasinfo.org\/#website\",\"url\":\"https:\/\/veritasinfo.org\/\",\"name\":\"\",\"description\":\"\",\"potentialAction\":[{\"@type\":\"SearchAction\",\"target\":{\"@type\":\"EntryPoint\",\"urlTemplate\":\"https:\/\/veritasinfo.org\/?s={search_term_string}\"},\"query-input\":{\"@type\":\"PropertyValueSpecification\",\"valueRequired\":true,\"valueName\":\"search_term_string\"}}],\"inLanguage\":\"en-US\"},{\"@type\":\"Person\",\"@id\":\"https:\/\/veritasinfo.org\/#\/schema\/person\/7701f8c088bece422266b100a712374f\",\"name\":\"admin\",\"image\":{\"@type\":\"ImageObject\",\"inLanguage\":\"en-US\",\"@id\":\"https:\/\/veritasinfo.org\/#\/schema\/person\/image\/\",\"url\":\"https:\/\/secure.gravatar.com\/avatar\/ea53aa3bf6c9a12d5fde8ce4deff43fef3885ae33cf60184161a50d6987cfd2f?s=96&d=mm&r=g\",\"contentUrl\":\"https:\/\/secure.gravatar.com\/avatar\/ea53aa3bf6c9a12d5fde8ce4deff43fef3885ae33cf60184161a50d6987cfd2f?s=96&d=mm&r=g\",\"caption\":\"admin\"},\"sameAs\":[\"https:\/\/veritasinfo.org\"],\"url\":\"https:\/\/veritasinfo.org\/?author=1\"}]}<\/script>\n<!-- \/ Yoast SEO plugin. -->","yoast_head_json":{"title":"OVL e U\u00c7K-s\u00eb e gatshme p\u00ebr verifikimin e veteran\u00ebve \u2013 n\u00eb pritje t\u00eb komisionit nga Qeveria -","robots":{"index":"index","follow":"follow","max-snippet":"max-snippet:-1","max-image-preview":"max-image-preview:large","max-video-preview":"max-video-preview:-1"},"canonical":"https:\/\/veritasinfo.org\/?p=5707","og_locale":"en_US","og_type":"article","og_title":"OVL e U\u00c7K-s\u00eb e gatshme p\u00ebr verifikimin e veteran\u00ebve \u2013 n\u00eb pritje t\u00eb komisionit nga Qeveria -","og_description":"OVL e U\u00c7K-s\u00eb e gatshme p\u00ebr verifikimin e veteran\u00ebve \u2013 n\u00eb pritje t\u00eb komisionit nga Qeveria Prishtin\u00eb, 29 korrik 2025 Organizatat e dala nga lufta","og_url":"https:\/\/veritasinfo.org\/?p=5707","article_published_time":"2025-07-29T06:26:57+00:00","article_modified_time":"2025-07-29T06:27:26+00:00","og_image":[{"width":960,"height":540,"url":"https:\/\/veritasinfo.org\/wp-content\/uploads\/2025\/07\/uck.jpg","type":"image\/jpeg"}],"author":"admin","twitter_card":"summary_large_image","twitter_misc":{"Written by":"admin","Est. reading time":"2 minutes"},"schema":{"@context":"https:\/\/schema.org","@graph":[{"@type":"WebPage","@id":"https:\/\/veritasinfo.org\/?p=5707","url":"https:\/\/veritasinfo.org\/?p=5707","name":"OVL e U\u00c7K-s\u00eb e gatshme p\u00ebr verifikimin e veteran\u00ebve \u2013 n\u00eb pritje t\u00eb komisionit nga Qeveria -","isPartOf":{"@id":"https:\/\/veritasinfo.org\/#website"},"primaryImageOfPage":{"@id":"https:\/\/veritasinfo.org\/?p=5707#primaryimage"},"image":{"@id":"https:\/\/veritasinfo.org\/?p=5707#primaryimage"},"thumbnailUrl":"https:\/\/veritasinfo.org\/wp-content\/uploads\/2025\/07\/uck.jpg","datePublished":"2025-07-29T06:26:57+00:00","dateModified":"2025-07-29T06:27:26+00:00","author":{"@id":"https:\/\/veritasinfo.org\/#\/schema\/person\/7701f8c088bece422266b100a712374f"},"breadcrumb":{"@id":"https:\/\/veritasinfo.org\/?p=5707#breadcrumb"},"inLanguage":"en-US","potentialAction":[{"@type":"ReadAction","target":["https:\/\/veritasinfo.org\/?p=5707"]}]},{"@type":"ImageObject","inLanguage":"en-US","@id":"https:\/\/veritasinfo.org\/?p=5707#primaryimage","url":"https:\/\/veritasinfo.org\/wp-content\/uploads\/2025\/07\/uck.jpg","contentUrl":"https:\/\/veritasinfo.org\/wp-content\/uploads\/2025\/07\/uck.jpg","width":960,"height":540},{"@type":"BreadcrumbList","@id":"https:\/\/veritasinfo.org\/?p=5707#breadcrumb","itemListElement":[{"@type":"ListItem","position":1,"name":"Home","item":"https:\/\/veritasinfo.org\/"},{"@type":"ListItem","position":2,"name":"OVL e U\u00c7K-s\u00eb e gatshme p\u00ebr verifikimin e veteran\u00ebve \u2013 n\u00eb pritje t\u00eb komisionit nga Qeveria"}]},{"@type":"WebSite","@id":"https:\/\/veritasinfo.org\/#website","url":"https:\/\/veritasinfo.org\/","name":"","description":"","potentialAction":[{"@type":"SearchAction","target":{"@type":"EntryPoint","urlTemplate":"https:\/\/veritasinfo.org\/?s={search_term_string}"},"query-input":{"@type":"PropertyValueSpecification","valueRequired":true,"valueName":"search_term_string"}}],"inLanguage":"en-US"},{"@type":"Person","@id":"https:\/\/veritasinfo.org\/#\/schema\/person\/7701f8c088bece422266b100a712374f","name":"admin","image":{"@type":"ImageObject","inLanguage":"en-US","@id":"https:\/\/veritasinfo.org\/#\/schema\/person\/image\/","url":"https:\/\/secure.gravatar.com\/avatar\/ea53aa3bf6c9a12d5fde8ce4deff43fef3885ae33cf60184161a50d6987cfd2f?s=96&d=mm&r=g","contentUrl":"https:\/\/secure.gravatar.com\/avatar\/ea53aa3bf6c9a12d5fde8ce4deff43fef3885ae33cf60184161a50d6987cfd2f?s=96&d=mm&r=g","caption":"admin"},"sameAs":["https:\/\/veritasinfo.org"],"url":"https:\/\/veritasinfo.org\/?author=1"}]}},"featured_image_urls":{"full":["https:\/\/veritasinfo.org\/wp-content\/uploads\/2025\/07\/uck.jpg",960,540,false],"thumbnail":["https:\/\/veritasinfo.org\/wp-content\/uploads\/2025\/07\/uck-150x150.jpg",150,150,true],"medium":["https:\/\/veritasinfo.org\/wp-content\/uploads\/2025\/07\/uck-300x169.jpg",300,169,true],"medium_large":["https:\/\/veritasinfo.org\/wp-content\/uploads\/2025\/07\/uck-768x432.jpg",640,360,true],"large":["https:\/\/veritasinfo.org\/wp-content\/uploads\/2025\/07\/uck.jpg",640,360,false],"1536x1536":["https:\/\/veritasinfo.org\/wp-content\/uploads\/2025\/07\/uck.jpg",960,540,false],"2048x2048":["https:\/\/veritasinfo.org\/wp-content\/uploads\/2025\/07\/uck.jpg",960,540,false],"kreeti-slider-full":["https:\/\/veritasinfo.org\/wp-content\/uploads\/2025\/07\/uck.jpg",960,540,false],"kreeti-featured":["https:\/\/veritasinfo.org\/wp-content\/uploads\/2025\/07\/uck.jpg",960,540,false],"kreeti-medium":["https:\/\/veritasinfo.org\/wp-content\/uploads\/2025\/07\/uck.jpg",720,405,false],"kreeti-medium-square":["https:\/\/veritasinfo.org\/wp-content\/uploads\/2025\/07\/uck.jpg",350,197,false]},"author_info":{"info":["admin"]},"category_info":"<a href=\"https:\/\/veritasinfo.org\/?cat=60\" rel=\"category\">Shoq\u00ebrore<\/a>","tag_info":"Shoq\u00ebrore","comment_count":"0","_links":{"self":[{"href":"https:\/\/veritasinfo.org\/index.php?rest_route=\/wp\/v2\/posts\/5707","targetHints":{"allow":["GET"]}}],"collection":[{"href":"https:\/\/veritasinfo.org\/index.php?rest_route=\/wp\/v2\/posts"}],"about":[{"href":"https:\/\/veritasinfo.org\/index.php?rest_route=\/wp\/v2\/types\/post"}],"author":[{"embeddable":true,"href":"https:\/\/veritasinfo.org\/index.php?rest_route=\/wp\/v2\/users\/1"}],"replies":[{"embeddable":true,"href":"https:\/\/veritasinfo.org\/index.php?rest_route=%2Fwp%2Fv2%2Fcomments&post=5707"}],"version-history":[{"count":2,"href":"https:\/\/veritasinfo.org\/index.php?rest_route=\/wp\/v2\/posts\/5707\/revisions"}],"predecessor-version":[{"id":5710,"href":"https:\/\/veritasinfo.org\/index.php?rest_route=\/wp\/v2\/posts\/5707\/revisions\/5710"}],"wp:featuredmedia":[{"embeddable":true,"href":"https:\/\/veritasinfo.org\/index.php?rest_route=\/wp\/v2\/media\/5708"}],"wp:attachment":[{"href":"https:\/\/veritasinfo.org\/index.php?rest_route=%2Fwp%2Fv2%2Fmedia&parent=5707"}],"wp:term":[{"taxonomy":"category","embeddable":true,"href":"https:\/\/veritasinfo.org\/index.php?rest_route=%2Fwp%2Fv2%2Fcategories&post=5707"},{"taxonomy":"post_tag","embeddable":true,"href":"https:\/\/veritasinfo.org\/index.php?rest_route=%2Fwp%2Fv2%2Ftags&post=5707"}],"curies":[{"name":"wp","href":"https:\/\/api.w.org\/{rel}","templated":true}]}}