{"id":5705,"date":"2025-07-29T08:20:41","date_gmt":"2025-07-29T06:20:41","guid":{"rendered":"https:\/\/veritasinfo.org\/?p=5705"},"modified":"2025-07-29T08:20:41","modified_gmt":"2025-07-29T06:20:41","slug":"112-godina-od-londonske-konferencije-kada-su-velike-sile-promenile-mapu-balkana","status":"publish","type":"post","link":"https:\/\/veritasinfo.org\/?p=5705&lang=sr","title":{"rendered":"112 godina od Londonske konferencije, kada su velike sile promenile mapu Balkana"},"content":{"rendered":"<p>Pri\u0161tina, 29. jul 2025.<\/p>\n<p><strong>29. jul 1913. \u2013 Londonski sporazum i podela Albanije<\/strong><\/p>\n<p>Dana 29. jula 1913. godine, u okviru Konferencije ambasadora koja je odr\u017eana tokom 1912\u20131913. u Londonu, potpisana je kona\u010dna odluka kojom je Kne\u017eevina Albanija priznata kao nezavisna dr\u017eava od Osmanskog carstva. Me\u0111utim, uz me\u0111unarodno priznanje, izvr\u0161ena je i kona\u010dna podela albanskih teritorija, ostavljaju\u0107i van granica oko 40% zemlji\u0161ta naseljenog Albancima.<\/p>\n<p><strong>Priznanje sa velikom cenom<\/strong><\/p>\n<p>Konferencija ambasadora nije se ograni\u010dila samo na priznanje nezavisnosti Albanije, ve\u0107 je imala za cilj i preispitivanje granica na Balkanu, kao rezultat promena u odnosu snaga nakon Prvog balkanskog rata. Njene odluke su spre\u010dile potpuno raspar\u010davanje Albanije, ali nisu spre\u010dile secesiju albanskih pokrajina poput Kosova i teritorija Isto\u010dne Albanije (danas u Severnoj Makedoniji), dok se razmatrala i sudbina \u010camerije na jugu.<\/p>\n<p>Odluke su diktirali strate\u0161ki i politi\u010dki interesi velikih sila i susednih dr\u017eava, a ne etnografske realnosti na terenu. Albanija nije imala zvani\u010dnog predstavnika na ovoj konferenciji, tako da je njena sudbina odlu\u010dena bez njenog sopstvenog glasa.<\/p>\n<p><strong>Uloga velikih sila<\/strong><\/p>\n<p>Konferencija ambasadora \u2014 poznata i kao Londonska mirovna konferencija \u2014 odr\u017eana je u decembru 1912. godine u palati Sent D\u017eejms, pod predsedavanjem britanskog ministra spoljnih poslova Ser Edvarda Greja. Prisustvovali su joj predstavnici \u0161est velikih sila tog vremena: Velike Britanije, Francuske, Nema\u010dke, Austrougarske, Rusije i Italije.<\/p>\n<p>Austrougarska \u2013 ambasador Mere d\u2019Artur fon Mere fon Mendsorf<\/p>\n<p>Nema\u010dka \u2013 ambasador Karl Maks Lihnovski<\/p>\n<p>Italija \u2013 carski ambasador<\/p>\n<p>Rusija \u2013 ambasador Benkendorf<\/p>\n<p>Velika Britanija \u2013 Ser Edvard Grej<\/p>\n<p>Francuska \u2013 predstavnici Ministarstva spoljnih poslova<br \/>\nU po\u010detku je konferencija suspendovana nakon dr\u017eavnog udara u Osmanskom carstvu 23. januara 1913. godine, ali je nastavljena 30. maja i potom je okon\u010dana odlukom od 29. jula 1913. godine, kojom su zape\u010datene nove granice regiona.<\/p>\n<p><strong>Posledice za Albaniju<\/strong><\/p>\n<p>Odluka konferencije bila je jednostrana i nepravedna prema Albancima:<\/p>\n<p>Kosovo i Skopski vilajet dati su Srbiji<\/p>\n<p>\u010camerija i Ju\u017eni Epir dati su Gr\u010dkoj<\/p>\n<p>Najmanje 40% Albanaca ostalo je van granica nove albanske dr\u017eave<\/p>\n<p>30% teritorije etni\u010dkih Albanaca uklju\u010deno je u ostale balkanske dr\u017eave<\/p>\n<p>Konferencija je tako\u0111e imenovala me\u0111unarodnu komisiju za razgrani\u010denje albansko-gr\u010dke granice, koja je delovala na osnovu strate\u0161kih interesa, a ne na osnovu etni\u010dke stvarnosti stanovni\u0161tva. Tako je Gr\u010dka dobila Ju\u017eni Epir, podru\u010dje koje su istorijski naseljavali Albanci.<\/p>\n<p><strong>Politi\u010dki kontekst i dugoro\u010dni uticaj<\/strong><\/p>\n<p>Ova konferencija je odr\u017eana u turbulentnom vremenu za Balkan i za Evropu uop\u0161te. Osmansko carstvo je bilo u opadanju, dok je \u0161ovinizam susednih dr\u017eava ja\u010dao. Albanija je postala deo novog me\u0111unarodnog poretka, gde odluke o njenoj sudbini nisu donosili sami Albanci.<\/p>\n<p>Iako je Londonska konferencija poznata po zvani\u010dnom osnivanju albanske dr\u017eave, ona ostaje jedan od najkontroverznijih doga\u0111aja u na\u0161oj istoriji, jer je otvorila rane podela i nedostatka istorijske pravde, \u0161to je duboko uticalo na kasniji politi\u010dki, demografski i kulturni razvoj doga\u0111aja.<\/p>\n","protected":false},"excerpt":{"rendered":"<p>Pri\u0161tina, 29. jul 2025. 29. jul 1913. \u2013 Londonski sporazum i podela Albanije Dana 29. jula 1913. godine, u okviru Konferencije ambasadora koja je odr\u017eana<\/p>\n","protected":false},"author":1,"featured_media":5703,"comment_status":"open","ping_status":"open","sticky":false,"template":"","format":"standard","meta":{"footnotes":""},"categories":[34],"tags":[],"class_list":["post-5705","post","type-post","status-publish","format-standard","has-post-thumbnail","hentry","category-kultura"],"yoast_head":"<!-- This site is optimized with the Yoast SEO plugin v25.3.1 - https:\/\/yoast.com\/wordpress\/plugins\/seo\/ -->\n<title>112 godina od Londonske konferencije, kada su velike sile promenile mapu Balkana -<\/title>\n<meta name=\"robots\" content=\"index, follow, max-snippet:-1, max-image-preview:large, max-video-preview:-1\" \/>\n<link rel=\"canonical\" href=\"https:\/\/veritasinfo.org\/?p=5705&lang=sr\" \/>\n<meta property=\"og:locale\" content=\"en_US\" \/>\n<meta property=\"og:type\" content=\"article\" \/>\n<meta property=\"og:title\" content=\"112 godina od Londonske konferencije, kada su velike sile promenile mapu Balkana -\" \/>\n<meta property=\"og:description\" content=\"Pri\u0161tina, 29. jul 2025. 29. jul 1913. \u2013 Londonski sporazum i podela Albanije Dana 29. jula 1913. godine, u okviru Konferencije ambasadora koja je odr\u017eana\" \/>\n<meta property=\"og:url\" content=\"https:\/\/veritasinfo.org\/?p=5705&amp;lang=sr\" \/>\n<meta property=\"article:published_time\" content=\"2025-07-29T06:20:41+00:00\" \/>\n<meta property=\"og:image\" content=\"https:\/\/veritasinfo.org\/wp-content\/uploads\/2025\/07\/IMG_2107.png\" \/>\n\t<meta property=\"og:image:width\" content=\"802\" \/>\n\t<meta property=\"og:image:height\" content=\"471\" \/>\n\t<meta property=\"og:image:type\" content=\"image\/png\" \/>\n<meta name=\"author\" content=\"admin\" \/>\n<meta name=\"twitter:card\" content=\"summary_large_image\" \/>\n<meta name=\"twitter:label1\" content=\"Written by\" \/>\n\t<meta name=\"twitter:data1\" content=\"admin\" \/>\n\t<meta name=\"twitter:label2\" content=\"Est. reading time\" \/>\n\t<meta name=\"twitter:data2\" content=\"3 minutes\" \/>\n<script type=\"application\/ld+json\" class=\"yoast-schema-graph\">{\"@context\":\"https:\/\/schema.org\",\"@graph\":[{\"@type\":\"WebPage\",\"@id\":\"https:\/\/veritasinfo.org\/?p=5705&lang=sr\",\"url\":\"https:\/\/veritasinfo.org\/?p=5705&lang=sr\",\"name\":\"112 godina od Londonske konferencije, kada su velike sile promenile mapu Balkana -\",\"isPartOf\":{\"@id\":\"https:\/\/veritasinfo.org\/#website\"},\"primaryImageOfPage\":{\"@id\":\"https:\/\/veritasinfo.org\/?p=5705&lang=sr#primaryimage\"},\"image\":{\"@id\":\"https:\/\/veritasinfo.org\/?p=5705&lang=sr#primaryimage\"},\"thumbnailUrl\":\"https:\/\/veritasinfo.org\/wp-content\/uploads\/2025\/07\/IMG_2107.png\",\"datePublished\":\"2025-07-29T06:20:41+00:00\",\"author\":{\"@id\":\"https:\/\/veritasinfo.org\/#\/schema\/person\/7701f8c088bece422266b100a712374f\"},\"breadcrumb\":{\"@id\":\"https:\/\/veritasinfo.org\/?p=5705&lang=sr#breadcrumb\"},\"inLanguage\":\"en-US\",\"potentialAction\":[{\"@type\":\"ReadAction\",\"target\":[\"https:\/\/veritasinfo.org\/?p=5705&lang=sr\"]}]},{\"@type\":\"ImageObject\",\"inLanguage\":\"en-US\",\"@id\":\"https:\/\/veritasinfo.org\/?p=5705&lang=sr#primaryimage\",\"url\":\"https:\/\/veritasinfo.org\/wp-content\/uploads\/2025\/07\/IMG_2107.png\",\"contentUrl\":\"https:\/\/veritasinfo.org\/wp-content\/uploads\/2025\/07\/IMG_2107.png\",\"width\":802,\"height\":471},{\"@type\":\"BreadcrumbList\",\"@id\":\"https:\/\/veritasinfo.org\/?p=5705&lang=sr#breadcrumb\",\"itemListElement\":[{\"@type\":\"ListItem\",\"position\":1,\"name\":\"Home\",\"item\":\"https:\/\/veritasinfo.org\/\"},{\"@type\":\"ListItem\",\"position\":2,\"name\":\"112 godina od Londonske konferencije, kada su velike sile promenile mapu Balkana\"}]},{\"@type\":\"WebSite\",\"@id\":\"https:\/\/veritasinfo.org\/#website\",\"url\":\"https:\/\/veritasinfo.org\/\",\"name\":\"\",\"description\":\"\",\"potentialAction\":[{\"@type\":\"SearchAction\",\"target\":{\"@type\":\"EntryPoint\",\"urlTemplate\":\"https:\/\/veritasinfo.org\/?s={search_term_string}\"},\"query-input\":{\"@type\":\"PropertyValueSpecification\",\"valueRequired\":true,\"valueName\":\"search_term_string\"}}],\"inLanguage\":\"en-US\"},{\"@type\":\"Person\",\"@id\":\"https:\/\/veritasinfo.org\/#\/schema\/person\/7701f8c088bece422266b100a712374f\",\"name\":\"admin\",\"image\":{\"@type\":\"ImageObject\",\"inLanguage\":\"en-US\",\"@id\":\"https:\/\/veritasinfo.org\/#\/schema\/person\/image\/\",\"url\":\"https:\/\/secure.gravatar.com\/avatar\/ea53aa3bf6c9a12d5fde8ce4deff43fef3885ae33cf60184161a50d6987cfd2f?s=96&d=mm&r=g\",\"contentUrl\":\"https:\/\/secure.gravatar.com\/avatar\/ea53aa3bf6c9a12d5fde8ce4deff43fef3885ae33cf60184161a50d6987cfd2f?s=96&d=mm&r=g\",\"caption\":\"admin\"},\"sameAs\":[\"https:\/\/veritasinfo.org\"],\"url\":\"https:\/\/veritasinfo.org\/?author=1\"}]}<\/script>\n<!-- \/ Yoast SEO plugin. -->","yoast_head_json":{"title":"112 godina od Londonske konferencije, kada su velike sile promenile mapu Balkana -","robots":{"index":"index","follow":"follow","max-snippet":"max-snippet:-1","max-image-preview":"max-image-preview:large","max-video-preview":"max-video-preview:-1"},"canonical":"https:\/\/veritasinfo.org\/?p=5705&lang=sr","og_locale":"en_US","og_type":"article","og_title":"112 godina od Londonske konferencije, kada su velike sile promenile mapu Balkana -","og_description":"Pri\u0161tina, 29. jul 2025. 29. jul 1913. \u2013 Londonski sporazum i podela Albanije Dana 29. jula 1913. godine, u okviru Konferencije ambasadora koja je odr\u017eana","og_url":"https:\/\/veritasinfo.org\/?p=5705&lang=sr","article_published_time":"2025-07-29T06:20:41+00:00","og_image":[{"width":802,"height":471,"url":"https:\/\/veritasinfo.org\/wp-content\/uploads\/2025\/07\/IMG_2107.png","type":"image\/png"}],"author":"admin","twitter_card":"summary_large_image","twitter_misc":{"Written by":"admin","Est. reading time":"3 minutes"},"schema":{"@context":"https:\/\/schema.org","@graph":[{"@type":"WebPage","@id":"https:\/\/veritasinfo.org\/?p=5705&lang=sr","url":"https:\/\/veritasinfo.org\/?p=5705&lang=sr","name":"112 godina od Londonske konferencije, kada su velike sile promenile mapu Balkana -","isPartOf":{"@id":"https:\/\/veritasinfo.org\/#website"},"primaryImageOfPage":{"@id":"https:\/\/veritasinfo.org\/?p=5705&lang=sr#primaryimage"},"image":{"@id":"https:\/\/veritasinfo.org\/?p=5705&lang=sr#primaryimage"},"thumbnailUrl":"https:\/\/veritasinfo.org\/wp-content\/uploads\/2025\/07\/IMG_2107.png","datePublished":"2025-07-29T06:20:41+00:00","author":{"@id":"https:\/\/veritasinfo.org\/#\/schema\/person\/7701f8c088bece422266b100a712374f"},"breadcrumb":{"@id":"https:\/\/veritasinfo.org\/?p=5705&lang=sr#breadcrumb"},"inLanguage":"en-US","potentialAction":[{"@type":"ReadAction","target":["https:\/\/veritasinfo.org\/?p=5705&lang=sr"]}]},{"@type":"ImageObject","inLanguage":"en-US","@id":"https:\/\/veritasinfo.org\/?p=5705&lang=sr#primaryimage","url":"https:\/\/veritasinfo.org\/wp-content\/uploads\/2025\/07\/IMG_2107.png","contentUrl":"https:\/\/veritasinfo.org\/wp-content\/uploads\/2025\/07\/IMG_2107.png","width":802,"height":471},{"@type":"BreadcrumbList","@id":"https:\/\/veritasinfo.org\/?p=5705&lang=sr#breadcrumb","itemListElement":[{"@type":"ListItem","position":1,"name":"Home","item":"https:\/\/veritasinfo.org\/"},{"@type":"ListItem","position":2,"name":"112 godina od Londonske konferencije, kada su velike sile promenile mapu Balkana"}]},{"@type":"WebSite","@id":"https:\/\/veritasinfo.org\/#website","url":"https:\/\/veritasinfo.org\/","name":"","description":"","potentialAction":[{"@type":"SearchAction","target":{"@type":"EntryPoint","urlTemplate":"https:\/\/veritasinfo.org\/?s={search_term_string}"},"query-input":{"@type":"PropertyValueSpecification","valueRequired":true,"valueName":"search_term_string"}}],"inLanguage":"en-US"},{"@type":"Person","@id":"https:\/\/veritasinfo.org\/#\/schema\/person\/7701f8c088bece422266b100a712374f","name":"admin","image":{"@type":"ImageObject","inLanguage":"en-US","@id":"https:\/\/veritasinfo.org\/#\/schema\/person\/image\/","url":"https:\/\/secure.gravatar.com\/avatar\/ea53aa3bf6c9a12d5fde8ce4deff43fef3885ae33cf60184161a50d6987cfd2f?s=96&d=mm&r=g","contentUrl":"https:\/\/secure.gravatar.com\/avatar\/ea53aa3bf6c9a12d5fde8ce4deff43fef3885ae33cf60184161a50d6987cfd2f?s=96&d=mm&r=g","caption":"admin"},"sameAs":["https:\/\/veritasinfo.org"],"url":"https:\/\/veritasinfo.org\/?author=1"}]}},"featured_image_urls":{"full":["https:\/\/veritasinfo.org\/wp-content\/uploads\/2025\/07\/IMG_2107.png",802,471,false],"thumbnail":["https:\/\/veritasinfo.org\/wp-content\/uploads\/2025\/07\/IMG_2107-150x150.png",150,150,true],"medium":["https:\/\/veritasinfo.org\/wp-content\/uploads\/2025\/07\/IMG_2107-300x176.png",300,176,true],"medium_large":["https:\/\/veritasinfo.org\/wp-content\/uploads\/2025\/07\/IMG_2107-768x451.png",640,376,true],"large":["https:\/\/veritasinfo.org\/wp-content\/uploads\/2025\/07\/IMG_2107.png",640,376,false],"1536x1536":["https:\/\/veritasinfo.org\/wp-content\/uploads\/2025\/07\/IMG_2107.png",802,471,false],"2048x2048":["https:\/\/veritasinfo.org\/wp-content\/uploads\/2025\/07\/IMG_2107.png",802,471,false],"kreeti-slider-full":["https:\/\/veritasinfo.org\/wp-content\/uploads\/2025\/07\/IMG_2107.png",802,471,false],"kreeti-featured":["https:\/\/veritasinfo.org\/wp-content\/uploads\/2025\/07\/IMG_2107.png",802,471,false],"kreeti-medium":["https:\/\/veritasinfo.org\/wp-content\/uploads\/2025\/07\/IMG_2107.png",720,423,false],"kreeti-medium-square":["https:\/\/veritasinfo.org\/wp-content\/uploads\/2025\/07\/IMG_2107.png",350,206,false]},"author_info":{"info":["admin"]},"category_info":"<a href=\"https:\/\/veritasinfo.org\/?cat=34&#038;lang=sr\" rel=\"category\">Kultura<\/a>","tag_info":"Kultura","comment_count":"0","_links":{"self":[{"href":"https:\/\/veritasinfo.org\/index.php?rest_route=\/wp\/v2\/posts\/5705","targetHints":{"allow":["GET"]}}],"collection":[{"href":"https:\/\/veritasinfo.org\/index.php?rest_route=\/wp\/v2\/posts"}],"about":[{"href":"https:\/\/veritasinfo.org\/index.php?rest_route=\/wp\/v2\/types\/post"}],"author":[{"embeddable":true,"href":"https:\/\/veritasinfo.org\/index.php?rest_route=\/wp\/v2\/users\/1"}],"replies":[{"embeddable":true,"href":"https:\/\/veritasinfo.org\/index.php?rest_route=%2Fwp%2Fv2%2Fcomments&post=5705"}],"version-history":[{"count":1,"href":"https:\/\/veritasinfo.org\/index.php?rest_route=\/wp\/v2\/posts\/5705\/revisions"}],"predecessor-version":[{"id":5706,"href":"https:\/\/veritasinfo.org\/index.php?rest_route=\/wp\/v2\/posts\/5705\/revisions\/5706"}],"wp:featuredmedia":[{"embeddable":true,"href":"https:\/\/veritasinfo.org\/index.php?rest_route=\/wp\/v2\/media\/5703"}],"wp:attachment":[{"href":"https:\/\/veritasinfo.org\/index.php?rest_route=%2Fwp%2Fv2%2Fmedia&parent=5705"}],"wp:term":[{"taxonomy":"category","embeddable":true,"href":"https:\/\/veritasinfo.org\/index.php?rest_route=%2Fwp%2Fv2%2Fcategories&post=5705"},{"taxonomy":"post_tag","embeddable":true,"href":"https:\/\/veritasinfo.org\/index.php?rest_route=%2Fwp%2Fv2%2Ftags&post=5705"}],"curies":[{"name":"wp","href":"https:\/\/api.w.org\/{rel}","templated":true}]}}