{"id":5702,"date":"2025-07-29T08:11:44","date_gmt":"2025-07-29T06:11:44","guid":{"rendered":"https:\/\/veritasinfo.org\/?p=5702"},"modified":"2025-07-29T08:11:44","modified_gmt":"2025-07-29T06:11:44","slug":"112-vjet-nga-konferenca-e-londres-kur-fuqite-e-medha-ndryshuan-harten-e-ballkanit","status":"publish","type":"post","link":"https:\/\/veritasinfo.org\/?p=5702","title":{"rendered":"112 Vjet nga Konferenca e Londr\u00ebs, kur Fuqit\u00eb e M\u00ebdha ndryshuan hart\u00ebn e Ballkanit"},"content":{"rendered":"<p>Prishtin\u00eb, 29 korrik 2025<\/p>\n<p><strong>29 Korrik 1913 \u2013 Traktati i Londr\u00ebs dhe ndarja e Shqip\u00ebris\u00eb<\/strong><\/p>\n<p>M\u00eb 29 korrik 1913, n\u00eb kuad\u00ebr t\u00eb Konferenc\u00ebs s\u00eb Ambasador\u00ebve q\u00eb ishte mbajtur gjat\u00eb viteve 1912\u20131913 n\u00eb Lond\u00ebr, u n\u00ebnshkrua vendimi p\u00ebrfundimtar q\u00eb njihte Principat\u00ebn e Shqip\u00ebris\u00eb si nj\u00eb shtet t\u00eb pavarur nga Perandoria Osmane. Megjithat\u00eb, bashk\u00eb me njohjen nd\u00ebrkomb\u00ebtare, u b\u00eb edhe ndarja p\u00ebrfundimtare e territoreve shqiptare, duke l\u00ebn\u00eb jasht\u00eb kufijve rreth 40% t\u00eb tokave t\u00eb banuara nga shqiptar\u00eb.<\/p>\n<p><strong>Nj\u00eb njohje me shum\u00eb kosto<\/strong><\/p>\n<p>Konferenca e Ambasador\u00ebve nuk u kufizua vet\u00ebm n\u00eb njohjen e pavar\u00ebsis\u00eb s\u00eb Shqip\u00ebris\u00eb, por kishte p\u00ebr q\u00ebllim edhe rishikimin e kufijve n\u00eb Ballkan, si pasoj\u00eb e ndryshimeve t\u00eb balanc\u00ebs s\u00eb fuqis\u00eb pas Luft\u00ebs s\u00eb Par\u00eb Ballkanike. Vendimet e saj ndaluan cop\u00ebtimin e plot\u00eb t\u00eb Shqip\u00ebris\u00eb, por nuk e penguan shk\u00ebputjen e krahinave shqiptare si Kosova dhe trevat e Shqip\u00ebris\u00eb Lindore (sot n\u00eb Maqedonin\u00eb e Veriut), nd\u00ebrsa m\u00eb pas u diskutua edhe fati i \u00c7am\u00ebris\u00eb n\u00eb jug.<\/p>\n<p>Vendimet u diktuan nga interesat strategjike dhe politike t\u00eb Fuqive t\u00eb M\u00ebdha dhe t\u00eb shteteve fqinje, e jo nga realitetet etnografike n\u00eb terren. Shqip\u00ebria nuk pati p\u00ebrfaq\u00ebsim zyrtar n\u00eb k\u00ebt\u00eb konferenc\u00eb, prandaj fati i saj u vendos pa z\u00ebrin e vet.<\/p>\n<p><strong>Roli i Fuqive t\u00eb M\u00ebdha<\/strong><\/p>\n<p>Konferenca e Ambasador\u00ebve \u2014 e njohur edhe si Konferenca e Paqes n\u00eb Lond\u00ebr \u2014 u zhvillua n\u00eb dhjetor 1912 n\u00eb St. James\u2019s Palace, n\u00ebn drejtimin e ministrit t\u00eb Jasht\u00ebm britanik Sir Edward Grey. N\u00eb t\u00eb mor\u00ebn pjes\u00eb p\u00ebrfaq\u00ebsuesit e gjasht\u00eb Fuqive t\u00eb M\u00ebdha t\u00eb koh\u00ebs: Britania e Madhe, Franca, Gjermania, Austro-Hungaria, Rusia dhe Italia.<\/p>\n<ul>\n<li>Austro-Hungaria \u2013 Ambasadori M\u00e9re d\u2019Arthur von M\u00e9re von M\u00e9ndsorf<\/li>\n<li>Gjermania \u2013 Ambasadori Karl Max Lichnowsky<\/li>\n<li>Italia \u2013 Ambasadori Imperiali<\/li>\n<li>Rusia \u2013 Ambasadori Benckendorff<\/li>\n<li>Britania e Madhe \u2013 Sir Edward Grey<\/li>\n<li>Franca \u2013 P\u00ebrfaq\u00ebsues t\u00eb ministris\u00eb s\u00eb Jashtme<\/li>\n<\/ul>\n<p>Fillimisht, konferenca u pezullua pas nj\u00eb grushti shteti n\u00eb Perandorin\u00eb Osmane m\u00eb 23 janar 1913, por rifilloi punimet m\u00eb 30 maj dhe m\u00eb pas u finalizua me vendimin e 29 korrikut 1913, q\u00eb vulosi kufijt\u00eb e rinj t\u00eb rajonit.<\/p>\n<p><strong>Pasojat p\u00ebr Shqip\u00ebrin\u00eb<\/strong><\/p>\n<p>Vendimi i konferenc\u00ebs ishte i nj\u00ebansh\u00ebm dhe i padrejt\u00eb p\u00ebr shqiptar\u00ebt:<\/p>\n<ul>\n<li>Kosova dhe vilajeti i Shkupit iu dhan\u00eb Serbis\u00eb<\/li>\n<li>\u00c7am\u00ebria dhe Epiri i Jugut iu dhan\u00eb Greqis\u00eb<\/li>\n<li>T\u00eb pakt\u00ebn 40% e shqiptar\u00ebve mbet\u00ebn jasht\u00eb kufijve t\u00eb shtetit t\u00eb ri shqiptar<\/li>\n<li>30% e territorit etnik shqiptar u p\u00ebrfshi n\u00eb shtete t\u00eb tjera ballkanike<\/li>\n<\/ul>\n<p>Konferenca caktoi edhe nj\u00eb komision nd\u00ebrkomb\u00ebtar p\u00ebr p\u00ebrcaktimin e kufirit shqiptaro-grek, i cili veproi mbi baz\u00eb t\u00eb interesave strategjike dhe jo mbi realitetin etnik t\u00eb popullsis\u00eb. K\u00ebshtu, Greqia p\u00ebrfitoi Epirin e Jugut, nj\u00eb zon\u00eb e banuar historikisht nga shqiptar\u00eb.<\/p>\n<p><strong>Konteksti politik dhe ndikimi afatgjat\u00eb<\/strong><\/p>\n<p>Kjo konferenc\u00eb u mbajt n\u00eb nj\u00eb koh\u00eb t\u00eb trazuar p\u00ebr Ballkanin dhe p\u00ebr Evrop\u00ebn n\u00eb p\u00ebrgjith\u00ebsi. Perandoria Osmane ishte n\u00eb r\u00ebnie, nd\u00ebrsa shovenizmi i shteteve fqinje po forcohej. Shqip\u00ebria u b\u00eb pjes\u00eb e nj\u00eb rendi t\u00eb ri nd\u00ebrkomb\u00ebtar, ku vendimet p\u00ebr fatin e saj nuk merreshin nga vet\u00eb shqiptar\u00ebt.<\/p>\n<p>Edhe pse Konferenca e Londr\u00ebs njihet p\u00ebr themelimin zyrtar t\u00eb shtetit shqiptar, ajo mbetet nj\u00eb nga ngjarjet m\u00eb t\u00eb diskutueshme n\u00eb historin\u00eb ton\u00eb, pasi hapi plag\u00ebt e ndarjes dhe munges\u00ebs s\u00eb drejt\u00ebsis\u00eb historike, t\u00eb cilat ndikuan thell\u00eb n\u00eb zhvillimet e m\u00ebvonshme politike, demografike dhe kulturore.<\/p>\n","protected":false},"excerpt":{"rendered":"<p>Prishtin\u00eb, 29 korrik 2025 29 Korrik 1913 \u2013 Traktati i Londr\u00ebs dhe ndarja e Shqip\u00ebris\u00eb M\u00eb 29 korrik 1913, n\u00eb kuad\u00ebr t\u00eb Konferenc\u00ebs s\u00eb Ambasador\u00ebve<\/p>\n","protected":false},"author":1,"featured_media":5703,"comment_status":"open","ping_status":"open","sticky":false,"template":"","format":"standard","meta":{"footnotes":""},"categories":[54],"tags":[],"class_list":["post-5702","post","type-post","status-publish","format-standard","has-post-thumbnail","hentry","category-kulture-sq"],"yoast_head":"<!-- This site is optimized with the Yoast SEO plugin v25.3.1 - https:\/\/yoast.com\/wordpress\/plugins\/seo\/ -->\n<title>112 Vjet nga Konferenca e Londr\u00ebs, kur Fuqit\u00eb e M\u00ebdha ndryshuan hart\u00ebn e Ballkanit -<\/title>\n<meta name=\"robots\" content=\"index, follow, max-snippet:-1, max-image-preview:large, max-video-preview:-1\" \/>\n<link rel=\"canonical\" href=\"https:\/\/veritasinfo.org\/?p=5702\" \/>\n<meta property=\"og:locale\" content=\"en_US\" \/>\n<meta property=\"og:type\" content=\"article\" \/>\n<meta property=\"og:title\" content=\"112 Vjet nga Konferenca e Londr\u00ebs, kur Fuqit\u00eb e M\u00ebdha ndryshuan hart\u00ebn e Ballkanit -\" \/>\n<meta property=\"og:description\" content=\"Prishtin\u00eb, 29 korrik 2025 29 Korrik 1913 \u2013 Traktati i Londr\u00ebs dhe ndarja e Shqip\u00ebris\u00eb M\u00eb 29 korrik 1913, n\u00eb kuad\u00ebr t\u00eb Konferenc\u00ebs s\u00eb Ambasador\u00ebve\" \/>\n<meta property=\"og:url\" content=\"https:\/\/veritasinfo.org\/?p=5702\" \/>\n<meta property=\"article:published_time\" content=\"2025-07-29T06:11:44+00:00\" \/>\n<meta property=\"og:image\" content=\"https:\/\/veritasinfo.org\/wp-content\/uploads\/2025\/07\/IMG_2107.png\" \/>\n\t<meta property=\"og:image:width\" content=\"802\" \/>\n\t<meta property=\"og:image:height\" content=\"471\" \/>\n\t<meta property=\"og:image:type\" content=\"image\/png\" \/>\n<meta name=\"author\" content=\"admin\" \/>\n<meta name=\"twitter:card\" content=\"summary_large_image\" \/>\n<meta name=\"twitter:label1\" content=\"Written by\" \/>\n\t<meta name=\"twitter:data1\" content=\"admin\" \/>\n\t<meta name=\"twitter:label2\" content=\"Est. reading time\" \/>\n\t<meta name=\"twitter:data2\" content=\"3 minutes\" \/>\n<script type=\"application\/ld+json\" class=\"yoast-schema-graph\">{\"@context\":\"https:\/\/schema.org\",\"@graph\":[{\"@type\":\"WebPage\",\"@id\":\"https:\/\/veritasinfo.org\/?p=5702\",\"url\":\"https:\/\/veritasinfo.org\/?p=5702\",\"name\":\"112 Vjet nga Konferenca e Londr\u00ebs, kur Fuqit\u00eb e M\u00ebdha ndryshuan hart\u00ebn e Ballkanit -\",\"isPartOf\":{\"@id\":\"https:\/\/veritasinfo.org\/#website\"},\"primaryImageOfPage\":{\"@id\":\"https:\/\/veritasinfo.org\/?p=5702#primaryimage\"},\"image\":{\"@id\":\"https:\/\/veritasinfo.org\/?p=5702#primaryimage\"},\"thumbnailUrl\":\"https:\/\/veritasinfo.org\/wp-content\/uploads\/2025\/07\/IMG_2107.png\",\"datePublished\":\"2025-07-29T06:11:44+00:00\",\"author\":{\"@id\":\"https:\/\/veritasinfo.org\/#\/schema\/person\/7701f8c088bece422266b100a712374f\"},\"breadcrumb\":{\"@id\":\"https:\/\/veritasinfo.org\/?p=5702#breadcrumb\"},\"inLanguage\":\"en-US\",\"potentialAction\":[{\"@type\":\"ReadAction\",\"target\":[\"https:\/\/veritasinfo.org\/?p=5702\"]}]},{\"@type\":\"ImageObject\",\"inLanguage\":\"en-US\",\"@id\":\"https:\/\/veritasinfo.org\/?p=5702#primaryimage\",\"url\":\"https:\/\/veritasinfo.org\/wp-content\/uploads\/2025\/07\/IMG_2107.png\",\"contentUrl\":\"https:\/\/veritasinfo.org\/wp-content\/uploads\/2025\/07\/IMG_2107.png\",\"width\":802,\"height\":471},{\"@type\":\"BreadcrumbList\",\"@id\":\"https:\/\/veritasinfo.org\/?p=5702#breadcrumb\",\"itemListElement\":[{\"@type\":\"ListItem\",\"position\":1,\"name\":\"Home\",\"item\":\"https:\/\/veritasinfo.org\/\"},{\"@type\":\"ListItem\",\"position\":2,\"name\":\"112 Vjet nga Konferenca e Londr\u00ebs, kur Fuqit\u00eb e M\u00ebdha ndryshuan hart\u00ebn e Ballkanit\"}]},{\"@type\":\"WebSite\",\"@id\":\"https:\/\/veritasinfo.org\/#website\",\"url\":\"https:\/\/veritasinfo.org\/\",\"name\":\"\",\"description\":\"\",\"potentialAction\":[{\"@type\":\"SearchAction\",\"target\":{\"@type\":\"EntryPoint\",\"urlTemplate\":\"https:\/\/veritasinfo.org\/?s={search_term_string}\"},\"query-input\":{\"@type\":\"PropertyValueSpecification\",\"valueRequired\":true,\"valueName\":\"search_term_string\"}}],\"inLanguage\":\"en-US\"},{\"@type\":\"Person\",\"@id\":\"https:\/\/veritasinfo.org\/#\/schema\/person\/7701f8c088bece422266b100a712374f\",\"name\":\"admin\",\"image\":{\"@type\":\"ImageObject\",\"inLanguage\":\"en-US\",\"@id\":\"https:\/\/veritasinfo.org\/#\/schema\/person\/image\/\",\"url\":\"https:\/\/secure.gravatar.com\/avatar\/ea53aa3bf6c9a12d5fde8ce4deff43fef3885ae33cf60184161a50d6987cfd2f?s=96&d=mm&r=g\",\"contentUrl\":\"https:\/\/secure.gravatar.com\/avatar\/ea53aa3bf6c9a12d5fde8ce4deff43fef3885ae33cf60184161a50d6987cfd2f?s=96&d=mm&r=g\",\"caption\":\"admin\"},\"sameAs\":[\"https:\/\/veritasinfo.org\"],\"url\":\"https:\/\/veritasinfo.org\/?author=1\"}]}<\/script>\n<!-- \/ Yoast SEO plugin. -->","yoast_head_json":{"title":"112 Vjet nga Konferenca e Londr\u00ebs, kur Fuqit\u00eb e M\u00ebdha ndryshuan hart\u00ebn e Ballkanit -","robots":{"index":"index","follow":"follow","max-snippet":"max-snippet:-1","max-image-preview":"max-image-preview:large","max-video-preview":"max-video-preview:-1"},"canonical":"https:\/\/veritasinfo.org\/?p=5702","og_locale":"en_US","og_type":"article","og_title":"112 Vjet nga Konferenca e Londr\u00ebs, kur Fuqit\u00eb e M\u00ebdha ndryshuan hart\u00ebn e Ballkanit -","og_description":"Prishtin\u00eb, 29 korrik 2025 29 Korrik 1913 \u2013 Traktati i Londr\u00ebs dhe ndarja e Shqip\u00ebris\u00eb M\u00eb 29 korrik 1913, n\u00eb kuad\u00ebr t\u00eb Konferenc\u00ebs s\u00eb Ambasador\u00ebve","og_url":"https:\/\/veritasinfo.org\/?p=5702","article_published_time":"2025-07-29T06:11:44+00:00","og_image":[{"width":802,"height":471,"url":"https:\/\/veritasinfo.org\/wp-content\/uploads\/2025\/07\/IMG_2107.png","type":"image\/png"}],"author":"admin","twitter_card":"summary_large_image","twitter_misc":{"Written by":"admin","Est. reading time":"3 minutes"},"schema":{"@context":"https:\/\/schema.org","@graph":[{"@type":"WebPage","@id":"https:\/\/veritasinfo.org\/?p=5702","url":"https:\/\/veritasinfo.org\/?p=5702","name":"112 Vjet nga Konferenca e Londr\u00ebs, kur Fuqit\u00eb e M\u00ebdha ndryshuan hart\u00ebn e Ballkanit -","isPartOf":{"@id":"https:\/\/veritasinfo.org\/#website"},"primaryImageOfPage":{"@id":"https:\/\/veritasinfo.org\/?p=5702#primaryimage"},"image":{"@id":"https:\/\/veritasinfo.org\/?p=5702#primaryimage"},"thumbnailUrl":"https:\/\/veritasinfo.org\/wp-content\/uploads\/2025\/07\/IMG_2107.png","datePublished":"2025-07-29T06:11:44+00:00","author":{"@id":"https:\/\/veritasinfo.org\/#\/schema\/person\/7701f8c088bece422266b100a712374f"},"breadcrumb":{"@id":"https:\/\/veritasinfo.org\/?p=5702#breadcrumb"},"inLanguage":"en-US","potentialAction":[{"@type":"ReadAction","target":["https:\/\/veritasinfo.org\/?p=5702"]}]},{"@type":"ImageObject","inLanguage":"en-US","@id":"https:\/\/veritasinfo.org\/?p=5702#primaryimage","url":"https:\/\/veritasinfo.org\/wp-content\/uploads\/2025\/07\/IMG_2107.png","contentUrl":"https:\/\/veritasinfo.org\/wp-content\/uploads\/2025\/07\/IMG_2107.png","width":802,"height":471},{"@type":"BreadcrumbList","@id":"https:\/\/veritasinfo.org\/?p=5702#breadcrumb","itemListElement":[{"@type":"ListItem","position":1,"name":"Home","item":"https:\/\/veritasinfo.org\/"},{"@type":"ListItem","position":2,"name":"112 Vjet nga Konferenca e Londr\u00ebs, kur Fuqit\u00eb e M\u00ebdha ndryshuan hart\u00ebn e Ballkanit"}]},{"@type":"WebSite","@id":"https:\/\/veritasinfo.org\/#website","url":"https:\/\/veritasinfo.org\/","name":"","description":"","potentialAction":[{"@type":"SearchAction","target":{"@type":"EntryPoint","urlTemplate":"https:\/\/veritasinfo.org\/?s={search_term_string}"},"query-input":{"@type":"PropertyValueSpecification","valueRequired":true,"valueName":"search_term_string"}}],"inLanguage":"en-US"},{"@type":"Person","@id":"https:\/\/veritasinfo.org\/#\/schema\/person\/7701f8c088bece422266b100a712374f","name":"admin","image":{"@type":"ImageObject","inLanguage":"en-US","@id":"https:\/\/veritasinfo.org\/#\/schema\/person\/image\/","url":"https:\/\/secure.gravatar.com\/avatar\/ea53aa3bf6c9a12d5fde8ce4deff43fef3885ae33cf60184161a50d6987cfd2f?s=96&d=mm&r=g","contentUrl":"https:\/\/secure.gravatar.com\/avatar\/ea53aa3bf6c9a12d5fde8ce4deff43fef3885ae33cf60184161a50d6987cfd2f?s=96&d=mm&r=g","caption":"admin"},"sameAs":["https:\/\/veritasinfo.org"],"url":"https:\/\/veritasinfo.org\/?author=1"}]}},"featured_image_urls":{"full":["https:\/\/veritasinfo.org\/wp-content\/uploads\/2025\/07\/IMG_2107.png",802,471,false],"thumbnail":["https:\/\/veritasinfo.org\/wp-content\/uploads\/2025\/07\/IMG_2107-150x150.png",150,150,true],"medium":["https:\/\/veritasinfo.org\/wp-content\/uploads\/2025\/07\/IMG_2107-300x176.png",300,176,true],"medium_large":["https:\/\/veritasinfo.org\/wp-content\/uploads\/2025\/07\/IMG_2107-768x451.png",640,376,true],"large":["https:\/\/veritasinfo.org\/wp-content\/uploads\/2025\/07\/IMG_2107.png",640,376,false],"1536x1536":["https:\/\/veritasinfo.org\/wp-content\/uploads\/2025\/07\/IMG_2107.png",802,471,false],"2048x2048":["https:\/\/veritasinfo.org\/wp-content\/uploads\/2025\/07\/IMG_2107.png",802,471,false],"kreeti-slider-full":["https:\/\/veritasinfo.org\/wp-content\/uploads\/2025\/07\/IMG_2107.png",802,471,false],"kreeti-featured":["https:\/\/veritasinfo.org\/wp-content\/uploads\/2025\/07\/IMG_2107.png",802,471,false],"kreeti-medium":["https:\/\/veritasinfo.org\/wp-content\/uploads\/2025\/07\/IMG_2107.png",720,423,false],"kreeti-medium-square":["https:\/\/veritasinfo.org\/wp-content\/uploads\/2025\/07\/IMG_2107.png",350,206,false]},"author_info":{"info":["admin"]},"category_info":"<a href=\"https:\/\/veritasinfo.org\/?cat=54\" rel=\"category\">Kultur\u00eb<\/a>","tag_info":"Kultur\u00eb","comment_count":"0","_links":{"self":[{"href":"https:\/\/veritasinfo.org\/index.php?rest_route=\/wp\/v2\/posts\/5702","targetHints":{"allow":["GET"]}}],"collection":[{"href":"https:\/\/veritasinfo.org\/index.php?rest_route=\/wp\/v2\/posts"}],"about":[{"href":"https:\/\/veritasinfo.org\/index.php?rest_route=\/wp\/v2\/types\/post"}],"author":[{"embeddable":true,"href":"https:\/\/veritasinfo.org\/index.php?rest_route=\/wp\/v2\/users\/1"}],"replies":[{"embeddable":true,"href":"https:\/\/veritasinfo.org\/index.php?rest_route=%2Fwp%2Fv2%2Fcomments&post=5702"}],"version-history":[{"count":1,"href":"https:\/\/veritasinfo.org\/index.php?rest_route=\/wp\/v2\/posts\/5702\/revisions"}],"predecessor-version":[{"id":5704,"href":"https:\/\/veritasinfo.org\/index.php?rest_route=\/wp\/v2\/posts\/5702\/revisions\/5704"}],"wp:featuredmedia":[{"embeddable":true,"href":"https:\/\/veritasinfo.org\/index.php?rest_route=\/wp\/v2\/media\/5703"}],"wp:attachment":[{"href":"https:\/\/veritasinfo.org\/index.php?rest_route=%2Fwp%2Fv2%2Fmedia&parent=5702"}],"wp:term":[{"taxonomy":"category","embeddable":true,"href":"https:\/\/veritasinfo.org\/index.php?rest_route=%2Fwp%2Fv2%2Fcategories&post=5702"},{"taxonomy":"post_tag","embeddable":true,"href":"https:\/\/veritasinfo.org\/index.php?rest_route=%2Fwp%2Fv2%2Ftags&post=5702"}],"curies":[{"name":"wp","href":"https:\/\/api.w.org\/{rel}","templated":true}]}}