{"id":5677,"date":"2025-07-28T18:59:26","date_gmt":"2025-07-28T16:59:26","guid":{"rendered":"https:\/\/veritasinfo.org\/?p=5677"},"modified":"2025-07-28T18:59:26","modified_gmt":"2025-07-28T16:59:26","slug":"kamberi-dorezon-rezolute-per-poziten-e-shqiptareve-ne-luginen-e-presheves-ne-kuvendin-e-serbise","status":"publish","type":"post","link":"https:\/\/veritasinfo.org\/?p=5677","title":{"rendered":"Kamberi dor\u00ebzon rezolut\u00eb p\u00ebr pozit\u00ebn e shqiptar\u00ebve n\u00eb Lugin\u00ebn e Preshev\u00ebs n\u00eb Kuvendin e Serbis\u00eb"},"content":{"rendered":"<p>Beograd, 28 korrik 2025<\/p>\n<p>Deputeti i vet\u00ebm shqiptar n\u00eb Kuvendin e Serbis\u00eb, Shaip Kamberi, ka dor\u00ebzuar nj\u00eb rezolut\u00eb q\u00eb synon njohjen dhe p\u00ebrmir\u00ebsimin e pozit\u00ebs s\u00eb shqiptar\u00ebve n\u00eb Lugin\u00ebn e Preshev\u00ebs. Sipas Kamberit, kjo nism\u00eb ka p\u00ebr q\u00ebllim adresimin e diskriminimit institucional dhe garantimin e t\u00eb drejtave t\u00eb komunitetit shqiptar n\u00eb Preshev\u00eb, Bujanoc dhe Medvegj\u00eb.<\/p>\n<p>N\u00eb postimin e tij n\u00eb Facebook, Kamberi tha se rezoluta k\u00ebrkon q\u00eb Kuvendi i Serbis\u00eb ta njoh\u00eb realitetin diskriminues ndaj shqiptar\u00ebve dhe t\u00eb angazhohet p\u00ebr p\u00ebrmir\u00ebsimin e gjendjes s\u00eb tyre n\u00eb p\u00ebrputhje me obligimet nd\u00ebrkomb\u00ebtare dhe procesin e integrimit n\u00eb BE.<\/p>\n<p>Nd\u00ebr problemet kryesore q\u00eb thekson rezoluta jan\u00eb: pasivizimi arbitrar i adresave, mosnjohja e diplomave nga Kosova, mungesa e p\u00ebrfaq\u00ebsimit proporcional n\u00eb institucionet shtet\u00ebrore, pengesat n\u00eb p\u00ebrdorimin zyrtar t\u00eb gjuh\u00ebs shqipe dhe mungesa e zhvillimit ekonomik n\u00eb rajon.<\/p>\n<p>Rezoluta b\u00ebn thirrje p\u00ebr:<\/p>\n<p>Zbatimin e marr\u00ebveshjeve t\u00eb vitit 2001, 2009 dhe 2013;<\/p>\n<p>Nd\u00ebrprerjen e pasivizimeve t\u00eb adresave;<\/p>\n<p>Zbatimin e t\u00eb drejtave gjuh\u00ebsore dhe arsimore;<\/p>\n<p>P\u00ebrfaq\u00ebsim proporcional n\u00eb institucione;<\/p>\n<p>D\u00ebnimin e gjuh\u00ebs s\u00eb urrejtjes;<\/p>\n<p>Krijimin e fondeve p\u00ebr zhvillim me mb\u00ebshtetje shtet\u00ebrore dhe nd\u00ebrkomb\u00ebtare.<\/p>\n<p>Gjithashtu, Kamberi ka propozuar formimin e nj\u00eb trupe parlamentare me p\u00ebrfshirjen e OSBE-s\u00eb, p\u00ebrfaq\u00ebsuesve shqiptar\u00eb dhe shoq\u00ebris\u00eb civile, q\u00eb do t\u00eb hetoj\u00eb rastet e pasivizimeve. Ai k\u00ebrkoi q\u00eb \u00e7\u00ebshtja e Lugin\u00ebs t\u00eb p\u00ebrfshihet edhe n\u00eb dialogun Kosov\u00eb\u2013Serbi.<\/p>\n<p>N\u00eb fund, Kamberi fal\u00ebnderoi deputet\u00ebt e SDA Sanxhakut, Ahmedin Shkrijel dhe Minela Kalender, p\u00ebr mb\u00ebshtetjen q\u00eb i dhan\u00eb rezolut\u00ebs p\u00ebr ta futur n\u00eb procedur\u00eb parlamentare.<\/p>\n<p>&nbsp;<\/p>\n<p>&nbsp;<\/p>\n<p>&nbsp;<\/p>\n","protected":false},"excerpt":{"rendered":"<p>Beograd, 28 korrik 2025 Deputeti i vet\u00ebm shqiptar n\u00eb Kuvendin e Serbis\u00eb, Shaip Kamberi, ka dor\u00ebzuar nj\u00eb rezolut\u00eb q\u00eb synon njohjen dhe p\u00ebrmir\u00ebsimin e pozit\u00ebs<\/p>\n","protected":false},"author":1,"featured_media":5678,"comment_status":"open","ping_status":"open","sticky":false,"template":"","format":"standard","meta":{"footnotes":""},"categories":[60],"tags":[],"class_list":["post-5677","post","type-post","status-publish","format-standard","has-post-thumbnail","hentry","category-shoqerore-sq"],"yoast_head":"<!-- This site is optimized with the Yoast SEO plugin v25.3.1 - https:\/\/yoast.com\/wordpress\/plugins\/seo\/ -->\n<title>Kamberi dor\u00ebzon rezolut\u00eb p\u00ebr pozit\u00ebn e shqiptar\u00ebve n\u00eb Lugin\u00ebn e Preshev\u00ebs n\u00eb Kuvendin e Serbis\u00eb -<\/title>\n<meta name=\"robots\" content=\"index, follow, max-snippet:-1, max-image-preview:large, max-video-preview:-1\" \/>\n<link rel=\"canonical\" href=\"https:\/\/veritasinfo.org\/?p=5677\" \/>\n<meta property=\"og:locale\" content=\"en_US\" \/>\n<meta property=\"og:type\" content=\"article\" \/>\n<meta property=\"og:title\" content=\"Kamberi dor\u00ebzon rezolut\u00eb p\u00ebr pozit\u00ebn e shqiptar\u00ebve n\u00eb Lugin\u00ebn e Preshev\u00ebs n\u00eb Kuvendin e Serbis\u00eb -\" \/>\n<meta property=\"og:description\" content=\"Beograd, 28 korrik 2025 Deputeti i vet\u00ebm shqiptar n\u00eb Kuvendin e Serbis\u00eb, Shaip Kamberi, ka dor\u00ebzuar nj\u00eb rezolut\u00eb q\u00eb synon njohjen dhe p\u00ebrmir\u00ebsimin e pozit\u00ebs\" \/>\n<meta property=\"og:url\" content=\"https:\/\/veritasinfo.org\/?p=5677\" \/>\n<meta property=\"article:published_time\" content=\"2025-07-28T16:59:26+00:00\" \/>\n<meta property=\"og:image\" content=\"https:\/\/veritasinfo.org\/wp-content\/uploads\/2025\/07\/f0852cb5-6658-4917-a9b7-f2e899c2b8ec.webp\" \/>\n\t<meta property=\"og:image:width\" content=\"1360\" \/>\n\t<meta property=\"og:image:height\" content=\"870\" \/>\n\t<meta property=\"og:image:type\" content=\"image\/webp\" \/>\n<meta name=\"author\" content=\"admin\" \/>\n<meta name=\"twitter:card\" content=\"summary_large_image\" \/>\n<meta name=\"twitter:label1\" content=\"Written by\" \/>\n\t<meta name=\"twitter:data1\" content=\"admin\" \/>\n\t<meta name=\"twitter:label2\" content=\"Est. reading time\" \/>\n\t<meta name=\"twitter:data2\" content=\"2 minutes\" \/>\n<script type=\"application\/ld+json\" class=\"yoast-schema-graph\">{\"@context\":\"https:\/\/schema.org\",\"@graph\":[{\"@type\":\"WebPage\",\"@id\":\"https:\/\/veritasinfo.org\/?p=5677\",\"url\":\"https:\/\/veritasinfo.org\/?p=5677\",\"name\":\"Kamberi dor\u00ebzon rezolut\u00eb p\u00ebr pozit\u00ebn e shqiptar\u00ebve n\u00eb Lugin\u00ebn e Preshev\u00ebs n\u00eb Kuvendin e Serbis\u00eb -\",\"isPartOf\":{\"@id\":\"https:\/\/veritasinfo.org\/#website\"},\"primaryImageOfPage\":{\"@id\":\"https:\/\/veritasinfo.org\/?p=5677#primaryimage\"},\"image\":{\"@id\":\"https:\/\/veritasinfo.org\/?p=5677#primaryimage\"},\"thumbnailUrl\":\"https:\/\/veritasinfo.org\/wp-content\/uploads\/2025\/07\/f0852cb5-6658-4917-a9b7-f2e899c2b8ec.webp\",\"datePublished\":\"2025-07-28T16:59:26+00:00\",\"author\":{\"@id\":\"https:\/\/veritasinfo.org\/#\/schema\/person\/7701f8c088bece422266b100a712374f\"},\"breadcrumb\":{\"@id\":\"https:\/\/veritasinfo.org\/?p=5677#breadcrumb\"},\"inLanguage\":\"en-US\",\"potentialAction\":[{\"@type\":\"ReadAction\",\"target\":[\"https:\/\/veritasinfo.org\/?p=5677\"]}]},{\"@type\":\"ImageObject\",\"inLanguage\":\"en-US\",\"@id\":\"https:\/\/veritasinfo.org\/?p=5677#primaryimage\",\"url\":\"https:\/\/veritasinfo.org\/wp-content\/uploads\/2025\/07\/f0852cb5-6658-4917-a9b7-f2e899c2b8ec.webp\",\"contentUrl\":\"https:\/\/veritasinfo.org\/wp-content\/uploads\/2025\/07\/f0852cb5-6658-4917-a9b7-f2e899c2b8ec.webp\",\"width\":1360,\"height\":870},{\"@type\":\"BreadcrumbList\",\"@id\":\"https:\/\/veritasinfo.org\/?p=5677#breadcrumb\",\"itemListElement\":[{\"@type\":\"ListItem\",\"position\":1,\"name\":\"Home\",\"item\":\"https:\/\/veritasinfo.org\/\"},{\"@type\":\"ListItem\",\"position\":2,\"name\":\"Kamberi dor\u00ebzon rezolut\u00eb p\u00ebr pozit\u00ebn e shqiptar\u00ebve n\u00eb Lugin\u00ebn e Preshev\u00ebs n\u00eb Kuvendin e Serbis\u00eb\"}]},{\"@type\":\"WebSite\",\"@id\":\"https:\/\/veritasinfo.org\/#website\",\"url\":\"https:\/\/veritasinfo.org\/\",\"name\":\"\",\"description\":\"\",\"potentialAction\":[{\"@type\":\"SearchAction\",\"target\":{\"@type\":\"EntryPoint\",\"urlTemplate\":\"https:\/\/veritasinfo.org\/?s={search_term_string}\"},\"query-input\":{\"@type\":\"PropertyValueSpecification\",\"valueRequired\":true,\"valueName\":\"search_term_string\"}}],\"inLanguage\":\"en-US\"},{\"@type\":\"Person\",\"@id\":\"https:\/\/veritasinfo.org\/#\/schema\/person\/7701f8c088bece422266b100a712374f\",\"name\":\"admin\",\"image\":{\"@type\":\"ImageObject\",\"inLanguage\":\"en-US\",\"@id\":\"https:\/\/veritasinfo.org\/#\/schema\/person\/image\/\",\"url\":\"https:\/\/secure.gravatar.com\/avatar\/ea53aa3bf6c9a12d5fde8ce4deff43fef3885ae33cf60184161a50d6987cfd2f?s=96&d=mm&r=g\",\"contentUrl\":\"https:\/\/secure.gravatar.com\/avatar\/ea53aa3bf6c9a12d5fde8ce4deff43fef3885ae33cf60184161a50d6987cfd2f?s=96&d=mm&r=g\",\"caption\":\"admin\"},\"sameAs\":[\"https:\/\/veritasinfo.org\"],\"url\":\"https:\/\/veritasinfo.org\/?author=1\"}]}<\/script>\n<!-- \/ Yoast SEO plugin. -->","yoast_head_json":{"title":"Kamberi dor\u00ebzon rezolut\u00eb p\u00ebr pozit\u00ebn e shqiptar\u00ebve n\u00eb Lugin\u00ebn e Preshev\u00ebs n\u00eb Kuvendin e Serbis\u00eb -","robots":{"index":"index","follow":"follow","max-snippet":"max-snippet:-1","max-image-preview":"max-image-preview:large","max-video-preview":"max-video-preview:-1"},"canonical":"https:\/\/veritasinfo.org\/?p=5677","og_locale":"en_US","og_type":"article","og_title":"Kamberi dor\u00ebzon rezolut\u00eb p\u00ebr pozit\u00ebn e shqiptar\u00ebve n\u00eb Lugin\u00ebn e Preshev\u00ebs n\u00eb Kuvendin e Serbis\u00eb -","og_description":"Beograd, 28 korrik 2025 Deputeti i vet\u00ebm shqiptar n\u00eb Kuvendin e Serbis\u00eb, Shaip Kamberi, ka dor\u00ebzuar nj\u00eb rezolut\u00eb q\u00eb synon njohjen dhe p\u00ebrmir\u00ebsimin e pozit\u00ebs","og_url":"https:\/\/veritasinfo.org\/?p=5677","article_published_time":"2025-07-28T16:59:26+00:00","og_image":[{"width":1360,"height":870,"url":"https:\/\/veritasinfo.org\/wp-content\/uploads\/2025\/07\/f0852cb5-6658-4917-a9b7-f2e899c2b8ec.webp","type":"image\/webp"}],"author":"admin","twitter_card":"summary_large_image","twitter_misc":{"Written by":"admin","Est. reading time":"2 minutes"},"schema":{"@context":"https:\/\/schema.org","@graph":[{"@type":"WebPage","@id":"https:\/\/veritasinfo.org\/?p=5677","url":"https:\/\/veritasinfo.org\/?p=5677","name":"Kamberi dor\u00ebzon rezolut\u00eb p\u00ebr pozit\u00ebn e shqiptar\u00ebve n\u00eb Lugin\u00ebn e Preshev\u00ebs n\u00eb Kuvendin e Serbis\u00eb -","isPartOf":{"@id":"https:\/\/veritasinfo.org\/#website"},"primaryImageOfPage":{"@id":"https:\/\/veritasinfo.org\/?p=5677#primaryimage"},"image":{"@id":"https:\/\/veritasinfo.org\/?p=5677#primaryimage"},"thumbnailUrl":"https:\/\/veritasinfo.org\/wp-content\/uploads\/2025\/07\/f0852cb5-6658-4917-a9b7-f2e899c2b8ec.webp","datePublished":"2025-07-28T16:59:26+00:00","author":{"@id":"https:\/\/veritasinfo.org\/#\/schema\/person\/7701f8c088bece422266b100a712374f"},"breadcrumb":{"@id":"https:\/\/veritasinfo.org\/?p=5677#breadcrumb"},"inLanguage":"en-US","potentialAction":[{"@type":"ReadAction","target":["https:\/\/veritasinfo.org\/?p=5677"]}]},{"@type":"ImageObject","inLanguage":"en-US","@id":"https:\/\/veritasinfo.org\/?p=5677#primaryimage","url":"https:\/\/veritasinfo.org\/wp-content\/uploads\/2025\/07\/f0852cb5-6658-4917-a9b7-f2e899c2b8ec.webp","contentUrl":"https:\/\/veritasinfo.org\/wp-content\/uploads\/2025\/07\/f0852cb5-6658-4917-a9b7-f2e899c2b8ec.webp","width":1360,"height":870},{"@type":"BreadcrumbList","@id":"https:\/\/veritasinfo.org\/?p=5677#breadcrumb","itemListElement":[{"@type":"ListItem","position":1,"name":"Home","item":"https:\/\/veritasinfo.org\/"},{"@type":"ListItem","position":2,"name":"Kamberi dor\u00ebzon rezolut\u00eb p\u00ebr pozit\u00ebn e shqiptar\u00ebve n\u00eb Lugin\u00ebn e Preshev\u00ebs n\u00eb Kuvendin e Serbis\u00eb"}]},{"@type":"WebSite","@id":"https:\/\/veritasinfo.org\/#website","url":"https:\/\/veritasinfo.org\/","name":"","description":"","potentialAction":[{"@type":"SearchAction","target":{"@type":"EntryPoint","urlTemplate":"https:\/\/veritasinfo.org\/?s={search_term_string}"},"query-input":{"@type":"PropertyValueSpecification","valueRequired":true,"valueName":"search_term_string"}}],"inLanguage":"en-US"},{"@type":"Person","@id":"https:\/\/veritasinfo.org\/#\/schema\/person\/7701f8c088bece422266b100a712374f","name":"admin","image":{"@type":"ImageObject","inLanguage":"en-US","@id":"https:\/\/veritasinfo.org\/#\/schema\/person\/image\/","url":"https:\/\/secure.gravatar.com\/avatar\/ea53aa3bf6c9a12d5fde8ce4deff43fef3885ae33cf60184161a50d6987cfd2f?s=96&d=mm&r=g","contentUrl":"https:\/\/secure.gravatar.com\/avatar\/ea53aa3bf6c9a12d5fde8ce4deff43fef3885ae33cf60184161a50d6987cfd2f?s=96&d=mm&r=g","caption":"admin"},"sameAs":["https:\/\/veritasinfo.org"],"url":"https:\/\/veritasinfo.org\/?author=1"}]}},"featured_image_urls":{"full":["https:\/\/veritasinfo.org\/wp-content\/uploads\/2025\/07\/f0852cb5-6658-4917-a9b7-f2e899c2b8ec.webp",1360,870,false],"thumbnail":["https:\/\/veritasinfo.org\/wp-content\/uploads\/2025\/07\/f0852cb5-6658-4917-a9b7-f2e899c2b8ec-150x150.webp",150,150,true],"medium":["https:\/\/veritasinfo.org\/wp-content\/uploads\/2025\/07\/f0852cb5-6658-4917-a9b7-f2e899c2b8ec-300x192.webp",300,192,true],"medium_large":["https:\/\/veritasinfo.org\/wp-content\/uploads\/2025\/07\/f0852cb5-6658-4917-a9b7-f2e899c2b8ec-768x491.webp",640,409,true],"large":["https:\/\/veritasinfo.org\/wp-content\/uploads\/2025\/07\/f0852cb5-6658-4917-a9b7-f2e899c2b8ec-1024x655.webp",640,409,true],"1536x1536":["https:\/\/veritasinfo.org\/wp-content\/uploads\/2025\/07\/f0852cb5-6658-4917-a9b7-f2e899c2b8ec.webp",1360,870,false],"2048x2048":["https:\/\/veritasinfo.org\/wp-content\/uploads\/2025\/07\/f0852cb5-6658-4917-a9b7-f2e899c2b8ec.webp",1360,870,false],"kreeti-slider-full":["https:\/\/veritasinfo.org\/wp-content\/uploads\/2025\/07\/f0852cb5-6658-4917-a9b7-f2e899c2b8ec.webp",1126,720,false],"kreeti-featured":["https:\/\/veritasinfo.org\/wp-content\/uploads\/2025\/07\/f0852cb5-6658-4917-a9b7-f2e899c2b8ec.webp",1024,655,false],"kreeti-medium":["https:\/\/veritasinfo.org\/wp-content\/uploads\/2025\/07\/f0852cb5-6658-4917-a9b7-f2e899c2b8ec.webp",720,461,false],"kreeti-medium-square":["https:\/\/veritasinfo.org\/wp-content\/uploads\/2025\/07\/f0852cb5-6658-4917-a9b7-f2e899c2b8ec.webp",350,224,false]},"author_info":{"info":["admin"]},"category_info":"<a href=\"https:\/\/veritasinfo.org\/?cat=60\" rel=\"category\">Shoq\u00ebrore<\/a>","tag_info":"Shoq\u00ebrore","comment_count":"0","_links":{"self":[{"href":"https:\/\/veritasinfo.org\/index.php?rest_route=\/wp\/v2\/posts\/5677","targetHints":{"allow":["GET"]}}],"collection":[{"href":"https:\/\/veritasinfo.org\/index.php?rest_route=\/wp\/v2\/posts"}],"about":[{"href":"https:\/\/veritasinfo.org\/index.php?rest_route=\/wp\/v2\/types\/post"}],"author":[{"embeddable":true,"href":"https:\/\/veritasinfo.org\/index.php?rest_route=\/wp\/v2\/users\/1"}],"replies":[{"embeddable":true,"href":"https:\/\/veritasinfo.org\/index.php?rest_route=%2Fwp%2Fv2%2Fcomments&post=5677"}],"version-history":[{"count":1,"href":"https:\/\/veritasinfo.org\/index.php?rest_route=\/wp\/v2\/posts\/5677\/revisions"}],"predecessor-version":[{"id":5679,"href":"https:\/\/veritasinfo.org\/index.php?rest_route=\/wp\/v2\/posts\/5677\/revisions\/5679"}],"wp:featuredmedia":[{"embeddable":true,"href":"https:\/\/veritasinfo.org\/index.php?rest_route=\/wp\/v2\/media\/5678"}],"wp:attachment":[{"href":"https:\/\/veritasinfo.org\/index.php?rest_route=%2Fwp%2Fv2%2Fmedia&parent=5677"}],"wp:term":[{"taxonomy":"category","embeddable":true,"href":"https:\/\/veritasinfo.org\/index.php?rest_route=%2Fwp%2Fv2%2Fcategories&post=5677"},{"taxonomy":"post_tag","embeddable":true,"href":"https:\/\/veritasinfo.org\/index.php?rest_route=%2Fwp%2Fv2%2Ftags&post=5677"}],"curies":[{"name":"wp","href":"https:\/\/api.w.org\/{rel}","templated":true}]}}