{"id":5672,"date":"2025-07-28T18:13:57","date_gmt":"2025-07-28T16:13:57","guid":{"rendered":"https:\/\/veritasinfo.org\/?p=5672"},"modified":"2025-07-28T18:13:57","modified_gmt":"2025-07-28T16:13:57","slug":"dacic-naziva-briselski-sporazum-prevarom-ali-kaze-da-su-znali-sta-potpisuju","status":"publish","type":"post","link":"https:\/\/veritasinfo.org\/?p=5672&lang=sr","title":{"rendered":"Da\u010dic\u0301 naziva Briselski sporazum prevarom, ali ka\u017ee da su znali \u0161ta potpisuju"},"content":{"rendered":"<p><strong>Pri\u0161tina, 28 jul 2025<\/strong><\/p>\n<p>Iako je tek samo juc\u0301e, ministar unutra\u0161njih poslova Srbije, Ivica Da\u010dic\u0301, izjavio da je me\u0111unarodna zajednica prevarila njega i Srbiju potpisivanjem tog sporazuma pre 12 godina, on je danas demantovao takvu izjavu.<\/p>\n<p>\u201eTo je bila prevara. Sve te sporazume smo zaklju\u010dili u dobroj veri samo da bismo postigli kompromise koji bi bili u interesu svih na Kosovu\u201c, izjavio je ju\u010de Da\u010dic\u0301.<\/p>\n<p>Da\u010dic\u0301 je danas izjavio da nikada nije rekao, niti c\u0301e rec\u0301i, da su Srbija, predsednik Aleksandar Vu\u010dic\u0301 ili on li\u010dno prevareni da potpi\u0161u Briselski sporazum jer bi, kako je rekao, to zna\u010dilo da nisu znali \u0161ta potpisuju. Dodao je da je u svojoj izjavi mislio na sprovo\u0111enje sporazuma.<\/p>\n<p>\u201eNikada nisam rekao, niti bih rekao, da smo mi \u2013 Srbija, Aleksandar Vu\u010dic\u0301 ili ja \u2013 prevareni da potpi\u0161emo Briselski sporazum. Takva formulacija bi podrazumevala da nismo znali \u0161ta potpisujemo, da nismo razumeli va\u017enost dokumenta ili da nismo bili sposobni da procenimo politi\u010dku realnost\u201c, rekao je Da\u010dic\u0301 samo nekoliko sati nakon \u0161to je izjavio suprotno.<\/p>\n<p>&nbsp;<\/p>\n","protected":false},"excerpt":{"rendered":"<p>Pri\u0161tina, 28 jul 2025 Iako je tek samo juc\u0301e, ministar unutra\u0161njih poslova Srbije, Ivica Da\u010dic\u0301, izjavio da je me\u0111unarodna zajednica prevarila njega i Srbiju potpisivanjem<\/p>\n","protected":false},"author":2,"featured_media":5670,"comment_status":"open","ping_status":"open","sticky":false,"template":"","format":"standard","meta":{"footnotes":""},"categories":[28],"tags":[],"class_list":["post-5672","post","type-post","status-publish","format-standard","has-post-thumbnail","hentry","category-politika"],"yoast_head":"<!-- This site is optimized with the Yoast SEO plugin v25.3.1 - https:\/\/yoast.com\/wordpress\/plugins\/seo\/ -->\n<title>Da\u010dic\u0301 naziva Briselski sporazum prevarom, ali ka\u017ee da su znali \u0161ta potpisuju -<\/title>\n<meta name=\"robots\" content=\"index, follow, max-snippet:-1, max-image-preview:large, max-video-preview:-1\" \/>\n<link rel=\"canonical\" href=\"https:\/\/veritasinfo.org\/?p=5672&lang=sr\" \/>\n<meta property=\"og:locale\" content=\"en_US\" \/>\n<meta property=\"og:type\" content=\"article\" \/>\n<meta property=\"og:title\" content=\"Da\u010dic\u0301 naziva Briselski sporazum prevarom, ali ka\u017ee da su znali \u0161ta potpisuju -\" \/>\n<meta property=\"og:description\" content=\"Pri\u0161tina, 28 jul 2025 Iako je tek samo juc\u0301e, ministar unutra\u0161njih poslova Srbije, Ivica Da\u010dic\u0301, izjavio da je me\u0111unarodna zajednica prevarila njega i Srbiju potpisivanjem\" \/>\n<meta property=\"og:url\" content=\"https:\/\/veritasinfo.org\/?p=5672&amp;lang=sr\" \/>\n<meta property=\"article:published_time\" content=\"2025-07-28T16:13:57+00:00\" \/>\n<meta property=\"og:image\" content=\"https:\/\/veritasinfo.org\/wp-content\/uploads\/2025\/07\/daqiq.webp\" \/>\n\t<meta property=\"og:image:width\" content=\"1200\" \/>\n\t<meta property=\"og:image:height\" content=\"768\" \/>\n\t<meta property=\"og:image:type\" content=\"image\/webp\" \/>\n<meta name=\"author\" content=\"US1\" \/>\n<meta name=\"twitter:card\" content=\"summary_large_image\" \/>\n<meta name=\"twitter:label1\" content=\"Written by\" \/>\n\t<meta name=\"twitter:data1\" content=\"US1\" \/>\n\t<meta name=\"twitter:label2\" content=\"Est. reading time\" \/>\n\t<meta name=\"twitter:data2\" content=\"1 minute\" \/>\n<script type=\"application\/ld+json\" class=\"yoast-schema-graph\">{\"@context\":\"https:\/\/schema.org\",\"@graph\":[{\"@type\":\"WebPage\",\"@id\":\"https:\/\/veritasinfo.org\/?p=5672&lang=sr\",\"url\":\"https:\/\/veritasinfo.org\/?p=5672&lang=sr\",\"name\":\"Da\u010dic\u0301 naziva Briselski sporazum prevarom, ali ka\u017ee da su znali \u0161ta potpisuju -\",\"isPartOf\":{\"@id\":\"https:\/\/veritasinfo.org\/#website\"},\"primaryImageOfPage\":{\"@id\":\"https:\/\/veritasinfo.org\/?p=5672&lang=sr#primaryimage\"},\"image\":{\"@id\":\"https:\/\/veritasinfo.org\/?p=5672&lang=sr#primaryimage\"},\"thumbnailUrl\":\"https:\/\/veritasinfo.org\/wp-content\/uploads\/2025\/07\/daqiq.webp\",\"datePublished\":\"2025-07-28T16:13:57+00:00\",\"author\":{\"@id\":\"https:\/\/veritasinfo.org\/#\/schema\/person\/c2b8be262ea994d0995addca692c5e98\"},\"breadcrumb\":{\"@id\":\"https:\/\/veritasinfo.org\/?p=5672&lang=sr#breadcrumb\"},\"inLanguage\":\"en-US\",\"potentialAction\":[{\"@type\":\"ReadAction\",\"target\":[\"https:\/\/veritasinfo.org\/?p=5672&lang=sr\"]}]},{\"@type\":\"ImageObject\",\"inLanguage\":\"en-US\",\"@id\":\"https:\/\/veritasinfo.org\/?p=5672&lang=sr#primaryimage\",\"url\":\"https:\/\/veritasinfo.org\/wp-content\/uploads\/2025\/07\/daqiq.webp\",\"contentUrl\":\"https:\/\/veritasinfo.org\/wp-content\/uploads\/2025\/07\/daqiq.webp\",\"width\":1200,\"height\":768},{\"@type\":\"BreadcrumbList\",\"@id\":\"https:\/\/veritasinfo.org\/?p=5672&lang=sr#breadcrumb\",\"itemListElement\":[{\"@type\":\"ListItem\",\"position\":1,\"name\":\"Home\",\"item\":\"https:\/\/veritasinfo.org\/\"},{\"@type\":\"ListItem\",\"position\":2,\"name\":\"Da\u010dic\u0301 naziva Briselski sporazum prevarom, ali ka\u017ee da su znali \u0161ta potpisuju\"}]},{\"@type\":\"WebSite\",\"@id\":\"https:\/\/veritasinfo.org\/#website\",\"url\":\"https:\/\/veritasinfo.org\/\",\"name\":\"\",\"description\":\"\",\"potentialAction\":[{\"@type\":\"SearchAction\",\"target\":{\"@type\":\"EntryPoint\",\"urlTemplate\":\"https:\/\/veritasinfo.org\/?s={search_term_string}\"},\"query-input\":{\"@type\":\"PropertyValueSpecification\",\"valueRequired\":true,\"valueName\":\"search_term_string\"}}],\"inLanguage\":\"en-US\"},{\"@type\":\"Person\",\"@id\":\"https:\/\/veritasinfo.org\/#\/schema\/person\/c2b8be262ea994d0995addca692c5e98\",\"name\":\"US1\",\"image\":{\"@type\":\"ImageObject\",\"inLanguage\":\"en-US\",\"@id\":\"https:\/\/veritasinfo.org\/#\/schema\/person\/image\/\",\"url\":\"https:\/\/secure.gravatar.com\/avatar\/4e96a59bd256abf9956eb9963ac891a47461ffb364d47b0e9aab113328fdb75b?s=96&d=mm&r=g\",\"contentUrl\":\"https:\/\/secure.gravatar.com\/avatar\/4e96a59bd256abf9956eb9963ac891a47461ffb364d47b0e9aab113328fdb75b?s=96&d=mm&r=g\",\"caption\":\"US1\"},\"url\":\"https:\/\/veritasinfo.org\/?author=2\"}]}<\/script>\n<!-- \/ Yoast SEO plugin. -->","yoast_head_json":{"title":"Da\u010dic\u0301 naziva Briselski sporazum prevarom, ali ka\u017ee da su znali \u0161ta potpisuju -","robots":{"index":"index","follow":"follow","max-snippet":"max-snippet:-1","max-image-preview":"max-image-preview:large","max-video-preview":"max-video-preview:-1"},"canonical":"https:\/\/veritasinfo.org\/?p=5672&lang=sr","og_locale":"en_US","og_type":"article","og_title":"Da\u010dic\u0301 naziva Briselski sporazum prevarom, ali ka\u017ee da su znali \u0161ta potpisuju -","og_description":"Pri\u0161tina, 28 jul 2025 Iako je tek samo juc\u0301e, ministar unutra\u0161njih poslova Srbije, Ivica Da\u010dic\u0301, izjavio da je me\u0111unarodna zajednica prevarila njega i Srbiju potpisivanjem","og_url":"https:\/\/veritasinfo.org\/?p=5672&lang=sr","article_published_time":"2025-07-28T16:13:57+00:00","og_image":[{"width":1200,"height":768,"url":"https:\/\/veritasinfo.org\/wp-content\/uploads\/2025\/07\/daqiq.webp","type":"image\/webp"}],"author":"US1","twitter_card":"summary_large_image","twitter_misc":{"Written by":"US1","Est. reading time":"1 minute"},"schema":{"@context":"https:\/\/schema.org","@graph":[{"@type":"WebPage","@id":"https:\/\/veritasinfo.org\/?p=5672&lang=sr","url":"https:\/\/veritasinfo.org\/?p=5672&lang=sr","name":"Da\u010dic\u0301 naziva Briselski sporazum prevarom, ali ka\u017ee da su znali \u0161ta potpisuju -","isPartOf":{"@id":"https:\/\/veritasinfo.org\/#website"},"primaryImageOfPage":{"@id":"https:\/\/veritasinfo.org\/?p=5672&lang=sr#primaryimage"},"image":{"@id":"https:\/\/veritasinfo.org\/?p=5672&lang=sr#primaryimage"},"thumbnailUrl":"https:\/\/veritasinfo.org\/wp-content\/uploads\/2025\/07\/daqiq.webp","datePublished":"2025-07-28T16:13:57+00:00","author":{"@id":"https:\/\/veritasinfo.org\/#\/schema\/person\/c2b8be262ea994d0995addca692c5e98"},"breadcrumb":{"@id":"https:\/\/veritasinfo.org\/?p=5672&lang=sr#breadcrumb"},"inLanguage":"en-US","potentialAction":[{"@type":"ReadAction","target":["https:\/\/veritasinfo.org\/?p=5672&lang=sr"]}]},{"@type":"ImageObject","inLanguage":"en-US","@id":"https:\/\/veritasinfo.org\/?p=5672&lang=sr#primaryimage","url":"https:\/\/veritasinfo.org\/wp-content\/uploads\/2025\/07\/daqiq.webp","contentUrl":"https:\/\/veritasinfo.org\/wp-content\/uploads\/2025\/07\/daqiq.webp","width":1200,"height":768},{"@type":"BreadcrumbList","@id":"https:\/\/veritasinfo.org\/?p=5672&lang=sr#breadcrumb","itemListElement":[{"@type":"ListItem","position":1,"name":"Home","item":"https:\/\/veritasinfo.org\/"},{"@type":"ListItem","position":2,"name":"Da\u010dic\u0301 naziva Briselski sporazum prevarom, ali ka\u017ee da su znali \u0161ta potpisuju"}]},{"@type":"WebSite","@id":"https:\/\/veritasinfo.org\/#website","url":"https:\/\/veritasinfo.org\/","name":"","description":"","potentialAction":[{"@type":"SearchAction","target":{"@type":"EntryPoint","urlTemplate":"https:\/\/veritasinfo.org\/?s={search_term_string}"},"query-input":{"@type":"PropertyValueSpecification","valueRequired":true,"valueName":"search_term_string"}}],"inLanguage":"en-US"},{"@type":"Person","@id":"https:\/\/veritasinfo.org\/#\/schema\/person\/c2b8be262ea994d0995addca692c5e98","name":"US1","image":{"@type":"ImageObject","inLanguage":"en-US","@id":"https:\/\/veritasinfo.org\/#\/schema\/person\/image\/","url":"https:\/\/secure.gravatar.com\/avatar\/4e96a59bd256abf9956eb9963ac891a47461ffb364d47b0e9aab113328fdb75b?s=96&d=mm&r=g","contentUrl":"https:\/\/secure.gravatar.com\/avatar\/4e96a59bd256abf9956eb9963ac891a47461ffb364d47b0e9aab113328fdb75b?s=96&d=mm&r=g","caption":"US1"},"url":"https:\/\/veritasinfo.org\/?author=2"}]}},"featured_image_urls":{"full":["https:\/\/veritasinfo.org\/wp-content\/uploads\/2025\/07\/daqiq.webp",1200,768,false],"thumbnail":["https:\/\/veritasinfo.org\/wp-content\/uploads\/2025\/07\/daqiq-150x150.webp",150,150,true],"medium":["https:\/\/veritasinfo.org\/wp-content\/uploads\/2025\/07\/daqiq-300x192.webp",300,192,true],"medium_large":["https:\/\/veritasinfo.org\/wp-content\/uploads\/2025\/07\/daqiq-768x492.webp",640,410,true],"large":["https:\/\/veritasinfo.org\/wp-content\/uploads\/2025\/07\/daqiq-1024x655.webp",640,409,true],"1536x1536":["https:\/\/veritasinfo.org\/wp-content\/uploads\/2025\/07\/daqiq.webp",1200,768,false],"2048x2048":["https:\/\/veritasinfo.org\/wp-content\/uploads\/2025\/07\/daqiq.webp",1200,768,false],"kreeti-slider-full":["https:\/\/veritasinfo.org\/wp-content\/uploads\/2025\/07\/daqiq.webp",1125,720,false],"kreeti-featured":["https:\/\/veritasinfo.org\/wp-content\/uploads\/2025\/07\/daqiq.webp",1024,655,false],"kreeti-medium":["https:\/\/veritasinfo.org\/wp-content\/uploads\/2025\/07\/daqiq.webp",720,461,false],"kreeti-medium-square":["https:\/\/veritasinfo.org\/wp-content\/uploads\/2025\/07\/daqiq.webp",350,224,false]},"author_info":{"info":["US1"]},"category_info":"<a href=\"https:\/\/veritasinfo.org\/?cat=28&#038;lang=sr\" rel=\"category\">Politika<\/a>","tag_info":"Politika","comment_count":"0","_links":{"self":[{"href":"https:\/\/veritasinfo.org\/index.php?rest_route=\/wp\/v2\/posts\/5672","targetHints":{"allow":["GET"]}}],"collection":[{"href":"https:\/\/veritasinfo.org\/index.php?rest_route=\/wp\/v2\/posts"}],"about":[{"href":"https:\/\/veritasinfo.org\/index.php?rest_route=\/wp\/v2\/types\/post"}],"author":[{"embeddable":true,"href":"https:\/\/veritasinfo.org\/index.php?rest_route=\/wp\/v2\/users\/2"}],"replies":[{"embeddable":true,"href":"https:\/\/veritasinfo.org\/index.php?rest_route=%2Fwp%2Fv2%2Fcomments&post=5672"}],"version-history":[{"count":1,"href":"https:\/\/veritasinfo.org\/index.php?rest_route=\/wp\/v2\/posts\/5672\/revisions"}],"predecessor-version":[{"id":5673,"href":"https:\/\/veritasinfo.org\/index.php?rest_route=\/wp\/v2\/posts\/5672\/revisions\/5673"}],"wp:featuredmedia":[{"embeddable":true,"href":"https:\/\/veritasinfo.org\/index.php?rest_route=\/wp\/v2\/media\/5670"}],"wp:attachment":[{"href":"https:\/\/veritasinfo.org\/index.php?rest_route=%2Fwp%2Fv2%2Fmedia&parent=5672"}],"wp:term":[{"taxonomy":"category","embeddable":true,"href":"https:\/\/veritasinfo.org\/index.php?rest_route=%2Fwp%2Fv2%2Fcategories&post=5672"},{"taxonomy":"post_tag","embeddable":true,"href":"https:\/\/veritasinfo.org\/index.php?rest_route=%2Fwp%2Fv2%2Ftags&post=5672"}],"curies":[{"name":"wp","href":"https:\/\/api.w.org\/{rel}","templated":true}]}}