{"id":5656,"date":"2025-07-28T16:01:04","date_gmt":"2025-07-28T14:01:04","guid":{"rendered":"https:\/\/veritasinfo.org\/?p=5656"},"modified":"2025-07-28T16:01:04","modified_gmt":"2025-07-28T14:01:04","slug":"raporti-i-fundit-i-sherbimit-kroat-bota-serbe-kercenim-per-rajonin-vleresohet-lart-mbyllja-e-strukturave-paralele-ne-veri-te-kosoves","status":"publish","type":"post","link":"https:\/\/veritasinfo.org\/?p=5656","title":{"rendered":"Raporti i fundit i sh\u00ebrbimit kroat : \u2018Bota Serbe\u2019 k\u00ebrc\u00ebnim p\u00ebr rajonin, vler\u00ebsohet lart mbyllja e strukturave paralele n\u00eb veri t\u00eb Kosov\u00ebs"},"content":{"rendered":"<p>Prishtin\u00eb, 28 korrik 2025<\/p>\n<p><strong>Pa u ndaluar projektet destabilizuese si \u201cBota Serbe\u201d dhe pa ndodhur \u00e7montimi i t\u00ebr\u00ebsish\u00ebm i strukturave paralele n\u00eb veri t\u00eb shtetit t\u00eb Kosov\u00ebs, Ballkani Per\u00ebndimor (BP) nuk mund t\u00eb ket\u00eb e as t\u00eb ec\u00eb drejt paqes s\u00eb q\u00ebndrueshme dhe integrimit euroatlantik.<\/strong><\/p>\n<p>Ky \u00ebsht\u00eb vler\u00ebsimi i nxjerr\u00eb n\u00eb raportin e fundit t\u00eb Sh\u00ebrbimit t\u00eb Siguris\u00eb dhe Inteligjenc\u00ebs s\u00eb Kroacis\u00eb (SOA).<br \/>\nN\u00eb mesin e shum\u00eb vler\u00ebsimeve p\u00ebr Kroacin\u00eb dhe shtetet fqinje, raporti i ka vendosur theks t\u00eb ve\u00e7ant\u00eb situat\u00ebs s\u00eb Kosov\u00ebs dhe ngjarjeve q\u00eb kan\u00eb sh\u00ebnuar veriun e saj q\u00eb banohet kryesisht nga serb\u00eb.<br \/>\nSipas SOA-s, Kroacia, Kosova dhe rajoni i Ballkanit Per\u00ebndimor mbeten zona ky\u00e7e p\u00ebr sigurin\u00eb evropiane dhe interesat strategjike t\u00eb Bashkimit Evropian.<br \/>\nKrejt kjo, derisa n\u00eb k\u00ebt\u00eb mes, sipas raportit nuk dyt\u00ebt Serbia dhe ideja e saj p\u00ebr nj\u00eb \u2018Bot\u00eb serbe\u2019.<br \/>\n\u201cBota Serbe\u201d paraqitet si nj\u00eb nga k\u00ebrc\u00ebnimet m\u00eb serioze p\u00ebr paqen dhe stabilitetin n\u00eb rajon. Ky koncept politik dhe nacionalist, i promovuar aktivisht nga autoritetet n\u00eb Beograd, synon krijimin e nj\u00eb hap\u00ebsire t\u00eb unifikuar serbe q\u00eb p\u00ebrfshin pjes\u00eb t\u00eb Bosnj\u00eb-Hercegovin\u00ebs, Malit t\u00eb Zi dhe Kosov\u00ebs\u201d, vler\u00ebson raporti i inteligjenc\u00ebs kroate, e cila vler\u00ebson se ky projekt \u00ebsht\u00eb modeluar sipas konceptit t\u00eb njohur rus \u201cBota Ruse\u201d, i cili promovohet n\u00ebp\u00ebrmjet mediave ruse t\u00eb cilat veprojn\u00eb n\u00eb Serbi<br \/>\n\u201cProjekti p\u00ebrb\u00ebn nj\u00eb form\u00eb t\u00eb veprimit hibrid \u2013 nj\u00eb p\u00ebrzierje e presionit politik, ndikimit p\u00ebrmes mediave, strukturave ilegale dhe rolit t\u00eb Kish\u00ebs Ortodokse Serbe. Rusia mb\u00ebshtet k\u00ebt\u00eb projekt si n\u00eb nivel diplomatik, ashtu edhe p\u00ebrmes kanaleve t\u00eb inteligjenc\u00ebs dhe propagand\u00ebs, duke p\u00ebrdorur platforma mediatike si Sputnik dhe RT Balkan p\u00ebr t\u00eb p\u00ebrhapur narrativa anti-per\u00ebndimore dhe p\u00ebr t\u00eb nxitur tensione nd\u00ebretnike n\u00eb rajon. Mediumet veprojn\u00eb nga territori serb p\u00ebr t\u00eb p\u00ebrhapur narracione anti-per\u00ebndimore dhe p\u00ebr t\u00eb nxitur tensione etnike n\u00eb Ballkan\u201d thot\u00eb raporti.<br \/>\nN\u00eb raport z\u00eb vend edhe sulmi terrorist i Banjsk\u00ebs i ndodhur n\u00eb shtator t\u00eb vitit 2023. Aty p\u00ebrshkruhet n\u00eb detaje sulmi dhe akter\u00ebt q\u00eb ishin pjesmarr\u00ebs, nga t\u00eb cil\u00ebt mbeti i vrar\u00eb nj\u00eb polic i Kosov\u00ebs.<br \/>\n\u201cKy grup paraushtarak serb sulmoi Policin\u00eb e Kosov\u00ebs, derisa p\u00ebrgjegj\u00ebsin\u00eb p\u00ebr aktin e mori Milan Radoi\u00e7iq, ish-n\u00ebnkryetar i List\u00ebs Serbe dhe figur\u00eb e af\u00ebrt me pushtetin n\u00eb Beograd. Pas sulmit ai u strehua n\u00eb Serbi,. \u00cbsht\u00eb marr\u00eb n\u00eb pyetje, por ende nuk \u00ebsht\u00eb ndjekur penalisht e sh\u00ebtitet i lir\u00eb. Deri m\u00eb tani nuk \u00ebsht\u00eb zbardhur plot\u00ebsisht se si u organizua ky grup dhe si arriti t\u00eb pajiset me armatim t\u00eb r\u00ebnd\u00eb me origjin\u00eb ushtarake\u201d, thot\u00eb raporti sipas t\u00eb cilit sulmi terrorist kishte p\u00ebr q\u00ebllim destabilizimin e situat\u00ebs s\u00eb siguris\u00eb n\u00eb veri t\u00eb Kosov\u00ebs dhe sabotimin e dialogut Kosov\u00eb-Serbi.<br \/>\nE derisa Kosova u vu p\u00ebrpara k\u00ebtij rreziku, inteligjenca kroate ka vler\u00ebsuar lart\u00eb veprimet e institucioneve t\u00eb Kosov\u00ebs p\u00ebr mbylljen e strukturave paralele serve n\u00eb veri t\u00eb vendit ton\u00eb.<br \/>\n\u201cK\u00ebto struktura t\u00eb paligjshme prej vitesh kan\u00eb funksionuar si zgjatim informal i ndikimit t\u00eb Beogradit. Prandaj, mbyllja tyre ishte veprim i ligjsh\u00ebm dhe jetik p\u00ebr stabilitetin e Kosov\u00ebs dhe t\u00eb gjith\u00eb rajonit. Kjo b\u00ebn q\u00eb Kosova t\u00eb forcoj\u00eb sovranitetin shtet\u00ebror n\u00eb at\u00eb pjes\u00eb t\u00eb territorit dhe t\u00eb kufizoj\u00eb ndikimin e Beogradit\u201d, vler\u00ebson raporti, sipas t\u00eb cilit k\u00ebto struktura, pos q\u00eb operojn\u00eb n\u00eb kund\u00ebrshtim me rendin kushtetues t\u00eb Kosov\u00ebs, ato p\u00ebrb\u00ebjn\u00eb nj\u00eb penges\u00eb t\u00eb madhe p\u00ebr integrimin institucional dhe p\u00ebr ruajtjen e sovranitetit t\u00eb vendit n\u00eb veri.<br \/>\n\u201cPrandaj mbyllja e tyre konsiderohet si nj\u00eb hap thelb\u00ebsor p\u00ebr forcimin e autoritetit shtet\u00ebror dhe p\u00ebr parandalimin e eskalimeve t\u00eb m\u00ebtejshme t\u00eb dhun\u00ebs. Ishte nj\u00eb domosdoshm\u00ebri strategjike p\u00ebr paqen dhe sigurin\u00eb n\u00eb rajon\u201d, thuhet n\u00eb raport.<\/p>\n","protected":false},"excerpt":{"rendered":"<p>Prishtin\u00eb, 28 korrik 2025 Pa u ndaluar projektet destabilizuese si \u201cBota Serbe\u201d dhe pa ndodhur \u00e7montimi i t\u00ebr\u00ebsish\u00ebm i strukturave paralele n\u00eb veri t\u00eb shtetit<\/p>\n","protected":false},"author":1,"featured_media":5657,"comment_status":"open","ping_status":"open","sticky":false,"template":"","format":"standard","meta":{"footnotes":""},"categories":[58],"tags":[],"class_list":["post-5656","post","type-post","status-publish","format-standard","has-post-thumbnail","hentry","category-politike-sq"],"yoast_head":"<!-- This site is optimized with the Yoast SEO plugin v25.3.1 - https:\/\/yoast.com\/wordpress\/plugins\/seo\/ -->\n<title>Raporti i fundit i sh\u00ebrbimit kroat : \u2018Bota Serbe\u2019 k\u00ebrc\u00ebnim p\u00ebr rajonin, vler\u00ebsohet lart mbyllja e strukturave paralele n\u00eb veri t\u00eb Kosov\u00ebs -<\/title>\n<meta name=\"robots\" content=\"index, follow, max-snippet:-1, max-image-preview:large, max-video-preview:-1\" \/>\n<link rel=\"canonical\" href=\"https:\/\/veritasinfo.org\/?p=5656\" \/>\n<meta property=\"og:locale\" content=\"en_US\" \/>\n<meta property=\"og:type\" content=\"article\" \/>\n<meta property=\"og:title\" content=\"Raporti i fundit i sh\u00ebrbimit kroat : \u2018Bota Serbe\u2019 k\u00ebrc\u00ebnim p\u00ebr rajonin, vler\u00ebsohet lart mbyllja e strukturave paralele n\u00eb veri t\u00eb Kosov\u00ebs -\" \/>\n<meta property=\"og:description\" content=\"Prishtin\u00eb, 28 korrik 2025 Pa u ndaluar projektet destabilizuese si \u201cBota Serbe\u201d dhe pa ndodhur \u00e7montimi i t\u00ebr\u00ebsish\u00ebm i strukturave paralele n\u00eb veri t\u00eb shtetit\" \/>\n<meta property=\"og:url\" content=\"https:\/\/veritasinfo.org\/?p=5656\" \/>\n<meta property=\"article:published_time\" content=\"2025-07-28T14:01:04+00:00\" \/>\n<meta property=\"og:image\" content=\"https:\/\/veritasinfo.org\/wp-content\/uploads\/2025\/07\/IMG_2100.jpeg\" \/>\n\t<meta property=\"og:image:width\" content=\"1536\" \/>\n\t<meta property=\"og:image:height\" content=\"842\" \/>\n\t<meta property=\"og:image:type\" content=\"image\/jpeg\" \/>\n<meta name=\"author\" content=\"admin\" \/>\n<meta name=\"twitter:card\" content=\"summary_large_image\" \/>\n<meta name=\"twitter:label1\" content=\"Written by\" \/>\n\t<meta name=\"twitter:data1\" content=\"admin\" \/>\n\t<meta name=\"twitter:label2\" content=\"Est. reading time\" \/>\n\t<meta name=\"twitter:data2\" content=\"3 minutes\" \/>\n<script type=\"application\/ld+json\" class=\"yoast-schema-graph\">{\"@context\":\"https:\/\/schema.org\",\"@graph\":[{\"@type\":\"WebPage\",\"@id\":\"https:\/\/veritasinfo.org\/?p=5656\",\"url\":\"https:\/\/veritasinfo.org\/?p=5656\",\"name\":\"Raporti i fundit i sh\u00ebrbimit kroat : \u2018Bota Serbe\u2019 k\u00ebrc\u00ebnim p\u00ebr rajonin, vler\u00ebsohet lart mbyllja e strukturave paralele n\u00eb veri t\u00eb Kosov\u00ebs -\",\"isPartOf\":{\"@id\":\"https:\/\/veritasinfo.org\/#website\"},\"primaryImageOfPage\":{\"@id\":\"https:\/\/veritasinfo.org\/?p=5656#primaryimage\"},\"image\":{\"@id\":\"https:\/\/veritasinfo.org\/?p=5656#primaryimage\"},\"thumbnailUrl\":\"https:\/\/veritasinfo.org\/wp-content\/uploads\/2025\/07\/IMG_2100.jpeg\",\"datePublished\":\"2025-07-28T14:01:04+00:00\",\"author\":{\"@id\":\"https:\/\/veritasinfo.org\/#\/schema\/person\/7701f8c088bece422266b100a712374f\"},\"breadcrumb\":{\"@id\":\"https:\/\/veritasinfo.org\/?p=5656#breadcrumb\"},\"inLanguage\":\"en-US\",\"potentialAction\":[{\"@type\":\"ReadAction\",\"target\":[\"https:\/\/veritasinfo.org\/?p=5656\"]}]},{\"@type\":\"ImageObject\",\"inLanguage\":\"en-US\",\"@id\":\"https:\/\/veritasinfo.org\/?p=5656#primaryimage\",\"url\":\"https:\/\/veritasinfo.org\/wp-content\/uploads\/2025\/07\/IMG_2100.jpeg\",\"contentUrl\":\"https:\/\/veritasinfo.org\/wp-content\/uploads\/2025\/07\/IMG_2100.jpeg\",\"width\":1536,\"height\":842},{\"@type\":\"BreadcrumbList\",\"@id\":\"https:\/\/veritasinfo.org\/?p=5656#breadcrumb\",\"itemListElement\":[{\"@type\":\"ListItem\",\"position\":1,\"name\":\"Home\",\"item\":\"https:\/\/veritasinfo.org\/\"},{\"@type\":\"ListItem\",\"position\":2,\"name\":\"Raporti i fundit i sh\u00ebrbimit kroat : \u2018Bota Serbe\u2019 k\u00ebrc\u00ebnim p\u00ebr rajonin, vler\u00ebsohet lart mbyllja e strukturave paralele n\u00eb veri t\u00eb Kosov\u00ebs\"}]},{\"@type\":\"WebSite\",\"@id\":\"https:\/\/veritasinfo.org\/#website\",\"url\":\"https:\/\/veritasinfo.org\/\",\"name\":\"\",\"description\":\"\",\"potentialAction\":[{\"@type\":\"SearchAction\",\"target\":{\"@type\":\"EntryPoint\",\"urlTemplate\":\"https:\/\/veritasinfo.org\/?s={search_term_string}\"},\"query-input\":{\"@type\":\"PropertyValueSpecification\",\"valueRequired\":true,\"valueName\":\"search_term_string\"}}],\"inLanguage\":\"en-US\"},{\"@type\":\"Person\",\"@id\":\"https:\/\/veritasinfo.org\/#\/schema\/person\/7701f8c088bece422266b100a712374f\",\"name\":\"admin\",\"image\":{\"@type\":\"ImageObject\",\"inLanguage\":\"en-US\",\"@id\":\"https:\/\/veritasinfo.org\/#\/schema\/person\/image\/\",\"url\":\"https:\/\/secure.gravatar.com\/avatar\/ea53aa3bf6c9a12d5fde8ce4deff43fef3885ae33cf60184161a50d6987cfd2f?s=96&d=mm&r=g\",\"contentUrl\":\"https:\/\/secure.gravatar.com\/avatar\/ea53aa3bf6c9a12d5fde8ce4deff43fef3885ae33cf60184161a50d6987cfd2f?s=96&d=mm&r=g\",\"caption\":\"admin\"},\"sameAs\":[\"https:\/\/veritasinfo.org\"],\"url\":\"https:\/\/veritasinfo.org\/?author=1\"}]}<\/script>\n<!-- \/ Yoast SEO plugin. -->","yoast_head_json":{"title":"Raporti i fundit i sh\u00ebrbimit kroat : \u2018Bota Serbe\u2019 k\u00ebrc\u00ebnim p\u00ebr rajonin, vler\u00ebsohet lart mbyllja e strukturave paralele n\u00eb veri t\u00eb Kosov\u00ebs -","robots":{"index":"index","follow":"follow","max-snippet":"max-snippet:-1","max-image-preview":"max-image-preview:large","max-video-preview":"max-video-preview:-1"},"canonical":"https:\/\/veritasinfo.org\/?p=5656","og_locale":"en_US","og_type":"article","og_title":"Raporti i fundit i sh\u00ebrbimit kroat : \u2018Bota Serbe\u2019 k\u00ebrc\u00ebnim p\u00ebr rajonin, vler\u00ebsohet lart mbyllja e strukturave paralele n\u00eb veri t\u00eb Kosov\u00ebs -","og_description":"Prishtin\u00eb, 28 korrik 2025 Pa u ndaluar projektet destabilizuese si \u201cBota Serbe\u201d dhe pa ndodhur \u00e7montimi i t\u00ebr\u00ebsish\u00ebm i strukturave paralele n\u00eb veri t\u00eb shtetit","og_url":"https:\/\/veritasinfo.org\/?p=5656","article_published_time":"2025-07-28T14:01:04+00:00","og_image":[{"width":1536,"height":842,"url":"https:\/\/veritasinfo.org\/wp-content\/uploads\/2025\/07\/IMG_2100.jpeg","type":"image\/jpeg"}],"author":"admin","twitter_card":"summary_large_image","twitter_misc":{"Written by":"admin","Est. reading time":"3 minutes"},"schema":{"@context":"https:\/\/schema.org","@graph":[{"@type":"WebPage","@id":"https:\/\/veritasinfo.org\/?p=5656","url":"https:\/\/veritasinfo.org\/?p=5656","name":"Raporti i fundit i sh\u00ebrbimit kroat : \u2018Bota Serbe\u2019 k\u00ebrc\u00ebnim p\u00ebr rajonin, vler\u00ebsohet lart mbyllja e strukturave paralele n\u00eb veri t\u00eb Kosov\u00ebs -","isPartOf":{"@id":"https:\/\/veritasinfo.org\/#website"},"primaryImageOfPage":{"@id":"https:\/\/veritasinfo.org\/?p=5656#primaryimage"},"image":{"@id":"https:\/\/veritasinfo.org\/?p=5656#primaryimage"},"thumbnailUrl":"https:\/\/veritasinfo.org\/wp-content\/uploads\/2025\/07\/IMG_2100.jpeg","datePublished":"2025-07-28T14:01:04+00:00","author":{"@id":"https:\/\/veritasinfo.org\/#\/schema\/person\/7701f8c088bece422266b100a712374f"},"breadcrumb":{"@id":"https:\/\/veritasinfo.org\/?p=5656#breadcrumb"},"inLanguage":"en-US","potentialAction":[{"@type":"ReadAction","target":["https:\/\/veritasinfo.org\/?p=5656"]}]},{"@type":"ImageObject","inLanguage":"en-US","@id":"https:\/\/veritasinfo.org\/?p=5656#primaryimage","url":"https:\/\/veritasinfo.org\/wp-content\/uploads\/2025\/07\/IMG_2100.jpeg","contentUrl":"https:\/\/veritasinfo.org\/wp-content\/uploads\/2025\/07\/IMG_2100.jpeg","width":1536,"height":842},{"@type":"BreadcrumbList","@id":"https:\/\/veritasinfo.org\/?p=5656#breadcrumb","itemListElement":[{"@type":"ListItem","position":1,"name":"Home","item":"https:\/\/veritasinfo.org\/"},{"@type":"ListItem","position":2,"name":"Raporti i fundit i sh\u00ebrbimit kroat : \u2018Bota Serbe\u2019 k\u00ebrc\u00ebnim p\u00ebr rajonin, vler\u00ebsohet lart mbyllja e strukturave paralele n\u00eb veri t\u00eb Kosov\u00ebs"}]},{"@type":"WebSite","@id":"https:\/\/veritasinfo.org\/#website","url":"https:\/\/veritasinfo.org\/","name":"","description":"","potentialAction":[{"@type":"SearchAction","target":{"@type":"EntryPoint","urlTemplate":"https:\/\/veritasinfo.org\/?s={search_term_string}"},"query-input":{"@type":"PropertyValueSpecification","valueRequired":true,"valueName":"search_term_string"}}],"inLanguage":"en-US"},{"@type":"Person","@id":"https:\/\/veritasinfo.org\/#\/schema\/person\/7701f8c088bece422266b100a712374f","name":"admin","image":{"@type":"ImageObject","inLanguage":"en-US","@id":"https:\/\/veritasinfo.org\/#\/schema\/person\/image\/","url":"https:\/\/secure.gravatar.com\/avatar\/ea53aa3bf6c9a12d5fde8ce4deff43fef3885ae33cf60184161a50d6987cfd2f?s=96&d=mm&r=g","contentUrl":"https:\/\/secure.gravatar.com\/avatar\/ea53aa3bf6c9a12d5fde8ce4deff43fef3885ae33cf60184161a50d6987cfd2f?s=96&d=mm&r=g","caption":"admin"},"sameAs":["https:\/\/veritasinfo.org"],"url":"https:\/\/veritasinfo.org\/?author=1"}]}},"featured_image_urls":{"full":["https:\/\/veritasinfo.org\/wp-content\/uploads\/2025\/07\/IMG_2100.jpeg",1536,842,false],"thumbnail":["https:\/\/veritasinfo.org\/wp-content\/uploads\/2025\/07\/IMG_2100-150x150.jpeg",150,150,true],"medium":["https:\/\/veritasinfo.org\/wp-content\/uploads\/2025\/07\/IMG_2100-300x164.jpeg",300,164,true],"medium_large":["https:\/\/veritasinfo.org\/wp-content\/uploads\/2025\/07\/IMG_2100-768x421.jpeg",640,351,true],"large":["https:\/\/veritasinfo.org\/wp-content\/uploads\/2025\/07\/IMG_2100-1024x561.jpeg",640,351,true],"1536x1536":["https:\/\/veritasinfo.org\/wp-content\/uploads\/2025\/07\/IMG_2100.jpeg",1536,842,false],"2048x2048":["https:\/\/veritasinfo.org\/wp-content\/uploads\/2025\/07\/IMG_2100.jpeg",1536,842,false],"kreeti-slider-full":["https:\/\/veritasinfo.org\/wp-content\/uploads\/2025\/07\/IMG_2100.jpeg",1280,702,false],"kreeti-featured":["https:\/\/veritasinfo.org\/wp-content\/uploads\/2025\/07\/IMG_2100.jpeg",1024,561,false],"kreeti-medium":["https:\/\/veritasinfo.org\/wp-content\/uploads\/2025\/07\/IMG_2100.jpeg",720,395,false],"kreeti-medium-square":["https:\/\/veritasinfo.org\/wp-content\/uploads\/2025\/07\/IMG_2100.jpeg",350,192,false]},"author_info":{"info":["admin"]},"category_info":"<a href=\"https:\/\/veritasinfo.org\/?cat=58\" rel=\"category\">Politik\u00eb<\/a>","tag_info":"Politik\u00eb","comment_count":"0","_links":{"self":[{"href":"https:\/\/veritasinfo.org\/index.php?rest_route=\/wp\/v2\/posts\/5656","targetHints":{"allow":["GET"]}}],"collection":[{"href":"https:\/\/veritasinfo.org\/index.php?rest_route=\/wp\/v2\/posts"}],"about":[{"href":"https:\/\/veritasinfo.org\/index.php?rest_route=\/wp\/v2\/types\/post"}],"author":[{"embeddable":true,"href":"https:\/\/veritasinfo.org\/index.php?rest_route=\/wp\/v2\/users\/1"}],"replies":[{"embeddable":true,"href":"https:\/\/veritasinfo.org\/index.php?rest_route=%2Fwp%2Fv2%2Fcomments&post=5656"}],"version-history":[{"count":1,"href":"https:\/\/veritasinfo.org\/index.php?rest_route=\/wp\/v2\/posts\/5656\/revisions"}],"predecessor-version":[{"id":5658,"href":"https:\/\/veritasinfo.org\/index.php?rest_route=\/wp\/v2\/posts\/5656\/revisions\/5658"}],"wp:featuredmedia":[{"embeddable":true,"href":"https:\/\/veritasinfo.org\/index.php?rest_route=\/wp\/v2\/media\/5657"}],"wp:attachment":[{"href":"https:\/\/veritasinfo.org\/index.php?rest_route=%2Fwp%2Fv2%2Fmedia&parent=5656"}],"wp:term":[{"taxonomy":"category","embeddable":true,"href":"https:\/\/veritasinfo.org\/index.php?rest_route=%2Fwp%2Fv2%2Fcategories&post=5656"},{"taxonomy":"post_tag","embeddable":true,"href":"https:\/\/veritasinfo.org\/index.php?rest_route=%2Fwp%2Fv2%2Ftags&post=5656"}],"curies":[{"name":"wp","href":"https:\/\/api.w.org\/{rel}","templated":true}]}}