{"id":5638,"date":"2025-07-28T14:08:18","date_gmt":"2025-07-28T12:08:18","guid":{"rendered":"https:\/\/veritasinfo.org\/?p=5638"},"modified":"2025-07-28T14:08:18","modified_gmt":"2025-07-28T12:08:18","slug":"denohen-me-nga-15-vite-burgim-ivica-rajkoviq-e-dragan-deniq-te-akuzuar-per-krime-lufte-e-dhunim-seksual","status":"publish","type":"post","link":"https:\/\/veritasinfo.org\/?p=5638","title":{"rendered":"D\u00ebnohen me nga 15 vite burgim Ivica Rajkoviq e Dragan Deniq t\u00eb akuzuar p\u00ebr krime lufte e dhunim seksual"},"content":{"rendered":"<p>Prishtin\u00eb, 28 Korrik 2025<\/p>\n<p>Ivica Rajkoviq e Dragan Deniq t\u00eb akuzuar p\u00ebr krime lufte, e dhunim seksual jan\u00eb d\u00ebnuar me nga 15 vite burgim t\u00eb h\u00ebn\u00ebn n\u00eb Gjykat\u00ebn Themelore t\u00eb Prishtin\u00ebs.<\/p>\n<p>Gjykimi n\u00eb k\u00ebt\u00eb rast \u00ebsht\u00eb zhvilluar n\u00eb munges\u00eb t\u00eb t\u00eb akuzuarve.<\/p>\n<div class=\"jeg_ad jeg_ad_article jnews_content_inline_ads  \">\n<div class=\"ads-wrapper align-center \"><\/div>\n<\/div>\n<p>P\u00ebrve\u00e7 p\u00ebr dhunim seksual, n\u00eb baz\u00eb t\u00eb d\u00ebshmive t\u00eb d\u00ebshmitar\u00ebve, t\u00eb nj\u00ebjtit kan\u00eb kryer edhe krime t\u00eb tjera te luft\u00ebs, si maltretime, pla\u00e7kitje, tortura, por q\u00eb nuk jn\u00eb p\u00ebrfshir\u00eb n\u00eb k\u00ebt\u00eb aktakuz\u00eb.<\/p>\n<p>Rasti i dhunimit seksual ka ndodhur n\u00eb Kolovic\u00eb. E mbijetuara e k\u00ebtij krimi u dhunua para syve t\u00eb burrit t\u00eb saj, i cili ka qen\u00eb d\u00ebshmitari kryesor i rastit, dhe d\u00ebshmia e tij ka qen\u00eb kryesore n\u00eb gjykat\u00eb.<\/p>\n<p>Po ashtu, viktim\u00ebn e kan\u00eb dhunuar gjasht\u00eb persona, por vet\u00ebm k\u00ebta dy jan\u00eb identifikuar nga viktima.Ky \u00ebsht\u00eb rasti i kat\u00ebrt q\u00eb ka p\u00ebrfunduar gjykimi, i raportuar dhe p\u00ebrfaq\u00ebsuar nga Qendra Kosovare e Rehabilitimin t\u00eb t\u00eb Mbijetuarve t\u00eb Tortur\u00ebs (QKRMT).<\/p>\n<p>Gjykimi \u00ebsht\u00eb zhvilluar n\u00eb munges\u00eb, n\u00eb pamund\u00ebsi q\u00eb t\u00eb nj\u00ebjtit t\u00eb arrestohen.<\/p>\n<p>Deri m\u00eb tani jan\u00eb shpallur tri aktgjykime p\u00ebr dhunim seksual. Zoran Vukotiq \u00ebsht\u00eb d\u00ebnuar me 13 vjet burg, n\u00eb rastin tjet\u00ebr Vukotiq \u00ebsht\u00eb liruar, dhe rasti Zhivojin Nesiq \u201cZhika\u201d u d\u00ebnua me 15 vjet.<\/p>\n<p>&nbsp;<\/p>\n","protected":false},"excerpt":{"rendered":"<p>Prishtin\u00eb, 28 Korrik 2025 Ivica Rajkoviq e Dragan Deniq t\u00eb akuzuar p\u00ebr krime lufte, e dhunim seksual jan\u00eb d\u00ebnuar me nga 15 vite burgim t\u00eb<\/p>\n","protected":false},"author":1,"featured_media":5640,"comment_status":"open","ping_status":"open","sticky":false,"template":"","format":"standard","meta":{"footnotes":""},"categories":[60],"tags":[],"class_list":["post-5638","post","type-post","status-publish","format-standard","has-post-thumbnail","hentry","category-shoqerore-sq"],"yoast_head":"<!-- This site is optimized with the Yoast SEO plugin v25.3.1 - https:\/\/yoast.com\/wordpress\/plugins\/seo\/ -->\n<title>D\u00ebnohen me nga 15 vite burgim Ivica Rajkoviq e Dragan Deniq t\u00eb akuzuar p\u00ebr krime lufte e dhunim seksual -<\/title>\n<meta name=\"robots\" content=\"index, follow, max-snippet:-1, max-image-preview:large, max-video-preview:-1\" \/>\n<link rel=\"canonical\" href=\"https:\/\/veritasinfo.org\/?p=5638\" \/>\n<meta property=\"og:locale\" content=\"en_US\" \/>\n<meta property=\"og:type\" content=\"article\" \/>\n<meta property=\"og:title\" content=\"D\u00ebnohen me nga 15 vite burgim Ivica Rajkoviq e Dragan Deniq t\u00eb akuzuar p\u00ebr krime lufte e dhunim seksual -\" \/>\n<meta property=\"og:description\" content=\"Prishtin\u00eb, 28 Korrik 2025 Ivica Rajkoviq e Dragan Deniq t\u00eb akuzuar p\u00ebr krime lufte, e dhunim seksual jan\u00eb d\u00ebnuar me nga 15 vite burgim t\u00eb\" \/>\n<meta property=\"og:url\" content=\"https:\/\/veritasinfo.org\/?p=5638\" \/>\n<meta property=\"article:published_time\" content=\"2025-07-28T12:08:18+00:00\" \/>\n<meta property=\"og:image\" content=\"https:\/\/veritasinfo.org\/wp-content\/uploads\/2025\/07\/IMG_2380.jpeg\" \/>\n\t<meta property=\"og:image:width\" content=\"1140\" \/>\n\t<meta property=\"og:image:height\" content=\"570\" \/>\n\t<meta property=\"og:image:type\" content=\"image\/jpeg\" \/>\n<meta name=\"author\" content=\"admin\" \/>\n<meta name=\"twitter:card\" content=\"summary_large_image\" \/>\n<meta name=\"twitter:label1\" content=\"Written by\" \/>\n\t<meta name=\"twitter:data1\" content=\"admin\" \/>\n\t<meta name=\"twitter:label2\" content=\"Est. reading time\" \/>\n\t<meta name=\"twitter:data2\" content=\"2 minutes\" \/>\n<script type=\"application\/ld+json\" class=\"yoast-schema-graph\">{\"@context\":\"https:\/\/schema.org\",\"@graph\":[{\"@type\":\"WebPage\",\"@id\":\"https:\/\/veritasinfo.org\/?p=5638\",\"url\":\"https:\/\/veritasinfo.org\/?p=5638\",\"name\":\"D\u00ebnohen me nga 15 vite burgim Ivica Rajkoviq e Dragan Deniq t\u00eb akuzuar p\u00ebr krime lufte e dhunim seksual -\",\"isPartOf\":{\"@id\":\"https:\/\/veritasinfo.org\/#website\"},\"primaryImageOfPage\":{\"@id\":\"https:\/\/veritasinfo.org\/?p=5638#primaryimage\"},\"image\":{\"@id\":\"https:\/\/veritasinfo.org\/?p=5638#primaryimage\"},\"thumbnailUrl\":\"https:\/\/veritasinfo.org\/wp-content\/uploads\/2025\/07\/IMG_2380.jpeg\",\"datePublished\":\"2025-07-28T12:08:18+00:00\",\"author\":{\"@id\":\"https:\/\/veritasinfo.org\/#\/schema\/person\/7701f8c088bece422266b100a712374f\"},\"breadcrumb\":{\"@id\":\"https:\/\/veritasinfo.org\/?p=5638#breadcrumb\"},\"inLanguage\":\"en-US\",\"potentialAction\":[{\"@type\":\"ReadAction\",\"target\":[\"https:\/\/veritasinfo.org\/?p=5638\"]}]},{\"@type\":\"ImageObject\",\"inLanguage\":\"en-US\",\"@id\":\"https:\/\/veritasinfo.org\/?p=5638#primaryimage\",\"url\":\"https:\/\/veritasinfo.org\/wp-content\/uploads\/2025\/07\/IMG_2380.jpeg\",\"contentUrl\":\"https:\/\/veritasinfo.org\/wp-content\/uploads\/2025\/07\/IMG_2380.jpeg\",\"width\":1140,\"height\":570},{\"@type\":\"BreadcrumbList\",\"@id\":\"https:\/\/veritasinfo.org\/?p=5638#breadcrumb\",\"itemListElement\":[{\"@type\":\"ListItem\",\"position\":1,\"name\":\"Home\",\"item\":\"https:\/\/veritasinfo.org\/\"},{\"@type\":\"ListItem\",\"position\":2,\"name\":\"D\u00ebnohen me nga 15 vite burgim Ivica Rajkoviq e Dragan Deniq t\u00eb akuzuar p\u00ebr krime lufte e dhunim seksual\"}]},{\"@type\":\"WebSite\",\"@id\":\"https:\/\/veritasinfo.org\/#website\",\"url\":\"https:\/\/veritasinfo.org\/\",\"name\":\"\",\"description\":\"\",\"potentialAction\":[{\"@type\":\"SearchAction\",\"target\":{\"@type\":\"EntryPoint\",\"urlTemplate\":\"https:\/\/veritasinfo.org\/?s={search_term_string}\"},\"query-input\":{\"@type\":\"PropertyValueSpecification\",\"valueRequired\":true,\"valueName\":\"search_term_string\"}}],\"inLanguage\":\"en-US\"},{\"@type\":\"Person\",\"@id\":\"https:\/\/veritasinfo.org\/#\/schema\/person\/7701f8c088bece422266b100a712374f\",\"name\":\"admin\",\"image\":{\"@type\":\"ImageObject\",\"inLanguage\":\"en-US\",\"@id\":\"https:\/\/veritasinfo.org\/#\/schema\/person\/image\/\",\"url\":\"https:\/\/secure.gravatar.com\/avatar\/ea53aa3bf6c9a12d5fde8ce4deff43fef3885ae33cf60184161a50d6987cfd2f?s=96&d=mm&r=g\",\"contentUrl\":\"https:\/\/secure.gravatar.com\/avatar\/ea53aa3bf6c9a12d5fde8ce4deff43fef3885ae33cf60184161a50d6987cfd2f?s=96&d=mm&r=g\",\"caption\":\"admin\"},\"sameAs\":[\"https:\/\/veritasinfo.org\"],\"url\":\"https:\/\/veritasinfo.org\/?author=1\"}]}<\/script>\n<!-- \/ Yoast SEO plugin. -->","yoast_head_json":{"title":"D\u00ebnohen me nga 15 vite burgim Ivica Rajkoviq e Dragan Deniq t\u00eb akuzuar p\u00ebr krime lufte e dhunim seksual -","robots":{"index":"index","follow":"follow","max-snippet":"max-snippet:-1","max-image-preview":"max-image-preview:large","max-video-preview":"max-video-preview:-1"},"canonical":"https:\/\/veritasinfo.org\/?p=5638","og_locale":"en_US","og_type":"article","og_title":"D\u00ebnohen me nga 15 vite burgim Ivica Rajkoviq e Dragan Deniq t\u00eb akuzuar p\u00ebr krime lufte e dhunim seksual -","og_description":"Prishtin\u00eb, 28 Korrik 2025 Ivica Rajkoviq e Dragan Deniq t\u00eb akuzuar p\u00ebr krime lufte, e dhunim seksual jan\u00eb d\u00ebnuar me nga 15 vite burgim t\u00eb","og_url":"https:\/\/veritasinfo.org\/?p=5638","article_published_time":"2025-07-28T12:08:18+00:00","og_image":[{"width":1140,"height":570,"url":"https:\/\/veritasinfo.org\/wp-content\/uploads\/2025\/07\/IMG_2380.jpeg","type":"image\/jpeg"}],"author":"admin","twitter_card":"summary_large_image","twitter_misc":{"Written by":"admin","Est. reading time":"2 minutes"},"schema":{"@context":"https:\/\/schema.org","@graph":[{"@type":"WebPage","@id":"https:\/\/veritasinfo.org\/?p=5638","url":"https:\/\/veritasinfo.org\/?p=5638","name":"D\u00ebnohen me nga 15 vite burgim Ivica Rajkoviq e Dragan Deniq t\u00eb akuzuar p\u00ebr krime lufte e dhunim seksual -","isPartOf":{"@id":"https:\/\/veritasinfo.org\/#website"},"primaryImageOfPage":{"@id":"https:\/\/veritasinfo.org\/?p=5638#primaryimage"},"image":{"@id":"https:\/\/veritasinfo.org\/?p=5638#primaryimage"},"thumbnailUrl":"https:\/\/veritasinfo.org\/wp-content\/uploads\/2025\/07\/IMG_2380.jpeg","datePublished":"2025-07-28T12:08:18+00:00","author":{"@id":"https:\/\/veritasinfo.org\/#\/schema\/person\/7701f8c088bece422266b100a712374f"},"breadcrumb":{"@id":"https:\/\/veritasinfo.org\/?p=5638#breadcrumb"},"inLanguage":"en-US","potentialAction":[{"@type":"ReadAction","target":["https:\/\/veritasinfo.org\/?p=5638"]}]},{"@type":"ImageObject","inLanguage":"en-US","@id":"https:\/\/veritasinfo.org\/?p=5638#primaryimage","url":"https:\/\/veritasinfo.org\/wp-content\/uploads\/2025\/07\/IMG_2380.jpeg","contentUrl":"https:\/\/veritasinfo.org\/wp-content\/uploads\/2025\/07\/IMG_2380.jpeg","width":1140,"height":570},{"@type":"BreadcrumbList","@id":"https:\/\/veritasinfo.org\/?p=5638#breadcrumb","itemListElement":[{"@type":"ListItem","position":1,"name":"Home","item":"https:\/\/veritasinfo.org\/"},{"@type":"ListItem","position":2,"name":"D\u00ebnohen me nga 15 vite burgim Ivica Rajkoviq e Dragan Deniq t\u00eb akuzuar p\u00ebr krime lufte e dhunim seksual"}]},{"@type":"WebSite","@id":"https:\/\/veritasinfo.org\/#website","url":"https:\/\/veritasinfo.org\/","name":"","description":"","potentialAction":[{"@type":"SearchAction","target":{"@type":"EntryPoint","urlTemplate":"https:\/\/veritasinfo.org\/?s={search_term_string}"},"query-input":{"@type":"PropertyValueSpecification","valueRequired":true,"valueName":"search_term_string"}}],"inLanguage":"en-US"},{"@type":"Person","@id":"https:\/\/veritasinfo.org\/#\/schema\/person\/7701f8c088bece422266b100a712374f","name":"admin","image":{"@type":"ImageObject","inLanguage":"en-US","@id":"https:\/\/veritasinfo.org\/#\/schema\/person\/image\/","url":"https:\/\/secure.gravatar.com\/avatar\/ea53aa3bf6c9a12d5fde8ce4deff43fef3885ae33cf60184161a50d6987cfd2f?s=96&d=mm&r=g","contentUrl":"https:\/\/secure.gravatar.com\/avatar\/ea53aa3bf6c9a12d5fde8ce4deff43fef3885ae33cf60184161a50d6987cfd2f?s=96&d=mm&r=g","caption":"admin"},"sameAs":["https:\/\/veritasinfo.org"],"url":"https:\/\/veritasinfo.org\/?author=1"}]}},"featured_image_urls":{"full":["https:\/\/veritasinfo.org\/wp-content\/uploads\/2025\/07\/IMG_2380.jpeg",1140,570,false],"thumbnail":["https:\/\/veritasinfo.org\/wp-content\/uploads\/2025\/07\/IMG_2380-150x150.jpeg",150,150,true],"medium":["https:\/\/veritasinfo.org\/wp-content\/uploads\/2025\/07\/IMG_2380-300x150.jpeg",300,150,true],"medium_large":["https:\/\/veritasinfo.org\/wp-content\/uploads\/2025\/07\/IMG_2380-768x384.jpeg",640,320,true],"large":["https:\/\/veritasinfo.org\/wp-content\/uploads\/2025\/07\/IMG_2380-1024x512.jpeg",640,320,true],"1536x1536":["https:\/\/veritasinfo.org\/wp-content\/uploads\/2025\/07\/IMG_2380.jpeg",1140,570,false],"2048x2048":["https:\/\/veritasinfo.org\/wp-content\/uploads\/2025\/07\/IMG_2380.jpeg",1140,570,false],"kreeti-slider-full":["https:\/\/veritasinfo.org\/wp-content\/uploads\/2025\/07\/IMG_2380.jpeg",1140,570,false],"kreeti-featured":["https:\/\/veritasinfo.org\/wp-content\/uploads\/2025\/07\/IMG_2380.jpeg",1024,512,false],"kreeti-medium":["https:\/\/veritasinfo.org\/wp-content\/uploads\/2025\/07\/IMG_2380.jpeg",720,360,false],"kreeti-medium-square":["https:\/\/veritasinfo.org\/wp-content\/uploads\/2025\/07\/IMG_2380.jpeg",350,175,false]},"author_info":{"info":["admin"]},"category_info":"<a href=\"https:\/\/veritasinfo.org\/?cat=60\" rel=\"category\">Shoq\u00ebrore<\/a>","tag_info":"Shoq\u00ebrore","comment_count":"0","_links":{"self":[{"href":"https:\/\/veritasinfo.org\/index.php?rest_route=\/wp\/v2\/posts\/5638","targetHints":{"allow":["GET"]}}],"collection":[{"href":"https:\/\/veritasinfo.org\/index.php?rest_route=\/wp\/v2\/posts"}],"about":[{"href":"https:\/\/veritasinfo.org\/index.php?rest_route=\/wp\/v2\/types\/post"}],"author":[{"embeddable":true,"href":"https:\/\/veritasinfo.org\/index.php?rest_route=\/wp\/v2\/users\/1"}],"replies":[{"embeddable":true,"href":"https:\/\/veritasinfo.org\/index.php?rest_route=%2Fwp%2Fv2%2Fcomments&post=5638"}],"version-history":[{"count":1,"href":"https:\/\/veritasinfo.org\/index.php?rest_route=\/wp\/v2\/posts\/5638\/revisions"}],"predecessor-version":[{"id":5642,"href":"https:\/\/veritasinfo.org\/index.php?rest_route=\/wp\/v2\/posts\/5638\/revisions\/5642"}],"wp:featuredmedia":[{"embeddable":true,"href":"https:\/\/veritasinfo.org\/index.php?rest_route=\/wp\/v2\/media\/5640"}],"wp:attachment":[{"href":"https:\/\/veritasinfo.org\/index.php?rest_route=%2Fwp%2Fv2%2Fmedia&parent=5638"}],"wp:term":[{"taxonomy":"category","embeddable":true,"href":"https:\/\/veritasinfo.org\/index.php?rest_route=%2Fwp%2Fv2%2Fcategories&post=5638"},{"taxonomy":"post_tag","embeddable":true,"href":"https:\/\/veritasinfo.org\/index.php?rest_route=%2Fwp%2Fv2%2Ftags&post=5638"}],"curies":[{"name":"wp","href":"https:\/\/api.w.org\/{rel}","templated":true}]}}