{"id":562,"date":"2025-06-14T06:44:20","date_gmt":"2025-06-14T08:44:20","guid":{"rendered":"https:\/\/veritasinfo.org\/?p=562"},"modified":"2025-06-14T06:44:20","modified_gmt":"2025-06-14T08:44:20","slug":"lokalni-izbori-da-li-to-znaci-povratak-srba-u-institucije","status":"publish","type":"post","link":"https:\/\/veritasinfo.org\/?p=562&lang=sr","title":{"rendered":"LOKALNI IZBORI \u2013 DA LI TO ZNA\u010cI POVRATAK SRBA U INSTITUCIJE?"},"content":{"rendered":"<p><strong>Severna Mitrovica, 14 Jun 2025<\/strong><\/p>\n<p>Predsednica Kosova Vjosa Osmani raspisala je lokalne izbore za 12. oktobar. Izbori su raspisani za svih 38 op\u0161tina, ali sever Kosova i dalje ostaje u fokusu. \u00a0Postavlja se pitanje \u2013 da li to zna\u010di povratak Srba u institucije?<\/p>\n<p>Kako bismo dobili relevantne odgovore, obratili smo se politi\u010dkim akterima na lokalnom nivou.<\/p>\n<p>U ime Srpskog narodnog pokreta (SNP), predsednik gospodin Milija Bi\u0161evac izjavio je:<\/p>\n<p>\u201eSrpski narodni pokret je spreman da u\u010destvuje na predstoje\u0107im lokalnim izborima. Na\u0161 pristup politi\u010dkom procesu je konfrontacionog karaktera, ali i izraz politi\u010dke zrelosti i potrebe da se isprave gre\u0161ke u\u010dinjene tokom prethodne godine. Uloga Srpske liste u doga\u0111ajima koji su doveli do krize i napu\u0161tanja op\u0161tina imala je negativne posledice, pre svega po srpsku zajednicu, ali i po \u0161iru javnost. SNP ne veruje u politiku bojkota i konflikta \u2013 verujemo u dijalog, anga\u017eman i rad u institucijama, ma koliko one bile neprijateljski nastrojene prema srpskim interesima. Istovremeno, ne \u017eelimo da se iluzorno veruje kako \u0107e se situacija promeniti preko no\u0107i. Ali to je korak bez kojeg nema ni trajnog re\u0161enja. Na\u0161 cilj je da se glas srpske zajednice \u010duje jasno, mirno i bez politi\u010dkih monopola. SNP \u0107e raditi na otvaranju prostora za konstruktivnu saradnju, a ne za nove podele. Pozivamo sve gra\u0111ane, bez obzira na nacionalnu pripadnost, da podr\u017ee politi\u010dku snagu koja se zala\u017ee za stabilizaciju, istinsko predstavljanje i dosledno zastupanje svih gra\u0111ana kroz institucionalne mehanizme\u201d.<\/p>\n<p><img fetchpriority=\"high\" decoding=\"async\" class=\"alignnone size-medium wp-image-558\" src=\"https:\/\/veritasinfo.org\/wp-content\/uploads\/2025\/06\/Bisevac-300x169.webp\" alt=\"\" width=\"300\" height=\"169\" srcset=\"https:\/\/veritasinfo.org\/wp-content\/uploads\/2025\/06\/Bisevac-300x169.webp 300w, https:\/\/veritasinfo.org\/wp-content\/uploads\/2025\/06\/Bisevac-768x432.webp 768w, https:\/\/veritasinfo.org\/wp-content\/uploads\/2025\/06\/Bisevac.webp 814w\" sizes=\"(max-width: 300px) 100vw, 300px\" \/>Milija Bi\u0161evac<\/p>\n<p>Gospodin Skender Sadiku, osniva\u010d Gra\u0111anske inicijative \u201eMitrovica\u201c, poru\u010dio je: \u201eOd samog po\u010detka smo se opredelili za u\u010de\u0161\u0107e na lokalnim izborima i svakako \u0107emo biti deo tog procesa. Gra\u0111anska inicijativa \u2018Mitrovica\u2019 \u0107e sa idejom gra\u0111anstva raditi na razvoju grada i stvaranju bolje budu\u0107nosti za sve njegove stanovnike. Mitrovica ima veliki potencijal \u2013 od prirodnih bogatstava do reka, od mladih umetnika i sportista do studenata. Posveti\u0107emo se o\u010duvanju i razvoju gra\u0111anskih vrednosti. Uskoro \u0107emo predstaviti svoj program i listu kandidata. Na\u0161 slogan je bio: \u2018Sa severa, s ljubavlju\u2019, a na\u0161 moto glasi: \u2018Malo ko od nas mo\u017ee u\u010diniti velika dela, ali svi mo\u017eemo \u010diniti mala dela s velikom ljubavlju\u2019 (Majka Tereza)&#8221;.<\/p>\n<p><img decoding=\"async\" class=\"alignnone size-full wp-image-559 lazyload\" data-src=\"https:\/\/veritasinfo.org\/wp-content\/uploads\/2025\/06\/Skender-Sadiku.jpg\" alt=\"\" width=\"281\" height=\"179\" src=\"data:image\/gif;base64,R0lGODlhAQABAAAAACH5BAEKAAEALAAAAAABAAEAAAICTAEAOw==\" style=\"--smush-placeholder-width: 281px; --smush-placeholder-aspect-ratio: 281\/179;\" \/>Skender Sadiku<\/p>\n<p>Predsednik stranke Srpska demokratija, gospodin Aleksandar Arsenijevi\u0107, izjavio je u telefonskom razgovoru: \u201eNa lokalnim izborima 12. oktobra \u0107emo u\u010destvovati. Na\u0161a partija je u\u010destvovala i na parlamentarnim izborima, te ne vidimo prepreku da u\u010destvujemo i na lokalnim. Ovo je o\u010dekivan razvoj doga\u0111aja i spremno do\u010dekujemo ceo process\u201d.<\/p>\n<p><img decoding=\"async\" class=\"alignnone size-medium wp-image-560 lazyload\" data-src=\"https:\/\/veritasinfo.org\/wp-content\/uploads\/2025\/06\/Aleksandar_Arsenijevic-226x300.png\" alt=\"\" width=\"226\" height=\"300\" data-srcset=\"https:\/\/veritasinfo.org\/wp-content\/uploads\/2025\/06\/Aleksandar_Arsenijevic-226x300.png 226w, https:\/\/veritasinfo.org\/wp-content\/uploads\/2025\/06\/Aleksandar_Arsenijevic.png 522w\" data-sizes=\"(max-width: 226px) 100vw, 226px\" src=\"data:image\/gif;base64,R0lGODlhAQABAAAAACH5BAEKAAEALAAAAAABAAEAAAICTAEAOw==\" style=\"--smush-placeholder-width: 226px; --smush-placeholder-aspect-ratio: 226\/300;\" \/>Aleksandar Arsenijevi\u0107<\/p>\n<p>Za komentar smo poku\u0161ali da stupimo u kontakt i sa gospodinom Zlatanom Elekom, predsednikom Srpske liste, ali se on nije odazvao na\u0161em pozivu. Ipak, na dru\u0161tvenim mre\u017eama Srpska lista je ju\u010de objavila sat koji odbrojava \u2013 uz poruku da je ostalo 125 dana do oslobo\u0111enja.<\/p>\n","protected":false},"excerpt":{"rendered":"<p>Severna Mitrovica, 14 Jun 2025 Predsednica Kosova Vjosa Osmani raspisala je lokalne izbore za 12. oktobar. Izbori su raspisani za svih 38 op\u0161tina, ali sever<\/p>\n","protected":false},"author":2,"featured_media":557,"comment_status":"open","ping_status":"open","sticky":false,"template":"","format":"standard","meta":{"footnotes":""},"categories":[28],"tags":[],"class_list":["post-562","post","type-post","status-publish","format-standard","has-post-thumbnail","hentry","category-politika"],"yoast_head":"<!-- This site is optimized with the Yoast SEO plugin v25.3.1 - https:\/\/yoast.com\/wordpress\/plugins\/seo\/ -->\n<title>LOKALNI IZBORI \u2013 DA LI TO ZNA\u010cI POVRATAK SRBA U INSTITUCIJE? -<\/title>\n<meta name=\"robots\" content=\"index, follow, max-snippet:-1, max-image-preview:large, max-video-preview:-1\" \/>\n<link rel=\"canonical\" href=\"https:\/\/veritasinfo.org\/?p=562&lang=sr\" \/>\n<meta property=\"og:locale\" content=\"en_US\" \/>\n<meta property=\"og:type\" content=\"article\" \/>\n<meta property=\"og:title\" content=\"LOKALNI IZBORI \u2013 DA LI TO ZNA\u010cI POVRATAK SRBA U INSTITUCIJE? -\" \/>\n<meta property=\"og:description\" content=\"Severna Mitrovica, 14 Jun 2025 Predsednica Kosova Vjosa Osmani raspisala je lokalne izbore za 12. oktobar. Izbori su raspisani za svih 38 op\u0161tina, ali sever\" \/>\n<meta property=\"og:url\" content=\"https:\/\/veritasinfo.org\/?p=562&amp;lang=sr\" \/>\n<meta property=\"article:published_time\" content=\"2025-06-14T08:44:20+00:00\" \/>\n<meta property=\"og:image\" content=\"https:\/\/veritasinfo.org\/wp-content\/uploads\/2025\/06\/Zgjedhjet-ne-veri-jpg.webp\" \/>\n\t<meta property=\"og:image:width\" content=\"974\" \/>\n\t<meta property=\"og:image:height\" content=\"712\" \/>\n\t<meta property=\"og:image:type\" content=\"image\/webp\" \/>\n<meta name=\"author\" content=\"US1\" \/>\n<meta name=\"twitter:card\" content=\"summary_large_image\" \/>\n<meta name=\"twitter:label1\" content=\"Written by\" \/>\n\t<meta name=\"twitter:data1\" content=\"US1\" \/>\n\t<meta name=\"twitter:label2\" content=\"Est. reading time\" \/>\n\t<meta name=\"twitter:data2\" content=\"3 minutes\" \/>\n<script type=\"application\/ld+json\" class=\"yoast-schema-graph\">{\"@context\":\"https:\/\/schema.org\",\"@graph\":[{\"@type\":\"WebPage\",\"@id\":\"https:\/\/veritasinfo.org\/?p=562&lang=sr\",\"url\":\"https:\/\/veritasinfo.org\/?p=562&lang=sr\",\"name\":\"LOKALNI IZBORI \u2013 DA LI TO ZNA\u010cI POVRATAK SRBA U INSTITUCIJE? -\",\"isPartOf\":{\"@id\":\"https:\/\/veritasinfo.org\/#website\"},\"primaryImageOfPage\":{\"@id\":\"https:\/\/veritasinfo.org\/?p=562&lang=sr#primaryimage\"},\"image\":{\"@id\":\"https:\/\/veritasinfo.org\/?p=562&lang=sr#primaryimage\"},\"thumbnailUrl\":\"https:\/\/veritasinfo.org\/wp-content\/uploads\/2025\/06\/Zgjedhjet-ne-veri-jpg.webp\",\"datePublished\":\"2025-06-14T08:44:20+00:00\",\"author\":{\"@id\":\"https:\/\/veritasinfo.org\/#\/schema\/person\/c2b8be262ea994d0995addca692c5e98\"},\"breadcrumb\":{\"@id\":\"https:\/\/veritasinfo.org\/?p=562&lang=sr#breadcrumb\"},\"inLanguage\":\"en-US\",\"potentialAction\":[{\"@type\":\"ReadAction\",\"target\":[\"https:\/\/veritasinfo.org\/?p=562&lang=sr\"]}]},{\"@type\":\"ImageObject\",\"inLanguage\":\"en-US\",\"@id\":\"https:\/\/veritasinfo.org\/?p=562&lang=sr#primaryimage\",\"url\":\"https:\/\/veritasinfo.org\/wp-content\/uploads\/2025\/06\/Zgjedhjet-ne-veri-jpg.webp\",\"contentUrl\":\"https:\/\/veritasinfo.org\/wp-content\/uploads\/2025\/06\/Zgjedhjet-ne-veri-jpg.webp\",\"width\":974,\"height\":712},{\"@type\":\"BreadcrumbList\",\"@id\":\"https:\/\/veritasinfo.org\/?p=562&lang=sr#breadcrumb\",\"itemListElement\":[{\"@type\":\"ListItem\",\"position\":1,\"name\":\"Home\",\"item\":\"https:\/\/veritasinfo.org\/\"},{\"@type\":\"ListItem\",\"position\":2,\"name\":\"LOKALNI IZBORI \u2013 DA LI TO ZNA\u010cI POVRATAK SRBA U INSTITUCIJE?\"}]},{\"@type\":\"WebSite\",\"@id\":\"https:\/\/veritasinfo.org\/#website\",\"url\":\"https:\/\/veritasinfo.org\/\",\"name\":\"\",\"description\":\"\",\"potentialAction\":[{\"@type\":\"SearchAction\",\"target\":{\"@type\":\"EntryPoint\",\"urlTemplate\":\"https:\/\/veritasinfo.org\/?s={search_term_string}\"},\"query-input\":{\"@type\":\"PropertyValueSpecification\",\"valueRequired\":true,\"valueName\":\"search_term_string\"}}],\"inLanguage\":\"en-US\"},{\"@type\":\"Person\",\"@id\":\"https:\/\/veritasinfo.org\/#\/schema\/person\/c2b8be262ea994d0995addca692c5e98\",\"name\":\"US1\",\"image\":{\"@type\":\"ImageObject\",\"inLanguage\":\"en-US\",\"@id\":\"https:\/\/veritasinfo.org\/#\/schema\/person\/image\/\",\"url\":\"https:\/\/secure.gravatar.com\/avatar\/4e96a59bd256abf9956eb9963ac891a47461ffb364d47b0e9aab113328fdb75b?s=96&d=mm&r=g\",\"contentUrl\":\"https:\/\/secure.gravatar.com\/avatar\/4e96a59bd256abf9956eb9963ac891a47461ffb364d47b0e9aab113328fdb75b?s=96&d=mm&r=g\",\"caption\":\"US1\"},\"url\":\"https:\/\/veritasinfo.org\/?author=2\"}]}<\/script>\n<!-- \/ Yoast SEO plugin. -->","yoast_head_json":{"title":"LOKALNI IZBORI \u2013 DA LI TO ZNA\u010cI POVRATAK SRBA U INSTITUCIJE? -","robots":{"index":"index","follow":"follow","max-snippet":"max-snippet:-1","max-image-preview":"max-image-preview:large","max-video-preview":"max-video-preview:-1"},"canonical":"https:\/\/veritasinfo.org\/?p=562&lang=sr","og_locale":"en_US","og_type":"article","og_title":"LOKALNI IZBORI \u2013 DA LI TO ZNA\u010cI POVRATAK SRBA U INSTITUCIJE? -","og_description":"Severna Mitrovica, 14 Jun 2025 Predsednica Kosova Vjosa Osmani raspisala je lokalne izbore za 12. oktobar. Izbori su raspisani za svih 38 op\u0161tina, ali sever","og_url":"https:\/\/veritasinfo.org\/?p=562&lang=sr","article_published_time":"2025-06-14T08:44:20+00:00","og_image":[{"width":974,"height":712,"url":"https:\/\/veritasinfo.org\/wp-content\/uploads\/2025\/06\/Zgjedhjet-ne-veri-jpg.webp","type":"image\/webp"}],"author":"US1","twitter_card":"summary_large_image","twitter_misc":{"Written by":"US1","Est. reading time":"3 minutes"},"schema":{"@context":"https:\/\/schema.org","@graph":[{"@type":"WebPage","@id":"https:\/\/veritasinfo.org\/?p=562&lang=sr","url":"https:\/\/veritasinfo.org\/?p=562&lang=sr","name":"LOKALNI IZBORI \u2013 DA LI TO ZNA\u010cI POVRATAK SRBA U INSTITUCIJE? -","isPartOf":{"@id":"https:\/\/veritasinfo.org\/#website"},"primaryImageOfPage":{"@id":"https:\/\/veritasinfo.org\/?p=562&lang=sr#primaryimage"},"image":{"@id":"https:\/\/veritasinfo.org\/?p=562&lang=sr#primaryimage"},"thumbnailUrl":"https:\/\/veritasinfo.org\/wp-content\/uploads\/2025\/06\/Zgjedhjet-ne-veri-jpg.webp","datePublished":"2025-06-14T08:44:20+00:00","author":{"@id":"https:\/\/veritasinfo.org\/#\/schema\/person\/c2b8be262ea994d0995addca692c5e98"},"breadcrumb":{"@id":"https:\/\/veritasinfo.org\/?p=562&lang=sr#breadcrumb"},"inLanguage":"en-US","potentialAction":[{"@type":"ReadAction","target":["https:\/\/veritasinfo.org\/?p=562&lang=sr"]}]},{"@type":"ImageObject","inLanguage":"en-US","@id":"https:\/\/veritasinfo.org\/?p=562&lang=sr#primaryimage","url":"https:\/\/veritasinfo.org\/wp-content\/uploads\/2025\/06\/Zgjedhjet-ne-veri-jpg.webp","contentUrl":"https:\/\/veritasinfo.org\/wp-content\/uploads\/2025\/06\/Zgjedhjet-ne-veri-jpg.webp","width":974,"height":712},{"@type":"BreadcrumbList","@id":"https:\/\/veritasinfo.org\/?p=562&lang=sr#breadcrumb","itemListElement":[{"@type":"ListItem","position":1,"name":"Home","item":"https:\/\/veritasinfo.org\/"},{"@type":"ListItem","position":2,"name":"LOKALNI IZBORI \u2013 DA LI TO ZNA\u010cI POVRATAK SRBA U INSTITUCIJE?"}]},{"@type":"WebSite","@id":"https:\/\/veritasinfo.org\/#website","url":"https:\/\/veritasinfo.org\/","name":"","description":"","potentialAction":[{"@type":"SearchAction","target":{"@type":"EntryPoint","urlTemplate":"https:\/\/veritasinfo.org\/?s={search_term_string}"},"query-input":{"@type":"PropertyValueSpecification","valueRequired":true,"valueName":"search_term_string"}}],"inLanguage":"en-US"},{"@type":"Person","@id":"https:\/\/veritasinfo.org\/#\/schema\/person\/c2b8be262ea994d0995addca692c5e98","name":"US1","image":{"@type":"ImageObject","inLanguage":"en-US","@id":"https:\/\/veritasinfo.org\/#\/schema\/person\/image\/","url":"https:\/\/secure.gravatar.com\/avatar\/4e96a59bd256abf9956eb9963ac891a47461ffb364d47b0e9aab113328fdb75b?s=96&d=mm&r=g","contentUrl":"https:\/\/secure.gravatar.com\/avatar\/4e96a59bd256abf9956eb9963ac891a47461ffb364d47b0e9aab113328fdb75b?s=96&d=mm&r=g","caption":"US1"},"url":"https:\/\/veritasinfo.org\/?author=2"}]}},"featured_image_urls":{"full":["https:\/\/veritasinfo.org\/wp-content\/uploads\/2025\/06\/Zgjedhjet-ne-veri-jpg.webp",974,712,false],"thumbnail":["https:\/\/veritasinfo.org\/wp-content\/uploads\/2025\/06\/Zgjedhjet-ne-veri-jpg-150x150.webp",150,150,true],"medium":["https:\/\/veritasinfo.org\/wp-content\/uploads\/2025\/06\/Zgjedhjet-ne-veri-jpg-300x219.webp",300,219,true],"medium_large":["https:\/\/veritasinfo.org\/wp-content\/uploads\/2025\/06\/Zgjedhjet-ne-veri-jpg-768x561.webp",640,468,true],"large":["https:\/\/veritasinfo.org\/wp-content\/uploads\/2025\/06\/Zgjedhjet-ne-veri-jpg.webp",640,468,false],"1536x1536":["https:\/\/veritasinfo.org\/wp-content\/uploads\/2025\/06\/Zgjedhjet-ne-veri-jpg.webp",974,712,false],"2048x2048":["https:\/\/veritasinfo.org\/wp-content\/uploads\/2025\/06\/Zgjedhjet-ne-veri-jpg.webp",974,712,false],"kreeti-slider-full":["https:\/\/veritasinfo.org\/wp-content\/uploads\/2025\/06\/Zgjedhjet-ne-veri-jpg.webp",974,712,false],"kreeti-featured":["https:\/\/veritasinfo.org\/wp-content\/uploads\/2025\/06\/Zgjedhjet-ne-veri-jpg.webp",974,712,false],"kreeti-medium":["https:\/\/veritasinfo.org\/wp-content\/uploads\/2025\/06\/Zgjedhjet-ne-veri-jpg.webp",720,526,false],"kreeti-medium-square":["https:\/\/veritasinfo.org\/wp-content\/uploads\/2025\/06\/Zgjedhjet-ne-veri-jpg.webp",350,256,false]},"author_info":{"info":["US1"]},"category_info":"<a href=\"https:\/\/veritasinfo.org\/?cat=28&#038;lang=sr\" rel=\"category\">Politika<\/a>","tag_info":"Politika","comment_count":"0","_links":{"self":[{"href":"https:\/\/veritasinfo.org\/index.php?rest_route=\/wp\/v2\/posts\/562","targetHints":{"allow":["GET"]}}],"collection":[{"href":"https:\/\/veritasinfo.org\/index.php?rest_route=\/wp\/v2\/posts"}],"about":[{"href":"https:\/\/veritasinfo.org\/index.php?rest_route=\/wp\/v2\/types\/post"}],"author":[{"embeddable":true,"href":"https:\/\/veritasinfo.org\/index.php?rest_route=\/wp\/v2\/users\/2"}],"replies":[{"embeddable":true,"href":"https:\/\/veritasinfo.org\/index.php?rest_route=%2Fwp%2Fv2%2Fcomments&post=562"}],"version-history":[{"count":1,"href":"https:\/\/veritasinfo.org\/index.php?rest_route=\/wp\/v2\/posts\/562\/revisions"}],"predecessor-version":[{"id":563,"href":"https:\/\/veritasinfo.org\/index.php?rest_route=\/wp\/v2\/posts\/562\/revisions\/563"}],"wp:featuredmedia":[{"embeddable":true,"href":"https:\/\/veritasinfo.org\/index.php?rest_route=\/wp\/v2\/media\/557"}],"wp:attachment":[{"href":"https:\/\/veritasinfo.org\/index.php?rest_route=%2Fwp%2Fv2%2Fmedia&parent=562"}],"wp:term":[{"taxonomy":"category","embeddable":true,"href":"https:\/\/veritasinfo.org\/index.php?rest_route=%2Fwp%2Fv2%2Fcategories&post=562"},{"taxonomy":"post_tag","embeddable":true,"href":"https:\/\/veritasinfo.org\/index.php?rest_route=%2Fwp%2Fv2%2Ftags&post=562"}],"curies":[{"name":"wp","href":"https:\/\/api.w.org\/{rel}","templated":true}]}}