{"id":5613,"date":"2025-07-28T12:38:57","date_gmt":"2025-07-28T10:38:57","guid":{"rendered":"https:\/\/veritasinfo.org\/?p=5613"},"modified":"2025-07-28T12:38:57","modified_gmt":"2025-07-28T10:38:57","slug":"auv-shfuqizohet-ndalesa-e-importit-te-kafsheve-te-gjalla-nga-hungaria-me-perjashtim-te-disa-zonave","status":"publish","type":"post","link":"https:\/\/veritasinfo.org\/?p=5613","title":{"rendered":"AUV: Shfuqizohet ndalesa e importit t\u00eb kafsh\u00ebve t\u00eb gjalla nga Hungaria, me p\u00ebrjashtim t\u00eb disa zonave"},"content":{"rendered":"<p>Prishtin\u00eb, 28 Korrik 2025<\/p>\n<p>Agjencia e Ushqimit dhe Veterinaris\u00eb ka marr\u00eb vendimin p\u00ebr heqjen e ndales\u00ebs se importit t\u00eb kafsh\u00ebve t\u00eb gjalla dy thundrake (gjedhe, dele, dhi dhe derra) dhe produkteve t\u00eb tyre, me origjin\u00eb nga shteti i Hungaris\u00eb.<\/p>\n<div class=\"code-block code-block-8\">\n<div id=\"futureads_d773fe1afb07405e8d2f0e46933877d3_zone_104122_sect_47401_site_41437\" data-sender=\"futureads\"><\/div>\n<\/div>\n<div class=\"code-block code-block-5\"><ins id=\"revive-0-1\" data-revive-zoneid=\"217\" data-revive-id=\"6d10792d7a3e9a00328e01545b0215e5\" data-revive-seq=\"1\" data-revive-loaded=\"1\"><\/p>\n<div id=\"beacon_1dab7c4ec4\"><img decoding=\"async\" src=\"https:\/\/ads2.indeksonline.net\/www\/delivery\/lg.php?bannerid=0&amp;campaignid=0&amp;zoneid=217&amp;loc=https%3A%2F%2Findeksonline.net%2Fauv-shfuqizohet-ndalesa-e-importit-te-kafsheve-te-gjalla-nga-hungaria-me-perjashtim-te-disa-zonave%2F&amp;cb=1dab7c4ec4\" alt=\"\" width=\"0\" height=\"0\" \/><\/div>\n<p><\/ins><ins id=\"revive-0-2\" data-revive-zoneid=\"196\" data-revive-id=\"6d10792d7a3e9a00328e01545b0215e5\" data-revive-seq=\"2\" data-revive-loaded=\"1\"><\/p>\n<div id=\"beacon_480e6d771f\"><img decoding=\"async\" src=\"https:\/\/ads2.indeksonline.net\/www\/delivery\/lg.php?bannerid=0&amp;campaignid=0&amp;zoneid=196&amp;loc=https%3A%2F%2Findeksonline.net%2Fauv-shfuqizohet-ndalesa-e-importit-te-kafsheve-te-gjalla-nga-hungaria-me-perjashtim-te-disa-zonave%2F&amp;cb=480e6d771f\" alt=\"\" width=\"0\" height=\"0\" \/><\/div>\n<p><\/ins><\/div>\n<p>Sipas njoftimit t\u00eb AUV-it, masa e kufizimit t\u00eb importit vazhdohet vet\u00ebm p\u00ebr zonat administrative Kisbajecs, Gyor-Moson-Sopron t\u00eb Hungaris\u00eb.<\/p>\n<p>N\u00eb p\u00ebrputhje me Ligjin e Veterinaris\u00eb, njoftimet nga organizatat evropiane t\u00eb sh\u00ebndetit t\u00eb kafsh\u00ebve mbi situat\u00ebn epidemiologjike t\u00eb s\u00ebmundjes Afta Eizotike, n\u00eb mos lajm\u00ebrimeve t\u00eb rasteve n\u00eb harkun kohor\u00eb t\u00eb p\u00ebrcaktuar me ligj. Ky ndryshim i mas\u00ebs kufizuese t\u00eb importit p\u00ebr Hungarin\u00eb, \u00ebsht\u00eb veprim n\u00eb linj\u00eb me vendimet e shteteve tjera.<\/p>\n<p>\u201cFal\u00eb vendimeve dhe veprimeve profesionale t\u00eb menj\u00ebhershme t\u00eb AUV-s\u00eb, n\u00eb koordinim me vendet tjera. Kosova e kaloi situat\u00ebn me sukses, duke mos regjistruar asnj\u00eb rast t\u00eb dyshuar p\u00ebr prezenc\u00eb t\u00eb s\u00ebmundjes Afta Epizootike ne vend.<\/p>\n<p>Jemi t\u00eb p\u00ebrkushtuar me angazhim t\u00eb plot\u00eb, ti dalim n\u00eb ball\u00eb secil\u00ebs situat\u00eb p\u00ebr t\u00eb ruajtur sh\u00ebndetin veterinar n\u00eb vend. Duke mbrojtur ekonomit e fermer\u00ebve dhe ekonomin\u00eb shtet\u00ebrore. Fal\u00eb masave t\u00eb vendosura, mbik\u00ebqyrjes se zbatimit n\u00eb p\u00ebrpik\u00ebri nga organet shtet\u00ebrore qe punojn\u00eb n\u00eb kufij MIK. Sot po ndodh leht\u00ebsimi i kufizimit p\u00ebr qarkullim t\u00eb mallrave mes dy vendeve. Gjithmon\u00eb duke respektuar protokollet veterinare\u201d, thuhet n\u00eb njoftim.<\/p>\n","protected":false},"excerpt":{"rendered":"<p>Prishtin\u00eb, 28 Korrik 2025 Agjencia e Ushqimit dhe Veterinaris\u00eb ka marr\u00eb vendimin p\u00ebr heqjen e ndales\u00ebs se importit t\u00eb kafsh\u00ebve t\u00eb gjalla dy thundrake (gjedhe,<\/p>\n","protected":false},"author":1,"featured_media":5614,"comment_status":"open","ping_status":"open","sticky":false,"template":"","format":"standard","meta":{"footnotes":""},"categories":[60],"tags":[],"class_list":["post-5613","post","type-post","status-publish","format-standard","has-post-thumbnail","hentry","category-shoqerore-sq"],"yoast_head":"<!-- This site is optimized with the Yoast SEO plugin v25.3.1 - https:\/\/yoast.com\/wordpress\/plugins\/seo\/ -->\n<title>AUV: Shfuqizohet ndalesa e importit t\u00eb kafsh\u00ebve t\u00eb gjalla nga Hungaria, me p\u00ebrjashtim t\u00eb disa zonave -<\/title>\n<meta name=\"robots\" content=\"index, follow, max-snippet:-1, max-image-preview:large, max-video-preview:-1\" \/>\n<link rel=\"canonical\" href=\"https:\/\/veritasinfo.org\/?p=5613\" \/>\n<meta property=\"og:locale\" content=\"en_US\" \/>\n<meta property=\"og:type\" content=\"article\" \/>\n<meta property=\"og:title\" content=\"AUV: Shfuqizohet ndalesa e importit t\u00eb kafsh\u00ebve t\u00eb gjalla nga Hungaria, me p\u00ebrjashtim t\u00eb disa zonave -\" \/>\n<meta property=\"og:description\" content=\"Prishtin\u00eb, 28 Korrik 2025 Agjencia e Ushqimit dhe Veterinaris\u00eb ka marr\u00eb vendimin p\u00ebr heqjen e ndales\u00ebs se importit t\u00eb kafsh\u00ebve t\u00eb gjalla dy thundrake (gjedhe,\" \/>\n<meta property=\"og:url\" content=\"https:\/\/veritasinfo.org\/?p=5613\" \/>\n<meta property=\"article:published_time\" content=\"2025-07-28T10:38:57+00:00\" \/>\n<meta property=\"og:image\" content=\"https:\/\/veritasinfo.org\/wp-content\/uploads\/2025\/07\/IMG_2378.jpeg\" \/>\n\t<meta property=\"og:image:width\" content=\"1024\" \/>\n\t<meta property=\"og:image:height\" content=\"589\" \/>\n\t<meta property=\"og:image:type\" content=\"image\/jpeg\" \/>\n<meta name=\"author\" content=\"admin\" \/>\n<meta name=\"twitter:card\" content=\"summary_large_image\" \/>\n<meta name=\"twitter:label1\" content=\"Written by\" \/>\n\t<meta name=\"twitter:data1\" content=\"admin\" \/>\n\t<meta name=\"twitter:label2\" content=\"Est. reading time\" \/>\n\t<meta name=\"twitter:data2\" content=\"2 minutes\" \/>\n<script type=\"application\/ld+json\" class=\"yoast-schema-graph\">{\"@context\":\"https:\/\/schema.org\",\"@graph\":[{\"@type\":\"WebPage\",\"@id\":\"https:\/\/veritasinfo.org\/?p=5613\",\"url\":\"https:\/\/veritasinfo.org\/?p=5613\",\"name\":\"AUV: Shfuqizohet ndalesa e importit t\u00eb kafsh\u00ebve t\u00eb gjalla nga Hungaria, me p\u00ebrjashtim t\u00eb disa zonave -\",\"isPartOf\":{\"@id\":\"https:\/\/veritasinfo.org\/#website\"},\"primaryImageOfPage\":{\"@id\":\"https:\/\/veritasinfo.org\/?p=5613#primaryimage\"},\"image\":{\"@id\":\"https:\/\/veritasinfo.org\/?p=5613#primaryimage\"},\"thumbnailUrl\":\"https:\/\/veritasinfo.org\/wp-content\/uploads\/2025\/07\/IMG_2378.jpeg\",\"datePublished\":\"2025-07-28T10:38:57+00:00\",\"author\":{\"@id\":\"https:\/\/veritasinfo.org\/#\/schema\/person\/7701f8c088bece422266b100a712374f\"},\"breadcrumb\":{\"@id\":\"https:\/\/veritasinfo.org\/?p=5613#breadcrumb\"},\"inLanguage\":\"en-US\",\"potentialAction\":[{\"@type\":\"ReadAction\",\"target\":[\"https:\/\/veritasinfo.org\/?p=5613\"]}]},{\"@type\":\"ImageObject\",\"inLanguage\":\"en-US\",\"@id\":\"https:\/\/veritasinfo.org\/?p=5613#primaryimage\",\"url\":\"https:\/\/veritasinfo.org\/wp-content\/uploads\/2025\/07\/IMG_2378.jpeg\",\"contentUrl\":\"https:\/\/veritasinfo.org\/wp-content\/uploads\/2025\/07\/IMG_2378.jpeg\",\"width\":1024,\"height\":589},{\"@type\":\"BreadcrumbList\",\"@id\":\"https:\/\/veritasinfo.org\/?p=5613#breadcrumb\",\"itemListElement\":[{\"@type\":\"ListItem\",\"position\":1,\"name\":\"Home\",\"item\":\"https:\/\/veritasinfo.org\/\"},{\"@type\":\"ListItem\",\"position\":2,\"name\":\"AUV: Shfuqizohet ndalesa e importit t\u00eb kafsh\u00ebve t\u00eb gjalla nga Hungaria, me p\u00ebrjashtim t\u00eb disa zonave\"}]},{\"@type\":\"WebSite\",\"@id\":\"https:\/\/veritasinfo.org\/#website\",\"url\":\"https:\/\/veritasinfo.org\/\",\"name\":\"\",\"description\":\"\",\"potentialAction\":[{\"@type\":\"SearchAction\",\"target\":{\"@type\":\"EntryPoint\",\"urlTemplate\":\"https:\/\/veritasinfo.org\/?s={search_term_string}\"},\"query-input\":{\"@type\":\"PropertyValueSpecification\",\"valueRequired\":true,\"valueName\":\"search_term_string\"}}],\"inLanguage\":\"en-US\"},{\"@type\":\"Person\",\"@id\":\"https:\/\/veritasinfo.org\/#\/schema\/person\/7701f8c088bece422266b100a712374f\",\"name\":\"admin\",\"image\":{\"@type\":\"ImageObject\",\"inLanguage\":\"en-US\",\"@id\":\"https:\/\/veritasinfo.org\/#\/schema\/person\/image\/\",\"url\":\"https:\/\/secure.gravatar.com\/avatar\/ea53aa3bf6c9a12d5fde8ce4deff43fef3885ae33cf60184161a50d6987cfd2f?s=96&d=mm&r=g\",\"contentUrl\":\"https:\/\/secure.gravatar.com\/avatar\/ea53aa3bf6c9a12d5fde8ce4deff43fef3885ae33cf60184161a50d6987cfd2f?s=96&d=mm&r=g\",\"caption\":\"admin\"},\"sameAs\":[\"https:\/\/veritasinfo.org\"],\"url\":\"https:\/\/veritasinfo.org\/?author=1\"}]}<\/script>\n<!-- \/ Yoast SEO plugin. -->","yoast_head_json":{"title":"AUV: Shfuqizohet ndalesa e importit t\u00eb kafsh\u00ebve t\u00eb gjalla nga Hungaria, me p\u00ebrjashtim t\u00eb disa zonave -","robots":{"index":"index","follow":"follow","max-snippet":"max-snippet:-1","max-image-preview":"max-image-preview:large","max-video-preview":"max-video-preview:-1"},"canonical":"https:\/\/veritasinfo.org\/?p=5613","og_locale":"en_US","og_type":"article","og_title":"AUV: Shfuqizohet ndalesa e importit t\u00eb kafsh\u00ebve t\u00eb gjalla nga Hungaria, me p\u00ebrjashtim t\u00eb disa zonave -","og_description":"Prishtin\u00eb, 28 Korrik 2025 Agjencia e Ushqimit dhe Veterinaris\u00eb ka marr\u00eb vendimin p\u00ebr heqjen e ndales\u00ebs se importit t\u00eb kafsh\u00ebve t\u00eb gjalla dy thundrake (gjedhe,","og_url":"https:\/\/veritasinfo.org\/?p=5613","article_published_time":"2025-07-28T10:38:57+00:00","og_image":[{"width":1024,"height":589,"url":"https:\/\/veritasinfo.org\/wp-content\/uploads\/2025\/07\/IMG_2378.jpeg","type":"image\/jpeg"}],"author":"admin","twitter_card":"summary_large_image","twitter_misc":{"Written by":"admin","Est. reading time":"2 minutes"},"schema":{"@context":"https:\/\/schema.org","@graph":[{"@type":"WebPage","@id":"https:\/\/veritasinfo.org\/?p=5613","url":"https:\/\/veritasinfo.org\/?p=5613","name":"AUV: Shfuqizohet ndalesa e importit t\u00eb kafsh\u00ebve t\u00eb gjalla nga Hungaria, me p\u00ebrjashtim t\u00eb disa zonave -","isPartOf":{"@id":"https:\/\/veritasinfo.org\/#website"},"primaryImageOfPage":{"@id":"https:\/\/veritasinfo.org\/?p=5613#primaryimage"},"image":{"@id":"https:\/\/veritasinfo.org\/?p=5613#primaryimage"},"thumbnailUrl":"https:\/\/veritasinfo.org\/wp-content\/uploads\/2025\/07\/IMG_2378.jpeg","datePublished":"2025-07-28T10:38:57+00:00","author":{"@id":"https:\/\/veritasinfo.org\/#\/schema\/person\/7701f8c088bece422266b100a712374f"},"breadcrumb":{"@id":"https:\/\/veritasinfo.org\/?p=5613#breadcrumb"},"inLanguage":"en-US","potentialAction":[{"@type":"ReadAction","target":["https:\/\/veritasinfo.org\/?p=5613"]}]},{"@type":"ImageObject","inLanguage":"en-US","@id":"https:\/\/veritasinfo.org\/?p=5613#primaryimage","url":"https:\/\/veritasinfo.org\/wp-content\/uploads\/2025\/07\/IMG_2378.jpeg","contentUrl":"https:\/\/veritasinfo.org\/wp-content\/uploads\/2025\/07\/IMG_2378.jpeg","width":1024,"height":589},{"@type":"BreadcrumbList","@id":"https:\/\/veritasinfo.org\/?p=5613#breadcrumb","itemListElement":[{"@type":"ListItem","position":1,"name":"Home","item":"https:\/\/veritasinfo.org\/"},{"@type":"ListItem","position":2,"name":"AUV: Shfuqizohet ndalesa e importit t\u00eb kafsh\u00ebve t\u00eb gjalla nga Hungaria, me p\u00ebrjashtim t\u00eb disa zonave"}]},{"@type":"WebSite","@id":"https:\/\/veritasinfo.org\/#website","url":"https:\/\/veritasinfo.org\/","name":"","description":"","potentialAction":[{"@type":"SearchAction","target":{"@type":"EntryPoint","urlTemplate":"https:\/\/veritasinfo.org\/?s={search_term_string}"},"query-input":{"@type":"PropertyValueSpecification","valueRequired":true,"valueName":"search_term_string"}}],"inLanguage":"en-US"},{"@type":"Person","@id":"https:\/\/veritasinfo.org\/#\/schema\/person\/7701f8c088bece422266b100a712374f","name":"admin","image":{"@type":"ImageObject","inLanguage":"en-US","@id":"https:\/\/veritasinfo.org\/#\/schema\/person\/image\/","url":"https:\/\/secure.gravatar.com\/avatar\/ea53aa3bf6c9a12d5fde8ce4deff43fef3885ae33cf60184161a50d6987cfd2f?s=96&d=mm&r=g","contentUrl":"https:\/\/secure.gravatar.com\/avatar\/ea53aa3bf6c9a12d5fde8ce4deff43fef3885ae33cf60184161a50d6987cfd2f?s=96&d=mm&r=g","caption":"admin"},"sameAs":["https:\/\/veritasinfo.org"],"url":"https:\/\/veritasinfo.org\/?author=1"}]}},"featured_image_urls":{"full":["https:\/\/veritasinfo.org\/wp-content\/uploads\/2025\/07\/IMG_2378.jpeg",1024,589,false],"thumbnail":["https:\/\/veritasinfo.org\/wp-content\/uploads\/2025\/07\/IMG_2378-150x150.jpeg",150,150,true],"medium":["https:\/\/veritasinfo.org\/wp-content\/uploads\/2025\/07\/IMG_2378-300x173.jpeg",300,173,true],"medium_large":["https:\/\/veritasinfo.org\/wp-content\/uploads\/2025\/07\/IMG_2378-768x442.jpeg",640,368,true],"large":["https:\/\/veritasinfo.org\/wp-content\/uploads\/2025\/07\/IMG_2378.jpeg",640,368,false],"1536x1536":["https:\/\/veritasinfo.org\/wp-content\/uploads\/2025\/07\/IMG_2378.jpeg",1024,589,false],"2048x2048":["https:\/\/veritasinfo.org\/wp-content\/uploads\/2025\/07\/IMG_2378.jpeg",1024,589,false],"kreeti-slider-full":["https:\/\/veritasinfo.org\/wp-content\/uploads\/2025\/07\/IMG_2378.jpeg",1024,589,false],"kreeti-featured":["https:\/\/veritasinfo.org\/wp-content\/uploads\/2025\/07\/IMG_2378.jpeg",1024,589,false],"kreeti-medium":["https:\/\/veritasinfo.org\/wp-content\/uploads\/2025\/07\/IMG_2378.jpeg",720,414,false],"kreeti-medium-square":["https:\/\/veritasinfo.org\/wp-content\/uploads\/2025\/07\/IMG_2378.jpeg",350,201,false]},"author_info":{"info":["admin"]},"category_info":"<a href=\"https:\/\/veritasinfo.org\/?cat=60\" rel=\"category\">Shoq\u00ebrore<\/a>","tag_info":"Shoq\u00ebrore","comment_count":"0","_links":{"self":[{"href":"https:\/\/veritasinfo.org\/index.php?rest_route=\/wp\/v2\/posts\/5613","targetHints":{"allow":["GET"]}}],"collection":[{"href":"https:\/\/veritasinfo.org\/index.php?rest_route=\/wp\/v2\/posts"}],"about":[{"href":"https:\/\/veritasinfo.org\/index.php?rest_route=\/wp\/v2\/types\/post"}],"author":[{"embeddable":true,"href":"https:\/\/veritasinfo.org\/index.php?rest_route=\/wp\/v2\/users\/1"}],"replies":[{"embeddable":true,"href":"https:\/\/veritasinfo.org\/index.php?rest_route=%2Fwp%2Fv2%2Fcomments&post=5613"}],"version-history":[{"count":1,"href":"https:\/\/veritasinfo.org\/index.php?rest_route=\/wp\/v2\/posts\/5613\/revisions"}],"predecessor-version":[{"id":5615,"href":"https:\/\/veritasinfo.org\/index.php?rest_route=\/wp\/v2\/posts\/5613\/revisions\/5615"}],"wp:featuredmedia":[{"embeddable":true,"href":"https:\/\/veritasinfo.org\/index.php?rest_route=\/wp\/v2\/media\/5614"}],"wp:attachment":[{"href":"https:\/\/veritasinfo.org\/index.php?rest_route=%2Fwp%2Fv2%2Fmedia&parent=5613"}],"wp:term":[{"taxonomy":"category","embeddable":true,"href":"https:\/\/veritasinfo.org\/index.php?rest_route=%2Fwp%2Fv2%2Fcategories&post=5613"},{"taxonomy":"post_tag","embeddable":true,"href":"https:\/\/veritasinfo.org\/index.php?rest_route=%2Fwp%2Fv2%2Ftags&post=5613"}],"curies":[{"name":"wp","href":"https:\/\/api.w.org\/{rel}","templated":true}]}}