{"id":5603,"date":"2025-07-28T10:45:29","date_gmt":"2025-07-28T08:45:29","guid":{"rendered":"https:\/\/veritasinfo.org\/?p=5603"},"modified":"2025-07-28T10:45:29","modified_gmt":"2025-07-28T08:45:29","slug":"aktuelna-situacija-u-srbiji-litijum-protesti-i-kraj-vuciceve-proevropske-iluzije","status":"publish","type":"post","link":"https:\/\/veritasinfo.org\/?p=5603&lang=sr","title":{"rendered":"Aktuelna situacija u Srbiji: Litijum, protesti i kraj Vu\u010di\u0107eve proevropske iluzije"},"content":{"rendered":"<p><strong>Pri\u0161tina, 28 jul 2025<\/strong><\/p>\n<p>O\u010digledno je da su ciljevi Rusije bili najpre slabljenje Vu\u010di\u0107evog re\u017eima kako bi ga ruske slu\u017ebe lak\u0161e ucenjivale i kontrolisale ili, u slu\u010daju njegovog kolapsa, dovo\u0111enje proruskih radikalnih elemenata na vlast u Beogradu preko kojih bi se destabilizovao ceo region.<\/p>\n<p>Protesti protiv litijuma kao i studentski protesti imali su dosta obele\u017eja i manifestacija patrimonijalnog nacionalizma. To je moglo da se vidi kako po obele\u017ejima i simbolici koja je dominirala protestima, ali i po specifi\u010dnim grupama koje su usmeravale proteste i kreirale im ideolo\u0161kih okvir.<\/p>\n<p>Kada se ima u vidu protest protiv iskopavanja litijuma, koji je na neki na\u010din prete\u010da studentskog protesta, u njemu je prevladavao antievropski narativ u kome je EU optu\u017eivana za poku\u0161aj kolonizacije Srbije, a re\u017eim za podani\u0161tvo i predaju Srbije u ruke \u201cevropskim kolonizatorima\u201d. Zanimljivo je da tokom tih protesta nikada nije pomenuta kineska investicija u RTB Bor i smederevsku \u017delezaru iako su obe investicije izazvali zna\u010dajne negativne ekolo\u0161ke posledice. Pri\u010da o o\u010duvanju prirode i tradicije srpskog sela od negativnih zapadnih uticaja i eksploatacije predstavljala je jasnu manifestaciju patrimonijalnog nacionalizma karakteristi\u010dnog za ruralna dru\u0161tva 19. veka i predstavljala je smi\u0161ljenu manipulaciju i instrumentalizaciju istorije i nacionalne tradicije.<\/p>\n<p><img fetchpriority=\"high\" decoding=\"async\" class=\"size-medium wp-image-5601\" src=\"https:\/\/veritasinfo.org\/wp-content\/uploads\/2025\/07\/aleksandar-vucic-vladimir-putin-diplomatija-susret-3-300x203.jpg\" alt=\"\" width=\"300\" height=\"203\" srcset=\"https:\/\/veritasinfo.org\/wp-content\/uploads\/2025\/07\/aleksandar-vucic-vladimir-putin-diplomatija-susret-3-300x203.jpg 300w, https:\/\/veritasinfo.org\/wp-content\/uploads\/2025\/07\/aleksandar-vucic-vladimir-putin-diplomatija-susret-3-768x520.jpg 768w, https:\/\/veritasinfo.org\/wp-content\/uploads\/2025\/07\/aleksandar-vucic-vladimir-putin-diplomatija-susret-3.jpg 920w\" sizes=\"(max-width: 300px) 100vw, 300px\" \/>Od kada je najavljena prva faza razvoja podzemnog rudnika litijuma \u201eJadar\u201c u Zapadnoj Srbiji, vlasti se suo\u010davaju sa sna\u017enim otporom gra\u0111ana. Ono \u0161to je izgledalo kao opravdana briga za za\u0161titu prirode i ljudi brzo se pretvorilo u debatu sa isklju\u010divim zahtevima za zabranu eksploatacije litijuma. Klju\u010dno pitanje sa stanovi\u0161ta nacionalne bezbednosti odnosi se na \u010dinjenicu da se samo u Srbiji tra\u017ei zabrana umesto pobolj\u0161anja tehnolo\u0161kih i ekolo\u0161kih standarda. Faktor radikalnog i isklju\u010divog zahteva treba uzeti kao prvi faktor u identifikovanju postojanja operacije informativnog uticaja. Do\u0161lo je do manifestacije uli\u010dnog nezadovoljstva kroz blokadu autoputa kroz Beograd uz sna\u017enu kampanju na dru\u0161tvenim mre\u017eama.<\/p>\n<p>Nakon dve godine zastoja projekta \u201eJadar\u201c, odvija se veoma dinami\u010dan spoljnopoliti\u010dki razvoj 23. maja 2024. godine, Evropska unija usvaja Zakon o kriti\u010dnim sirovinama, kojim se, izme\u0111u ostalog, usvaja okvir za strate\u0161ka partnerstva i primenu svojih standarda van EU za sve njene partnere. Ovaj zakon EU je geopoliti\u010dki i ekonomski odgovor na direktne posledice ruske agresije protiv Ukrajine. 22. jula 2024. godine, Srbija potpisuje Pismo o namerama sa EU u vezi sa kriti\u010dnim sirovinama. Od prvog dana kampanje protiv rudarstva litijuma, pu\u0161teni su u upotrebu Telegram kanali koji su \u010desto delili sadr\u017eaj koji je ranije otkriven kao ruske operacije uticaja na globalnom jugu.<\/p>\n<p><img decoding=\"async\" class=\"alignnone size-medium wp-image-5600 lazyload\" data-src=\"https:\/\/veritasinfo.org\/wp-content\/uploads\/2025\/07\/rio-tinto-300x200.jpg\" alt=\"\" width=\"300\" height=\"200\" data-srcset=\"https:\/\/veritasinfo.org\/wp-content\/uploads\/2025\/07\/rio-tinto-300x200.jpg 300w, https:\/\/veritasinfo.org\/wp-content\/uploads\/2025\/07\/rio-tinto.jpg 750w\" data-sizes=\"(max-width: 300px) 100vw, 300px\" src=\"data:image\/gif;base64,R0lGODlhAQABAAAAACH5BAEKAAEALAAAAAABAAEAAAICTAEAOw==\" style=\"--smush-placeholder-width: 300px; --smush-placeholder-aspect-ratio: 300\/200;\" \/>Na\u017ealost, nijedan od dr\u017eavnih zvani\u010dnika nije eksplicitno pripisao niti usmerio operaciju uticaja ka Rusiji. 19. jul 2024. predstavlja geostrate\u0161ku prekretnicu u vezi sa Srbijom i kriti\u010dnim sirovinama, uklju\u010dujuc\u0301i litijum. Tada je potpisano strate\u0161ko partnerstvo izme\u0111u Srbije i EU u oblasti kriti\u010dnih sirovina. Nema\u010dki kancelar Olaf \u0160olc i komesar EU Maro\u0161 \u0160ev\u010devic\u0301 bili su prisutni na ceremoniji, zajedno sa rukovodiocima zapadnih automobilskih giganata poput Mercedesa. Uklju\u010divanjem u evropske lance snabdevanja, Srbija dodatno ja\u010da svoju ekonomsku i energetsku autonomiju u odnosu na Kinu i Rusiju. Srbija, koja od po\u010detka ruske agresije odbija da uvede sankcije kriminalnom re\u017eimu iz Kremlja, istovremeno se sve vi\u0161e pribli\u017eava zapadnim integracijama po su\u0161tinskim pitanjima kao \u0161to su kriti\u010dne sirovine. Procenjuje se da projekat litijuma predstavlja najvec\u0301u pojedina\u010dnu stranu direktnu investiciju u istoriji Srbije, dok procene zvani\u010dnika i nezavisnih stru\u010dnjaka govore da je moguc\u0301e privuc\u0301i oko 12 milijardi evra investicija i zaposliti dodatnih 21.000 ljudi.<\/p>\n<p>Na protestima organizovanim \u0161irom Srbije mogu se videti zastave Rusije i Hrista Pantokratora, \u0161to je za\u0161titni znak svih proruskih okupljanja. Veliki broj proruskih kreatora javnog mnjenja aktivno je uklju\u010den u kampanju protiv rudnika litijuma koristec\u0301i dobro poznati narativ o multinacionalnim korporacijama, zaga\u0111enju i uni\u0161tavanju \u017eivotne sredine, neokolonijalizmu i sli\u010dnim ruskim pri\u010dama za Globalni Jug.<\/p>\n<p>Istovremeno, po uzoru na antilitijumske proteste, studentski protesti su preuzeli agendu o\u010duvanja prirode i tradicije Srbije uz zna\u010dajno vidljivije i aktivnije u\u010de\u0161\u0107e proruskih i ekstremno nacionalisti\u010dkih grupa u njima. Tako su redovni u\u010desnici tih protesta bili grupa Damjana Kne\u017eevi\u0107 i biv\u0161eg dobrovoljca iz Donbasa Nikole Jovi\u0107a. Ikonografiju protesta su \u010dinile zastave \u201cNema predaje\u201d, Vagnerovog Isusa, ruskog dvoglavog orla i dr\u017eavne zastave Rusije, a podr\u0161ku protestima pru\u017eili su poznati rusofili i Putinovi idolopoklonici Emir Kusturica, Danica Gruji\u010di\u0107, Branimir Nestorovi\u0107, Milo Lompar, Danica Crnogor\u010devi\u0107, Milo\u0161 Bikovi\u0107\u2026 S druge strane, malobrojni poku\u0161aji isticanja zastava EU uvek su bili nasilno spre\u010davani. To ipak nije smetalo javnoj diplomatiji Rusije da pru\u017ei podr\u0161ku srpskom re\u017eimu u borbi protiv navodne obojene (prozapande) revolucije iako su ekstremisti pod kontrolom Rusije sve vreme u\u010destvovali u istoj toj revoluciji.<\/p>\n<p>O\u010digledno je da su ciljevi Rusije bili najpre slabljenje Vu\u010di\u0107evog re\u017eima kako bi ga ruske slu\u017ebe lak\u0161e ucenjivale i kontrolisale ili, u slu\u010daju njegovog kolapsa, dovo\u0111enje proruskih radikalnih elemenata na vlast u Beogradu preko kojih bi se destabilizovao ceo region.<\/p>\n<p>Krajnji rezultat i ovih protesta u Srbiji je da imaju sve manju pa\u017enju gra\u0111ana, ne samo zato \u0161to tro\u0161e energiju ljudima, nego i zato \u0161to du\u017ee traju to, gra\u0111ani lak\u017ee prepoznaju politi\u010dke manipulacije ko nose sami protesti. Pored toga, \u2018car\u2019 je postao go! I litijum je doveo do toga da je njegova spoljna politika do\u017eivala potpuni kolaps. Sada svi u EU znaju da on ne mo\u017ee da sprovede taj projekat jer bi imao jo\u0161 jednu revoluciju na svom pragu. Toliko dugo je gurao svoju odluku da se ne uvode sankcije Rusiji, da sada posle 18. paketa on vi\u0161e i nema izbora nego da \u0107uti, ali posledica je da Srbija vi\u0161e ne pregovara o svom \u010dlanstvu u EU i nema benefite od toga \u0161to je kandidat. Od lidera u evro-integracijama, Srbija je pala na za\u010delje dr\u017eava kandidata. Do kraja godine, Albanija ce otvoriti sve klastere, a Crna Gora zatvoriti bar jednu tre\u0107inu klastera, tako da ove dve dr\u017eave imaju veliku \u0161ansu da pre 2030 postanu \u010dlanice EU!<\/p>\n<p>\u041evo nije sve. Pravi problemi za Vu\u010di\u0107a tek nastupaju, a sve te\u017ei izazovi i za one koji \u017eele da mu budu alternativa, a da su i dalje bez jasnog EU opredeljenja!<\/p>\n","protected":false},"excerpt":{"rendered":"<p>Pri\u0161tina, 28 jul 2025 O\u010digledno je da su ciljevi Rusije bili najpre slabljenje Vu\u010di\u0107evog re\u017eima kako bi ga ruske slu\u017ebe lak\u0161e ucenjivale i kontrolisale ili,<\/p>\n","protected":false},"author":2,"featured_media":5599,"comment_status":"open","ping_status":"open","sticky":false,"template":"","format":"standard","meta":{"footnotes":""},"categories":[28],"tags":[],"class_list":["post-5603","post","type-post","status-publish","format-standard","has-post-thumbnail","hentry","category-politika"],"yoast_head":"<!-- This site is optimized with the Yoast SEO plugin v25.3.1 - https:\/\/yoast.com\/wordpress\/plugins\/seo\/ -->\n<title>Aktuelna situacija u Srbiji: Litijum, protesti i kraj Vu\u010di\u0107eve proevropske iluzije -<\/title>\n<meta name=\"robots\" content=\"index, follow, max-snippet:-1, max-image-preview:large, max-video-preview:-1\" \/>\n<link rel=\"canonical\" href=\"https:\/\/veritasinfo.org\/?p=5603&lang=sr\" \/>\n<meta property=\"og:locale\" content=\"en_US\" \/>\n<meta property=\"og:type\" content=\"article\" \/>\n<meta property=\"og:title\" content=\"Aktuelna situacija u Srbiji: Litijum, protesti i kraj Vu\u010di\u0107eve proevropske iluzije -\" \/>\n<meta property=\"og:description\" content=\"Pri\u0161tina, 28 jul 2025 O\u010digledno je da su ciljevi Rusije bili najpre slabljenje Vu\u010di\u0107evog re\u017eima kako bi ga ruske slu\u017ebe lak\u0161e ucenjivale i kontrolisale ili,\" \/>\n<meta property=\"og:url\" content=\"https:\/\/veritasinfo.org\/?p=5603&amp;lang=sr\" \/>\n<meta property=\"article:published_time\" content=\"2025-07-28T08:45:29+00:00\" \/>\n<meta property=\"og:image\" content=\"https:\/\/veritasinfo.org\/wp-content\/uploads\/2025\/07\/Belgrade-protest-scaled-1.jpg\" \/>\n\t<meta property=\"og:image:width\" content=\"2560\" \/>\n\t<meta property=\"og:image:height\" content=\"1440\" \/>\n\t<meta property=\"og:image:type\" content=\"image\/jpeg\" \/>\n<meta name=\"author\" content=\"US1\" \/>\n<meta name=\"twitter:card\" content=\"summary_large_image\" \/>\n<meta name=\"twitter:label1\" content=\"Written by\" \/>\n\t<meta name=\"twitter:data1\" content=\"US1\" \/>\n\t<meta name=\"twitter:label2\" content=\"Est. reading time\" \/>\n\t<meta name=\"twitter:data2\" content=\"5 minutes\" \/>\n<script type=\"application\/ld+json\" class=\"yoast-schema-graph\">{\"@context\":\"https:\/\/schema.org\",\"@graph\":[{\"@type\":\"WebPage\",\"@id\":\"https:\/\/veritasinfo.org\/?p=5603&lang=sr\",\"url\":\"https:\/\/veritasinfo.org\/?p=5603&lang=sr\",\"name\":\"Aktuelna situacija u Srbiji: Litijum, protesti i kraj Vu\u010di\u0107eve proevropske iluzije -\",\"isPartOf\":{\"@id\":\"https:\/\/veritasinfo.org\/#website\"},\"primaryImageOfPage\":{\"@id\":\"https:\/\/veritasinfo.org\/?p=5603&lang=sr#primaryimage\"},\"image\":{\"@id\":\"https:\/\/veritasinfo.org\/?p=5603&lang=sr#primaryimage\"},\"thumbnailUrl\":\"https:\/\/veritasinfo.org\/wp-content\/uploads\/2025\/07\/Belgrade-protest-scaled-1.jpg\",\"datePublished\":\"2025-07-28T08:45:29+00:00\",\"author\":{\"@id\":\"https:\/\/veritasinfo.org\/#\/schema\/person\/c2b8be262ea994d0995addca692c5e98\"},\"breadcrumb\":{\"@id\":\"https:\/\/veritasinfo.org\/?p=5603&lang=sr#breadcrumb\"},\"inLanguage\":\"en-US\",\"potentialAction\":[{\"@type\":\"ReadAction\",\"target\":[\"https:\/\/veritasinfo.org\/?p=5603&lang=sr\"]}]},{\"@type\":\"ImageObject\",\"inLanguage\":\"en-US\",\"@id\":\"https:\/\/veritasinfo.org\/?p=5603&lang=sr#primaryimage\",\"url\":\"https:\/\/veritasinfo.org\/wp-content\/uploads\/2025\/07\/Belgrade-protest-scaled-1.jpg\",\"contentUrl\":\"https:\/\/veritasinfo.org\/wp-content\/uploads\/2025\/07\/Belgrade-protest-scaled-1.jpg\",\"width\":2560,\"height\":1440},{\"@type\":\"BreadcrumbList\",\"@id\":\"https:\/\/veritasinfo.org\/?p=5603&lang=sr#breadcrumb\",\"itemListElement\":[{\"@type\":\"ListItem\",\"position\":1,\"name\":\"Home\",\"item\":\"https:\/\/veritasinfo.org\/\"},{\"@type\":\"ListItem\",\"position\":2,\"name\":\"Aktuelna situacija u Srbiji: Litijum, protesti i kraj Vu\u010di\u0107eve proevropske iluzije\"}]},{\"@type\":\"WebSite\",\"@id\":\"https:\/\/veritasinfo.org\/#website\",\"url\":\"https:\/\/veritasinfo.org\/\",\"name\":\"\",\"description\":\"\",\"potentialAction\":[{\"@type\":\"SearchAction\",\"target\":{\"@type\":\"EntryPoint\",\"urlTemplate\":\"https:\/\/veritasinfo.org\/?s={search_term_string}\"},\"query-input\":{\"@type\":\"PropertyValueSpecification\",\"valueRequired\":true,\"valueName\":\"search_term_string\"}}],\"inLanguage\":\"en-US\"},{\"@type\":\"Person\",\"@id\":\"https:\/\/veritasinfo.org\/#\/schema\/person\/c2b8be262ea994d0995addca692c5e98\",\"name\":\"US1\",\"image\":{\"@type\":\"ImageObject\",\"inLanguage\":\"en-US\",\"@id\":\"https:\/\/veritasinfo.org\/#\/schema\/person\/image\/\",\"url\":\"https:\/\/secure.gravatar.com\/avatar\/4e96a59bd256abf9956eb9963ac891a47461ffb364d47b0e9aab113328fdb75b?s=96&d=mm&r=g\",\"contentUrl\":\"https:\/\/secure.gravatar.com\/avatar\/4e96a59bd256abf9956eb9963ac891a47461ffb364d47b0e9aab113328fdb75b?s=96&d=mm&r=g\",\"caption\":\"US1\"},\"url\":\"https:\/\/veritasinfo.org\/?author=2\"}]}<\/script>\n<!-- \/ Yoast SEO plugin. -->","yoast_head_json":{"title":"Aktuelna situacija u Srbiji: Litijum, protesti i kraj Vu\u010di\u0107eve proevropske iluzije -","robots":{"index":"index","follow":"follow","max-snippet":"max-snippet:-1","max-image-preview":"max-image-preview:large","max-video-preview":"max-video-preview:-1"},"canonical":"https:\/\/veritasinfo.org\/?p=5603&lang=sr","og_locale":"en_US","og_type":"article","og_title":"Aktuelna situacija u Srbiji: Litijum, protesti i kraj Vu\u010di\u0107eve proevropske iluzije -","og_description":"Pri\u0161tina, 28 jul 2025 O\u010digledno je da su ciljevi Rusije bili najpre slabljenje Vu\u010di\u0107evog re\u017eima kako bi ga ruske slu\u017ebe lak\u0161e ucenjivale i kontrolisale ili,","og_url":"https:\/\/veritasinfo.org\/?p=5603&lang=sr","article_published_time":"2025-07-28T08:45:29+00:00","og_image":[{"width":2560,"height":1440,"url":"https:\/\/veritasinfo.org\/wp-content\/uploads\/2025\/07\/Belgrade-protest-scaled-1.jpg","type":"image\/jpeg"}],"author":"US1","twitter_card":"summary_large_image","twitter_misc":{"Written by":"US1","Est. reading time":"5 minutes"},"schema":{"@context":"https:\/\/schema.org","@graph":[{"@type":"WebPage","@id":"https:\/\/veritasinfo.org\/?p=5603&lang=sr","url":"https:\/\/veritasinfo.org\/?p=5603&lang=sr","name":"Aktuelna situacija u Srbiji: Litijum, protesti i kraj Vu\u010di\u0107eve proevropske iluzije -","isPartOf":{"@id":"https:\/\/veritasinfo.org\/#website"},"primaryImageOfPage":{"@id":"https:\/\/veritasinfo.org\/?p=5603&lang=sr#primaryimage"},"image":{"@id":"https:\/\/veritasinfo.org\/?p=5603&lang=sr#primaryimage"},"thumbnailUrl":"https:\/\/veritasinfo.org\/wp-content\/uploads\/2025\/07\/Belgrade-protest-scaled-1.jpg","datePublished":"2025-07-28T08:45:29+00:00","author":{"@id":"https:\/\/veritasinfo.org\/#\/schema\/person\/c2b8be262ea994d0995addca692c5e98"},"breadcrumb":{"@id":"https:\/\/veritasinfo.org\/?p=5603&lang=sr#breadcrumb"},"inLanguage":"en-US","potentialAction":[{"@type":"ReadAction","target":["https:\/\/veritasinfo.org\/?p=5603&lang=sr"]}]},{"@type":"ImageObject","inLanguage":"en-US","@id":"https:\/\/veritasinfo.org\/?p=5603&lang=sr#primaryimage","url":"https:\/\/veritasinfo.org\/wp-content\/uploads\/2025\/07\/Belgrade-protest-scaled-1.jpg","contentUrl":"https:\/\/veritasinfo.org\/wp-content\/uploads\/2025\/07\/Belgrade-protest-scaled-1.jpg","width":2560,"height":1440},{"@type":"BreadcrumbList","@id":"https:\/\/veritasinfo.org\/?p=5603&lang=sr#breadcrumb","itemListElement":[{"@type":"ListItem","position":1,"name":"Home","item":"https:\/\/veritasinfo.org\/"},{"@type":"ListItem","position":2,"name":"Aktuelna situacija u Srbiji: Litijum, protesti i kraj Vu\u010di\u0107eve proevropske iluzije"}]},{"@type":"WebSite","@id":"https:\/\/veritasinfo.org\/#website","url":"https:\/\/veritasinfo.org\/","name":"","description":"","potentialAction":[{"@type":"SearchAction","target":{"@type":"EntryPoint","urlTemplate":"https:\/\/veritasinfo.org\/?s={search_term_string}"},"query-input":{"@type":"PropertyValueSpecification","valueRequired":true,"valueName":"search_term_string"}}],"inLanguage":"en-US"},{"@type":"Person","@id":"https:\/\/veritasinfo.org\/#\/schema\/person\/c2b8be262ea994d0995addca692c5e98","name":"US1","image":{"@type":"ImageObject","inLanguage":"en-US","@id":"https:\/\/veritasinfo.org\/#\/schema\/person\/image\/","url":"https:\/\/secure.gravatar.com\/avatar\/4e96a59bd256abf9956eb9963ac891a47461ffb364d47b0e9aab113328fdb75b?s=96&d=mm&r=g","contentUrl":"https:\/\/secure.gravatar.com\/avatar\/4e96a59bd256abf9956eb9963ac891a47461ffb364d47b0e9aab113328fdb75b?s=96&d=mm&r=g","caption":"US1"},"url":"https:\/\/veritasinfo.org\/?author=2"}]}},"featured_image_urls":{"full":["https:\/\/veritasinfo.org\/wp-content\/uploads\/2025\/07\/Belgrade-protest-scaled-1.jpg",2560,1440,false],"thumbnail":["https:\/\/veritasinfo.org\/wp-content\/uploads\/2025\/07\/Belgrade-protest-scaled-1-150x150.jpg",150,150,true],"medium":["https:\/\/veritasinfo.org\/wp-content\/uploads\/2025\/07\/Belgrade-protest-scaled-1-300x169.jpg",300,169,true],"medium_large":["https:\/\/veritasinfo.org\/wp-content\/uploads\/2025\/07\/Belgrade-protest-scaled-1-768x432.jpg",640,360,true],"large":["https:\/\/veritasinfo.org\/wp-content\/uploads\/2025\/07\/Belgrade-protest-scaled-1-1024x576.jpg",640,360,true],"1536x1536":["https:\/\/veritasinfo.org\/wp-content\/uploads\/2025\/07\/Belgrade-protest-scaled-1-1536x864.jpg",1536,864,true],"2048x2048":["https:\/\/veritasinfo.org\/wp-content\/uploads\/2025\/07\/Belgrade-protest-scaled-1-2048x1152.jpg",2048,1152,true],"kreeti-slider-full":["https:\/\/veritasinfo.org\/wp-content\/uploads\/2025\/07\/Belgrade-protest-scaled-1.jpg",1280,720,false],"kreeti-featured":["https:\/\/veritasinfo.org\/wp-content\/uploads\/2025\/07\/Belgrade-protest-scaled-1.jpg",1024,576,false],"kreeti-medium":["https:\/\/veritasinfo.org\/wp-content\/uploads\/2025\/07\/Belgrade-protest-scaled-1.jpg",720,405,false],"kreeti-medium-square":["https:\/\/veritasinfo.org\/wp-content\/uploads\/2025\/07\/Belgrade-protest-scaled-1.jpg",350,197,false]},"author_info":{"info":["US1"]},"category_info":"<a href=\"https:\/\/veritasinfo.org\/?cat=28&#038;lang=sr\" rel=\"category\">Politika<\/a>","tag_info":"Politika","comment_count":"0","_links":{"self":[{"href":"https:\/\/veritasinfo.org\/index.php?rest_route=\/wp\/v2\/posts\/5603","targetHints":{"allow":["GET"]}}],"collection":[{"href":"https:\/\/veritasinfo.org\/index.php?rest_route=\/wp\/v2\/posts"}],"about":[{"href":"https:\/\/veritasinfo.org\/index.php?rest_route=\/wp\/v2\/types\/post"}],"author":[{"embeddable":true,"href":"https:\/\/veritasinfo.org\/index.php?rest_route=\/wp\/v2\/users\/2"}],"replies":[{"embeddable":true,"href":"https:\/\/veritasinfo.org\/index.php?rest_route=%2Fwp%2Fv2%2Fcomments&post=5603"}],"version-history":[{"count":1,"href":"https:\/\/veritasinfo.org\/index.php?rest_route=\/wp\/v2\/posts\/5603\/revisions"}],"predecessor-version":[{"id":5604,"href":"https:\/\/veritasinfo.org\/index.php?rest_route=\/wp\/v2\/posts\/5603\/revisions\/5604"}],"wp:featuredmedia":[{"embeddable":true,"href":"https:\/\/veritasinfo.org\/index.php?rest_route=\/wp\/v2\/media\/5599"}],"wp:attachment":[{"href":"https:\/\/veritasinfo.org\/index.php?rest_route=%2Fwp%2Fv2%2Fmedia&parent=5603"}],"wp:term":[{"taxonomy":"category","embeddable":true,"href":"https:\/\/veritasinfo.org\/index.php?rest_route=%2Fwp%2Fv2%2Fcategories&post=5603"},{"taxonomy":"post_tag","embeddable":true,"href":"https:\/\/veritasinfo.org\/index.php?rest_route=%2Fwp%2Fv2%2Ftags&post=5603"}],"curies":[{"name":"wp","href":"https:\/\/api.w.org\/{rel}","templated":true}]}}