{"id":5598,"date":"2025-07-28T10:43:46","date_gmt":"2025-07-28T08:43:46","guid":{"rendered":"https:\/\/veritasinfo.org\/?p=5598"},"modified":"2025-07-28T10:43:46","modified_gmt":"2025-07-28T08:43:46","slug":"situata-aktuale-ne-serbi-litiumi-protestat-dhe-fundi-i-iluzionit-pro-evropian-i-vucicit","status":"publish","type":"post","link":"https:\/\/veritasinfo.org\/?p=5598","title":{"rendered":"Situata aktuale n\u00eb Serbi: Litiumi, protestat dhe fundi i iluzionit pro-evropian i Vu\u00e7i\u00e7it"},"content":{"rendered":"<p><strong>Prishtin\u00eb, 28 Korrik 2025<\/strong><\/p>\n<p>\u00cbsht\u00eb e qart\u00eb se q\u00ebllimet e Rusis\u00eb ishin s\u00eb pari t\u00eb dob\u00ebsonte regjimin e Vu\u00e7i\u00e7it n\u00eb m\u00ebnyr\u00eb q\u00eb sh\u00ebrbimet ruse ta shantazhonin dhe ta kontrollonin m\u00eb leht\u00eb at\u00eb ose, n\u00eb rast t\u00eb r\u00ebnies s\u00eb tij, t\u00eb sillnin n\u00eb pushtet element\u00eb radikal\u00eb pro-rus\u00eb n\u00eb Beograd, p\u00ebrmes t\u00eb cil\u00ebve do t\u00eb destabilizohej i gjith\u00eb rajoni.<\/p>\n<p>Protestat kund\u00ebr litiumit, si dhe protestat e student\u00ebve, kishin shum\u00eb tipare dhe manifestime t\u00eb nacionalizmit patrimonial. Kjo mund t\u00eb shihej si n\u00eb parullat dhe simbolet q\u00eb dominonin protestat, por edhe n\u00eb grupet specifike q\u00eb drejtonin protestat dhe krijonin korniz\u00ebn e tyre ideologjike.<\/p>\n<p>Kur marrim n\u00eb konsiderat\u00eb protest\u00ebn kund\u00ebr minierave t\u00eb litiumit, e cila n\u00eb nj\u00eb far\u00eb m\u00ebnyre \u00ebsht\u00eb pararend\u00ebsja e protest\u00ebs studentore, ajo u dominua nga nj\u00eb narrativ\u00eb anti-evropiane n\u00eb t\u00eb cil\u00ebn BE-ja u akuzua se po p\u00ebrpiqej t\u00eb kolonizonte Serbin\u00eb, dhe regjimi u akuzua se po ia n\u00ebnshtronte dhe po ia dor\u00ebzonte Serbin\u00eb &#8220;kolonizator\u00ebve evropian\u00eb&#8221;. \u00cbsht\u00eb interesante q\u00eb gjat\u00eb k\u00ebtyre protestave, investimi kinez n\u00eb RTB Bor dhe n\u00eb Uzin\u00ebn e Hekurudh\u00ebs Smederevo nuk u p\u00ebrmend kurr\u00eb, edhe pse t\u00eb dy investimet shkaktuan pasoja t\u00eb konsiderueshme negative mjedisore. Historia e ruajtjes s\u00eb natyr\u00ebs dhe traditave t\u00eb fshatit serb nga ndikimet dhe shfryt\u00ebzimi negativ per\u00ebndimor ishte nj\u00eb manifestim i qart\u00eb i nacionalizmit patrimonial karakteristik t\u00eb shoq\u00ebrive rurale t\u00eb shekullit t\u00eb 19-t\u00eb dhe p\u00ebrfaq\u00ebsonte nj\u00eb manipulim dhe instrumentalizim t\u00eb q\u00ebllimsh\u00ebm t\u00eb historis\u00eb dhe tradit\u00ebs komb\u00ebtare.<\/p>\n<p><img fetchpriority=\"high\" decoding=\"async\" class=\"size-medium wp-image-5601\" src=\"https:\/\/veritasinfo.org\/wp-content\/uploads\/2025\/07\/aleksandar-vucic-vladimir-putin-diplomatija-susret-3-300x203.jpg\" alt=\"\" width=\"300\" height=\"203\" srcset=\"https:\/\/veritasinfo.org\/wp-content\/uploads\/2025\/07\/aleksandar-vucic-vladimir-putin-diplomatija-susret-3-300x203.jpg 300w, https:\/\/veritasinfo.org\/wp-content\/uploads\/2025\/07\/aleksandar-vucic-vladimir-putin-diplomatija-susret-3-768x520.jpg 768w, https:\/\/veritasinfo.org\/wp-content\/uploads\/2025\/07\/aleksandar-vucic-vladimir-putin-diplomatija-susret-3.jpg 920w\" sizes=\"(max-width: 300px) 100vw, 300px\" \/><\/p>\n<p>Q\u00eb kur u paraljm\u00ebrua faza e par\u00eb e zhvillimit t\u00eb minier\u00ebs n\u00ebntok\u00ebsore t\u00eb litiumit &#8220;Jadar&#8221; n\u00eb Serbin\u00eb Per\u00ebndimore, autoritetet jan\u00eb p\u00ebrballur me rezistenc\u00eb t\u00eb fort\u00eb nga qytetar\u00ebt. Ajo q\u00eb dukej si nj\u00eb shqet\u00ebsim legjitim p\u00ebr mbrojtjen e natyr\u00ebs dhe njer\u00ebzve, shpejt u shnd\u00ebrrua n\u00eb nj\u00eb debat me k\u00ebrkesa ekskluzive p\u00ebr t\u00eb ndaluar minierat e litiumit. Pyetja kryesore nga pik\u00ebpamja e siguris\u00eb komb\u00ebtare lidhet me faktin se vet\u00ebm n\u00eb Serbi k\u00ebrkohet nj\u00eb ndalim n\u00eb vend t\u00eb p\u00ebrmir\u00ebsimit t\u00eb standardeve teknologjike dhe mjedisore. Faktori i k\u00ebrkes\u00ebs radikale dhe ekskluzive duhet t\u00eb merret si faktori i par\u00eb n\u00eb identifikimin e ekzistenc\u00ebs s\u00eb nj\u00eb operacioni t\u00eb ndikimit informativ. Pati nj\u00eb manifestim t\u00eb pak\u00ebnaq\u00ebsis\u00eb n\u00eb rrug\u00eb p\u00ebrmes bllokimit t\u00eb autostrad\u00ebs p\u00ebrmes Beogradit me nj\u00eb fushat\u00eb t\u00eb fort\u00eb n\u00eb rrjetet sociale.<\/p>\n<p>Pas dy vitesh bllokimi t\u00eb projektit &#8220;Jadar&#8221;, ndodh nj\u00eb zhvillim shum\u00eb dinamik i politik\u00ebs s\u00eb jashtme. M\u00eb 23 maj 2024, Bashkimi Evropian miraton Ligjin p\u00ebr L\u00ebnd\u00ebt e Para Kritike, i cili, nd\u00ebr t\u00eb tjera, miraton korniz\u00ebn p\u00ebr partneritete strategjike dhe zbatimin e standardeve t\u00eb tij jasht\u00eb BE-s\u00eb p\u00ebr t\u00eb gjith\u00eb partner\u00ebt e saj. Ky ligj i BE-s\u00eb \u00ebsht\u00eb nj\u00eb p\u00ebrgjigje gjeopolitike dhe ekonomike ndaj pasojave t\u00eb drejtp\u00ebrdrejta t\u00eb agresionit rus kund\u00ebr Ukrain\u00ebs. M\u00eb 22 korrik 2024, Serbia n\u00ebnshkruan nj\u00eb Let\u00ebr Q\u00ebllimi me BE-n\u00eb n\u00eb lidhje me l\u00ebnd\u00ebt e para kritike. Q\u00eb nga dita e par\u00eb e fushat\u00ebs kund\u00ebr minierave t\u00eb litiumit, jan\u00eb lan\u00e7uar kanale Telegram q\u00eb shpesh ndajn\u00eb p\u00ebrmbajtje t\u00eb zbuluara m\u00eb par\u00eb si operacione t\u00eb ndikimit rus n\u00eb Jugun Global.<\/p>\n<p><img decoding=\"async\" class=\"alignnone size-medium wp-image-5600 lazyload\" data-src=\"https:\/\/veritasinfo.org\/wp-content\/uploads\/2025\/07\/rio-tinto-300x200.jpg\" alt=\"\" width=\"300\" height=\"200\" data-srcset=\"https:\/\/veritasinfo.org\/wp-content\/uploads\/2025\/07\/rio-tinto-300x200.jpg 300w, https:\/\/veritasinfo.org\/wp-content\/uploads\/2025\/07\/rio-tinto.jpg 750w\" data-sizes=\"(max-width: 300px) 100vw, 300px\" src=\"data:image\/gif;base64,R0lGODlhAQABAAAAACH5BAEKAAEALAAAAAABAAEAAAICTAEAOw==\" style=\"--smush-placeholder-width: 300px; --smush-placeholder-aspect-ratio: 300\/200;\" \/>Fatkeq\u00ebsisht, asnj\u00eb nga zyrtar\u00ebt qeveritar\u00eb nuk e atribuoi ose nuk e drejtoi n\u00eb m\u00ebnyr\u00eb t\u00eb qart\u00eb operacionin e ndikimit drejt Rusis\u00eb. 19 korriku 2024 p\u00ebrfaq\u00ebson nj\u00eb pik\u00eb kthese gjeostrategjike n\u00eb lidhje me Serbin\u00eb dhe l\u00ebnd\u00ebt e para kritike, p\u00ebrfshir\u00eb litiumin. N\u00eb at\u00eb koh\u00eb, u n\u00ebnshkrua nj\u00eb partneritet strategjik midis Serbis\u00eb dhe BE-s\u00eb n\u00eb fush\u00ebn e l\u00ebnd\u00ebve t\u00eb para kritike. Kancelari gjerman Olaf Scholz dhe Komisioneri i BE-s\u00eb Maro\u0161 \u0160ev\u010devi\u0107 ishin t\u00eb pranish\u00ebm n\u00eb ceremoni, s\u00eb bashku me drejtues nga gjigant\u00ebt per\u00ebndimor\u00eb t\u00eb automobilave si Mercedes. Duke iu bashkuar zinxhir\u00ebve evropian\u00eb t\u00eb furnizimit, Serbia forcon m\u00eb tej autonomin\u00eb e saj ekonomike dhe energjetike n\u00eb raport me Kin\u00ebn dhe Rusin\u00eb. Serbia, e cila ka refuzuar t\u00eb vendos\u00eb sanksione ndaj regjimit kriminal nga Kremlini q\u00eb nga fillimi i agresionit rus, n\u00eb t\u00eb nj\u00ebjt\u00ebn koh\u00eb po i afrohet integrimit per\u00ebndimor p\u00ebr \u00e7\u00ebshtje thelb\u00ebsore si\u00e7 jan\u00eb l\u00ebnd\u00ebt e para kritike. Vler\u00ebsohet se projekti i litiumit p\u00ebrfaq\u00ebson investimin m\u00eb t\u00eb madh t\u00eb huaj direkt n\u00eb historin\u00eb e Serbis\u00eb, nd\u00ebrsa vler\u00ebsimet e zyrtar\u00ebve dhe ekspert\u00ebve t\u00eb pavarur thon\u00eb se \u00ebsht\u00eb e mundur t\u00eb t\u00ebrheqen rreth 12 miliard\u00eb euro investime dhe t\u00eb pun\u00ebsohen 21,000 persona shtes\u00eb.<\/p>\n<p>N\u00eb protestat e organizuara n\u00eb t\u00eb gjith\u00eb Serbin\u00eb, mund t\u00eb shihen flamuj t\u00eb Rusis\u00eb dhe Krishtit Pantokrator, q\u00eb \u00ebsht\u00eb nj\u00eb shenj\u00eb dalluese e t\u00eb gjitha tubimeve pro-ruse. Nj\u00eb num\u00ebr i madh opinionist\u00ebsh pro-rus\u00eb jan\u00eb t\u00eb p\u00ebrfshir\u00eb n\u00eb m\u00ebnyr\u00eb aktive n\u00eb fushat\u00ebn kund\u00ebr minierave t\u00eb litiumit duke p\u00ebrdorur narrativ\u00ebn e njohur t\u00eb korporatave shum\u00ebkomb\u00ebshe, ndotjes dhe shkat\u00ebrrimit t\u00eb mjedisit, neokolonializmit dhe historive t\u00eb ngjashme ruse p\u00ebr Jugun Global.<\/p>\n<p>N\u00eb t\u00eb nj\u00ebjt\u00ebn koh\u00eb, duke ndjekur shembullin e protestave kund\u00ebr litiumit, protestat studentore mor\u00ebn p\u00ebrsip\u00ebr axhend\u00ebn e ruajtjes s\u00eb natyr\u00ebs dhe traditave t\u00eb Serbis\u00eb me nj\u00eb pjes\u00ebmarrje duksh\u00ebm m\u00eb t\u00eb dukshme dhe aktive t\u00eb grupeve pro-ruse dhe ekstreme nacionaliste n\u00eb to. K\u00ebshtu, pjes\u00ebmarr\u00ebsit e rregullt t\u00eb k\u00ebtyre protestave ishin grupi i Damjan Knezheviqit dhe ish-vullnetarit nga Donbasi Nikola Joviq. Ikonografia e protest\u00ebs p\u00ebrb\u00ebhej nga flamujt &#8220;Pa Dor\u00ebzim&#8221;, Jezusi i Wagnerit, shqiponja dykrenare ruse dhe flamuri komb\u00ebtar i Rusis\u00eb, dhe mb\u00ebshtetje p\u00ebr protestat u dha nga rusofil\u00ebt e njohur dhe idhujtar\u00ebt e Putinit Emir Kusturica, Danica Grujiqiq, Branimir Nestoroviq, Milo Lompar, Danica Crnogorqeviq, Milosh Bikoviq&#8230; Nga ana tjet\u00ebr, p\u00ebrpjekjet e pakta p\u00ebr t\u00eb shfaqur flamurin e BE-s\u00eb u penguan gjithmon\u00eb me dhun\u00eb. Megjithat\u00eb, kjo nuk e pengoi diplomacin\u00eb publike t\u00eb Rusis\u00eb t\u00eb ofronte mb\u00ebshtetje p\u00ebr regjimin serb n\u00eb luft\u00ebn kund\u00ebr revolucionit t\u00eb supozuar me ngjyr\u00eb (pro-per\u00ebndimor), edhe pse ekstremist\u00ebt n\u00ebn kontrollin e Rusis\u00eb mor\u00ebn pjes\u00eb n\u00eb t\u00eb nj\u00ebjtin revolucion gjat\u00eb gjith\u00eb koh\u00ebs.<\/p>\n<p>\u00cbsht\u00eb e qart\u00eb se q\u00ebllimet e Rusis\u00eb ishin s\u00eb pari t\u00eb dob\u00ebsonte regjimin e Vu\u00e7i\u00e7it, n\u00eb m\u00ebnyr\u00eb q\u00eb sh\u00ebrbimet ruse ta shantazhonin dhe ta kontrollonin m\u00eb leht\u00eb at\u00eb, ose, n\u00eb rast t\u00eb r\u00ebnies s\u00eb tij, t\u00eb sillnin n\u00eb pushtet element\u00eb radikal\u00eb pro-rus\u00eb n\u00eb Beograd, n\u00ebp\u00ebrmjet t\u00eb cil\u00ebve do t\u00eb destabilizohej i gjith\u00eb rajoni.<\/p>\n<p>Rezultati p\u00ebrfundimtar i k\u00ebtyre protestave n\u00eb Serbi \u00ebsht\u00eb se ato kan\u00eb gjithnj\u00eb e m\u00eb pak v\u00ebmendje nga qytetar\u00ebt, jo vet\u00ebm sepse harxhojn\u00eb energjin\u00eb e njer\u00ebzve, por edhe sepse sa m\u00eb shum\u00eb zgjasin, aq m\u00eb leht\u00eb qytetar\u00ebt i njohin manipulimet politike t\u00eb vet\u00eb protestave. P\u00ebrve\u00e7 k\u00ebsaj, &#8216;perandori&#8217; u zhvesh! Dhe litiumi b\u00ebri q\u00eb politika e tij e jashtme t\u00eb p\u00ebrjetonte nj\u00eb kolaps t\u00eb plot\u00eb. Tani t\u00eb gjith\u00eb n\u00eb BE e din\u00eb se ai nuk mund ta zbatoj\u00eb at\u00eb projekt sepse do t\u00eb kishte nj\u00eb revolucion tjet\u00ebr n\u00eb pragun e tij. P\u00ebr aq koh\u00eb sa ai e shtyu vendimin e tij p\u00ebr t\u00eb mos vendosur sanksione ndaj Rusis\u00eb, saq\u00eb tani pas paket\u00ebs s\u00eb 18-t\u00eb nuk ka zgjidhje tjet\u00ebr ve\u00e7se t\u00eb hesht\u00eb, por pasoja \u00ebsht\u00eb se Serbia nuk po negocion m\u00eb an\u00ebtar\u00ebsimin e saj n\u00eb BE dhe nuk ka p\u00ebrfitime nga t\u00eb qenit kandidate. Nga t\u00eb qenit lider n\u00eb integrimin evropian, Serbia ra n\u00eb shpin\u00eb t\u00eb shteteve kandidate. Deri n\u00eb fund t\u00eb vitit, Shqip\u00ebria do t\u00eb hap\u00eb t\u00eb gjitha grupet, dhe Mali i Zi do t\u00eb mbyll\u00eb t\u00eb pakt\u00ebn nj\u00eb t\u00eb tret\u00ebn e grupeve, k\u00ebshtu q\u00eb k\u00ebto dy vende kan\u00eb nj\u00eb shans t\u00eb madh p\u00ebr t&#8217;u b\u00ebr\u00eb an\u00ebtare t\u00eb BE-s\u00eb para vitit 2030!<\/p>\n<p>Kjo nuk \u00ebsht\u00eb e gjitha. Problemet e v\u00ebrteta p\u00ebr Vu\u00e7i\u00e7in sapo kan\u00eb filluar dhe sfidat po b\u00ebhen gjithnj\u00eb e m\u00eb t\u00eb v\u00ebshtira p\u00ebr ata q\u00eb duan t\u00eb jen\u00eb alternativa e tij dhe q\u00eb ende nuk kan\u00eb nj\u00eb angazhim t\u00eb qart\u00eb p\u00ebr n\u00eb BE!<\/p>\n<p>&nbsp;<\/p>\n","protected":false},"excerpt":{"rendered":"<p>Prishtin\u00eb, 28 Korrik 2025 \u00cbsht\u00eb e qart\u00eb se q\u00ebllimet e Rusis\u00eb ishin s\u00eb pari t\u00eb dob\u00ebsonte regjimin e Vu\u00e7i\u00e7it n\u00eb m\u00ebnyr\u00eb q\u00eb sh\u00ebrbimet ruse ta<\/p>\n","protected":false},"author":2,"featured_media":5599,"comment_status":"open","ping_status":"open","sticky":false,"template":"","format":"standard","meta":{"footnotes":""},"categories":[58],"tags":[],"class_list":["post-5598","post","type-post","status-publish","format-standard","has-post-thumbnail","hentry","category-politike-sq"],"yoast_head":"<!-- This site is optimized with the Yoast SEO plugin v25.3.1 - https:\/\/yoast.com\/wordpress\/plugins\/seo\/ -->\n<title>Situata aktuale n\u00eb Serbi: Litiumi, protestat dhe fundi i iluzionit pro-evropian i Vu\u00e7i\u00e7it -<\/title>\n<meta name=\"robots\" content=\"index, follow, max-snippet:-1, max-image-preview:large, max-video-preview:-1\" \/>\n<link rel=\"canonical\" href=\"https:\/\/veritasinfo.org\/?p=5598\" \/>\n<meta property=\"og:locale\" content=\"en_US\" \/>\n<meta property=\"og:type\" content=\"article\" \/>\n<meta property=\"og:title\" content=\"Situata aktuale n\u00eb Serbi: Litiumi, protestat dhe fundi i iluzionit pro-evropian i Vu\u00e7i\u00e7it -\" \/>\n<meta property=\"og:description\" content=\"Prishtin\u00eb, 28 Korrik 2025 \u00cbsht\u00eb e qart\u00eb se q\u00ebllimet e Rusis\u00eb ishin s\u00eb pari t\u00eb dob\u00ebsonte regjimin e Vu\u00e7i\u00e7it n\u00eb m\u00ebnyr\u00eb q\u00eb sh\u00ebrbimet ruse ta\" \/>\n<meta property=\"og:url\" content=\"https:\/\/veritasinfo.org\/?p=5598\" \/>\n<meta property=\"article:published_time\" content=\"2025-07-28T08:43:46+00:00\" \/>\n<meta property=\"og:image\" content=\"https:\/\/veritasinfo.org\/wp-content\/uploads\/2025\/07\/Belgrade-protest-scaled-1.jpg\" \/>\n\t<meta property=\"og:image:width\" content=\"2560\" \/>\n\t<meta property=\"og:image:height\" content=\"1440\" \/>\n\t<meta property=\"og:image:type\" content=\"image\/jpeg\" \/>\n<meta name=\"author\" content=\"US1\" \/>\n<meta name=\"twitter:card\" content=\"summary_large_image\" \/>\n<meta name=\"twitter:label1\" content=\"Written by\" \/>\n\t<meta name=\"twitter:data1\" content=\"US1\" \/>\n\t<meta name=\"twitter:label2\" content=\"Est. reading time\" \/>\n\t<meta name=\"twitter:data2\" content=\"6 minutes\" \/>\n<script type=\"application\/ld+json\" class=\"yoast-schema-graph\">{\"@context\":\"https:\/\/schema.org\",\"@graph\":[{\"@type\":\"WebPage\",\"@id\":\"https:\/\/veritasinfo.org\/?p=5598\",\"url\":\"https:\/\/veritasinfo.org\/?p=5598\",\"name\":\"Situata aktuale n\u00eb Serbi: Litiumi, protestat dhe fundi i iluzionit pro-evropian i Vu\u00e7i\u00e7it -\",\"isPartOf\":{\"@id\":\"https:\/\/veritasinfo.org\/#website\"},\"primaryImageOfPage\":{\"@id\":\"https:\/\/veritasinfo.org\/?p=5598#primaryimage\"},\"image\":{\"@id\":\"https:\/\/veritasinfo.org\/?p=5598#primaryimage\"},\"thumbnailUrl\":\"https:\/\/veritasinfo.org\/wp-content\/uploads\/2025\/07\/Belgrade-protest-scaled-1.jpg\",\"datePublished\":\"2025-07-28T08:43:46+00:00\",\"author\":{\"@id\":\"https:\/\/veritasinfo.org\/#\/schema\/person\/c2b8be262ea994d0995addca692c5e98\"},\"breadcrumb\":{\"@id\":\"https:\/\/veritasinfo.org\/?p=5598#breadcrumb\"},\"inLanguage\":\"en-US\",\"potentialAction\":[{\"@type\":\"ReadAction\",\"target\":[\"https:\/\/veritasinfo.org\/?p=5598\"]}]},{\"@type\":\"ImageObject\",\"inLanguage\":\"en-US\",\"@id\":\"https:\/\/veritasinfo.org\/?p=5598#primaryimage\",\"url\":\"https:\/\/veritasinfo.org\/wp-content\/uploads\/2025\/07\/Belgrade-protest-scaled-1.jpg\",\"contentUrl\":\"https:\/\/veritasinfo.org\/wp-content\/uploads\/2025\/07\/Belgrade-protest-scaled-1.jpg\",\"width\":2560,\"height\":1440},{\"@type\":\"BreadcrumbList\",\"@id\":\"https:\/\/veritasinfo.org\/?p=5598#breadcrumb\",\"itemListElement\":[{\"@type\":\"ListItem\",\"position\":1,\"name\":\"Home\",\"item\":\"https:\/\/veritasinfo.org\/\"},{\"@type\":\"ListItem\",\"position\":2,\"name\":\"Situata aktuale n\u00eb Serbi: Litiumi, protestat dhe fundi i iluzionit pro-evropian i Vu\u00e7i\u00e7it\"}]},{\"@type\":\"WebSite\",\"@id\":\"https:\/\/veritasinfo.org\/#website\",\"url\":\"https:\/\/veritasinfo.org\/\",\"name\":\"\",\"description\":\"\",\"potentialAction\":[{\"@type\":\"SearchAction\",\"target\":{\"@type\":\"EntryPoint\",\"urlTemplate\":\"https:\/\/veritasinfo.org\/?s={search_term_string}\"},\"query-input\":{\"@type\":\"PropertyValueSpecification\",\"valueRequired\":true,\"valueName\":\"search_term_string\"}}],\"inLanguage\":\"en-US\"},{\"@type\":\"Person\",\"@id\":\"https:\/\/veritasinfo.org\/#\/schema\/person\/c2b8be262ea994d0995addca692c5e98\",\"name\":\"US1\",\"image\":{\"@type\":\"ImageObject\",\"inLanguage\":\"en-US\",\"@id\":\"https:\/\/veritasinfo.org\/#\/schema\/person\/image\/\",\"url\":\"https:\/\/secure.gravatar.com\/avatar\/4e96a59bd256abf9956eb9963ac891a47461ffb364d47b0e9aab113328fdb75b?s=96&d=mm&r=g\",\"contentUrl\":\"https:\/\/secure.gravatar.com\/avatar\/4e96a59bd256abf9956eb9963ac891a47461ffb364d47b0e9aab113328fdb75b?s=96&d=mm&r=g\",\"caption\":\"US1\"},\"url\":\"https:\/\/veritasinfo.org\/?author=2\"}]}<\/script>\n<!-- \/ Yoast SEO plugin. -->","yoast_head_json":{"title":"Situata aktuale n\u00eb Serbi: Litiumi, protestat dhe fundi i iluzionit pro-evropian i Vu\u00e7i\u00e7it -","robots":{"index":"index","follow":"follow","max-snippet":"max-snippet:-1","max-image-preview":"max-image-preview:large","max-video-preview":"max-video-preview:-1"},"canonical":"https:\/\/veritasinfo.org\/?p=5598","og_locale":"en_US","og_type":"article","og_title":"Situata aktuale n\u00eb Serbi: Litiumi, protestat dhe fundi i iluzionit pro-evropian i Vu\u00e7i\u00e7it -","og_description":"Prishtin\u00eb, 28 Korrik 2025 \u00cbsht\u00eb e qart\u00eb se q\u00ebllimet e Rusis\u00eb ishin s\u00eb pari t\u00eb dob\u00ebsonte regjimin e Vu\u00e7i\u00e7it n\u00eb m\u00ebnyr\u00eb q\u00eb sh\u00ebrbimet ruse ta","og_url":"https:\/\/veritasinfo.org\/?p=5598","article_published_time":"2025-07-28T08:43:46+00:00","og_image":[{"width":2560,"height":1440,"url":"https:\/\/veritasinfo.org\/wp-content\/uploads\/2025\/07\/Belgrade-protest-scaled-1.jpg","type":"image\/jpeg"}],"author":"US1","twitter_card":"summary_large_image","twitter_misc":{"Written by":"US1","Est. reading time":"6 minutes"},"schema":{"@context":"https:\/\/schema.org","@graph":[{"@type":"WebPage","@id":"https:\/\/veritasinfo.org\/?p=5598","url":"https:\/\/veritasinfo.org\/?p=5598","name":"Situata aktuale n\u00eb Serbi: Litiumi, protestat dhe fundi i iluzionit pro-evropian i Vu\u00e7i\u00e7it -","isPartOf":{"@id":"https:\/\/veritasinfo.org\/#website"},"primaryImageOfPage":{"@id":"https:\/\/veritasinfo.org\/?p=5598#primaryimage"},"image":{"@id":"https:\/\/veritasinfo.org\/?p=5598#primaryimage"},"thumbnailUrl":"https:\/\/veritasinfo.org\/wp-content\/uploads\/2025\/07\/Belgrade-protest-scaled-1.jpg","datePublished":"2025-07-28T08:43:46+00:00","author":{"@id":"https:\/\/veritasinfo.org\/#\/schema\/person\/c2b8be262ea994d0995addca692c5e98"},"breadcrumb":{"@id":"https:\/\/veritasinfo.org\/?p=5598#breadcrumb"},"inLanguage":"en-US","potentialAction":[{"@type":"ReadAction","target":["https:\/\/veritasinfo.org\/?p=5598"]}]},{"@type":"ImageObject","inLanguage":"en-US","@id":"https:\/\/veritasinfo.org\/?p=5598#primaryimage","url":"https:\/\/veritasinfo.org\/wp-content\/uploads\/2025\/07\/Belgrade-protest-scaled-1.jpg","contentUrl":"https:\/\/veritasinfo.org\/wp-content\/uploads\/2025\/07\/Belgrade-protest-scaled-1.jpg","width":2560,"height":1440},{"@type":"BreadcrumbList","@id":"https:\/\/veritasinfo.org\/?p=5598#breadcrumb","itemListElement":[{"@type":"ListItem","position":1,"name":"Home","item":"https:\/\/veritasinfo.org\/"},{"@type":"ListItem","position":2,"name":"Situata aktuale n\u00eb Serbi: Litiumi, protestat dhe fundi i iluzionit pro-evropian i Vu\u00e7i\u00e7it"}]},{"@type":"WebSite","@id":"https:\/\/veritasinfo.org\/#website","url":"https:\/\/veritasinfo.org\/","name":"","description":"","potentialAction":[{"@type":"SearchAction","target":{"@type":"EntryPoint","urlTemplate":"https:\/\/veritasinfo.org\/?s={search_term_string}"},"query-input":{"@type":"PropertyValueSpecification","valueRequired":true,"valueName":"search_term_string"}}],"inLanguage":"en-US"},{"@type":"Person","@id":"https:\/\/veritasinfo.org\/#\/schema\/person\/c2b8be262ea994d0995addca692c5e98","name":"US1","image":{"@type":"ImageObject","inLanguage":"en-US","@id":"https:\/\/veritasinfo.org\/#\/schema\/person\/image\/","url":"https:\/\/secure.gravatar.com\/avatar\/4e96a59bd256abf9956eb9963ac891a47461ffb364d47b0e9aab113328fdb75b?s=96&d=mm&r=g","contentUrl":"https:\/\/secure.gravatar.com\/avatar\/4e96a59bd256abf9956eb9963ac891a47461ffb364d47b0e9aab113328fdb75b?s=96&d=mm&r=g","caption":"US1"},"url":"https:\/\/veritasinfo.org\/?author=2"}]}},"featured_image_urls":{"full":["https:\/\/veritasinfo.org\/wp-content\/uploads\/2025\/07\/Belgrade-protest-scaled-1.jpg",2560,1440,false],"thumbnail":["https:\/\/veritasinfo.org\/wp-content\/uploads\/2025\/07\/Belgrade-protest-scaled-1-150x150.jpg",150,150,true],"medium":["https:\/\/veritasinfo.org\/wp-content\/uploads\/2025\/07\/Belgrade-protest-scaled-1-300x169.jpg",300,169,true],"medium_large":["https:\/\/veritasinfo.org\/wp-content\/uploads\/2025\/07\/Belgrade-protest-scaled-1-768x432.jpg",640,360,true],"large":["https:\/\/veritasinfo.org\/wp-content\/uploads\/2025\/07\/Belgrade-protest-scaled-1-1024x576.jpg",640,360,true],"1536x1536":["https:\/\/veritasinfo.org\/wp-content\/uploads\/2025\/07\/Belgrade-protest-scaled-1-1536x864.jpg",1536,864,true],"2048x2048":["https:\/\/veritasinfo.org\/wp-content\/uploads\/2025\/07\/Belgrade-protest-scaled-1-2048x1152.jpg",2048,1152,true],"kreeti-slider-full":["https:\/\/veritasinfo.org\/wp-content\/uploads\/2025\/07\/Belgrade-protest-scaled-1.jpg",1280,720,false],"kreeti-featured":["https:\/\/veritasinfo.org\/wp-content\/uploads\/2025\/07\/Belgrade-protest-scaled-1.jpg",1024,576,false],"kreeti-medium":["https:\/\/veritasinfo.org\/wp-content\/uploads\/2025\/07\/Belgrade-protest-scaled-1.jpg",720,405,false],"kreeti-medium-square":["https:\/\/veritasinfo.org\/wp-content\/uploads\/2025\/07\/Belgrade-protest-scaled-1.jpg",350,197,false]},"author_info":{"info":["US1"]},"category_info":"<a href=\"https:\/\/veritasinfo.org\/?cat=58\" rel=\"category\">Politik\u00eb<\/a>","tag_info":"Politik\u00eb","comment_count":"0","_links":{"self":[{"href":"https:\/\/veritasinfo.org\/index.php?rest_route=\/wp\/v2\/posts\/5598","targetHints":{"allow":["GET"]}}],"collection":[{"href":"https:\/\/veritasinfo.org\/index.php?rest_route=\/wp\/v2\/posts"}],"about":[{"href":"https:\/\/veritasinfo.org\/index.php?rest_route=\/wp\/v2\/types\/post"}],"author":[{"embeddable":true,"href":"https:\/\/veritasinfo.org\/index.php?rest_route=\/wp\/v2\/users\/2"}],"replies":[{"embeddable":true,"href":"https:\/\/veritasinfo.org\/index.php?rest_route=%2Fwp%2Fv2%2Fcomments&post=5598"}],"version-history":[{"count":1,"href":"https:\/\/veritasinfo.org\/index.php?rest_route=\/wp\/v2\/posts\/5598\/revisions"}],"predecessor-version":[{"id":5602,"href":"https:\/\/veritasinfo.org\/index.php?rest_route=\/wp\/v2\/posts\/5598\/revisions\/5602"}],"wp:featuredmedia":[{"embeddable":true,"href":"https:\/\/veritasinfo.org\/index.php?rest_route=\/wp\/v2\/media\/5599"}],"wp:attachment":[{"href":"https:\/\/veritasinfo.org\/index.php?rest_route=%2Fwp%2Fv2%2Fmedia&parent=5598"}],"wp:term":[{"taxonomy":"category","embeddable":true,"href":"https:\/\/veritasinfo.org\/index.php?rest_route=%2Fwp%2Fv2%2Fcategories&post=5598"},{"taxonomy":"post_tag","embeddable":true,"href":"https:\/\/veritasinfo.org\/index.php?rest_route=%2Fwp%2Fv2%2Ftags&post=5598"}],"curies":[{"name":"wp","href":"https:\/\/api.w.org\/{rel}","templated":true}]}}