{"id":5593,"date":"2025-07-28T10:19:41","date_gmt":"2025-07-28T08:19:41","guid":{"rendered":"https:\/\/veritasinfo.org\/?p=5593"},"modified":"2025-07-28T10:19:41","modified_gmt":"2025-07-28T08:19:41","slug":"gjykimi-per-sulmin-ndaj-kkz-se-milenkoviq-dhe-vlajiq-denohen-me-nga-5-vjet-pantiq-me-2-vakiq-lirohet-nga-akuza","status":"publish","type":"post","link":"https:\/\/veritasinfo.org\/?p=5593","title":{"rendered":"Gjykimi p\u00ebr sulmin ndaj KKZ-s\u00eb: Milenkoviq dhe Vlajiq d\u00ebnohen me nga 5 vjet, Pantiq me 2, Vakiq lirohet nga akuza"},"content":{"rendered":"<p>Prishtin\u00eb, 28 korrik 2025<\/p>\n<p><strong>Prishtin\u00eb \u2013 Gjykata Themelore n\u00eb Prishtin\u00eb ka shpallur aktgjykim d\u00ebnues ndaj Dejan Pantiq, Milun Milenkoviq dhe Aleksander Vlajiq p\u00ebr sulmin ndaj zyrave t\u00eb KKZ-s\u00eb n\u00eb Mitrovic\u00ebn e Veriut, m\u00eb 6 dhjetor 2022. Pantiq u d\u00ebnua me 2 vjet burg, nd\u00ebrsa Milenkoviq dhe Vlajiq me nga 5 vjet. Miomir Vakiq u shpall i pafajsh\u00ebm dhe u lirua nga akuza.<\/strong><\/p>\n<p>Aktgjykimi u shpall t\u00eb h\u00ebn\u00ebn nga gjyqtari Valon Kurtaj. Milenkoviq dhe Vlajiq u d\u00ebnuan p\u00ebr vep\u00ebr penale terroriste, nd\u00ebrsa Pantiq p\u00ebr \u201cpjes\u00ebmarrje n\u00eb turm\u00eb q\u00eb kryen vep\u00ebr penale dhe huliganiz\u00ebm\u201d. T\u00eb treve do t\u2019u llogaritet koha e kaluar n\u00eb paraburgim. Milenkoviq mbetet n\u00eb paraburgim.<\/p>\n<p>T\u00eb d\u00ebnuarit obligohen t\u00eb paguajn\u00eb shpenzimet gjyq\u00ebsore dhe kontributin p\u00ebr fondin e viktimave. Komisioni Komunal Zgjedhor u udh\u00ebzua p\u00ebr k\u00ebrkes\u00ebn pasurore-juridike n\u00eb kontest civil.<\/p>\n<p>Ndaj aktgjykimit mund t\u00eb b\u00ebhet ankes\u00eb. N\u00eb seanc\u00ebn fillestare m\u00eb 30 janar 2024, t\u00eb kat\u00ebrtit ishin deklaruar t\u00eb pafajsh\u00ebm.<\/p>\n<p>Sipas aktakuz\u00ebs, m\u00eb 6 dhjetor 2022 ata kishin hedhur granata dhe shok-bomba ndaj zyrave t\u00eb KKZ-s\u00eb. Aktakuza u ngrit m\u00eb 13 dhjetor 2023 nga PSRK.<\/p>\n<p>Dejan Pantiq ishte arrestuar m\u00eb 10 dhjetor 2022 n\u00eb Jarinj\u00eb. Fillimisht i ishte caktuar paraburgim, e m\u00eb pas arrest sht\u00ebpiak. Arrestimi i tij kishte shkaktuar tensione dhe vendosje t\u00eb barrikadave n\u00eb veri.<\/p>\n","protected":false},"excerpt":{"rendered":"<p>Prishtin\u00eb, 28 korrik 2025 Prishtin\u00eb \u2013 Gjykata Themelore n\u00eb Prishtin\u00eb ka shpallur aktgjykim d\u00ebnues ndaj Dejan Pantiq, Milun Milenkoviq dhe Aleksander Vlajiq p\u00ebr sulmin ndaj<\/p>\n","protected":false},"author":1,"featured_media":5594,"comment_status":"open","ping_status":"open","sticky":false,"template":"","format":"standard","meta":{"footnotes":""},"categories":[60],"tags":[],"class_list":["post-5593","post","type-post","status-publish","format-standard","has-post-thumbnail","hentry","category-shoqerore-sq"],"yoast_head":"<!-- This site is optimized with the Yoast SEO plugin v25.3.1 - https:\/\/yoast.com\/wordpress\/plugins\/seo\/ -->\n<title>Gjykimi p\u00ebr sulmin ndaj KKZ-s\u00eb: Milenkoviq dhe Vlajiq d\u00ebnohen me nga 5 vjet, Pantiq me 2, Vakiq lirohet nga akuza -<\/title>\n<meta name=\"robots\" content=\"index, follow, max-snippet:-1, max-image-preview:large, max-video-preview:-1\" \/>\n<link rel=\"canonical\" href=\"https:\/\/veritasinfo.org\/?p=5593\" \/>\n<meta property=\"og:locale\" content=\"en_US\" \/>\n<meta property=\"og:type\" content=\"article\" \/>\n<meta property=\"og:title\" content=\"Gjykimi p\u00ebr sulmin ndaj KKZ-s\u00eb: Milenkoviq dhe Vlajiq d\u00ebnohen me nga 5 vjet, Pantiq me 2, Vakiq lirohet nga akuza -\" \/>\n<meta property=\"og:description\" content=\"Prishtin\u00eb, 28 korrik 2025 Prishtin\u00eb \u2013 Gjykata Themelore n\u00eb Prishtin\u00eb ka shpallur aktgjykim d\u00ebnues ndaj Dejan Pantiq, Milun Milenkoviq dhe Aleksander Vlajiq p\u00ebr sulmin ndaj\" \/>\n<meta property=\"og:url\" content=\"https:\/\/veritasinfo.org\/?p=5593\" \/>\n<meta property=\"article:published_time\" content=\"2025-07-28T08:19:41+00:00\" \/>\n<meta property=\"og:image\" content=\"https:\/\/veritasinfo.org\/wp-content\/uploads\/2025\/07\/IMG_2093.webp\" \/>\n\t<meta property=\"og:image:width\" content=\"1360\" \/>\n\t<meta property=\"og:image:height\" content=\"870\" \/>\n\t<meta property=\"og:image:type\" content=\"image\/webp\" \/>\n<meta name=\"author\" content=\"admin\" \/>\n<meta name=\"twitter:card\" content=\"summary_large_image\" \/>\n<meta name=\"twitter:label1\" content=\"Written by\" \/>\n\t<meta name=\"twitter:data1\" content=\"admin\" \/>\n\t<meta name=\"twitter:label2\" content=\"Est. reading time\" \/>\n\t<meta name=\"twitter:data2\" content=\"2 minutes\" \/>\n<script type=\"application\/ld+json\" class=\"yoast-schema-graph\">{\"@context\":\"https:\/\/schema.org\",\"@graph\":[{\"@type\":\"WebPage\",\"@id\":\"https:\/\/veritasinfo.org\/?p=5593\",\"url\":\"https:\/\/veritasinfo.org\/?p=5593\",\"name\":\"Gjykimi p\u00ebr sulmin ndaj KKZ-s\u00eb: Milenkoviq dhe Vlajiq d\u00ebnohen me nga 5 vjet, Pantiq me 2, Vakiq lirohet nga akuza -\",\"isPartOf\":{\"@id\":\"https:\/\/veritasinfo.org\/#website\"},\"primaryImageOfPage\":{\"@id\":\"https:\/\/veritasinfo.org\/?p=5593#primaryimage\"},\"image\":{\"@id\":\"https:\/\/veritasinfo.org\/?p=5593#primaryimage\"},\"thumbnailUrl\":\"https:\/\/veritasinfo.org\/wp-content\/uploads\/2025\/07\/IMG_2093.webp\",\"datePublished\":\"2025-07-28T08:19:41+00:00\",\"author\":{\"@id\":\"https:\/\/veritasinfo.org\/#\/schema\/person\/7701f8c088bece422266b100a712374f\"},\"breadcrumb\":{\"@id\":\"https:\/\/veritasinfo.org\/?p=5593#breadcrumb\"},\"inLanguage\":\"en-US\",\"potentialAction\":[{\"@type\":\"ReadAction\",\"target\":[\"https:\/\/veritasinfo.org\/?p=5593\"]}]},{\"@type\":\"ImageObject\",\"inLanguage\":\"en-US\",\"@id\":\"https:\/\/veritasinfo.org\/?p=5593#primaryimage\",\"url\":\"https:\/\/veritasinfo.org\/wp-content\/uploads\/2025\/07\/IMG_2093.webp\",\"contentUrl\":\"https:\/\/veritasinfo.org\/wp-content\/uploads\/2025\/07\/IMG_2093.webp\",\"width\":1360,\"height\":870},{\"@type\":\"BreadcrumbList\",\"@id\":\"https:\/\/veritasinfo.org\/?p=5593#breadcrumb\",\"itemListElement\":[{\"@type\":\"ListItem\",\"position\":1,\"name\":\"Home\",\"item\":\"https:\/\/veritasinfo.org\/\"},{\"@type\":\"ListItem\",\"position\":2,\"name\":\"Gjykimi p\u00ebr sulmin ndaj KKZ-s\u00eb: Milenkoviq dhe Vlajiq d\u00ebnohen me nga 5 vjet, Pantiq me 2, Vakiq lirohet nga akuza\"}]},{\"@type\":\"WebSite\",\"@id\":\"https:\/\/veritasinfo.org\/#website\",\"url\":\"https:\/\/veritasinfo.org\/\",\"name\":\"\",\"description\":\"\",\"potentialAction\":[{\"@type\":\"SearchAction\",\"target\":{\"@type\":\"EntryPoint\",\"urlTemplate\":\"https:\/\/veritasinfo.org\/?s={search_term_string}\"},\"query-input\":{\"@type\":\"PropertyValueSpecification\",\"valueRequired\":true,\"valueName\":\"search_term_string\"}}],\"inLanguage\":\"en-US\"},{\"@type\":\"Person\",\"@id\":\"https:\/\/veritasinfo.org\/#\/schema\/person\/7701f8c088bece422266b100a712374f\",\"name\":\"admin\",\"image\":{\"@type\":\"ImageObject\",\"inLanguage\":\"en-US\",\"@id\":\"https:\/\/veritasinfo.org\/#\/schema\/person\/image\/\",\"url\":\"https:\/\/secure.gravatar.com\/avatar\/ea53aa3bf6c9a12d5fde8ce4deff43fef3885ae33cf60184161a50d6987cfd2f?s=96&d=mm&r=g\",\"contentUrl\":\"https:\/\/secure.gravatar.com\/avatar\/ea53aa3bf6c9a12d5fde8ce4deff43fef3885ae33cf60184161a50d6987cfd2f?s=96&d=mm&r=g\",\"caption\":\"admin\"},\"sameAs\":[\"https:\/\/veritasinfo.org\"],\"url\":\"https:\/\/veritasinfo.org\/?author=1\"}]}<\/script>\n<!-- \/ Yoast SEO plugin. -->","yoast_head_json":{"title":"Gjykimi p\u00ebr sulmin ndaj KKZ-s\u00eb: Milenkoviq dhe Vlajiq d\u00ebnohen me nga 5 vjet, Pantiq me 2, Vakiq lirohet nga akuza -","robots":{"index":"index","follow":"follow","max-snippet":"max-snippet:-1","max-image-preview":"max-image-preview:large","max-video-preview":"max-video-preview:-1"},"canonical":"https:\/\/veritasinfo.org\/?p=5593","og_locale":"en_US","og_type":"article","og_title":"Gjykimi p\u00ebr sulmin ndaj KKZ-s\u00eb: Milenkoviq dhe Vlajiq d\u00ebnohen me nga 5 vjet, Pantiq me 2, Vakiq lirohet nga akuza -","og_description":"Prishtin\u00eb, 28 korrik 2025 Prishtin\u00eb \u2013 Gjykata Themelore n\u00eb Prishtin\u00eb ka shpallur aktgjykim d\u00ebnues ndaj Dejan Pantiq, Milun Milenkoviq dhe Aleksander Vlajiq p\u00ebr sulmin ndaj","og_url":"https:\/\/veritasinfo.org\/?p=5593","article_published_time":"2025-07-28T08:19:41+00:00","og_image":[{"width":1360,"height":870,"url":"https:\/\/veritasinfo.org\/wp-content\/uploads\/2025\/07\/IMG_2093.webp","type":"image\/webp"}],"author":"admin","twitter_card":"summary_large_image","twitter_misc":{"Written by":"admin","Est. reading time":"2 minutes"},"schema":{"@context":"https:\/\/schema.org","@graph":[{"@type":"WebPage","@id":"https:\/\/veritasinfo.org\/?p=5593","url":"https:\/\/veritasinfo.org\/?p=5593","name":"Gjykimi p\u00ebr sulmin ndaj KKZ-s\u00eb: Milenkoviq dhe Vlajiq d\u00ebnohen me nga 5 vjet, Pantiq me 2, Vakiq lirohet nga akuza -","isPartOf":{"@id":"https:\/\/veritasinfo.org\/#website"},"primaryImageOfPage":{"@id":"https:\/\/veritasinfo.org\/?p=5593#primaryimage"},"image":{"@id":"https:\/\/veritasinfo.org\/?p=5593#primaryimage"},"thumbnailUrl":"https:\/\/veritasinfo.org\/wp-content\/uploads\/2025\/07\/IMG_2093.webp","datePublished":"2025-07-28T08:19:41+00:00","author":{"@id":"https:\/\/veritasinfo.org\/#\/schema\/person\/7701f8c088bece422266b100a712374f"},"breadcrumb":{"@id":"https:\/\/veritasinfo.org\/?p=5593#breadcrumb"},"inLanguage":"en-US","potentialAction":[{"@type":"ReadAction","target":["https:\/\/veritasinfo.org\/?p=5593"]}]},{"@type":"ImageObject","inLanguage":"en-US","@id":"https:\/\/veritasinfo.org\/?p=5593#primaryimage","url":"https:\/\/veritasinfo.org\/wp-content\/uploads\/2025\/07\/IMG_2093.webp","contentUrl":"https:\/\/veritasinfo.org\/wp-content\/uploads\/2025\/07\/IMG_2093.webp","width":1360,"height":870},{"@type":"BreadcrumbList","@id":"https:\/\/veritasinfo.org\/?p=5593#breadcrumb","itemListElement":[{"@type":"ListItem","position":1,"name":"Home","item":"https:\/\/veritasinfo.org\/"},{"@type":"ListItem","position":2,"name":"Gjykimi p\u00ebr sulmin ndaj KKZ-s\u00eb: Milenkoviq dhe Vlajiq d\u00ebnohen me nga 5 vjet, Pantiq me 2, Vakiq lirohet nga akuza"}]},{"@type":"WebSite","@id":"https:\/\/veritasinfo.org\/#website","url":"https:\/\/veritasinfo.org\/","name":"","description":"","potentialAction":[{"@type":"SearchAction","target":{"@type":"EntryPoint","urlTemplate":"https:\/\/veritasinfo.org\/?s={search_term_string}"},"query-input":{"@type":"PropertyValueSpecification","valueRequired":true,"valueName":"search_term_string"}}],"inLanguage":"en-US"},{"@type":"Person","@id":"https:\/\/veritasinfo.org\/#\/schema\/person\/7701f8c088bece422266b100a712374f","name":"admin","image":{"@type":"ImageObject","inLanguage":"en-US","@id":"https:\/\/veritasinfo.org\/#\/schema\/person\/image\/","url":"https:\/\/secure.gravatar.com\/avatar\/ea53aa3bf6c9a12d5fde8ce4deff43fef3885ae33cf60184161a50d6987cfd2f?s=96&d=mm&r=g","contentUrl":"https:\/\/secure.gravatar.com\/avatar\/ea53aa3bf6c9a12d5fde8ce4deff43fef3885ae33cf60184161a50d6987cfd2f?s=96&d=mm&r=g","caption":"admin"},"sameAs":["https:\/\/veritasinfo.org"],"url":"https:\/\/veritasinfo.org\/?author=1"}]}},"featured_image_urls":{"full":["https:\/\/veritasinfo.org\/wp-content\/uploads\/2025\/07\/IMG_2093.webp",1360,870,false],"thumbnail":["https:\/\/veritasinfo.org\/wp-content\/uploads\/2025\/07\/IMG_2093-150x150.webp",150,150,true],"medium":["https:\/\/veritasinfo.org\/wp-content\/uploads\/2025\/07\/IMG_2093-300x192.webp",300,192,true],"medium_large":["https:\/\/veritasinfo.org\/wp-content\/uploads\/2025\/07\/IMG_2093-768x491.webp",640,409,true],"large":["https:\/\/veritasinfo.org\/wp-content\/uploads\/2025\/07\/IMG_2093-1024x655.webp",640,409,true],"1536x1536":["https:\/\/veritasinfo.org\/wp-content\/uploads\/2025\/07\/IMG_2093.webp",1360,870,false],"2048x2048":["https:\/\/veritasinfo.org\/wp-content\/uploads\/2025\/07\/IMG_2093.webp",1360,870,false],"kreeti-slider-full":["https:\/\/veritasinfo.org\/wp-content\/uploads\/2025\/07\/IMG_2093.webp",1126,720,false],"kreeti-featured":["https:\/\/veritasinfo.org\/wp-content\/uploads\/2025\/07\/IMG_2093.webp",1024,655,false],"kreeti-medium":["https:\/\/veritasinfo.org\/wp-content\/uploads\/2025\/07\/IMG_2093.webp",720,461,false],"kreeti-medium-square":["https:\/\/veritasinfo.org\/wp-content\/uploads\/2025\/07\/IMG_2093.webp",350,224,false]},"author_info":{"info":["admin"]},"category_info":"<a href=\"https:\/\/veritasinfo.org\/?cat=60\" rel=\"category\">Shoq\u00ebrore<\/a>","tag_info":"Shoq\u00ebrore","comment_count":"0","_links":{"self":[{"href":"https:\/\/veritasinfo.org\/index.php?rest_route=\/wp\/v2\/posts\/5593","targetHints":{"allow":["GET"]}}],"collection":[{"href":"https:\/\/veritasinfo.org\/index.php?rest_route=\/wp\/v2\/posts"}],"about":[{"href":"https:\/\/veritasinfo.org\/index.php?rest_route=\/wp\/v2\/types\/post"}],"author":[{"embeddable":true,"href":"https:\/\/veritasinfo.org\/index.php?rest_route=\/wp\/v2\/users\/1"}],"replies":[{"embeddable":true,"href":"https:\/\/veritasinfo.org\/index.php?rest_route=%2Fwp%2Fv2%2Fcomments&post=5593"}],"version-history":[{"count":1,"href":"https:\/\/veritasinfo.org\/index.php?rest_route=\/wp\/v2\/posts\/5593\/revisions"}],"predecessor-version":[{"id":5595,"href":"https:\/\/veritasinfo.org\/index.php?rest_route=\/wp\/v2\/posts\/5593\/revisions\/5595"}],"wp:featuredmedia":[{"embeddable":true,"href":"https:\/\/veritasinfo.org\/index.php?rest_route=\/wp\/v2\/media\/5594"}],"wp:attachment":[{"href":"https:\/\/veritasinfo.org\/index.php?rest_route=%2Fwp%2Fv2%2Fmedia&parent=5593"}],"wp:term":[{"taxonomy":"category","embeddable":true,"href":"https:\/\/veritasinfo.org\/index.php?rest_route=%2Fwp%2Fv2%2Fcategories&post=5593"},{"taxonomy":"post_tag","embeddable":true,"href":"https:\/\/veritasinfo.org\/index.php?rest_route=%2Fwp%2Fv2%2Ftags&post=5593"}],"curies":[{"name":"wp","href":"https:\/\/api.w.org\/{rel}","templated":true}]}}