{"id":5582,"date":"2025-07-28T08:17:57","date_gmt":"2025-07-28T06:17:57","guid":{"rendered":"https:\/\/veritasinfo.org\/?p=5582"},"modified":"2025-07-28T08:30:27","modified_gmt":"2025-07-28T06:30:27","slug":"sot-shpallet-vendimi-gjyqesor-per-ivica-rajkoviq-dhe-dragan-deniq-te-akuzuar-per-dhunim-gjate-luftes","status":"publish","type":"post","link":"https:\/\/veritasinfo.org\/?p=5582","title":{"rendered":"Sot shpallet vendimi gjyq\u00ebsor p\u00ebr Ivica Rajkoviq dhe Dragan Deniq, t\u00eb akuzuar p\u00ebr dhunim gjat\u00eb luft\u00ebs"},"content":{"rendered":"<p>Prishtin\u00eb, 28 korrik 2025<\/p>\n<p><strong>N\u00eb Gjykat\u00ebn Themelore n\u00eb Prishtin\u00eb, sot do t\u00eb shpallet aktgjykimi i par\u00eb n\u00eb munges\u00eb lidhur me dhunim seksual gjat\u00eb luft\u00ebs n\u00eb Kosov\u00eb. T\u00eb akuzuar n\u00eb k\u00ebt\u00eb rast jan\u00eb Ivica Rajkoviq dhe Dragan Deniq, t\u00eb cil\u00ebt n\u00eb koh\u00ebn e kryerjes s\u00eb vepr\u00ebs ishin pjes\u00ebtar\u00eb t\u00eb policis\u00eb n\u00eb Prishtin\u00eb, raporton KosovaPress.<\/strong><\/p>\n<p>Sipas d\u00ebshmive t\u00eb paraqitura n\u00eb gjykat\u00eb, p\u00ebrve\u00e7 dhunimit seksual, t\u00eb dy t\u00eb akuzuarit dyshohet se kan\u00eb kryer edhe krime t\u00eb tjera t\u00eb luft\u00ebs, si maltretime, pla\u00e7kitje dhe tortura, por k\u00ebto nuk jan\u00eb p\u00ebrfshir\u00eb n\u00eb k\u00ebt\u00eb aktakuz\u00eb konkrete.<\/p>\n<p>Rasti i dhunimit ka ndodhur n\u00eb lagjen Kolovic\u00eb t\u00eb Prishtin\u00ebs. Viktima \u00ebsht\u00eb dhunuar nga gjasht\u00eb persona, nd\u00ebrsa vet\u00ebm Rajkoviq dhe Deniq jan\u00eb identifikuar nga ajo. Dhunimi \u00ebsht\u00eb kryer para syve t\u00eb burrit t\u00eb saj, i cili ka qen\u00eb d\u00ebshmitari kryesor n\u00eb procesin gjyq\u00ebsor.<\/p>\n<p>Ky \u00ebsht\u00eb rasti i kat\u00ebrt q\u00eb arrin p\u00ebrfundimin n\u00eb gjykat\u00eb dhe \u00ebsht\u00eb trajtuar nga Qendra Kosovare p\u00ebr Rehabilitimin e t\u00eb Mbijetuarve t\u00eb Tortur\u00ebs (QKRMT). Gjykimi \u00ebsht\u00eb zhvilluar n\u00eb munges\u00eb, p\u00ebr shkak t\u00eb pamund\u00ebsis\u00eb p\u00ebr t\u2019i arrestuar t\u00eb dyshuarit.<\/p>\n<p>Deri m\u00eb tani, jan\u00eb dh\u00ebn\u00eb tri aktgjykime p\u00ebr dhunim seksual gjat\u00eb luft\u00ebs n\u00eb Kosov\u00eb: Zoran Vukotiq \u00ebsht\u00eb d\u00ebnuar me 13 vjet burg n\u00eb nj\u00eb rast, n\u00eb nj\u00eb rast tjet\u00ebr \u00ebsht\u00eb shpallur i pafajsh\u00ebm, nd\u00ebrsa Zhivojin Nesiq, i njohur si \u201cZhika\u201d, \u00ebsht\u00eb d\u00ebnuar me 15 vjet burgim.<\/p>\n","protected":false},"excerpt":{"rendered":"<p>Prishtin\u00eb, 28 korrik 2025 N\u00eb Gjykat\u00ebn Themelore n\u00eb Prishtin\u00eb, sot do t\u00eb shpallet aktgjykimi i par\u00eb n\u00eb munges\u00eb lidhur me dhunim seksual gjat\u00eb luft\u00ebs n\u00eb<\/p>\n","protected":false},"author":1,"featured_media":5592,"comment_status":"open","ping_status":"open","sticky":false,"template":"","format":"standard","meta":{"footnotes":""},"categories":[60],"tags":[],"class_list":["post-5582","post","type-post","status-publish","format-standard","has-post-thumbnail","hentry","category-shoqerore-sq"],"yoast_head":"<!-- This site is optimized with the Yoast SEO plugin v25.3.1 - https:\/\/yoast.com\/wordpress\/plugins\/seo\/ -->\n<title>Sot shpallet vendimi gjyq\u00ebsor p\u00ebr Ivica Rajkoviq dhe Dragan Deniq, t\u00eb akuzuar p\u00ebr dhunim gjat\u00eb luft\u00ebs -<\/title>\n<meta name=\"robots\" content=\"index, follow, max-snippet:-1, max-image-preview:large, max-video-preview:-1\" \/>\n<link rel=\"canonical\" href=\"https:\/\/veritasinfo.org\/?p=5582\" \/>\n<meta property=\"og:locale\" content=\"en_US\" \/>\n<meta property=\"og:type\" content=\"article\" \/>\n<meta property=\"og:title\" content=\"Sot shpallet vendimi gjyq\u00ebsor p\u00ebr Ivica Rajkoviq dhe Dragan Deniq, t\u00eb akuzuar p\u00ebr dhunim gjat\u00eb luft\u00ebs -\" \/>\n<meta property=\"og:description\" content=\"Prishtin\u00eb, 28 korrik 2025 N\u00eb Gjykat\u00ebn Themelore n\u00eb Prishtin\u00eb, sot do t\u00eb shpallet aktgjykimi i par\u00eb n\u00eb munges\u00eb lidhur me dhunim seksual gjat\u00eb luft\u00ebs n\u00eb\" \/>\n<meta property=\"og:url\" content=\"https:\/\/veritasinfo.org\/?p=5582\" \/>\n<meta property=\"article:published_time\" content=\"2025-07-28T06:17:57+00:00\" \/>\n<meta property=\"article:modified_time\" content=\"2025-07-28T06:30:27+00:00\" \/>\n<meta property=\"og:image\" content=\"https:\/\/veritasinfo.org\/wp-content\/uploads\/2025\/07\/Gjykata-themelore-Prishtine-600x360-1.jpeg\" \/>\n\t<meta property=\"og:image:width\" content=\"600\" \/>\n\t<meta property=\"og:image:height\" content=\"360\" \/>\n\t<meta property=\"og:image:type\" content=\"image\/jpeg\" \/>\n<meta name=\"author\" content=\"admin\" \/>\n<meta name=\"twitter:card\" content=\"summary_large_image\" \/>\n<meta name=\"twitter:label1\" content=\"Written by\" \/>\n\t<meta name=\"twitter:data1\" content=\"admin\" \/>\n\t<meta name=\"twitter:label2\" content=\"Est. reading time\" \/>\n\t<meta name=\"twitter:data2\" content=\"2 minutes\" \/>\n<script type=\"application\/ld+json\" class=\"yoast-schema-graph\">{\"@context\":\"https:\/\/schema.org\",\"@graph\":[{\"@type\":\"WebPage\",\"@id\":\"https:\/\/veritasinfo.org\/?p=5582\",\"url\":\"https:\/\/veritasinfo.org\/?p=5582\",\"name\":\"Sot shpallet vendimi gjyq\u00ebsor p\u00ebr Ivica Rajkoviq dhe Dragan Deniq, t\u00eb akuzuar p\u00ebr dhunim gjat\u00eb luft\u00ebs -\",\"isPartOf\":{\"@id\":\"https:\/\/veritasinfo.org\/#website\"},\"primaryImageOfPage\":{\"@id\":\"https:\/\/veritasinfo.org\/?p=5582#primaryimage\"},\"image\":{\"@id\":\"https:\/\/veritasinfo.org\/?p=5582#primaryimage\"},\"thumbnailUrl\":\"https:\/\/veritasinfo.org\/wp-content\/uploads\/2025\/07\/Gjykata-themelore-Prishtine-600x360-1.jpeg\",\"datePublished\":\"2025-07-28T06:17:57+00:00\",\"dateModified\":\"2025-07-28T06:30:27+00:00\",\"author\":{\"@id\":\"https:\/\/veritasinfo.org\/#\/schema\/person\/7701f8c088bece422266b100a712374f\"},\"breadcrumb\":{\"@id\":\"https:\/\/veritasinfo.org\/?p=5582#breadcrumb\"},\"inLanguage\":\"en-US\",\"potentialAction\":[{\"@type\":\"ReadAction\",\"target\":[\"https:\/\/veritasinfo.org\/?p=5582\"]}]},{\"@type\":\"ImageObject\",\"inLanguage\":\"en-US\",\"@id\":\"https:\/\/veritasinfo.org\/?p=5582#primaryimage\",\"url\":\"https:\/\/veritasinfo.org\/wp-content\/uploads\/2025\/07\/Gjykata-themelore-Prishtine-600x360-1.jpeg\",\"contentUrl\":\"https:\/\/veritasinfo.org\/wp-content\/uploads\/2025\/07\/Gjykata-themelore-Prishtine-600x360-1.jpeg\",\"width\":600,\"height\":360},{\"@type\":\"BreadcrumbList\",\"@id\":\"https:\/\/veritasinfo.org\/?p=5582#breadcrumb\",\"itemListElement\":[{\"@type\":\"ListItem\",\"position\":1,\"name\":\"Home\",\"item\":\"https:\/\/veritasinfo.org\/\"},{\"@type\":\"ListItem\",\"position\":2,\"name\":\"Sot shpallet vendimi gjyq\u00ebsor p\u00ebr Ivica Rajkoviq dhe Dragan Deniq, t\u00eb akuzuar p\u00ebr dhunim gjat\u00eb luft\u00ebs\"}]},{\"@type\":\"WebSite\",\"@id\":\"https:\/\/veritasinfo.org\/#website\",\"url\":\"https:\/\/veritasinfo.org\/\",\"name\":\"\",\"description\":\"\",\"potentialAction\":[{\"@type\":\"SearchAction\",\"target\":{\"@type\":\"EntryPoint\",\"urlTemplate\":\"https:\/\/veritasinfo.org\/?s={search_term_string}\"},\"query-input\":{\"@type\":\"PropertyValueSpecification\",\"valueRequired\":true,\"valueName\":\"search_term_string\"}}],\"inLanguage\":\"en-US\"},{\"@type\":\"Person\",\"@id\":\"https:\/\/veritasinfo.org\/#\/schema\/person\/7701f8c088bece422266b100a712374f\",\"name\":\"admin\",\"image\":{\"@type\":\"ImageObject\",\"inLanguage\":\"en-US\",\"@id\":\"https:\/\/veritasinfo.org\/#\/schema\/person\/image\/\",\"url\":\"https:\/\/secure.gravatar.com\/avatar\/ea53aa3bf6c9a12d5fde8ce4deff43fef3885ae33cf60184161a50d6987cfd2f?s=96&d=mm&r=g\",\"contentUrl\":\"https:\/\/secure.gravatar.com\/avatar\/ea53aa3bf6c9a12d5fde8ce4deff43fef3885ae33cf60184161a50d6987cfd2f?s=96&d=mm&r=g\",\"caption\":\"admin\"},\"sameAs\":[\"https:\/\/veritasinfo.org\"],\"url\":\"https:\/\/veritasinfo.org\/?author=1\"}]}<\/script>\n<!-- \/ Yoast SEO plugin. -->","yoast_head_json":{"title":"Sot shpallet vendimi gjyq\u00ebsor p\u00ebr Ivica Rajkoviq dhe Dragan Deniq, t\u00eb akuzuar p\u00ebr dhunim gjat\u00eb luft\u00ebs -","robots":{"index":"index","follow":"follow","max-snippet":"max-snippet:-1","max-image-preview":"max-image-preview:large","max-video-preview":"max-video-preview:-1"},"canonical":"https:\/\/veritasinfo.org\/?p=5582","og_locale":"en_US","og_type":"article","og_title":"Sot shpallet vendimi gjyq\u00ebsor p\u00ebr Ivica Rajkoviq dhe Dragan Deniq, t\u00eb akuzuar p\u00ebr dhunim gjat\u00eb luft\u00ebs -","og_description":"Prishtin\u00eb, 28 korrik 2025 N\u00eb Gjykat\u00ebn Themelore n\u00eb Prishtin\u00eb, sot do t\u00eb shpallet aktgjykimi i par\u00eb n\u00eb munges\u00eb lidhur me dhunim seksual gjat\u00eb luft\u00ebs n\u00eb","og_url":"https:\/\/veritasinfo.org\/?p=5582","article_published_time":"2025-07-28T06:17:57+00:00","article_modified_time":"2025-07-28T06:30:27+00:00","og_image":[{"width":600,"height":360,"url":"https:\/\/veritasinfo.org\/wp-content\/uploads\/2025\/07\/Gjykata-themelore-Prishtine-600x360-1.jpeg","type":"image\/jpeg"}],"author":"admin","twitter_card":"summary_large_image","twitter_misc":{"Written by":"admin","Est. reading time":"2 minutes"},"schema":{"@context":"https:\/\/schema.org","@graph":[{"@type":"WebPage","@id":"https:\/\/veritasinfo.org\/?p=5582","url":"https:\/\/veritasinfo.org\/?p=5582","name":"Sot shpallet vendimi gjyq\u00ebsor p\u00ebr Ivica Rajkoviq dhe Dragan Deniq, t\u00eb akuzuar p\u00ebr dhunim gjat\u00eb luft\u00ebs -","isPartOf":{"@id":"https:\/\/veritasinfo.org\/#website"},"primaryImageOfPage":{"@id":"https:\/\/veritasinfo.org\/?p=5582#primaryimage"},"image":{"@id":"https:\/\/veritasinfo.org\/?p=5582#primaryimage"},"thumbnailUrl":"https:\/\/veritasinfo.org\/wp-content\/uploads\/2025\/07\/Gjykata-themelore-Prishtine-600x360-1.jpeg","datePublished":"2025-07-28T06:17:57+00:00","dateModified":"2025-07-28T06:30:27+00:00","author":{"@id":"https:\/\/veritasinfo.org\/#\/schema\/person\/7701f8c088bece422266b100a712374f"},"breadcrumb":{"@id":"https:\/\/veritasinfo.org\/?p=5582#breadcrumb"},"inLanguage":"en-US","potentialAction":[{"@type":"ReadAction","target":["https:\/\/veritasinfo.org\/?p=5582"]}]},{"@type":"ImageObject","inLanguage":"en-US","@id":"https:\/\/veritasinfo.org\/?p=5582#primaryimage","url":"https:\/\/veritasinfo.org\/wp-content\/uploads\/2025\/07\/Gjykata-themelore-Prishtine-600x360-1.jpeg","contentUrl":"https:\/\/veritasinfo.org\/wp-content\/uploads\/2025\/07\/Gjykata-themelore-Prishtine-600x360-1.jpeg","width":600,"height":360},{"@type":"BreadcrumbList","@id":"https:\/\/veritasinfo.org\/?p=5582#breadcrumb","itemListElement":[{"@type":"ListItem","position":1,"name":"Home","item":"https:\/\/veritasinfo.org\/"},{"@type":"ListItem","position":2,"name":"Sot shpallet vendimi gjyq\u00ebsor p\u00ebr Ivica Rajkoviq dhe Dragan Deniq, t\u00eb akuzuar p\u00ebr dhunim gjat\u00eb luft\u00ebs"}]},{"@type":"WebSite","@id":"https:\/\/veritasinfo.org\/#website","url":"https:\/\/veritasinfo.org\/","name":"","description":"","potentialAction":[{"@type":"SearchAction","target":{"@type":"EntryPoint","urlTemplate":"https:\/\/veritasinfo.org\/?s={search_term_string}"},"query-input":{"@type":"PropertyValueSpecification","valueRequired":true,"valueName":"search_term_string"}}],"inLanguage":"en-US"},{"@type":"Person","@id":"https:\/\/veritasinfo.org\/#\/schema\/person\/7701f8c088bece422266b100a712374f","name":"admin","image":{"@type":"ImageObject","inLanguage":"en-US","@id":"https:\/\/veritasinfo.org\/#\/schema\/person\/image\/","url":"https:\/\/secure.gravatar.com\/avatar\/ea53aa3bf6c9a12d5fde8ce4deff43fef3885ae33cf60184161a50d6987cfd2f?s=96&d=mm&r=g","contentUrl":"https:\/\/secure.gravatar.com\/avatar\/ea53aa3bf6c9a12d5fde8ce4deff43fef3885ae33cf60184161a50d6987cfd2f?s=96&d=mm&r=g","caption":"admin"},"sameAs":["https:\/\/veritasinfo.org"],"url":"https:\/\/veritasinfo.org\/?author=1"}]}},"featured_image_urls":{"full":["https:\/\/veritasinfo.org\/wp-content\/uploads\/2025\/07\/Gjykata-themelore-Prishtine-600x360-1.jpeg",600,360,false],"thumbnail":["https:\/\/veritasinfo.org\/wp-content\/uploads\/2025\/07\/Gjykata-themelore-Prishtine-600x360-1-150x150.jpeg",150,150,true],"medium":["https:\/\/veritasinfo.org\/wp-content\/uploads\/2025\/07\/Gjykata-themelore-Prishtine-600x360-1-300x180.jpeg",300,180,true],"medium_large":["https:\/\/veritasinfo.org\/wp-content\/uploads\/2025\/07\/Gjykata-themelore-Prishtine-600x360-1.jpeg",600,360,false],"large":["https:\/\/veritasinfo.org\/wp-content\/uploads\/2025\/07\/Gjykata-themelore-Prishtine-600x360-1.jpeg",600,360,false],"1536x1536":["https:\/\/veritasinfo.org\/wp-content\/uploads\/2025\/07\/Gjykata-themelore-Prishtine-600x360-1.jpeg",600,360,false],"2048x2048":["https:\/\/veritasinfo.org\/wp-content\/uploads\/2025\/07\/Gjykata-themelore-Prishtine-600x360-1.jpeg",600,360,false],"kreeti-slider-full":["https:\/\/veritasinfo.org\/wp-content\/uploads\/2025\/07\/Gjykata-themelore-Prishtine-600x360-1.jpeg",600,360,false],"kreeti-featured":["https:\/\/veritasinfo.org\/wp-content\/uploads\/2025\/07\/Gjykata-themelore-Prishtine-600x360-1.jpeg",600,360,false],"kreeti-medium":["https:\/\/veritasinfo.org\/wp-content\/uploads\/2025\/07\/Gjykata-themelore-Prishtine-600x360-1.jpeg",600,360,false],"kreeti-medium-square":["https:\/\/veritasinfo.org\/wp-content\/uploads\/2025\/07\/Gjykata-themelore-Prishtine-600x360-1.jpeg",350,210,false]},"author_info":{"info":["admin"]},"category_info":"<a href=\"https:\/\/veritasinfo.org\/?cat=60\" rel=\"category\">Shoq\u00ebrore<\/a>","tag_info":"Shoq\u00ebrore","comment_count":"0","_links":{"self":[{"href":"https:\/\/veritasinfo.org\/index.php?rest_route=\/wp\/v2\/posts\/5582","targetHints":{"allow":["GET"]}}],"collection":[{"href":"https:\/\/veritasinfo.org\/index.php?rest_route=\/wp\/v2\/posts"}],"about":[{"href":"https:\/\/veritasinfo.org\/index.php?rest_route=\/wp\/v2\/types\/post"}],"author":[{"embeddable":true,"href":"https:\/\/veritasinfo.org\/index.php?rest_route=\/wp\/v2\/users\/1"}],"replies":[{"embeddable":true,"href":"https:\/\/veritasinfo.org\/index.php?rest_route=%2Fwp%2Fv2%2Fcomments&post=5582"}],"version-history":[{"count":1,"href":"https:\/\/veritasinfo.org\/index.php?rest_route=\/wp\/v2\/posts\/5582\/revisions"}],"predecessor-version":[{"id":5584,"href":"https:\/\/veritasinfo.org\/index.php?rest_route=\/wp\/v2\/posts\/5582\/revisions\/5584"}],"wp:featuredmedia":[{"embeddable":true,"href":"https:\/\/veritasinfo.org\/index.php?rest_route=\/wp\/v2\/media\/5592"}],"wp:attachment":[{"href":"https:\/\/veritasinfo.org\/index.php?rest_route=%2Fwp%2Fv2%2Fmedia&parent=5582"}],"wp:term":[{"taxonomy":"category","embeddable":true,"href":"https:\/\/veritasinfo.org\/index.php?rest_route=%2Fwp%2Fv2%2Fcategories&post=5582"},{"taxonomy":"post_tag","embeddable":true,"href":"https:\/\/veritasinfo.org\/index.php?rest_route=%2Fwp%2Fv2%2Ftags&post=5582"}],"curies":[{"name":"wp","href":"https:\/\/api.w.org\/{rel}","templated":true}]}}