{"id":553,"date":"2025-06-14T05:15:21","date_gmt":"2025-06-14T07:15:21","guid":{"rendered":"https:\/\/veritasinfo.org\/?p=553"},"modified":"2025-06-14T05:15:21","modified_gmt":"2025-06-14T07:15:21","slug":"u-toku-je-izvodjenje-dokaza-u-slucaju-u-kojem-je-milos-pleskovic-optuzen-za-ratne-zlocine-u-prizrenu","status":"publish","type":"post","link":"https:\/\/veritasinfo.org\/?p=553&lang=sr","title":{"rendered":"U toku je izvo\u0111enje dokaza u slu\u010daju u kojem je Milo\u0161 Pleskovic\u0301 optu\u017een za ratne zlo\u010dine u Prizrenu"},"content":{"rendered":"<p><strong>Prizren, 14 jun 2024<\/strong><\/p>\n<p>Osnovni sud u Pri\u0161tini sproveo je postupak u predmetu u kojem je Milo\u0161 Pleskovic\u0301 optu\u017een za ratne zlo\u010dine u gradu Prizrenu.<\/p>\n<p>Prethodno je predsedavajuc\u0301i sudija, sudija Rahman Bec\u0301iri, objavio podneske koje je poslala odbrana optu\u017eenog Pleskovic\u0301a, advokatica Jovana Filipovic\u0301, u kojima je zatra\u017eila dostavljanje vi\u0161e dosijea i dokumenata od nadle\u017enih institucija.<\/p>\n<p>Tokom ovog ro\u010di\u0161ta, advokatica Filipovic\u0301 je predlo\u017eila da se kao dokaz sprovede potvrda izdata od strane Ministarstva odbrane Srbije, kojom odbrana tvrdi da dokazuje da ne postoje podaci o njenom klijentu da je u\u010destvovao u ratu.<\/p>\n<p>U vezi sa ovim predlogom, specijalni tu\u017eilac, Ilir Morina, usprotivio se jer se, prema njegovim re\u010dima, takvi dokazi ne mogu dokazati.<\/p>\n<p>Prema optu\u017enici, Pleskovic\u0301, delujuc\u0301i kao naoru\u017eana grupa sa 7-8 osoba srpske nacionalnosti, 1. septembra 1998. godine u Prizrenu, dok su i\u0161li ka svojoj planini, \u017ertve R.D., B.D., F.B., zajedno sa o\u0161tec\u0301enima Fevzijem Canom, D\u017eengerom Canom i Ba\u0161kimom Kastratijem, prvobitno su iznenada zaustavljeni od strane srpske naoru\u017eane grupe, koje su potom vre\u0111ali srpskim re\u010dima, a me\u0111u tom srpskom naoru\u017eanom grupom vi\u0111en je i optu\u017eeni Pleskovic\u0301.<\/p>\n<p>U jednom trenutku, prema optu\u017enici, navodi se da je Pleskovic\u0301 po\u010deo da puca iz oru\u017eja tipa \u201eKala\u0161njikov\u201c, gde su iz pucnjave na licu mesta ubijeni R.D., B.D. i F.B., dok su o\u0161tec\u0301eni D\u017eenger Cana, Fevzi Cana i Ba\u0161kim Kastrati pobegli.<\/p>\n<p>Dalje, u optu\u017enici se navodi da je porodicama pokojnika dozvoljeno da preuzmu svoja tela nedelju dana nakon ubistva, navodec\u0301i da su tela R. i B.D. bili su postavljeni jedan na drugi, dok je jedan od njih imao odse\u010denu nogu, dok \u017ertva F. nije imala glavu na telu.<\/p>\n<p>Stoga se za ove radnje Pleskovic\u0301 tereti za krivi\u010dno delo \u201eRatni zlo\u010din protiv civilnog stanovni\u0161tva\u201c sankcionisano \u010dlanom 142 u vezi sa \u010dlanom 22 Krivi\u010dnog zakona biv\u0161e Socijalisti\u010dke Federativne Republike Jugoslavije kao zakona koji je bio na snazi u vreme izvr\u0161enja krivi\u010dnog dela.\/Zakletva za pravdu\/<\/p>\n","protected":false},"excerpt":{"rendered":"<p>Prizren, 14 jun 2024 Osnovni sud u Pri\u0161tini sproveo je postupak u predmetu u kojem je Milo\u0161 Pleskovic\u0301 optu\u017een za ratne zlo\u010dine u gradu Prizrenu.<\/p>\n","protected":false},"author":2,"featured_media":554,"comment_status":"open","ping_status":"open","sticky":false,"template":"","format":"standard","meta":{"footnotes":""},"categories":[30],"tags":[],"class_list":["post-553","post","type-post","status-publish","format-standard","has-post-thumbnail","hentry","category-drustvo"],"yoast_head":"<!-- This site is optimized with the Yoast SEO plugin v25.3.1 - https:\/\/yoast.com\/wordpress\/plugins\/seo\/ -->\n<title>U toku je izvo\u0111enje dokaza u slu\u010daju u kojem je Milo\u0161 Pleskovic\u0301 optu\u017een za ratne zlo\u010dine u Prizrenu -<\/title>\n<meta name=\"robots\" content=\"index, follow, max-snippet:-1, max-image-preview:large, max-video-preview:-1\" \/>\n<link rel=\"canonical\" href=\"https:\/\/veritasinfo.org\/?p=553&lang=sr\" \/>\n<meta property=\"og:locale\" content=\"en_US\" \/>\n<meta property=\"og:type\" content=\"article\" \/>\n<meta property=\"og:title\" content=\"U toku je izvo\u0111enje dokaza u slu\u010daju u kojem je Milo\u0161 Pleskovic\u0301 optu\u017een za ratne zlo\u010dine u Prizrenu -\" \/>\n<meta property=\"og:description\" content=\"Prizren, 14 jun 2024 Osnovni sud u Pri\u0161tini sproveo je postupak u predmetu u kojem je Milo\u0161 Pleskovic\u0301 optu\u017een za ratne zlo\u010dine u gradu Prizrenu.\" \/>\n<meta property=\"og:url\" content=\"https:\/\/veritasinfo.org\/?p=553&amp;lang=sr\" \/>\n<meta property=\"article:published_time\" content=\"2025-06-14T07:15:21+00:00\" \/>\n<meta property=\"og:image\" content=\"https:\/\/veritasinfo.org\/wp-content\/uploads\/2025\/06\/plemkovic.jpeg\" \/>\n\t<meta property=\"og:image:width\" content=\"768\" \/>\n\t<meta property=\"og:image:height\" content=\"432\" \/>\n\t<meta property=\"og:image:type\" content=\"image\/jpeg\" \/>\n<meta name=\"author\" content=\"US1\" \/>\n<meta name=\"twitter:card\" content=\"summary_large_image\" \/>\n<meta name=\"twitter:label1\" content=\"Written by\" \/>\n\t<meta name=\"twitter:data1\" content=\"US1\" \/>\n\t<meta name=\"twitter:label2\" content=\"Est. reading time\" \/>\n\t<meta name=\"twitter:data2\" content=\"2 minutes\" \/>\n<script type=\"application\/ld+json\" class=\"yoast-schema-graph\">{\"@context\":\"https:\/\/schema.org\",\"@graph\":[{\"@type\":\"WebPage\",\"@id\":\"https:\/\/veritasinfo.org\/?p=553&lang=sr\",\"url\":\"https:\/\/veritasinfo.org\/?p=553&lang=sr\",\"name\":\"U toku je izvo\u0111enje dokaza u slu\u010daju u kojem je Milo\u0161 Pleskovic\u0301 optu\u017een za ratne zlo\u010dine u Prizrenu -\",\"isPartOf\":{\"@id\":\"https:\/\/veritasinfo.org\/#website\"},\"primaryImageOfPage\":{\"@id\":\"https:\/\/veritasinfo.org\/?p=553&lang=sr#primaryimage\"},\"image\":{\"@id\":\"https:\/\/veritasinfo.org\/?p=553&lang=sr#primaryimage\"},\"thumbnailUrl\":\"https:\/\/veritasinfo.org\/wp-content\/uploads\/2025\/06\/plemkovic.jpeg\",\"datePublished\":\"2025-06-14T07:15:21+00:00\",\"author\":{\"@id\":\"https:\/\/veritasinfo.org\/#\/schema\/person\/c2b8be262ea994d0995addca692c5e98\"},\"breadcrumb\":{\"@id\":\"https:\/\/veritasinfo.org\/?p=553&lang=sr#breadcrumb\"},\"inLanguage\":\"en-US\",\"potentialAction\":[{\"@type\":\"ReadAction\",\"target\":[\"https:\/\/veritasinfo.org\/?p=553&lang=sr\"]}]},{\"@type\":\"ImageObject\",\"inLanguage\":\"en-US\",\"@id\":\"https:\/\/veritasinfo.org\/?p=553&lang=sr#primaryimage\",\"url\":\"https:\/\/veritasinfo.org\/wp-content\/uploads\/2025\/06\/plemkovic.jpeg\",\"contentUrl\":\"https:\/\/veritasinfo.org\/wp-content\/uploads\/2025\/06\/plemkovic.jpeg\",\"width\":768,\"height\":432},{\"@type\":\"BreadcrumbList\",\"@id\":\"https:\/\/veritasinfo.org\/?p=553&lang=sr#breadcrumb\",\"itemListElement\":[{\"@type\":\"ListItem\",\"position\":1,\"name\":\"Home\",\"item\":\"https:\/\/veritasinfo.org\/\"},{\"@type\":\"ListItem\",\"position\":2,\"name\":\"U toku je izvo\u0111enje dokaza u slu\u010daju u kojem je Milo\u0161 Pleskovic\u0301 optu\u017een za ratne zlo\u010dine u Prizrenu\"}]},{\"@type\":\"WebSite\",\"@id\":\"https:\/\/veritasinfo.org\/#website\",\"url\":\"https:\/\/veritasinfo.org\/\",\"name\":\"\",\"description\":\"\",\"potentialAction\":[{\"@type\":\"SearchAction\",\"target\":{\"@type\":\"EntryPoint\",\"urlTemplate\":\"https:\/\/veritasinfo.org\/?s={search_term_string}\"},\"query-input\":{\"@type\":\"PropertyValueSpecification\",\"valueRequired\":true,\"valueName\":\"search_term_string\"}}],\"inLanguage\":\"en-US\"},{\"@type\":\"Person\",\"@id\":\"https:\/\/veritasinfo.org\/#\/schema\/person\/c2b8be262ea994d0995addca692c5e98\",\"name\":\"US1\",\"image\":{\"@type\":\"ImageObject\",\"inLanguage\":\"en-US\",\"@id\":\"https:\/\/veritasinfo.org\/#\/schema\/person\/image\/\",\"url\":\"https:\/\/secure.gravatar.com\/avatar\/4e96a59bd256abf9956eb9963ac891a47461ffb364d47b0e9aab113328fdb75b?s=96&d=mm&r=g\",\"contentUrl\":\"https:\/\/secure.gravatar.com\/avatar\/4e96a59bd256abf9956eb9963ac891a47461ffb364d47b0e9aab113328fdb75b?s=96&d=mm&r=g\",\"caption\":\"US1\"},\"url\":\"https:\/\/veritasinfo.org\/?author=2\"}]}<\/script>\n<!-- \/ Yoast SEO plugin. -->","yoast_head_json":{"title":"U toku je izvo\u0111enje dokaza u slu\u010daju u kojem je Milo\u0161 Pleskovic\u0301 optu\u017een za ratne zlo\u010dine u Prizrenu -","robots":{"index":"index","follow":"follow","max-snippet":"max-snippet:-1","max-image-preview":"max-image-preview:large","max-video-preview":"max-video-preview:-1"},"canonical":"https:\/\/veritasinfo.org\/?p=553&lang=sr","og_locale":"en_US","og_type":"article","og_title":"U toku je izvo\u0111enje dokaza u slu\u010daju u kojem je Milo\u0161 Pleskovic\u0301 optu\u017een za ratne zlo\u010dine u Prizrenu -","og_description":"Prizren, 14 jun 2024 Osnovni sud u Pri\u0161tini sproveo je postupak u predmetu u kojem je Milo\u0161 Pleskovic\u0301 optu\u017een za ratne zlo\u010dine u gradu Prizrenu.","og_url":"https:\/\/veritasinfo.org\/?p=553&lang=sr","article_published_time":"2025-06-14T07:15:21+00:00","og_image":[{"width":768,"height":432,"url":"https:\/\/veritasinfo.org\/wp-content\/uploads\/2025\/06\/plemkovic.jpeg","type":"image\/jpeg"}],"author":"US1","twitter_card":"summary_large_image","twitter_misc":{"Written by":"US1","Est. reading time":"2 minutes"},"schema":{"@context":"https:\/\/schema.org","@graph":[{"@type":"WebPage","@id":"https:\/\/veritasinfo.org\/?p=553&lang=sr","url":"https:\/\/veritasinfo.org\/?p=553&lang=sr","name":"U toku je izvo\u0111enje dokaza u slu\u010daju u kojem je Milo\u0161 Pleskovic\u0301 optu\u017een za ratne zlo\u010dine u Prizrenu -","isPartOf":{"@id":"https:\/\/veritasinfo.org\/#website"},"primaryImageOfPage":{"@id":"https:\/\/veritasinfo.org\/?p=553&lang=sr#primaryimage"},"image":{"@id":"https:\/\/veritasinfo.org\/?p=553&lang=sr#primaryimage"},"thumbnailUrl":"https:\/\/veritasinfo.org\/wp-content\/uploads\/2025\/06\/plemkovic.jpeg","datePublished":"2025-06-14T07:15:21+00:00","author":{"@id":"https:\/\/veritasinfo.org\/#\/schema\/person\/c2b8be262ea994d0995addca692c5e98"},"breadcrumb":{"@id":"https:\/\/veritasinfo.org\/?p=553&lang=sr#breadcrumb"},"inLanguage":"en-US","potentialAction":[{"@type":"ReadAction","target":["https:\/\/veritasinfo.org\/?p=553&lang=sr"]}]},{"@type":"ImageObject","inLanguage":"en-US","@id":"https:\/\/veritasinfo.org\/?p=553&lang=sr#primaryimage","url":"https:\/\/veritasinfo.org\/wp-content\/uploads\/2025\/06\/plemkovic.jpeg","contentUrl":"https:\/\/veritasinfo.org\/wp-content\/uploads\/2025\/06\/plemkovic.jpeg","width":768,"height":432},{"@type":"BreadcrumbList","@id":"https:\/\/veritasinfo.org\/?p=553&lang=sr#breadcrumb","itemListElement":[{"@type":"ListItem","position":1,"name":"Home","item":"https:\/\/veritasinfo.org\/"},{"@type":"ListItem","position":2,"name":"U toku je izvo\u0111enje dokaza u slu\u010daju u kojem je Milo\u0161 Pleskovic\u0301 optu\u017een za ratne zlo\u010dine u Prizrenu"}]},{"@type":"WebSite","@id":"https:\/\/veritasinfo.org\/#website","url":"https:\/\/veritasinfo.org\/","name":"","description":"","potentialAction":[{"@type":"SearchAction","target":{"@type":"EntryPoint","urlTemplate":"https:\/\/veritasinfo.org\/?s={search_term_string}"},"query-input":{"@type":"PropertyValueSpecification","valueRequired":true,"valueName":"search_term_string"}}],"inLanguage":"en-US"},{"@type":"Person","@id":"https:\/\/veritasinfo.org\/#\/schema\/person\/c2b8be262ea994d0995addca692c5e98","name":"US1","image":{"@type":"ImageObject","inLanguage":"en-US","@id":"https:\/\/veritasinfo.org\/#\/schema\/person\/image\/","url":"https:\/\/secure.gravatar.com\/avatar\/4e96a59bd256abf9956eb9963ac891a47461ffb364d47b0e9aab113328fdb75b?s=96&d=mm&r=g","contentUrl":"https:\/\/secure.gravatar.com\/avatar\/4e96a59bd256abf9956eb9963ac891a47461ffb364d47b0e9aab113328fdb75b?s=96&d=mm&r=g","caption":"US1"},"url":"https:\/\/veritasinfo.org\/?author=2"}]}},"featured_image_urls":{"full":["https:\/\/veritasinfo.org\/wp-content\/uploads\/2025\/06\/plemkovic.jpeg",768,432,false],"thumbnail":["https:\/\/veritasinfo.org\/wp-content\/uploads\/2025\/06\/plemkovic-150x150.jpeg",150,150,true],"medium":["https:\/\/veritasinfo.org\/wp-content\/uploads\/2025\/06\/plemkovic-300x169.jpeg",300,169,true],"medium_large":["https:\/\/veritasinfo.org\/wp-content\/uploads\/2025\/06\/plemkovic.jpeg",640,360,false],"large":["https:\/\/veritasinfo.org\/wp-content\/uploads\/2025\/06\/plemkovic.jpeg",640,360,false],"1536x1536":["https:\/\/veritasinfo.org\/wp-content\/uploads\/2025\/06\/plemkovic.jpeg",768,432,false],"2048x2048":["https:\/\/veritasinfo.org\/wp-content\/uploads\/2025\/06\/plemkovic.jpeg",768,432,false],"kreeti-slider-full":["https:\/\/veritasinfo.org\/wp-content\/uploads\/2025\/06\/plemkovic.jpeg",768,432,false],"kreeti-featured":["https:\/\/veritasinfo.org\/wp-content\/uploads\/2025\/06\/plemkovic.jpeg",768,432,false],"kreeti-medium":["https:\/\/veritasinfo.org\/wp-content\/uploads\/2025\/06\/plemkovic.jpeg",720,405,false],"kreeti-medium-square":["https:\/\/veritasinfo.org\/wp-content\/uploads\/2025\/06\/plemkovic.jpeg",350,197,false]},"author_info":{"info":["US1"]},"category_info":"<a href=\"https:\/\/veritasinfo.org\/?cat=30&#038;lang=sr\" rel=\"category\">Dru\u0161tvo<\/a>","tag_info":"Dru\u0161tvo","comment_count":"0","_links":{"self":[{"href":"https:\/\/veritasinfo.org\/index.php?rest_route=\/wp\/v2\/posts\/553","targetHints":{"allow":["GET"]}}],"collection":[{"href":"https:\/\/veritasinfo.org\/index.php?rest_route=\/wp\/v2\/posts"}],"about":[{"href":"https:\/\/veritasinfo.org\/index.php?rest_route=\/wp\/v2\/types\/post"}],"author":[{"embeddable":true,"href":"https:\/\/veritasinfo.org\/index.php?rest_route=\/wp\/v2\/users\/2"}],"replies":[{"embeddable":true,"href":"https:\/\/veritasinfo.org\/index.php?rest_route=%2Fwp%2Fv2%2Fcomments&post=553"}],"version-history":[{"count":1,"href":"https:\/\/veritasinfo.org\/index.php?rest_route=\/wp\/v2\/posts\/553\/revisions"}],"predecessor-version":[{"id":555,"href":"https:\/\/veritasinfo.org\/index.php?rest_route=\/wp\/v2\/posts\/553\/revisions\/555"}],"wp:featuredmedia":[{"embeddable":true,"href":"https:\/\/veritasinfo.org\/index.php?rest_route=\/wp\/v2\/media\/554"}],"wp:attachment":[{"href":"https:\/\/veritasinfo.org\/index.php?rest_route=%2Fwp%2Fv2%2Fmedia&parent=553"}],"wp:term":[{"taxonomy":"category","embeddable":true,"href":"https:\/\/veritasinfo.org\/index.php?rest_route=%2Fwp%2Fv2%2Fcategories&post=553"},{"taxonomy":"post_tag","embeddable":true,"href":"https:\/\/veritasinfo.org\/index.php?rest_route=%2Fwp%2Fv2%2Ftags&post=553"}],"curies":[{"name":"wp","href":"https:\/\/api.w.org\/{rel}","templated":true}]}}