{"id":5522,"date":"2025-07-27T13:13:09","date_gmt":"2025-07-27T11:13:09","guid":{"rendered":"https:\/\/veritasinfo.org\/?p=5522"},"modified":"2025-07-27T13:13:09","modified_gmt":"2025-07-27T11:13:09","slug":"blazevic-vucic-u-putinovom-taboru-rusija-destabilizuje-balkan","status":"publish","type":"post","link":"https:\/\/veritasinfo.org\/?p=5522&lang=sr","title":{"rendered":"Bla\u017eevic\u0301: \u201eVu\u010dic\u0301 u Putinovom taboru\u201c, Rusija destabilizuje Balkan"},"content":{"rendered":"<p>Nedelja, 27. jul 2025.<\/p>\n<p><strong>Rusija je zna\u010dajno pove\u0107ala svoj negativan uticaj na Balkanu i cilja na destabilizaciju regiona, upozorava evropski aktivista bosanskog porekla, Igor Bla\u017eevi\u0107. U intervjuu za KosovaPres, on nagla\u0161ava da je rusko prisustvo na Balkanu, po prvi put u novijoj istoriji, ozbiljno i predstavlja direktnu pretnju regionalnoj bezbednosti.<\/strong><\/p>\n<p>Prema njegovim re\u010dima, Zapadni Balkan je istorijski bio za\u0161ti\u0107en od ruskog uticaja, ali je Kremlj poslednjih godina pove\u0107ao svoje prisustvo i destabilizuju\u0107e napore. \u201eInteres Rusije nije stabilizacija, ve\u0107 pogor\u0161anje situacije. U svakom trenutku mo\u017ee da podstakne tenzije koje bi mogle dovesti do velikog sukoba\u201c, rekao je Bla\u017eevi\u0107, nazivaju\u0107i region jednim od najkrhkijih u ovom novom periodu globalnih rivalstava.<\/p>\n<p>On upozorava da svet prolazi kroz fazu \u201emultipolarnog haosa\u201c, gde konkurencija za novu podelu sfera uticaja pove\u0107ava rizik od nemira u osetljivim regionima poput Balkana. Prema njegovim re\u010dima, Kina i Rusija, uz podr\u0161ku drugih autoritarnih saveza, eksploati\u0161u ovu situaciju za svoje interese.<br \/>\nBla\u017eevi\u0107 isti\u010de tri globalne opasnosti koje ugro\u017eavaju demokratiju i mir: autoritarne saveze (Rusija, Kina, Iran), kleptokratiju koju predvode oligarsi i plutokrate i novi talas konzervativnih, neliberalnih i krajnje desni\u010darskih snaga koje, kako ka\u017ee, tako\u0111e koriste verske elemente da bi potkopale dru\u0161tvene slobode. \u201eOve snage sara\u0111uju i otvoreno napadaju demokratski svetski poredak\u201c, rekao je.<\/p>\n<p>Bla\u017eevi\u0107 opisuje rat u Ukrajini kao \u201egenocidnu i neokolonijalnu agresiju\u201c usmerenu na uni\u0161tavanje ukrajinskog identiteta. Prema njegovim re\u010dima, ovo nije samo rat protiv Ukrajine, ve\u0107 napad na Evropu i me\u0111unarodni poredak posle Drugog svetskog rata.<\/p>\n<p>Govore\u0107i o Srbiji, optu\u017euje predsednika Aleksandra Vu\u010di\u0107a da je deo Putinovog tabora. \u201eVu\u010di\u0107 je dugo igrao na sve strane, ali je zapravo u ruskom taboru. Sada, ose\u0107aju\u0107i se ugro\u017eeno kod ku\u0107e, jo\u0161 vi\u0161e \u0107e se oslanjati na Rusiju i Kinu, napu\u0161taju\u0107i svoju igru sa Evropom\u201c, izjavio je Bla\u017eevi\u0107.<\/p>\n<p>On poziva na ve\u0107u svest i odlu\u010dne mere za za\u0161titu regionalne stabilnosti i svetskog poretka. Bla\u017eevi\u0107 nagla\u0161ava da su obnova civilnog dru\u0161tva i ja\u010danje unutra\u0161nje stabilnosti potrebniji nego ikad.<\/p>\n<p>Na kraju, upozorava da \u0107e situacija ostati napeta jo\u0161 dugo i da demokratije moraju biti spremne da se brane od ovih pretnji.<\/p>\n","protected":false},"excerpt":{"rendered":"<p>Nedelja, 27. jul 2025. Rusija je zna\u010dajno pove\u0107ala svoj negativan uticaj na Balkanu i cilja na destabilizaciju regiona, upozorava evropski aktivista bosanskog porekla, Igor Bla\u017eevi\u0107.<\/p>\n","protected":false},"author":1,"featured_media":5520,"comment_status":"open","ping_status":"open","sticky":false,"template":"","format":"standard","meta":{"footnotes":""},"categories":[28],"tags":[],"class_list":["post-5522","post","type-post","status-publish","format-standard","has-post-thumbnail","hentry","category-politika"],"yoast_head":"<!-- This site is optimized with the Yoast SEO plugin v25.3.1 - https:\/\/yoast.com\/wordpress\/plugins\/seo\/ -->\n<title>Bla\u017eevic\u0301: \u201eVu\u010dic\u0301 u Putinovom taboru\u201c, Rusija destabilizuje Balkan -<\/title>\n<meta name=\"robots\" content=\"index, follow, max-snippet:-1, max-image-preview:large, max-video-preview:-1\" \/>\n<link rel=\"canonical\" href=\"https:\/\/veritasinfo.org\/?p=5522&lang=sr\" \/>\n<meta property=\"og:locale\" content=\"en_US\" \/>\n<meta property=\"og:type\" content=\"article\" \/>\n<meta property=\"og:title\" content=\"Bla\u017eevic\u0301: \u201eVu\u010dic\u0301 u Putinovom taboru\u201c, Rusija destabilizuje Balkan -\" \/>\n<meta property=\"og:description\" content=\"Nedelja, 27. jul 2025. Rusija je zna\u010dajno pove\u0107ala svoj negativan uticaj na Balkanu i cilja na destabilizaciju regiona, upozorava evropski aktivista bosanskog porekla, Igor Bla\u017eevi\u0107.\" \/>\n<meta property=\"og:url\" content=\"https:\/\/veritasinfo.org\/?p=5522&amp;lang=sr\" \/>\n<meta property=\"article:published_time\" content=\"2025-07-27T11:13:09+00:00\" \/>\n<meta property=\"og:image\" content=\"https:\/\/veritasinfo.org\/wp-content\/uploads\/2025\/07\/IMG_2074.png\" \/>\n\t<meta property=\"og:image:width\" content=\"430\" \/>\n\t<meta property=\"og:image:height\" content=\"290\" \/>\n\t<meta property=\"og:image:type\" content=\"image\/png\" \/>\n<meta name=\"author\" content=\"admin\" \/>\n<meta name=\"twitter:card\" content=\"summary_large_image\" \/>\n<meta name=\"twitter:label1\" content=\"Written by\" \/>\n\t<meta name=\"twitter:data1\" content=\"admin\" \/>\n\t<meta name=\"twitter:label2\" content=\"Est. reading time\" \/>\n\t<meta name=\"twitter:data2\" content=\"2 minutes\" \/>\n<script type=\"application\/ld+json\" class=\"yoast-schema-graph\">{\"@context\":\"https:\/\/schema.org\",\"@graph\":[{\"@type\":\"WebPage\",\"@id\":\"https:\/\/veritasinfo.org\/?p=5522&lang=sr\",\"url\":\"https:\/\/veritasinfo.org\/?p=5522&lang=sr\",\"name\":\"Bla\u017eevic\u0301: \u201eVu\u010dic\u0301 u Putinovom taboru\u201c, Rusija destabilizuje Balkan -\",\"isPartOf\":{\"@id\":\"https:\/\/veritasinfo.org\/#website\"},\"primaryImageOfPage\":{\"@id\":\"https:\/\/veritasinfo.org\/?p=5522&lang=sr#primaryimage\"},\"image\":{\"@id\":\"https:\/\/veritasinfo.org\/?p=5522&lang=sr#primaryimage\"},\"thumbnailUrl\":\"https:\/\/veritasinfo.org\/wp-content\/uploads\/2025\/07\/IMG_2074.png\",\"datePublished\":\"2025-07-27T11:13:09+00:00\",\"author\":{\"@id\":\"https:\/\/veritasinfo.org\/#\/schema\/person\/7701f8c088bece422266b100a712374f\"},\"breadcrumb\":{\"@id\":\"https:\/\/veritasinfo.org\/?p=5522&lang=sr#breadcrumb\"},\"inLanguage\":\"en-US\",\"potentialAction\":[{\"@type\":\"ReadAction\",\"target\":[\"https:\/\/veritasinfo.org\/?p=5522&lang=sr\"]}]},{\"@type\":\"ImageObject\",\"inLanguage\":\"en-US\",\"@id\":\"https:\/\/veritasinfo.org\/?p=5522&lang=sr#primaryimage\",\"url\":\"https:\/\/veritasinfo.org\/wp-content\/uploads\/2025\/07\/IMG_2074.png\",\"contentUrl\":\"https:\/\/veritasinfo.org\/wp-content\/uploads\/2025\/07\/IMG_2074.png\",\"width\":430,\"height\":290},{\"@type\":\"BreadcrumbList\",\"@id\":\"https:\/\/veritasinfo.org\/?p=5522&lang=sr#breadcrumb\",\"itemListElement\":[{\"@type\":\"ListItem\",\"position\":1,\"name\":\"Home\",\"item\":\"https:\/\/veritasinfo.org\/\"},{\"@type\":\"ListItem\",\"position\":2,\"name\":\"Bla\u017eevic\u0301: \u201eVu\u010dic\u0301 u Putinovom taboru\u201c, Rusija destabilizuje Balkan\"}]},{\"@type\":\"WebSite\",\"@id\":\"https:\/\/veritasinfo.org\/#website\",\"url\":\"https:\/\/veritasinfo.org\/\",\"name\":\"\",\"description\":\"\",\"potentialAction\":[{\"@type\":\"SearchAction\",\"target\":{\"@type\":\"EntryPoint\",\"urlTemplate\":\"https:\/\/veritasinfo.org\/?s={search_term_string}\"},\"query-input\":{\"@type\":\"PropertyValueSpecification\",\"valueRequired\":true,\"valueName\":\"search_term_string\"}}],\"inLanguage\":\"en-US\"},{\"@type\":\"Person\",\"@id\":\"https:\/\/veritasinfo.org\/#\/schema\/person\/7701f8c088bece422266b100a712374f\",\"name\":\"admin\",\"image\":{\"@type\":\"ImageObject\",\"inLanguage\":\"en-US\",\"@id\":\"https:\/\/veritasinfo.org\/#\/schema\/person\/image\/\",\"url\":\"https:\/\/secure.gravatar.com\/avatar\/ea53aa3bf6c9a12d5fde8ce4deff43fef3885ae33cf60184161a50d6987cfd2f?s=96&d=mm&r=g\",\"contentUrl\":\"https:\/\/secure.gravatar.com\/avatar\/ea53aa3bf6c9a12d5fde8ce4deff43fef3885ae33cf60184161a50d6987cfd2f?s=96&d=mm&r=g\",\"caption\":\"admin\"},\"sameAs\":[\"https:\/\/veritasinfo.org\"],\"url\":\"https:\/\/veritasinfo.org\/?author=1\"}]}<\/script>\n<!-- \/ Yoast SEO plugin. -->","yoast_head_json":{"title":"Bla\u017eevic\u0301: \u201eVu\u010dic\u0301 u Putinovom taboru\u201c, Rusija destabilizuje Balkan -","robots":{"index":"index","follow":"follow","max-snippet":"max-snippet:-1","max-image-preview":"max-image-preview:large","max-video-preview":"max-video-preview:-1"},"canonical":"https:\/\/veritasinfo.org\/?p=5522&lang=sr","og_locale":"en_US","og_type":"article","og_title":"Bla\u017eevic\u0301: \u201eVu\u010dic\u0301 u Putinovom taboru\u201c, Rusija destabilizuje Balkan -","og_description":"Nedelja, 27. jul 2025. Rusija je zna\u010dajno pove\u0107ala svoj negativan uticaj na Balkanu i cilja na destabilizaciju regiona, upozorava evropski aktivista bosanskog porekla, Igor Bla\u017eevi\u0107.","og_url":"https:\/\/veritasinfo.org\/?p=5522&lang=sr","article_published_time":"2025-07-27T11:13:09+00:00","og_image":[{"width":430,"height":290,"url":"https:\/\/veritasinfo.org\/wp-content\/uploads\/2025\/07\/IMG_2074.png","type":"image\/png"}],"author":"admin","twitter_card":"summary_large_image","twitter_misc":{"Written by":"admin","Est. reading time":"2 minutes"},"schema":{"@context":"https:\/\/schema.org","@graph":[{"@type":"WebPage","@id":"https:\/\/veritasinfo.org\/?p=5522&lang=sr","url":"https:\/\/veritasinfo.org\/?p=5522&lang=sr","name":"Bla\u017eevic\u0301: \u201eVu\u010dic\u0301 u Putinovom taboru\u201c, Rusija destabilizuje Balkan -","isPartOf":{"@id":"https:\/\/veritasinfo.org\/#website"},"primaryImageOfPage":{"@id":"https:\/\/veritasinfo.org\/?p=5522&lang=sr#primaryimage"},"image":{"@id":"https:\/\/veritasinfo.org\/?p=5522&lang=sr#primaryimage"},"thumbnailUrl":"https:\/\/veritasinfo.org\/wp-content\/uploads\/2025\/07\/IMG_2074.png","datePublished":"2025-07-27T11:13:09+00:00","author":{"@id":"https:\/\/veritasinfo.org\/#\/schema\/person\/7701f8c088bece422266b100a712374f"},"breadcrumb":{"@id":"https:\/\/veritasinfo.org\/?p=5522&lang=sr#breadcrumb"},"inLanguage":"en-US","potentialAction":[{"@type":"ReadAction","target":["https:\/\/veritasinfo.org\/?p=5522&lang=sr"]}]},{"@type":"ImageObject","inLanguage":"en-US","@id":"https:\/\/veritasinfo.org\/?p=5522&lang=sr#primaryimage","url":"https:\/\/veritasinfo.org\/wp-content\/uploads\/2025\/07\/IMG_2074.png","contentUrl":"https:\/\/veritasinfo.org\/wp-content\/uploads\/2025\/07\/IMG_2074.png","width":430,"height":290},{"@type":"BreadcrumbList","@id":"https:\/\/veritasinfo.org\/?p=5522&lang=sr#breadcrumb","itemListElement":[{"@type":"ListItem","position":1,"name":"Home","item":"https:\/\/veritasinfo.org\/"},{"@type":"ListItem","position":2,"name":"Bla\u017eevic\u0301: \u201eVu\u010dic\u0301 u Putinovom taboru\u201c, Rusija destabilizuje Balkan"}]},{"@type":"WebSite","@id":"https:\/\/veritasinfo.org\/#website","url":"https:\/\/veritasinfo.org\/","name":"","description":"","potentialAction":[{"@type":"SearchAction","target":{"@type":"EntryPoint","urlTemplate":"https:\/\/veritasinfo.org\/?s={search_term_string}"},"query-input":{"@type":"PropertyValueSpecification","valueRequired":true,"valueName":"search_term_string"}}],"inLanguage":"en-US"},{"@type":"Person","@id":"https:\/\/veritasinfo.org\/#\/schema\/person\/7701f8c088bece422266b100a712374f","name":"admin","image":{"@type":"ImageObject","inLanguage":"en-US","@id":"https:\/\/veritasinfo.org\/#\/schema\/person\/image\/","url":"https:\/\/secure.gravatar.com\/avatar\/ea53aa3bf6c9a12d5fde8ce4deff43fef3885ae33cf60184161a50d6987cfd2f?s=96&d=mm&r=g","contentUrl":"https:\/\/secure.gravatar.com\/avatar\/ea53aa3bf6c9a12d5fde8ce4deff43fef3885ae33cf60184161a50d6987cfd2f?s=96&d=mm&r=g","caption":"admin"},"sameAs":["https:\/\/veritasinfo.org"],"url":"https:\/\/veritasinfo.org\/?author=1"}]}},"featured_image_urls":{"full":["https:\/\/veritasinfo.org\/wp-content\/uploads\/2025\/07\/IMG_2074.png",430,290,false],"thumbnail":["https:\/\/veritasinfo.org\/wp-content\/uploads\/2025\/07\/IMG_2074-150x150.png",150,150,true],"medium":["https:\/\/veritasinfo.org\/wp-content\/uploads\/2025\/07\/IMG_2074-300x202.png",300,202,true],"medium_large":["https:\/\/veritasinfo.org\/wp-content\/uploads\/2025\/07\/IMG_2074.png",430,290,false],"large":["https:\/\/veritasinfo.org\/wp-content\/uploads\/2025\/07\/IMG_2074.png",430,290,false],"1536x1536":["https:\/\/veritasinfo.org\/wp-content\/uploads\/2025\/07\/IMG_2074.png",430,290,false],"2048x2048":["https:\/\/veritasinfo.org\/wp-content\/uploads\/2025\/07\/IMG_2074.png",430,290,false],"kreeti-slider-full":["https:\/\/veritasinfo.org\/wp-content\/uploads\/2025\/07\/IMG_2074.png",430,290,false],"kreeti-featured":["https:\/\/veritasinfo.org\/wp-content\/uploads\/2025\/07\/IMG_2074.png",430,290,false],"kreeti-medium":["https:\/\/veritasinfo.org\/wp-content\/uploads\/2025\/07\/IMG_2074.png",430,290,false],"kreeti-medium-square":["https:\/\/veritasinfo.org\/wp-content\/uploads\/2025\/07\/IMG_2074.png",350,236,false]},"author_info":{"info":["admin"]},"category_info":"<a href=\"https:\/\/veritasinfo.org\/?cat=28&#038;lang=sr\" rel=\"category\">Politika<\/a>","tag_info":"Politika","comment_count":"0","_links":{"self":[{"href":"https:\/\/veritasinfo.org\/index.php?rest_route=\/wp\/v2\/posts\/5522","targetHints":{"allow":["GET"]}}],"collection":[{"href":"https:\/\/veritasinfo.org\/index.php?rest_route=\/wp\/v2\/posts"}],"about":[{"href":"https:\/\/veritasinfo.org\/index.php?rest_route=\/wp\/v2\/types\/post"}],"author":[{"embeddable":true,"href":"https:\/\/veritasinfo.org\/index.php?rest_route=\/wp\/v2\/users\/1"}],"replies":[{"embeddable":true,"href":"https:\/\/veritasinfo.org\/index.php?rest_route=%2Fwp%2Fv2%2Fcomments&post=5522"}],"version-history":[{"count":1,"href":"https:\/\/veritasinfo.org\/index.php?rest_route=\/wp\/v2\/posts\/5522\/revisions"}],"predecessor-version":[{"id":5523,"href":"https:\/\/veritasinfo.org\/index.php?rest_route=\/wp\/v2\/posts\/5522\/revisions\/5523"}],"wp:featuredmedia":[{"embeddable":true,"href":"https:\/\/veritasinfo.org\/index.php?rest_route=\/wp\/v2\/media\/5520"}],"wp:attachment":[{"href":"https:\/\/veritasinfo.org\/index.php?rest_route=%2Fwp%2Fv2%2Fmedia&parent=5522"}],"wp:term":[{"taxonomy":"category","embeddable":true,"href":"https:\/\/veritasinfo.org\/index.php?rest_route=%2Fwp%2Fv2%2Fcategories&post=5522"},{"taxonomy":"post_tag","embeddable":true,"href":"https:\/\/veritasinfo.org\/index.php?rest_route=%2Fwp%2Fv2%2Ftags&post=5522"}],"curies":[{"name":"wp","href":"https:\/\/api.w.org\/{rel}","templated":true}]}}