{"id":551,"date":"2025-06-14T05:07:50","date_gmt":"2025-06-14T07:07:50","guid":{"rendered":"https:\/\/veritasinfo.org\/?p=551"},"modified":"2025-06-14T05:07:50","modified_gmt":"2025-06-14T07:07:50","slug":"vucic-kaze-da-se-ocekuju-nova-povlacenja-priznanja-kosova-iz-dva-razlicita-dela-sveta","status":"publish","type":"post","link":"https:\/\/veritasinfo.org\/?p=551&lang=sr","title":{"rendered":"Vu\u010dic\u0301 ka\u017ee da se o\u010dekuju nova povla\u010denja priznanja Kosova, iz dva razli\u010dita dela sveta"},"content":{"rendered":"<p><strong>Prag, 14. jun 2025<\/strong><\/p>\n<p>Predsednik Srbije Aleksandar Vu\u010dic\u0301 izjavio je ju\u010de u Pragu da c\u0301e uskoro biti novih povla\u010denja priznanja nezavisnosti Kosova iz dva razli\u010dita dela sveta.<\/p>\n<p>\u201eSrbija je odlu\u010dna da radi na o\u010duvanju svog teritorijalnog integriteta, u borbi protiv moc\u0301nih protivnika u ovom pitanju, kao \u0161to su Turska i drugi koji aktivno rade na priznanju Kosova. Uskoro c\u0301emo imati iznena\u0111enja iz dva razli\u010dita dela sveta za na\u0161e partnere koji se bore za priznanje Kosova, pa c\u0301emo odgovoriti priznanjem\u201c, rekao je Aleksandar Vu\u010dic\u0301 srpskim medijima na marginama bezbednosne konferencije \u201eGLOBSEC\u201c.<\/p>\n","protected":false},"excerpt":{"rendered":"<p>Prag, 14. jun 2025 Predsednik Srbije Aleksandar Vu\u010dic\u0301 izjavio je ju\u010de u Pragu da c\u0301e uskoro biti novih povla\u010denja priznanja nezavisnosti Kosova iz dva razli\u010dita<\/p>\n","protected":false},"author":2,"featured_media":549,"comment_status":"open","ping_status":"open","sticky":false,"template":"","format":"standard","meta":{"footnotes":""},"categories":[28],"tags":[],"class_list":["post-551","post","type-post","status-publish","format-standard","has-post-thumbnail","hentry","category-politika"],"yoast_head":"<!-- This site is optimized with the Yoast SEO plugin v25.3.1 - https:\/\/yoast.com\/wordpress\/plugins\/seo\/ -->\n<title>Vu\u010dic\u0301 ka\u017ee da se o\u010dekuju nova povla\u010denja priznanja Kosova, iz dva razli\u010dita dela sveta -<\/title>\n<meta name=\"robots\" content=\"index, follow, max-snippet:-1, max-image-preview:large, max-video-preview:-1\" \/>\n<link rel=\"canonical\" href=\"https:\/\/veritasinfo.org\/?p=551&lang=sr\" \/>\n<meta property=\"og:locale\" content=\"en_US\" \/>\n<meta property=\"og:type\" content=\"article\" \/>\n<meta property=\"og:title\" content=\"Vu\u010dic\u0301 ka\u017ee da se o\u010dekuju nova povla\u010denja priznanja Kosova, iz dva razli\u010dita dela sveta -\" \/>\n<meta property=\"og:description\" content=\"Prag, 14. jun 2025 Predsednik Srbije Aleksandar Vu\u010dic\u0301 izjavio je ju\u010de u Pragu da c\u0301e uskoro biti novih povla\u010denja priznanja nezavisnosti Kosova iz dva razli\u010dita\" \/>\n<meta property=\"og:url\" content=\"https:\/\/veritasinfo.org\/?p=551&amp;lang=sr\" \/>\n<meta property=\"article:published_time\" content=\"2025-06-14T07:07:50+00:00\" \/>\n<meta property=\"og:image\" content=\"https:\/\/veritasinfo.org\/wp-content\/uploads\/2025\/06\/vuqiq.jpg\" \/>\n\t<meta property=\"og:image:width\" content=\"1024\" \/>\n\t<meta property=\"og:image:height\" content=\"577\" \/>\n\t<meta property=\"og:image:type\" content=\"image\/jpeg\" \/>\n<meta name=\"author\" content=\"US1\" \/>\n<meta name=\"twitter:card\" content=\"summary_large_image\" \/>\n<meta name=\"twitter:label1\" content=\"Written by\" \/>\n\t<meta name=\"twitter:data1\" content=\"US1\" \/>\n\t<meta name=\"twitter:label2\" content=\"Est. reading time\" \/>\n\t<meta name=\"twitter:data2\" content=\"1 minute\" \/>\n<script type=\"application\/ld+json\" class=\"yoast-schema-graph\">{\"@context\":\"https:\/\/schema.org\",\"@graph\":[{\"@type\":\"WebPage\",\"@id\":\"https:\/\/veritasinfo.org\/?p=551&lang=sr\",\"url\":\"https:\/\/veritasinfo.org\/?p=551&lang=sr\",\"name\":\"Vu\u010dic\u0301 ka\u017ee da se o\u010dekuju nova povla\u010denja priznanja Kosova, iz dva razli\u010dita dela sveta -\",\"isPartOf\":{\"@id\":\"https:\/\/veritasinfo.org\/#website\"},\"primaryImageOfPage\":{\"@id\":\"https:\/\/veritasinfo.org\/?p=551&lang=sr#primaryimage\"},\"image\":{\"@id\":\"https:\/\/veritasinfo.org\/?p=551&lang=sr#primaryimage\"},\"thumbnailUrl\":\"https:\/\/veritasinfo.org\/wp-content\/uploads\/2025\/06\/vuqiq.jpg\",\"datePublished\":\"2025-06-14T07:07:50+00:00\",\"author\":{\"@id\":\"https:\/\/veritasinfo.org\/#\/schema\/person\/c2b8be262ea994d0995addca692c5e98\"},\"breadcrumb\":{\"@id\":\"https:\/\/veritasinfo.org\/?p=551&lang=sr#breadcrumb\"},\"inLanguage\":\"en-US\",\"potentialAction\":[{\"@type\":\"ReadAction\",\"target\":[\"https:\/\/veritasinfo.org\/?p=551&lang=sr\"]}]},{\"@type\":\"ImageObject\",\"inLanguage\":\"en-US\",\"@id\":\"https:\/\/veritasinfo.org\/?p=551&lang=sr#primaryimage\",\"url\":\"https:\/\/veritasinfo.org\/wp-content\/uploads\/2025\/06\/vuqiq.jpg\",\"contentUrl\":\"https:\/\/veritasinfo.org\/wp-content\/uploads\/2025\/06\/vuqiq.jpg\",\"width\":1024,\"height\":577},{\"@type\":\"BreadcrumbList\",\"@id\":\"https:\/\/veritasinfo.org\/?p=551&lang=sr#breadcrumb\",\"itemListElement\":[{\"@type\":\"ListItem\",\"position\":1,\"name\":\"Home\",\"item\":\"https:\/\/veritasinfo.org\/\"},{\"@type\":\"ListItem\",\"position\":2,\"name\":\"Vu\u010dic\u0301 ka\u017ee da se o\u010dekuju nova povla\u010denja priznanja Kosova, iz dva razli\u010dita dela sveta\"}]},{\"@type\":\"WebSite\",\"@id\":\"https:\/\/veritasinfo.org\/#website\",\"url\":\"https:\/\/veritasinfo.org\/\",\"name\":\"\",\"description\":\"\",\"potentialAction\":[{\"@type\":\"SearchAction\",\"target\":{\"@type\":\"EntryPoint\",\"urlTemplate\":\"https:\/\/veritasinfo.org\/?s={search_term_string}\"},\"query-input\":{\"@type\":\"PropertyValueSpecification\",\"valueRequired\":true,\"valueName\":\"search_term_string\"}}],\"inLanguage\":\"en-US\"},{\"@type\":\"Person\",\"@id\":\"https:\/\/veritasinfo.org\/#\/schema\/person\/c2b8be262ea994d0995addca692c5e98\",\"name\":\"US1\",\"image\":{\"@type\":\"ImageObject\",\"inLanguage\":\"en-US\",\"@id\":\"https:\/\/veritasinfo.org\/#\/schema\/person\/image\/\",\"url\":\"https:\/\/secure.gravatar.com\/avatar\/4e96a59bd256abf9956eb9963ac891a47461ffb364d47b0e9aab113328fdb75b?s=96&d=mm&r=g\",\"contentUrl\":\"https:\/\/secure.gravatar.com\/avatar\/4e96a59bd256abf9956eb9963ac891a47461ffb364d47b0e9aab113328fdb75b?s=96&d=mm&r=g\",\"caption\":\"US1\"},\"url\":\"https:\/\/veritasinfo.org\/?author=2\"}]}<\/script>\n<!-- \/ Yoast SEO plugin. -->","yoast_head_json":{"title":"Vu\u010dic\u0301 ka\u017ee da se o\u010dekuju nova povla\u010denja priznanja Kosova, iz dva razli\u010dita dela sveta -","robots":{"index":"index","follow":"follow","max-snippet":"max-snippet:-1","max-image-preview":"max-image-preview:large","max-video-preview":"max-video-preview:-1"},"canonical":"https:\/\/veritasinfo.org\/?p=551&lang=sr","og_locale":"en_US","og_type":"article","og_title":"Vu\u010dic\u0301 ka\u017ee da se o\u010dekuju nova povla\u010denja priznanja Kosova, iz dva razli\u010dita dela sveta -","og_description":"Prag, 14. jun 2025 Predsednik Srbije Aleksandar Vu\u010dic\u0301 izjavio je ju\u010de u Pragu da c\u0301e uskoro biti novih povla\u010denja priznanja nezavisnosti Kosova iz dva razli\u010dita","og_url":"https:\/\/veritasinfo.org\/?p=551&lang=sr","article_published_time":"2025-06-14T07:07:50+00:00","og_image":[{"width":1024,"height":577,"url":"https:\/\/veritasinfo.org\/wp-content\/uploads\/2025\/06\/vuqiq.jpg","type":"image\/jpeg"}],"author":"US1","twitter_card":"summary_large_image","twitter_misc":{"Written by":"US1","Est. reading time":"1 minute"},"schema":{"@context":"https:\/\/schema.org","@graph":[{"@type":"WebPage","@id":"https:\/\/veritasinfo.org\/?p=551&lang=sr","url":"https:\/\/veritasinfo.org\/?p=551&lang=sr","name":"Vu\u010dic\u0301 ka\u017ee da se o\u010dekuju nova povla\u010denja priznanja Kosova, iz dva razli\u010dita dela sveta -","isPartOf":{"@id":"https:\/\/veritasinfo.org\/#website"},"primaryImageOfPage":{"@id":"https:\/\/veritasinfo.org\/?p=551&lang=sr#primaryimage"},"image":{"@id":"https:\/\/veritasinfo.org\/?p=551&lang=sr#primaryimage"},"thumbnailUrl":"https:\/\/veritasinfo.org\/wp-content\/uploads\/2025\/06\/vuqiq.jpg","datePublished":"2025-06-14T07:07:50+00:00","author":{"@id":"https:\/\/veritasinfo.org\/#\/schema\/person\/c2b8be262ea994d0995addca692c5e98"},"breadcrumb":{"@id":"https:\/\/veritasinfo.org\/?p=551&lang=sr#breadcrumb"},"inLanguage":"en-US","potentialAction":[{"@type":"ReadAction","target":["https:\/\/veritasinfo.org\/?p=551&lang=sr"]}]},{"@type":"ImageObject","inLanguage":"en-US","@id":"https:\/\/veritasinfo.org\/?p=551&lang=sr#primaryimage","url":"https:\/\/veritasinfo.org\/wp-content\/uploads\/2025\/06\/vuqiq.jpg","contentUrl":"https:\/\/veritasinfo.org\/wp-content\/uploads\/2025\/06\/vuqiq.jpg","width":1024,"height":577},{"@type":"BreadcrumbList","@id":"https:\/\/veritasinfo.org\/?p=551&lang=sr#breadcrumb","itemListElement":[{"@type":"ListItem","position":1,"name":"Home","item":"https:\/\/veritasinfo.org\/"},{"@type":"ListItem","position":2,"name":"Vu\u010dic\u0301 ka\u017ee da se o\u010dekuju nova povla\u010denja priznanja Kosova, iz dva razli\u010dita dela sveta"}]},{"@type":"WebSite","@id":"https:\/\/veritasinfo.org\/#website","url":"https:\/\/veritasinfo.org\/","name":"","description":"","potentialAction":[{"@type":"SearchAction","target":{"@type":"EntryPoint","urlTemplate":"https:\/\/veritasinfo.org\/?s={search_term_string}"},"query-input":{"@type":"PropertyValueSpecification","valueRequired":true,"valueName":"search_term_string"}}],"inLanguage":"en-US"},{"@type":"Person","@id":"https:\/\/veritasinfo.org\/#\/schema\/person\/c2b8be262ea994d0995addca692c5e98","name":"US1","image":{"@type":"ImageObject","inLanguage":"en-US","@id":"https:\/\/veritasinfo.org\/#\/schema\/person\/image\/","url":"https:\/\/secure.gravatar.com\/avatar\/4e96a59bd256abf9956eb9963ac891a47461ffb364d47b0e9aab113328fdb75b?s=96&d=mm&r=g","contentUrl":"https:\/\/secure.gravatar.com\/avatar\/4e96a59bd256abf9956eb9963ac891a47461ffb364d47b0e9aab113328fdb75b?s=96&d=mm&r=g","caption":"US1"},"url":"https:\/\/veritasinfo.org\/?author=2"}]}},"featured_image_urls":{"full":["https:\/\/veritasinfo.org\/wp-content\/uploads\/2025\/06\/vuqiq.jpg",1024,577,false],"thumbnail":["https:\/\/veritasinfo.org\/wp-content\/uploads\/2025\/06\/vuqiq-150x150.jpg",150,150,true],"medium":["https:\/\/veritasinfo.org\/wp-content\/uploads\/2025\/06\/vuqiq-300x169.jpg",300,169,true],"medium_large":["https:\/\/veritasinfo.org\/wp-content\/uploads\/2025\/06\/vuqiq-768x433.jpg",640,361,true],"large":["https:\/\/veritasinfo.org\/wp-content\/uploads\/2025\/06\/vuqiq.jpg",640,361,false],"1536x1536":["https:\/\/veritasinfo.org\/wp-content\/uploads\/2025\/06\/vuqiq.jpg",1024,577,false],"2048x2048":["https:\/\/veritasinfo.org\/wp-content\/uploads\/2025\/06\/vuqiq.jpg",1024,577,false],"kreeti-slider-full":["https:\/\/veritasinfo.org\/wp-content\/uploads\/2025\/06\/vuqiq.jpg",1024,577,false],"kreeti-featured":["https:\/\/veritasinfo.org\/wp-content\/uploads\/2025\/06\/vuqiq.jpg",1024,577,false],"kreeti-medium":["https:\/\/veritasinfo.org\/wp-content\/uploads\/2025\/06\/vuqiq.jpg",720,406,false],"kreeti-medium-square":["https:\/\/veritasinfo.org\/wp-content\/uploads\/2025\/06\/vuqiq.jpg",350,197,false]},"author_info":{"info":["US1"]},"category_info":"<a href=\"https:\/\/veritasinfo.org\/?cat=28&#038;lang=sr\" rel=\"category\">Politika<\/a>","tag_info":"Politika","comment_count":"0","_links":{"self":[{"href":"https:\/\/veritasinfo.org\/index.php?rest_route=\/wp\/v2\/posts\/551","targetHints":{"allow":["GET"]}}],"collection":[{"href":"https:\/\/veritasinfo.org\/index.php?rest_route=\/wp\/v2\/posts"}],"about":[{"href":"https:\/\/veritasinfo.org\/index.php?rest_route=\/wp\/v2\/types\/post"}],"author":[{"embeddable":true,"href":"https:\/\/veritasinfo.org\/index.php?rest_route=\/wp\/v2\/users\/2"}],"replies":[{"embeddable":true,"href":"https:\/\/veritasinfo.org\/index.php?rest_route=%2Fwp%2Fv2%2Fcomments&post=551"}],"version-history":[{"count":1,"href":"https:\/\/veritasinfo.org\/index.php?rest_route=\/wp\/v2\/posts\/551\/revisions"}],"predecessor-version":[{"id":552,"href":"https:\/\/veritasinfo.org\/index.php?rest_route=\/wp\/v2\/posts\/551\/revisions\/552"}],"wp:featuredmedia":[{"embeddable":true,"href":"https:\/\/veritasinfo.org\/index.php?rest_route=\/wp\/v2\/media\/549"}],"wp:attachment":[{"href":"https:\/\/veritasinfo.org\/index.php?rest_route=%2Fwp%2Fv2%2Fmedia&parent=551"}],"wp:term":[{"taxonomy":"category","embeddable":true,"href":"https:\/\/veritasinfo.org\/index.php?rest_route=%2Fwp%2Fv2%2Fcategories&post=551"},{"taxonomy":"post_tag","embeddable":true,"href":"https:\/\/veritasinfo.org\/index.php?rest_route=%2Fwp%2Fv2%2Ftags&post=551"}],"curies":[{"name":"wp","href":"https:\/\/api.w.org\/{rel}","templated":true}]}}