{"id":5503,"date":"2025-07-27T12:23:15","date_gmt":"2025-07-27T10:23:15","guid":{"rendered":"https:\/\/veritasinfo.org\/?p=5503"},"modified":"2025-07-27T12:23:15","modified_gmt":"2025-07-27T10:23:15","slug":"kurti-kriminelet-ne-veri-ose-ne-burg-ose-ne-serbi-drejtesia-po-vihet-ne-vend","status":"publish","type":"post","link":"https:\/\/veritasinfo.org\/?p=5503","title":{"rendered":"Kurti: Kriminel\u00ebt n\u00eb veri, ose n\u00eb burg ose n\u00eb Serbi \u2013 drejt\u00ebsia po vihet n\u00eb vend"},"content":{"rendered":"<p>Prishtin\u00eb, 27 Korrik 2025<\/p>\n<p>Kryeministri n\u00eb detyr\u00eb Albin Kurti ka deklaruar se, 14 vjet pas vrasjes s\u00eb Enver Zymerit dhe gati dy vjet pas vrasjes s\u00eb Afrim Bunjakut, drejt\u00ebsia ka filluar t\u00eb vihet n\u00eb vend.<\/p>\n<p>Ai tha se t\u00eb gjith\u00eb kriminel\u00ebt q\u00eb dikur sundonin n\u00eb veriun e Kosov\u00ebs ose jan\u00eb arratisur n\u00eb Serbi, ose ndodhen n\u00eb burg n\u00eb Kosov\u00eb, duke i cil\u00ebsuar Zymerin dhe Bunjakun si heronj t\u00eb vendit.<\/p>\n<p>\u201cKryeministri Albin Kurti: 14 vjet pas vrasjes s\u00eb Enver Zymerit dhe gati dy vjet pas vrasjes s\u00eb Afrim Bunjakut, k\u00ebtyre dy heronjve t\u00eb Kosov\u00ebs, n\u00eb veriun e Kosov\u00ebs t\u00eb gjith\u00eb kriminel\u00ebt q\u00eb dikur sundonin dhe p\u00ebrfitonin ose kan\u00eb ikur n\u00eb Serbi, ose jan\u00eb n\u00eb burg n\u00eb Kosov\u00eb\u201d, tha Kurti.<\/p>\n<div class=\"code-block code-block-8\">\n<div id=\"futureads_d773fe1afb07405e8d2f0e46933877d3_zone_104122_sect_47401_site_41437\" data-sender=\"futureads\"><\/div>\n<\/div>\n<p>&nbsp;<\/p>\n","protected":false},"excerpt":{"rendered":"<p>Prishtin\u00eb, 27 Korrik 2025 Kryeministri n\u00eb detyr\u00eb Albin Kurti ka deklaruar se, 14 vjet pas vrasjes s\u00eb Enver Zymerit dhe gati dy vjet pas vrasjes<\/p>\n","protected":false},"author":1,"featured_media":5504,"comment_status":"open","ping_status":"open","sticky":false,"template":"","format":"standard","meta":{"footnotes":""},"categories":[58],"tags":[],"class_list":["post-5503","post","type-post","status-publish","format-standard","has-post-thumbnail","hentry","category-politike-sq"],"yoast_head":"<!-- This site is optimized with the Yoast SEO plugin v25.3.1 - https:\/\/yoast.com\/wordpress\/plugins\/seo\/ -->\n<title>Kurti: Kriminel\u00ebt n\u00eb veri, ose n\u00eb burg ose n\u00eb Serbi \u2013 drejt\u00ebsia po vihet n\u00eb vend -<\/title>\n<meta name=\"robots\" content=\"index, follow, max-snippet:-1, max-image-preview:large, max-video-preview:-1\" \/>\n<link rel=\"canonical\" href=\"https:\/\/veritasinfo.org\/?p=5503\" \/>\n<meta property=\"og:locale\" content=\"en_US\" \/>\n<meta property=\"og:type\" content=\"article\" \/>\n<meta property=\"og:title\" content=\"Kurti: Kriminel\u00ebt n\u00eb veri, ose n\u00eb burg ose n\u00eb Serbi \u2013 drejt\u00ebsia po vihet n\u00eb vend -\" \/>\n<meta property=\"og:description\" content=\"Prishtin\u00eb, 27 Korrik 2025 Kryeministri n\u00eb detyr\u00eb Albin Kurti ka deklaruar se, 14 vjet pas vrasjes s\u00eb Enver Zymerit dhe gati dy vjet pas vrasjes\" \/>\n<meta property=\"og:url\" content=\"https:\/\/veritasinfo.org\/?p=5503\" \/>\n<meta property=\"article:published_time\" content=\"2025-07-27T10:23:15+00:00\" \/>\n<meta property=\"og:image\" content=\"https:\/\/veritasinfo.org\/wp-content\/uploads\/2025\/07\/IMG_2358.png\" \/>\n\t<meta property=\"og:image:width\" content=\"837\" \/>\n\t<meta property=\"og:image:height\" content=\"480\" \/>\n\t<meta property=\"og:image:type\" content=\"image\/png\" \/>\n<meta name=\"author\" content=\"admin\" \/>\n<meta name=\"twitter:card\" content=\"summary_large_image\" \/>\n<meta name=\"twitter:label1\" content=\"Written by\" \/>\n\t<meta name=\"twitter:data1\" content=\"admin\" \/>\n\t<meta name=\"twitter:label2\" content=\"Est. reading time\" \/>\n\t<meta name=\"twitter:data2\" content=\"1 minute\" \/>\n<script type=\"application\/ld+json\" class=\"yoast-schema-graph\">{\"@context\":\"https:\/\/schema.org\",\"@graph\":[{\"@type\":\"WebPage\",\"@id\":\"https:\/\/veritasinfo.org\/?p=5503\",\"url\":\"https:\/\/veritasinfo.org\/?p=5503\",\"name\":\"Kurti: Kriminel\u00ebt n\u00eb veri, ose n\u00eb burg ose n\u00eb Serbi \u2013 drejt\u00ebsia po vihet n\u00eb vend -\",\"isPartOf\":{\"@id\":\"https:\/\/veritasinfo.org\/#website\"},\"primaryImageOfPage\":{\"@id\":\"https:\/\/veritasinfo.org\/?p=5503#primaryimage\"},\"image\":{\"@id\":\"https:\/\/veritasinfo.org\/?p=5503#primaryimage\"},\"thumbnailUrl\":\"https:\/\/veritasinfo.org\/wp-content\/uploads\/2025\/07\/IMG_2358.png\",\"datePublished\":\"2025-07-27T10:23:15+00:00\",\"author\":{\"@id\":\"https:\/\/veritasinfo.org\/#\/schema\/person\/7701f8c088bece422266b100a712374f\"},\"breadcrumb\":{\"@id\":\"https:\/\/veritasinfo.org\/?p=5503#breadcrumb\"},\"inLanguage\":\"en-US\",\"potentialAction\":[{\"@type\":\"ReadAction\",\"target\":[\"https:\/\/veritasinfo.org\/?p=5503\"]}]},{\"@type\":\"ImageObject\",\"inLanguage\":\"en-US\",\"@id\":\"https:\/\/veritasinfo.org\/?p=5503#primaryimage\",\"url\":\"https:\/\/veritasinfo.org\/wp-content\/uploads\/2025\/07\/IMG_2358.png\",\"contentUrl\":\"https:\/\/veritasinfo.org\/wp-content\/uploads\/2025\/07\/IMG_2358.png\",\"width\":837,\"height\":480},{\"@type\":\"BreadcrumbList\",\"@id\":\"https:\/\/veritasinfo.org\/?p=5503#breadcrumb\",\"itemListElement\":[{\"@type\":\"ListItem\",\"position\":1,\"name\":\"Home\",\"item\":\"https:\/\/veritasinfo.org\/\"},{\"@type\":\"ListItem\",\"position\":2,\"name\":\"Kurti: Kriminel\u00ebt n\u00eb veri, ose n\u00eb burg ose n\u00eb Serbi \u2013 drejt\u00ebsia po vihet n\u00eb vend\"}]},{\"@type\":\"WebSite\",\"@id\":\"https:\/\/veritasinfo.org\/#website\",\"url\":\"https:\/\/veritasinfo.org\/\",\"name\":\"\",\"description\":\"\",\"potentialAction\":[{\"@type\":\"SearchAction\",\"target\":{\"@type\":\"EntryPoint\",\"urlTemplate\":\"https:\/\/veritasinfo.org\/?s={search_term_string}\"},\"query-input\":{\"@type\":\"PropertyValueSpecification\",\"valueRequired\":true,\"valueName\":\"search_term_string\"}}],\"inLanguage\":\"en-US\"},{\"@type\":\"Person\",\"@id\":\"https:\/\/veritasinfo.org\/#\/schema\/person\/7701f8c088bece422266b100a712374f\",\"name\":\"admin\",\"image\":{\"@type\":\"ImageObject\",\"inLanguage\":\"en-US\",\"@id\":\"https:\/\/veritasinfo.org\/#\/schema\/person\/image\/\",\"url\":\"https:\/\/secure.gravatar.com\/avatar\/ea53aa3bf6c9a12d5fde8ce4deff43fef3885ae33cf60184161a50d6987cfd2f?s=96&d=mm&r=g\",\"contentUrl\":\"https:\/\/secure.gravatar.com\/avatar\/ea53aa3bf6c9a12d5fde8ce4deff43fef3885ae33cf60184161a50d6987cfd2f?s=96&d=mm&r=g\",\"caption\":\"admin\"},\"sameAs\":[\"https:\/\/veritasinfo.org\"],\"url\":\"https:\/\/veritasinfo.org\/?author=1\"}]}<\/script>\n<!-- \/ Yoast SEO plugin. -->","yoast_head_json":{"title":"Kurti: Kriminel\u00ebt n\u00eb veri, ose n\u00eb burg ose n\u00eb Serbi \u2013 drejt\u00ebsia po vihet n\u00eb vend -","robots":{"index":"index","follow":"follow","max-snippet":"max-snippet:-1","max-image-preview":"max-image-preview:large","max-video-preview":"max-video-preview:-1"},"canonical":"https:\/\/veritasinfo.org\/?p=5503","og_locale":"en_US","og_type":"article","og_title":"Kurti: Kriminel\u00ebt n\u00eb veri, ose n\u00eb burg ose n\u00eb Serbi \u2013 drejt\u00ebsia po vihet n\u00eb vend -","og_description":"Prishtin\u00eb, 27 Korrik 2025 Kryeministri n\u00eb detyr\u00eb Albin Kurti ka deklaruar se, 14 vjet pas vrasjes s\u00eb Enver Zymerit dhe gati dy vjet pas vrasjes","og_url":"https:\/\/veritasinfo.org\/?p=5503","article_published_time":"2025-07-27T10:23:15+00:00","og_image":[{"width":837,"height":480,"url":"https:\/\/veritasinfo.org\/wp-content\/uploads\/2025\/07\/IMG_2358.png","type":"image\/png"}],"author":"admin","twitter_card":"summary_large_image","twitter_misc":{"Written by":"admin","Est. reading time":"1 minute"},"schema":{"@context":"https:\/\/schema.org","@graph":[{"@type":"WebPage","@id":"https:\/\/veritasinfo.org\/?p=5503","url":"https:\/\/veritasinfo.org\/?p=5503","name":"Kurti: Kriminel\u00ebt n\u00eb veri, ose n\u00eb burg ose n\u00eb Serbi \u2013 drejt\u00ebsia po vihet n\u00eb vend -","isPartOf":{"@id":"https:\/\/veritasinfo.org\/#website"},"primaryImageOfPage":{"@id":"https:\/\/veritasinfo.org\/?p=5503#primaryimage"},"image":{"@id":"https:\/\/veritasinfo.org\/?p=5503#primaryimage"},"thumbnailUrl":"https:\/\/veritasinfo.org\/wp-content\/uploads\/2025\/07\/IMG_2358.png","datePublished":"2025-07-27T10:23:15+00:00","author":{"@id":"https:\/\/veritasinfo.org\/#\/schema\/person\/7701f8c088bece422266b100a712374f"},"breadcrumb":{"@id":"https:\/\/veritasinfo.org\/?p=5503#breadcrumb"},"inLanguage":"en-US","potentialAction":[{"@type":"ReadAction","target":["https:\/\/veritasinfo.org\/?p=5503"]}]},{"@type":"ImageObject","inLanguage":"en-US","@id":"https:\/\/veritasinfo.org\/?p=5503#primaryimage","url":"https:\/\/veritasinfo.org\/wp-content\/uploads\/2025\/07\/IMG_2358.png","contentUrl":"https:\/\/veritasinfo.org\/wp-content\/uploads\/2025\/07\/IMG_2358.png","width":837,"height":480},{"@type":"BreadcrumbList","@id":"https:\/\/veritasinfo.org\/?p=5503#breadcrumb","itemListElement":[{"@type":"ListItem","position":1,"name":"Home","item":"https:\/\/veritasinfo.org\/"},{"@type":"ListItem","position":2,"name":"Kurti: Kriminel\u00ebt n\u00eb veri, ose n\u00eb burg ose n\u00eb Serbi \u2013 drejt\u00ebsia po vihet n\u00eb vend"}]},{"@type":"WebSite","@id":"https:\/\/veritasinfo.org\/#website","url":"https:\/\/veritasinfo.org\/","name":"","description":"","potentialAction":[{"@type":"SearchAction","target":{"@type":"EntryPoint","urlTemplate":"https:\/\/veritasinfo.org\/?s={search_term_string}"},"query-input":{"@type":"PropertyValueSpecification","valueRequired":true,"valueName":"search_term_string"}}],"inLanguage":"en-US"},{"@type":"Person","@id":"https:\/\/veritasinfo.org\/#\/schema\/person\/7701f8c088bece422266b100a712374f","name":"admin","image":{"@type":"ImageObject","inLanguage":"en-US","@id":"https:\/\/veritasinfo.org\/#\/schema\/person\/image\/","url":"https:\/\/secure.gravatar.com\/avatar\/ea53aa3bf6c9a12d5fde8ce4deff43fef3885ae33cf60184161a50d6987cfd2f?s=96&d=mm&r=g","contentUrl":"https:\/\/secure.gravatar.com\/avatar\/ea53aa3bf6c9a12d5fde8ce4deff43fef3885ae33cf60184161a50d6987cfd2f?s=96&d=mm&r=g","caption":"admin"},"sameAs":["https:\/\/veritasinfo.org"],"url":"https:\/\/veritasinfo.org\/?author=1"}]}},"featured_image_urls":{"full":["https:\/\/veritasinfo.org\/wp-content\/uploads\/2025\/07\/IMG_2358.png",837,480,false],"thumbnail":["https:\/\/veritasinfo.org\/wp-content\/uploads\/2025\/07\/IMG_2358-150x150.png",150,150,true],"medium":["https:\/\/veritasinfo.org\/wp-content\/uploads\/2025\/07\/IMG_2358-300x172.png",300,172,true],"medium_large":["https:\/\/veritasinfo.org\/wp-content\/uploads\/2025\/07\/IMG_2358-768x440.png",640,367,true],"large":["https:\/\/veritasinfo.org\/wp-content\/uploads\/2025\/07\/IMG_2358.png",640,367,false],"1536x1536":["https:\/\/veritasinfo.org\/wp-content\/uploads\/2025\/07\/IMG_2358.png",837,480,false],"2048x2048":["https:\/\/veritasinfo.org\/wp-content\/uploads\/2025\/07\/IMG_2358.png",837,480,false],"kreeti-slider-full":["https:\/\/veritasinfo.org\/wp-content\/uploads\/2025\/07\/IMG_2358.png",837,480,false],"kreeti-featured":["https:\/\/veritasinfo.org\/wp-content\/uploads\/2025\/07\/IMG_2358.png",837,480,false],"kreeti-medium":["https:\/\/veritasinfo.org\/wp-content\/uploads\/2025\/07\/IMG_2358.png",720,413,false],"kreeti-medium-square":["https:\/\/veritasinfo.org\/wp-content\/uploads\/2025\/07\/IMG_2358.png",350,201,false]},"author_info":{"info":["admin"]},"category_info":"<a href=\"https:\/\/veritasinfo.org\/?cat=58\" rel=\"category\">Politik\u00eb<\/a>","tag_info":"Politik\u00eb","comment_count":"0","_links":{"self":[{"href":"https:\/\/veritasinfo.org\/index.php?rest_route=\/wp\/v2\/posts\/5503","targetHints":{"allow":["GET"]}}],"collection":[{"href":"https:\/\/veritasinfo.org\/index.php?rest_route=\/wp\/v2\/posts"}],"about":[{"href":"https:\/\/veritasinfo.org\/index.php?rest_route=\/wp\/v2\/types\/post"}],"author":[{"embeddable":true,"href":"https:\/\/veritasinfo.org\/index.php?rest_route=\/wp\/v2\/users\/1"}],"replies":[{"embeddable":true,"href":"https:\/\/veritasinfo.org\/index.php?rest_route=%2Fwp%2Fv2%2Fcomments&post=5503"}],"version-history":[{"count":1,"href":"https:\/\/veritasinfo.org\/index.php?rest_route=\/wp\/v2\/posts\/5503\/revisions"}],"predecessor-version":[{"id":5505,"href":"https:\/\/veritasinfo.org\/index.php?rest_route=\/wp\/v2\/posts\/5503\/revisions\/5505"}],"wp:featuredmedia":[{"embeddable":true,"href":"https:\/\/veritasinfo.org\/index.php?rest_route=\/wp\/v2\/media\/5504"}],"wp:attachment":[{"href":"https:\/\/veritasinfo.org\/index.php?rest_route=%2Fwp%2Fv2%2Fmedia&parent=5503"}],"wp:term":[{"taxonomy":"category","embeddable":true,"href":"https:\/\/veritasinfo.org\/index.php?rest_route=%2Fwp%2Fv2%2Fcategories&post=5503"},{"taxonomy":"post_tag","embeddable":true,"href":"https:\/\/veritasinfo.org\/index.php?rest_route=%2Fwp%2Fv2%2Ftags&post=5503"}],"curies":[{"name":"wp","href":"https:\/\/api.w.org\/{rel}","templated":true}]}}