{"id":5502,"date":"2025-07-27T12:28:58","date_gmt":"2025-07-27T10:28:58","guid":{"rendered":"https:\/\/veritasinfo.org\/?p=5502"},"modified":"2025-07-27T12:39:50","modified_gmt":"2025-07-27T10:39:50","slug":"hakan-fidan-stabiliteti-ne-ballkan-kyc-per-paqen-ne-evrope","status":"publish","type":"post","link":"https:\/\/veritasinfo.org\/?p=5502","title":{"rendered":"Hakan Fidan: Stabiliteti n\u00eb Ballkan, ky\u00e7 p\u00ebr paqen n\u00eb Evrop\u00eb"},"content":{"rendered":"<p>E Diel 27 korrik 2025<\/p>\n<p><strong>Ministri i Pun\u00ebve t\u00eb Jashtme t\u00eb Turqis\u00eb, Hakan Fidan, ka deklaruar se stabiliteti i Ballkanit ka r\u00ebnd\u00ebsi t\u00eb madhe jo vet\u00ebm p\u00ebr paqen dhe sigurin\u00eb e Evrop\u00ebs, por edhe p\u00ebr rajonet p\u00ebrreth. Ai e quajti k\u00ebt\u00eb rajon nj\u00eb nyje strategjike q\u00eb lidh Evrop\u00ebn, Lindjen e Mesme, Mesdheun dhe Detin e Zi, duke theksuar se historikisht Ballkani ka qen\u00eb n\u00eb qend\u00ebr t\u00eb ekuilibrave politik\u00eb dhe ekonomik\u00eb.<\/strong><\/p>\n<p>Fidan ishte mikprit\u00ebs i Platform\u00ebs s\u00eb Paqes p\u00ebr Ballkanin, e mbajtur n\u00eb Stamboll, ku mor\u00ebn pjes\u00eb ministrat e Jasht\u00ebm t\u00eb vendeve t\u00eb rajonit. \u201cP\u00ebr Turqin\u00eb, Ballkani nuk \u00ebsht\u00eb vet\u00ebm nj\u00eb prioritet strategjik, por edhe nj\u00eb rajon me lidhje t\u00eb forta kulturore dhe njer\u00ebzore,\u201d tha ai n\u00eb konferenc\u00ebn p\u00ebr media pas takimit.<\/p>\n<p>Ai theksoi se stabiliteti n\u00eb Ballkan mund t\u00eb b\u00ebhet i q\u00ebndruesh\u00ebm vet\u00ebm p\u00ebrmes dialogut dhe bashk\u00ebpunimit t\u00eb ngusht\u00eb mes vendeve t\u00eb rajonit. \u201cBashk\u00ebpunimi yn\u00eb dypal\u00ebsh po zhvillohet n\u00eb shum\u00eb fusha dhe po zgjerohet \u00e7do dit\u00eb. N\u00eb thelb t\u00eb k\u00ebtij q\u00ebndrimi q\u00ebndron parimi i mb\u00ebshtetjes rajonale,\u201d u shpreh kryediplomati turk.<\/p>\n<p>Sipas tij, Platforma e Paqes p\u00ebr Ballkanin \u00ebsht\u00eb nj\u00eb hap i ri drejt k\u00ebtij q\u00ebllimi dhe synon krijimin e nj\u00eb strukture konkrete, e p\u00ebrqendruar n\u00eb rezultate dhe n\u00eb zgjidhjen e sinqert\u00eb t\u00eb problemeve. \u201cDuam q\u00eb fjala \u2018Ballkan\u2019 t\u00eb n\u00ebnkuptoj\u00eb bashk\u00ebpunim dhe solidaritet, jo p\u00ebr\u00e7arje e ndasi. Jemi t\u00eb p\u00ebrkushtuar t\u00eb kontribuojm\u00eb n\u00eb paqen dhe begatin\u00eb e rajonit,\u201d shtoi ai.<\/p>\n<p>Fidan n\u00ebnvizoi se kjo iniciativ\u00eb nuk synon t\u00eb z\u00ebvend\u00ebsoj\u00eb proceset ekzistuese, por t\u2019i mb\u00ebshtes\u00eb ato, duke p\u00ebrfshir\u00eb edhe dialogun Beograd\u2013Prishtin\u00eb. \u201cJemi mbledhur p\u00ebr t\u00eb gjetur zgjidhje ballkanike p\u00ebr problemet ballkanike dhe p\u00ebr t\u00eb zhvilluar projekte konkrete,\u201d theksoi ai, duke shtuar se jan\u00eb diskutuar edhe \u00e7\u00ebshtje t\u00eb siguris\u00eb energjetike, lidhshm\u00ebris\u00eb dhe bashk\u00ebpunimit rajonal.<\/p>\n<p>Ai apeloi p\u00ebr nj\u00eb t\u00eb ardhme t\u00eb p\u00ebrbashk\u00ebt dhe t\u00eb p\u00ebrgjegjshme: \u201cKemi nj\u00eb histori t\u00eb p\u00ebrbashk\u00ebt, me dhimbje dhe bukuri, por nuk duhet ta lejojm\u00eb t\u00eb na burgos\u00eb n\u00eb qorrsokak\u00ebt e s\u00eb kaluar\u00ebs. Duhet t\u00eb marrim p\u00ebrgjegj\u00ebsi p\u00ebr t\u00eb nd\u00ebrtuar nj\u00eb t\u00eb ardhme m\u00eb t\u00eb mir\u00eb dhe t\u00eb mos e l\u00ebm\u00eb at\u00eb n\u00eb dor\u00ebn e rast\u00ebsis\u00eb apo t\u00eb t\u00eb tjer\u00ebve\u201d.<\/p>\n<p>N\u00eb kuad\u00ebr t\u00eb platform\u00ebs, Fidan zhvilloi takime me homolog\u00ebt e tij nga Bosnj\u00eb e Hercegovina, Mali i Zi, Kosova, Maqedonia e Veriut, Serbia dhe Shqip\u00ebria, ku u diskutuan shqet\u00ebsimet dhe projektet e p\u00ebrbashk\u00ebta rajonale.<\/p>\n","protected":false},"excerpt":{"rendered":"<p>E Diel 27 korrik 2025 Ministri i Pun\u00ebve t\u00eb Jashtme t\u00eb Turqis\u00eb, Hakan Fidan, ka deklaruar se stabiliteti i Ballkanit ka r\u00ebnd\u00ebsi t\u00eb madhe jo<\/p>\n","protected":false},"author":1,"featured_media":5506,"comment_status":"open","ping_status":"open","sticky":false,"template":"","format":"standard","meta":{"footnotes":""},"categories":[72],"tags":[],"class_list":["post-5502","post","type-post","status-publish","format-standard","has-post-thumbnail","hentry","category-bota"],"yoast_head":"<!-- This site is optimized with the Yoast SEO plugin v25.3.1 - https:\/\/yoast.com\/wordpress\/plugins\/seo\/ -->\n<title>Hakan Fidan: Stabiliteti n\u00eb Ballkan, ky\u00e7 p\u00ebr paqen n\u00eb Evrop\u00eb -<\/title>\n<meta name=\"robots\" content=\"index, follow, max-snippet:-1, max-image-preview:large, max-video-preview:-1\" \/>\n<link rel=\"canonical\" href=\"https:\/\/veritasinfo.org\/?p=5502\" \/>\n<meta property=\"og:locale\" content=\"en_US\" \/>\n<meta property=\"og:type\" content=\"article\" \/>\n<meta property=\"og:title\" content=\"Hakan Fidan: Stabiliteti n\u00eb Ballkan, ky\u00e7 p\u00ebr paqen n\u00eb Evrop\u00eb -\" \/>\n<meta property=\"og:description\" content=\"E Diel 27 korrik 2025 Ministri i Pun\u00ebve t\u00eb Jashtme t\u00eb Turqis\u00eb, Hakan Fidan, ka deklaruar se stabiliteti i Ballkanit ka r\u00ebnd\u00ebsi t\u00eb madhe jo\" \/>\n<meta property=\"og:url\" content=\"https:\/\/veritasinfo.org\/?p=5502\" \/>\n<meta property=\"article:published_time\" content=\"2025-07-27T10:28:58+00:00\" \/>\n<meta property=\"article:modified_time\" content=\"2025-07-27T10:39:50+00:00\" \/>\n<meta property=\"og:image\" content=\"https:\/\/veritasinfo.org\/wp-content\/uploads\/2025\/07\/IMG_2073.png\" \/>\n\t<meta property=\"og:image:width\" content=\"430\" \/>\n\t<meta property=\"og:image:height\" content=\"241\" \/>\n\t<meta property=\"og:image:type\" content=\"image\/png\" \/>\n<meta name=\"author\" content=\"admin\" \/>\n<meta name=\"twitter:card\" content=\"summary_large_image\" \/>\n<meta name=\"twitter:label1\" content=\"Written by\" \/>\n\t<meta name=\"twitter:data1\" content=\"admin\" \/>\n\t<meta name=\"twitter:label2\" content=\"Est. reading time\" \/>\n\t<meta name=\"twitter:data2\" content=\"2 minutes\" \/>\n<script type=\"application\/ld+json\" class=\"yoast-schema-graph\">{\"@context\":\"https:\/\/schema.org\",\"@graph\":[{\"@type\":\"WebPage\",\"@id\":\"https:\/\/veritasinfo.org\/?p=5502\",\"url\":\"https:\/\/veritasinfo.org\/?p=5502\",\"name\":\"Hakan Fidan: Stabiliteti n\u00eb Ballkan, ky\u00e7 p\u00ebr paqen n\u00eb Evrop\u00eb -\",\"isPartOf\":{\"@id\":\"https:\/\/veritasinfo.org\/#website\"},\"primaryImageOfPage\":{\"@id\":\"https:\/\/veritasinfo.org\/?p=5502#primaryimage\"},\"image\":{\"@id\":\"https:\/\/veritasinfo.org\/?p=5502#primaryimage\"},\"thumbnailUrl\":\"https:\/\/veritasinfo.org\/wp-content\/uploads\/2025\/07\/IMG_2073.png\",\"datePublished\":\"2025-07-27T10:28:58+00:00\",\"dateModified\":\"2025-07-27T10:39:50+00:00\",\"author\":{\"@id\":\"https:\/\/veritasinfo.org\/#\/schema\/person\/7701f8c088bece422266b100a712374f\"},\"breadcrumb\":{\"@id\":\"https:\/\/veritasinfo.org\/?p=5502#breadcrumb\"},\"inLanguage\":\"en-US\",\"potentialAction\":[{\"@type\":\"ReadAction\",\"target\":[\"https:\/\/veritasinfo.org\/?p=5502\"]}]},{\"@type\":\"ImageObject\",\"inLanguage\":\"en-US\",\"@id\":\"https:\/\/veritasinfo.org\/?p=5502#primaryimage\",\"url\":\"https:\/\/veritasinfo.org\/wp-content\/uploads\/2025\/07\/IMG_2073.png\",\"contentUrl\":\"https:\/\/veritasinfo.org\/wp-content\/uploads\/2025\/07\/IMG_2073.png\",\"width\":430,\"height\":241},{\"@type\":\"BreadcrumbList\",\"@id\":\"https:\/\/veritasinfo.org\/?p=5502#breadcrumb\",\"itemListElement\":[{\"@type\":\"ListItem\",\"position\":1,\"name\":\"Home\",\"item\":\"https:\/\/veritasinfo.org\/\"},{\"@type\":\"ListItem\",\"position\":2,\"name\":\"Hakan Fidan: Stabiliteti n\u00eb Ballkan, ky\u00e7 p\u00ebr paqen n\u00eb Evrop\u00eb\"}]},{\"@type\":\"WebSite\",\"@id\":\"https:\/\/veritasinfo.org\/#website\",\"url\":\"https:\/\/veritasinfo.org\/\",\"name\":\"\",\"description\":\"\",\"potentialAction\":[{\"@type\":\"SearchAction\",\"target\":{\"@type\":\"EntryPoint\",\"urlTemplate\":\"https:\/\/veritasinfo.org\/?s={search_term_string}\"},\"query-input\":{\"@type\":\"PropertyValueSpecification\",\"valueRequired\":true,\"valueName\":\"search_term_string\"}}],\"inLanguage\":\"en-US\"},{\"@type\":\"Person\",\"@id\":\"https:\/\/veritasinfo.org\/#\/schema\/person\/7701f8c088bece422266b100a712374f\",\"name\":\"admin\",\"image\":{\"@type\":\"ImageObject\",\"inLanguage\":\"en-US\",\"@id\":\"https:\/\/veritasinfo.org\/#\/schema\/person\/image\/\",\"url\":\"https:\/\/secure.gravatar.com\/avatar\/ea53aa3bf6c9a12d5fde8ce4deff43fef3885ae33cf60184161a50d6987cfd2f?s=96&d=mm&r=g\",\"contentUrl\":\"https:\/\/secure.gravatar.com\/avatar\/ea53aa3bf6c9a12d5fde8ce4deff43fef3885ae33cf60184161a50d6987cfd2f?s=96&d=mm&r=g\",\"caption\":\"admin\"},\"sameAs\":[\"https:\/\/veritasinfo.org\"],\"url\":\"https:\/\/veritasinfo.org\/?author=1\"}]}<\/script>\n<!-- \/ Yoast SEO plugin. -->","yoast_head_json":{"title":"Hakan Fidan: Stabiliteti n\u00eb Ballkan, ky\u00e7 p\u00ebr paqen n\u00eb Evrop\u00eb -","robots":{"index":"index","follow":"follow","max-snippet":"max-snippet:-1","max-image-preview":"max-image-preview:large","max-video-preview":"max-video-preview:-1"},"canonical":"https:\/\/veritasinfo.org\/?p=5502","og_locale":"en_US","og_type":"article","og_title":"Hakan Fidan: Stabiliteti n\u00eb Ballkan, ky\u00e7 p\u00ebr paqen n\u00eb Evrop\u00eb -","og_description":"E Diel 27 korrik 2025 Ministri i Pun\u00ebve t\u00eb Jashtme t\u00eb Turqis\u00eb, Hakan Fidan, ka deklaruar se stabiliteti i Ballkanit ka r\u00ebnd\u00ebsi t\u00eb madhe jo","og_url":"https:\/\/veritasinfo.org\/?p=5502","article_published_time":"2025-07-27T10:28:58+00:00","article_modified_time":"2025-07-27T10:39:50+00:00","og_image":[{"width":430,"height":241,"url":"https:\/\/veritasinfo.org\/wp-content\/uploads\/2025\/07\/IMG_2073.png","type":"image\/png"}],"author":"admin","twitter_card":"summary_large_image","twitter_misc":{"Written by":"admin","Est. reading time":"2 minutes"},"schema":{"@context":"https:\/\/schema.org","@graph":[{"@type":"WebPage","@id":"https:\/\/veritasinfo.org\/?p=5502","url":"https:\/\/veritasinfo.org\/?p=5502","name":"Hakan Fidan: Stabiliteti n\u00eb Ballkan, ky\u00e7 p\u00ebr paqen n\u00eb Evrop\u00eb -","isPartOf":{"@id":"https:\/\/veritasinfo.org\/#website"},"primaryImageOfPage":{"@id":"https:\/\/veritasinfo.org\/?p=5502#primaryimage"},"image":{"@id":"https:\/\/veritasinfo.org\/?p=5502#primaryimage"},"thumbnailUrl":"https:\/\/veritasinfo.org\/wp-content\/uploads\/2025\/07\/IMG_2073.png","datePublished":"2025-07-27T10:28:58+00:00","dateModified":"2025-07-27T10:39:50+00:00","author":{"@id":"https:\/\/veritasinfo.org\/#\/schema\/person\/7701f8c088bece422266b100a712374f"},"breadcrumb":{"@id":"https:\/\/veritasinfo.org\/?p=5502#breadcrumb"},"inLanguage":"en-US","potentialAction":[{"@type":"ReadAction","target":["https:\/\/veritasinfo.org\/?p=5502"]}]},{"@type":"ImageObject","inLanguage":"en-US","@id":"https:\/\/veritasinfo.org\/?p=5502#primaryimage","url":"https:\/\/veritasinfo.org\/wp-content\/uploads\/2025\/07\/IMG_2073.png","contentUrl":"https:\/\/veritasinfo.org\/wp-content\/uploads\/2025\/07\/IMG_2073.png","width":430,"height":241},{"@type":"BreadcrumbList","@id":"https:\/\/veritasinfo.org\/?p=5502#breadcrumb","itemListElement":[{"@type":"ListItem","position":1,"name":"Home","item":"https:\/\/veritasinfo.org\/"},{"@type":"ListItem","position":2,"name":"Hakan Fidan: Stabiliteti n\u00eb Ballkan, ky\u00e7 p\u00ebr paqen n\u00eb Evrop\u00eb"}]},{"@type":"WebSite","@id":"https:\/\/veritasinfo.org\/#website","url":"https:\/\/veritasinfo.org\/","name":"","description":"","potentialAction":[{"@type":"SearchAction","target":{"@type":"EntryPoint","urlTemplate":"https:\/\/veritasinfo.org\/?s={search_term_string}"},"query-input":{"@type":"PropertyValueSpecification","valueRequired":true,"valueName":"search_term_string"}}],"inLanguage":"en-US"},{"@type":"Person","@id":"https:\/\/veritasinfo.org\/#\/schema\/person\/7701f8c088bece422266b100a712374f","name":"admin","image":{"@type":"ImageObject","inLanguage":"en-US","@id":"https:\/\/veritasinfo.org\/#\/schema\/person\/image\/","url":"https:\/\/secure.gravatar.com\/avatar\/ea53aa3bf6c9a12d5fde8ce4deff43fef3885ae33cf60184161a50d6987cfd2f?s=96&d=mm&r=g","contentUrl":"https:\/\/secure.gravatar.com\/avatar\/ea53aa3bf6c9a12d5fde8ce4deff43fef3885ae33cf60184161a50d6987cfd2f?s=96&d=mm&r=g","caption":"admin"},"sameAs":["https:\/\/veritasinfo.org"],"url":"https:\/\/veritasinfo.org\/?author=1"}]}},"featured_image_urls":{"full":["https:\/\/veritasinfo.org\/wp-content\/uploads\/2025\/07\/IMG_2073.png",430,241,false],"thumbnail":["https:\/\/veritasinfo.org\/wp-content\/uploads\/2025\/07\/IMG_2073-150x150.png",150,150,true],"medium":["https:\/\/veritasinfo.org\/wp-content\/uploads\/2025\/07\/IMG_2073-300x168.png",300,168,true],"medium_large":["https:\/\/veritasinfo.org\/wp-content\/uploads\/2025\/07\/IMG_2073.png",430,241,false],"large":["https:\/\/veritasinfo.org\/wp-content\/uploads\/2025\/07\/IMG_2073.png",430,241,false],"1536x1536":["https:\/\/veritasinfo.org\/wp-content\/uploads\/2025\/07\/IMG_2073.png",430,241,false],"2048x2048":["https:\/\/veritasinfo.org\/wp-content\/uploads\/2025\/07\/IMG_2073.png",430,241,false],"kreeti-slider-full":["https:\/\/veritasinfo.org\/wp-content\/uploads\/2025\/07\/IMG_2073.png",430,241,false],"kreeti-featured":["https:\/\/veritasinfo.org\/wp-content\/uploads\/2025\/07\/IMG_2073.png",430,241,false],"kreeti-medium":["https:\/\/veritasinfo.org\/wp-content\/uploads\/2025\/07\/IMG_2073.png",430,241,false],"kreeti-medium-square":["https:\/\/veritasinfo.org\/wp-content\/uploads\/2025\/07\/IMG_2073.png",350,196,false]},"author_info":{"info":["admin"]},"category_info":"<a href=\"https:\/\/veritasinfo.org\/?cat=72\" rel=\"category\">Bota<\/a>","tag_info":"Bota","comment_count":"0","_links":{"self":[{"href":"https:\/\/veritasinfo.org\/index.php?rest_route=\/wp\/v2\/posts\/5502","targetHints":{"allow":["GET"]}}],"collection":[{"href":"https:\/\/veritasinfo.org\/index.php?rest_route=\/wp\/v2\/posts"}],"about":[{"href":"https:\/\/veritasinfo.org\/index.php?rest_route=\/wp\/v2\/types\/post"}],"author":[{"embeddable":true,"href":"https:\/\/veritasinfo.org\/index.php?rest_route=\/wp\/v2\/users\/1"}],"replies":[{"embeddable":true,"href":"https:\/\/veritasinfo.org\/index.php?rest_route=%2Fwp%2Fv2%2Fcomments&post=5502"}],"version-history":[{"count":2,"href":"https:\/\/veritasinfo.org\/index.php?rest_route=\/wp\/v2\/posts\/5502\/revisions"}],"predecessor-version":[{"id":5512,"href":"https:\/\/veritasinfo.org\/index.php?rest_route=\/wp\/v2\/posts\/5502\/revisions\/5512"}],"wp:featuredmedia":[{"embeddable":true,"href":"https:\/\/veritasinfo.org\/index.php?rest_route=\/wp\/v2\/media\/5506"}],"wp:attachment":[{"href":"https:\/\/veritasinfo.org\/index.php?rest_route=%2Fwp%2Fv2%2Fmedia&parent=5502"}],"wp:term":[{"taxonomy":"category","embeddable":true,"href":"https:\/\/veritasinfo.org\/index.php?rest_route=%2Fwp%2Fv2%2Fcategories&post=5502"},{"taxonomy":"post_tag","embeddable":true,"href":"https:\/\/veritasinfo.org\/index.php?rest_route=%2Fwp%2Fv2%2Ftags&post=5502"}],"curies":[{"name":"wp","href":"https:\/\/api.w.org\/{rel}","templated":true}]}}