{"id":5497,"date":"2025-07-27T11:21:17","date_gmt":"2025-07-27T09:21:17","guid":{"rendered":"https:\/\/veritasinfo.org\/?p=5497"},"modified":"2025-07-27T11:21:17","modified_gmt":"2025-07-27T09:21:17","slug":"me-15-shtator-mbrojtja-e-ish-krereve-te-uck-se-pritet-te-filloje-me-paraqitjen-e-provave-te-saj","status":"publish","type":"post","link":"https:\/\/veritasinfo.org\/?p=5497","title":{"rendered":"M\u00eb 15 shtator, mbrojtja e ish-krer\u00ebve t\u00eb U\u00c7K-s\u00eb pritet t\u00eb filloj\u00eb me paraqitjen e provave t\u00eb saj"},"content":{"rendered":"<p>Hag\u00eb, 27 Korrik 2025<\/p>\n<p><strong>N\u00eb Dhomat e Specializuara t\u00eb Kosov\u00ebs (DhSK) n\u00eb Hag\u00eb, jan\u00eb njoftuar pal\u00ebt q\u00eb 15 shtatori 2025 synohet t\u00eb caktohet si dat\u00eb p\u00ebr fillimin e paraqitjes s\u00eb provave nga ana e mbrojtjes s\u00eb ish-krer\u00ebve t\u00eb U\u00c7K-s\u00eb: Hashim Tha\u00e7i, Kadri Veseli, Rexhep Selimi dhe Jakup Krasniqi.<\/strong><\/p>\n<p>Sipas asaj q\u00eb ka njoftuar mbrojtja, ndryshe nga ajo e Hashim Tha\u00e7it dhe Jakup Krasniqit, prova nuk do paraqesin ajo e Kadri Veselit dhe e Rexhep Selimit, raporton \u201c<strong>Betimi p\u00ebr Drejt\u00ebsi<\/strong>\u201c.<\/p>\n<p>Vendimi i Speciales thot\u00eb se mbrojtja e Tha\u00e7it kishte parashtruar se urdh\u00ebresa ndaj tyre q\u00eb ta paraqesin \u00e7\u00ebshtjen e tyre m\u00eb 25 gusht 2025 pa paralajm\u00ebrim dhe pa e d\u00ebgjuar mbrojtjen, e ka reduktuar koh\u00ebn n\u00eb dispozicion p\u00ebr p\u00ebrgatitjen e \u00e7\u00ebshtjes s\u00eb tyre.<\/p>\n<p>P\u00ebr pasoj\u00eb, mbrojtja kishte th\u00ebn\u00eb se nuk do t\u00eb ken\u00eb koh\u00eb t\u00eb mjaftueshme p\u00ebr t\u00eb p\u00ebrgatitur n\u00eb m\u00ebnyr\u00eb adekuate \u00e7\u00ebshtjen e saj dhe nuk do t\u00eb jen\u00eb n\u00eb gjendje q\u00eb t\u2019i p\u00ebrmbushin disa afate t\u00eb p\u00ebrcaktuara nga Paneli, n\u00eb ve\u00e7anti atyre p\u00ebr nxjerrjen e materialeve q\u00eb p\u00ebrb\u00ebjn\u00eb informacion sipas Rregull\u00ebs 107.<\/p>\n<p>Parashtresave t\u00eb mbrojtjes s\u00eb Tha\u00e7it iu ishte bashkuar edhe ajo e Krasniqit e cila kishte shtuar se nuk do t\u00eb jet\u00eb n\u00eb gjendje q\u00eb t\u00eb nis\u00eb me paraqitjen e \u00e7\u00ebshtjes s\u00eb saj n\u00eb jav\u00ebn e 25 gushtit.<\/p>\n<p>Prokuroria kishte parashtruar se nj\u00eb shtyrje e till\u00eb iu konvenon edhe atyre p\u00ebr t\u2019u p\u00ebrgatitur p\u00ebr \u00e7\u00ebshtjen e mbrojtjes. Nd\u00ebrsa, mbrojt\u00ebsi i viktimave nuk kishte paraqitur kund\u00ebrshtime n\u00eb k\u00ebt\u00eb rast.<\/p>\n<p>ZPS parashtroi se shtyrja e k\u00ebrkuar do t\u00eb ishte po aq e nevojshme edhe p\u00ebr ZPS-n\u00eb p\u00ebr t\u2019u p\u00ebrgatitur p\u00ebr paraqitjen e \u00e7\u00ebshtjes s\u00eb mbrojtjes.<\/p>\n<p>Sipas vendimit, trupi gjykues ka th\u00ebn\u00eb se mbrojtja e Tha\u00e7it ka njoftuar q\u00eb n\u00eb tetor t\u00eb 2022-\u00ebs q\u00eb do t\u00eb ftonte p\u00ebr t\u00eb d\u00ebshmuar s\u00eb paku gjasht\u00eb nga personat q\u00eb tashm\u00eb figurojn\u00eb n\u00eb list\u00ebn e saj t\u00eb d\u00ebshmitar\u00ebve, e q\u00eb n\u00eb total n\u00eb k\u00ebt\u00eb list\u00eb jan\u00eb 12 d\u00ebshmitar\u00eb.<\/p>\n<p>Madje, theksohet se mbrojtja kishte th\u00ebn\u00eb se d\u00ebshmia e k\u00ebtyre gjasht\u00eb personave ishte thelb\u00ebsore p\u00ebr \u00e7\u00ebshtjen e saj.<\/p>\n<p>Sipas vendimit, trupi gjykues ka th\u00ebn\u00eb se duke e pasur parasysh pozitat q\u00eb kan\u00eb mbajtur k\u00ebta d\u00ebshmitar\u00eb gjat\u00eb periudh\u00ebs s\u00eb aktakuz\u00ebs, mbrojtja \u00ebsht\u00eb dashur ta kujtoj\u00eb se d\u00ebshmia e k\u00ebtyre personave k\u00ebrkonte autorizim sipas Rregull\u00ebs 107 nga entitetet p\u00ebrkat\u00ebse.<\/p>\n<p>K\u00ebt\u00eb duhet ta kishte pasur parasysh mbrojtja edhe p\u00ebr tre persona t\u00eb tjer\u00eb n\u00eb list\u00ebn e d\u00ebshmitar\u00ebve, thuhet n\u00eb vendimin e gjyqtar\u00ebve t\u00eb Speciales. Trupi gjykues ka n\u00ebnvizuar se kjo \u00e7\u00ebshtje ishte dashur t\u00eb zgjidhej prej koh\u00ebsh nga trupi gjykues.<\/p>\n<p>Ndon\u00ebse u kritikua mbrojtja, me q\u00ebllim q\u00eb t\u00eb mund\u00ebsohet procesi i marrjes s\u00eb autorizimeve pasi nuk kishte kund\u00ebrshtime, trupi gjykues vendosi q\u00eb \u00e7\u00ebshtja e mbrojtjes synohet filloj\u00eb m\u00eb 15 shtator 2025.<\/p>\n<p>Por, kjo dat\u00eb hapje do t\u00eb caktohet zyrtarisht n\u00eb konferenc\u00ebn p\u00ebrgatitore q\u00eb do t\u00eb mbahet m\u00eb 19 gusht 2025.<\/p>\n<p>Nd\u00ebrkoh\u00eb, m\u00eb 15 prill 2025, Prokuroria ka njoftuar se ka p\u00ebrfunduar paraqitjen e provave n\u00eb k\u00ebt\u00eb rast.<\/p>\n<p>Nd\u00ebrsa, mbrojtja kishte b\u00ebr\u00eb k\u00ebrkes\u00eb sipas Rregull\u00ebs 130 e cila parasheh k\u00ebrkes\u00ebn p\u00ebr rr\u00ebzimin e ndonj\u00eb akuze apo akuzave n\u00eb t\u00ebr\u00ebsi n\u00eb aktakuz\u00eb. Vendimi mbi k\u00ebt\u00eb k\u00ebrkes\u00eb ishte\u00a0<a href=\"https:\/\/betimiperdrejtesi.com\/specialja-rrezon-ne-teresi-mocionin-e-mbrojtjes-ne-rastin-ndaj-ish-krereve-te-uck-se\/\">marr\u00eb me 16 korrik 2025<\/a>. Sipas kryetarit t\u00eb trupit gjykues, Charles Smith III, ajo q\u00eb kishte k\u00ebrkuar mbrojtja ishte mosmb\u00ebshtetja n\u00eb pretendime p\u00ebr krime lufte q\u00eb kan\u00eb t\u00eb b\u00ebjn\u00eb me incidente q\u00eb kan\u00eb ndodhur para majit t\u00eb 1998-\u00ebs dhe pas 20 qershorit t\u00eb 1999-\u00ebs.<\/p>\n<p>\u201cTrupi gjykues v\u00ebren se incidentet dhe ngjarjet q\u00eb kan\u00eb ndodhur n\u00eb koh\u00ebn q\u00eb kund\u00ebrshtohen prej mbrojtjes nuk jan\u00eb akuza brenda kuptimit t\u00eb Rregull\u00ebs 130\u201d, tha kryetari i trupit gjykues, Charles Smith III.<\/p>\n<p>Si rrjedhoj\u00eb, ishte rr\u00ebzuar ky mocion me arsyetimin se trupi gjykues s\u2019e ka autoritetin p\u00ebr t\u00eb rr\u00ebzuar materiale q\u00eb p\u00ebrb\u00ebjn\u00eb akuzat q\u00eb kan\u00eb t\u00eb b\u00ebjn\u00eb me shkaqe kohore.<\/p>\n<p>Nd\u00ebrsa, po t\u00eb nj\u00ebjt\u00ebn dit\u00eb, mbrojtja e viktimave kishte paraqitur provat e veta duke thirrur dy d\u00ebshmitare eksperte p\u00ebr t\u00eb d\u00ebshmuar nj\u00ebkoh\u00ebsisht.<\/p>\n<p><a href=\"https:\/\/betimiperdrejtesi.com\/raporti-i-eksperteve-ne-hage-refugjatet-nga-ish-jugosllavia-kane-pasur-shkalle-me-te-larte-te-problemeve-te-shendetit-mendor-sesa-ata-nga-zona-tjera-lufte\/\">P\u00ebrve\u00e7 q\u00eb d\u00ebshmuan me 16 korrik 2025<\/a>, d\u00ebshmia e k\u00ebtyre dy d\u00ebshmitar\u00ebve vazhdoi edhe\u00a0<a href=\"https:\/\/betimiperdrejtesi.com\/seanca-e-radhes-ndaj-ish-krereve-te-uck-se-mbahet-me-22-korrik\/\">m\u00eb 17 korrik 2025<\/a>, duke p\u00ebrfunduar k\u00ebshtu edhe marrja e d\u00ebshmive t\u00eb d\u00ebshmitar\u00ebve t\u00eb mbrojtjes s\u00eb viktimave.<\/p>\n<p><a href=\"https:\/\/betimiperdrejtesi.com\/zps-ka-dorezuar-aktakuzen-e-ndryshuar-ndaj-thacit-veselit-krasniqit-dhe-selimit\/?fbclid=IwAR02a4faNl0iLamHRh4rLtdjc5RbN7vQT9WOUckH8edZSzXShuUTG-rd7Bs\">Zyra e Prokurorit t\u00eb Specializuar, m\u00eb 30 shtator 2022 ka dor\u00ebzuar aktakuz\u00ebn e konfirmuar t\u00eb ndryshuar ndaj Hashim Tha\u00e7it, Kadri Veselit, Jakup Krasniqit dhe Rexhep\u00a0Selimit, e cila p\u00ebrb\u00ebhet nga dhjet\u00eb pika me akuza, ku k\u00ebta t\u00eb fundit ngarkohen p\u00ebr krime lufte e krime kund\u00ebr njer\u00ebzimit.\u00a0\u00a0<\/a><\/p>\n<p>M\u00eb 29 prill 2022, Zyra e Prokurorit t\u00eb Specializuar kishte dor\u00ebzuar nj\u00eb aktakuz\u00eb t\u00eb ndryshuar ndaj Hashim Tha\u00e7it, Kadri Veselit, Rexhep Selimit e Jakup Krasniqit, ku pretendohet se kat\u00ebr t\u00eb akuzuarit kan\u00eb kryer krime lufte edhe n\u00eb\u00a0<a href=\"https:\/\/betimiperdrejtesi.com\/akuzat-e-prokurorise-per-krime-lufte-ne-gjilan-ne-rastin-thaci-e-te-tjeret-flitet-per-rrembime-e-trupa-qe-u-gjeten-te-vdekur-me-pas\/\">Gjilan<\/a>,\u00a0<a href=\"https:\/\/betimiperdrejtesi.com\/zps-anetaret-e-uck-se-i-privuan-nga-liria-se-paku-12-persona-te-mbajtur-ne-budakove-dhe-semetishte\/https:\/betimiperdrejtesi.com\/zps-anetaret-e-uck-se-i-privuan-nga-liria-se-paku-12-persona-te-mbajtur-ne-budakove-dhe-semetishte\/\">Budakov\u00eb\u00a0e\u00a0Semetisht\u00eb<\/a>.<\/p>\n<p>M\u00eb 9 n\u00ebntor t\u00eb vitit 2020, n\u00eb paraqitjet e tyre t\u00eb para,\u00a0<a href=\"https:\/\/betimiperdrejtesi.com\/jakup-krasniqi-deklarohet-i-pafajshem-per-akuzat-me-te-cilat-po-perballet-ne-hage\/\">Jakup Krasniqi<\/a>\u00a0e\u00a0<a href=\"https:\/\/betimiperdrejtesi.com\/hashim-thaci-deklarohet-i-pafajshem-ndaj-akuzave-ne-hage\/\">Hashim Tha\u00e7i<\/a>\u00a0jan\u00eb deklaruar t\u00eb pafajsh\u00ebm p\u00ebr akuzat q\u00eb u vihen n\u00eb barr\u00eb. Nj\u00ebjt\u00eb \u00ebsht\u00eb deklaruar edhe Veseli n\u00eb paraqitjen e tij m\u00eb 10 n\u00ebntor, sikurse edhe\u00a0<a href=\"https:\/\/betimiperdrejtesi.com\/rexhep-selimi-deklarohet-i-pafajshem-per-te-gjitha-pikat-e-aktakuzes-ne-hage\/\">Rexhep\u00a0Selimi<\/a>\u00a0m\u00eb 11 n\u00ebntor.<\/p>\n<p>Aktakuza ndaj Hashim Tha\u00e7it, Kadri Veselit, Rexhep Selimit dhe Jakup Krasniqit \u00ebsht\u00eb konfirmuar m\u00eb 26 tetor 2020. \/<strong>Betimip\u00ebrDrejt\u00ebsi<\/strong><\/p>\n","protected":false},"excerpt":{"rendered":"<p>Hag\u00eb, 27 Korrik 2025 N\u00eb Dhomat e Specializuara t\u00eb Kosov\u00ebs (DhSK) n\u00eb Hag\u00eb, jan\u00eb njoftuar pal\u00ebt q\u00eb 15 shtatori 2025 synohet t\u00eb caktohet si dat\u00eb<\/p>\n","protected":false},"author":1,"featured_media":5498,"comment_status":"open","ping_status":"open","sticky":false,"template":"","format":"standard","meta":{"footnotes":""},"categories":[60],"tags":[],"class_list":["post-5497","post","type-post","status-publish","format-standard","has-post-thumbnail","hentry","category-shoqerore-sq"],"yoast_head":"<!-- This site is optimized with the Yoast SEO plugin v25.3.1 - https:\/\/yoast.com\/wordpress\/plugins\/seo\/ -->\n<title>M\u00eb 15 shtator, mbrojtja e ish-krer\u00ebve t\u00eb U\u00c7K-s\u00eb pritet t\u00eb filloj\u00eb me paraqitjen e provave t\u00eb saj -<\/title>\n<meta name=\"robots\" content=\"index, follow, max-snippet:-1, max-image-preview:large, max-video-preview:-1\" \/>\n<link rel=\"canonical\" href=\"https:\/\/veritasinfo.org\/?p=5497\" \/>\n<meta property=\"og:locale\" content=\"en_US\" \/>\n<meta property=\"og:type\" content=\"article\" \/>\n<meta property=\"og:title\" content=\"M\u00eb 15 shtator, mbrojtja e ish-krer\u00ebve t\u00eb U\u00c7K-s\u00eb pritet t\u00eb filloj\u00eb me paraqitjen e provave t\u00eb saj -\" \/>\n<meta property=\"og:description\" content=\"Hag\u00eb, 27 Korrik 2025 N\u00eb Dhomat e Specializuara t\u00eb Kosov\u00ebs (DhSK) n\u00eb Hag\u00eb, jan\u00eb njoftuar pal\u00ebt q\u00eb 15 shtatori 2025 synohet t\u00eb caktohet si dat\u00eb\" \/>\n<meta property=\"og:url\" content=\"https:\/\/veritasinfo.org\/?p=5497\" \/>\n<meta property=\"article:published_time\" content=\"2025-07-27T09:21:17+00:00\" \/>\n<meta property=\"og:image\" content=\"https:\/\/veritasinfo.org\/wp-content\/uploads\/2025\/07\/IMG_2071.png\" \/>\n\t<meta property=\"og:image:width\" content=\"750\" \/>\n\t<meta property=\"og:image:height\" content=\"430\" \/>\n\t<meta property=\"og:image:type\" content=\"image\/png\" \/>\n<meta name=\"author\" content=\"admin\" \/>\n<meta name=\"twitter:card\" content=\"summary_large_image\" \/>\n<meta name=\"twitter:label1\" content=\"Written by\" \/>\n\t<meta name=\"twitter:data1\" content=\"admin\" \/>\n\t<meta name=\"twitter:label2\" content=\"Est. reading time\" \/>\n\t<meta name=\"twitter:data2\" content=\"4 minutes\" \/>\n<script type=\"application\/ld+json\" class=\"yoast-schema-graph\">{\"@context\":\"https:\/\/schema.org\",\"@graph\":[{\"@type\":\"WebPage\",\"@id\":\"https:\/\/veritasinfo.org\/?p=5497\",\"url\":\"https:\/\/veritasinfo.org\/?p=5497\",\"name\":\"M\u00eb 15 shtator, mbrojtja e ish-krer\u00ebve t\u00eb U\u00c7K-s\u00eb pritet t\u00eb filloj\u00eb me paraqitjen e provave t\u00eb saj -\",\"isPartOf\":{\"@id\":\"https:\/\/veritasinfo.org\/#website\"},\"primaryImageOfPage\":{\"@id\":\"https:\/\/veritasinfo.org\/?p=5497#primaryimage\"},\"image\":{\"@id\":\"https:\/\/veritasinfo.org\/?p=5497#primaryimage\"},\"thumbnailUrl\":\"https:\/\/veritasinfo.org\/wp-content\/uploads\/2025\/07\/IMG_2071.png\",\"datePublished\":\"2025-07-27T09:21:17+00:00\",\"author\":{\"@id\":\"https:\/\/veritasinfo.org\/#\/schema\/person\/7701f8c088bece422266b100a712374f\"},\"breadcrumb\":{\"@id\":\"https:\/\/veritasinfo.org\/?p=5497#breadcrumb\"},\"inLanguage\":\"en-US\",\"potentialAction\":[{\"@type\":\"ReadAction\",\"target\":[\"https:\/\/veritasinfo.org\/?p=5497\"]}]},{\"@type\":\"ImageObject\",\"inLanguage\":\"en-US\",\"@id\":\"https:\/\/veritasinfo.org\/?p=5497#primaryimage\",\"url\":\"https:\/\/veritasinfo.org\/wp-content\/uploads\/2025\/07\/IMG_2071.png\",\"contentUrl\":\"https:\/\/veritasinfo.org\/wp-content\/uploads\/2025\/07\/IMG_2071.png\",\"width\":750,\"height\":430},{\"@type\":\"BreadcrumbList\",\"@id\":\"https:\/\/veritasinfo.org\/?p=5497#breadcrumb\",\"itemListElement\":[{\"@type\":\"ListItem\",\"position\":1,\"name\":\"Home\",\"item\":\"https:\/\/veritasinfo.org\/\"},{\"@type\":\"ListItem\",\"position\":2,\"name\":\"M\u00eb 15 shtator, mbrojtja e ish-krer\u00ebve t\u00eb U\u00c7K-s\u00eb pritet t\u00eb filloj\u00eb me paraqitjen e provave t\u00eb saj\"}]},{\"@type\":\"WebSite\",\"@id\":\"https:\/\/veritasinfo.org\/#website\",\"url\":\"https:\/\/veritasinfo.org\/\",\"name\":\"\",\"description\":\"\",\"potentialAction\":[{\"@type\":\"SearchAction\",\"target\":{\"@type\":\"EntryPoint\",\"urlTemplate\":\"https:\/\/veritasinfo.org\/?s={search_term_string}\"},\"query-input\":{\"@type\":\"PropertyValueSpecification\",\"valueRequired\":true,\"valueName\":\"search_term_string\"}}],\"inLanguage\":\"en-US\"},{\"@type\":\"Person\",\"@id\":\"https:\/\/veritasinfo.org\/#\/schema\/person\/7701f8c088bece422266b100a712374f\",\"name\":\"admin\",\"image\":{\"@type\":\"ImageObject\",\"inLanguage\":\"en-US\",\"@id\":\"https:\/\/veritasinfo.org\/#\/schema\/person\/image\/\",\"url\":\"https:\/\/secure.gravatar.com\/avatar\/ea53aa3bf6c9a12d5fde8ce4deff43fef3885ae33cf60184161a50d6987cfd2f?s=96&d=mm&r=g\",\"contentUrl\":\"https:\/\/secure.gravatar.com\/avatar\/ea53aa3bf6c9a12d5fde8ce4deff43fef3885ae33cf60184161a50d6987cfd2f?s=96&d=mm&r=g\",\"caption\":\"admin\"},\"sameAs\":[\"https:\/\/veritasinfo.org\"],\"url\":\"https:\/\/veritasinfo.org\/?author=1\"}]}<\/script>\n<!-- \/ Yoast SEO plugin. -->","yoast_head_json":{"title":"M\u00eb 15 shtator, mbrojtja e ish-krer\u00ebve t\u00eb U\u00c7K-s\u00eb pritet t\u00eb filloj\u00eb me paraqitjen e provave t\u00eb saj -","robots":{"index":"index","follow":"follow","max-snippet":"max-snippet:-1","max-image-preview":"max-image-preview:large","max-video-preview":"max-video-preview:-1"},"canonical":"https:\/\/veritasinfo.org\/?p=5497","og_locale":"en_US","og_type":"article","og_title":"M\u00eb 15 shtator, mbrojtja e ish-krer\u00ebve t\u00eb U\u00c7K-s\u00eb pritet t\u00eb filloj\u00eb me paraqitjen e provave t\u00eb saj -","og_description":"Hag\u00eb, 27 Korrik 2025 N\u00eb Dhomat e Specializuara t\u00eb Kosov\u00ebs (DhSK) n\u00eb Hag\u00eb, jan\u00eb njoftuar pal\u00ebt q\u00eb 15 shtatori 2025 synohet t\u00eb caktohet si dat\u00eb","og_url":"https:\/\/veritasinfo.org\/?p=5497","article_published_time":"2025-07-27T09:21:17+00:00","og_image":[{"width":750,"height":430,"url":"https:\/\/veritasinfo.org\/wp-content\/uploads\/2025\/07\/IMG_2071.png","type":"image\/png"}],"author":"admin","twitter_card":"summary_large_image","twitter_misc":{"Written by":"admin","Est. reading time":"4 minutes"},"schema":{"@context":"https:\/\/schema.org","@graph":[{"@type":"WebPage","@id":"https:\/\/veritasinfo.org\/?p=5497","url":"https:\/\/veritasinfo.org\/?p=5497","name":"M\u00eb 15 shtator, mbrojtja e ish-krer\u00ebve t\u00eb U\u00c7K-s\u00eb pritet t\u00eb filloj\u00eb me paraqitjen e provave t\u00eb saj -","isPartOf":{"@id":"https:\/\/veritasinfo.org\/#website"},"primaryImageOfPage":{"@id":"https:\/\/veritasinfo.org\/?p=5497#primaryimage"},"image":{"@id":"https:\/\/veritasinfo.org\/?p=5497#primaryimage"},"thumbnailUrl":"https:\/\/veritasinfo.org\/wp-content\/uploads\/2025\/07\/IMG_2071.png","datePublished":"2025-07-27T09:21:17+00:00","author":{"@id":"https:\/\/veritasinfo.org\/#\/schema\/person\/7701f8c088bece422266b100a712374f"},"breadcrumb":{"@id":"https:\/\/veritasinfo.org\/?p=5497#breadcrumb"},"inLanguage":"en-US","potentialAction":[{"@type":"ReadAction","target":["https:\/\/veritasinfo.org\/?p=5497"]}]},{"@type":"ImageObject","inLanguage":"en-US","@id":"https:\/\/veritasinfo.org\/?p=5497#primaryimage","url":"https:\/\/veritasinfo.org\/wp-content\/uploads\/2025\/07\/IMG_2071.png","contentUrl":"https:\/\/veritasinfo.org\/wp-content\/uploads\/2025\/07\/IMG_2071.png","width":750,"height":430},{"@type":"BreadcrumbList","@id":"https:\/\/veritasinfo.org\/?p=5497#breadcrumb","itemListElement":[{"@type":"ListItem","position":1,"name":"Home","item":"https:\/\/veritasinfo.org\/"},{"@type":"ListItem","position":2,"name":"M\u00eb 15 shtator, mbrojtja e ish-krer\u00ebve t\u00eb U\u00c7K-s\u00eb pritet t\u00eb filloj\u00eb me paraqitjen e provave t\u00eb saj"}]},{"@type":"WebSite","@id":"https:\/\/veritasinfo.org\/#website","url":"https:\/\/veritasinfo.org\/","name":"","description":"","potentialAction":[{"@type":"SearchAction","target":{"@type":"EntryPoint","urlTemplate":"https:\/\/veritasinfo.org\/?s={search_term_string}"},"query-input":{"@type":"PropertyValueSpecification","valueRequired":true,"valueName":"search_term_string"}}],"inLanguage":"en-US"},{"@type":"Person","@id":"https:\/\/veritasinfo.org\/#\/schema\/person\/7701f8c088bece422266b100a712374f","name":"admin","image":{"@type":"ImageObject","inLanguage":"en-US","@id":"https:\/\/veritasinfo.org\/#\/schema\/person\/image\/","url":"https:\/\/secure.gravatar.com\/avatar\/ea53aa3bf6c9a12d5fde8ce4deff43fef3885ae33cf60184161a50d6987cfd2f?s=96&d=mm&r=g","contentUrl":"https:\/\/secure.gravatar.com\/avatar\/ea53aa3bf6c9a12d5fde8ce4deff43fef3885ae33cf60184161a50d6987cfd2f?s=96&d=mm&r=g","caption":"admin"},"sameAs":["https:\/\/veritasinfo.org"],"url":"https:\/\/veritasinfo.org\/?author=1"}]}},"featured_image_urls":{"full":["https:\/\/veritasinfo.org\/wp-content\/uploads\/2025\/07\/IMG_2071.png",750,430,false],"thumbnail":["https:\/\/veritasinfo.org\/wp-content\/uploads\/2025\/07\/IMG_2071-150x150.png",150,150,true],"medium":["https:\/\/veritasinfo.org\/wp-content\/uploads\/2025\/07\/IMG_2071-300x172.png",300,172,true],"medium_large":["https:\/\/veritasinfo.org\/wp-content\/uploads\/2025\/07\/IMG_2071.png",640,367,false],"large":["https:\/\/veritasinfo.org\/wp-content\/uploads\/2025\/07\/IMG_2071.png",640,367,false],"1536x1536":["https:\/\/veritasinfo.org\/wp-content\/uploads\/2025\/07\/IMG_2071.png",750,430,false],"2048x2048":["https:\/\/veritasinfo.org\/wp-content\/uploads\/2025\/07\/IMG_2071.png",750,430,false],"kreeti-slider-full":["https:\/\/veritasinfo.org\/wp-content\/uploads\/2025\/07\/IMG_2071.png",750,430,false],"kreeti-featured":["https:\/\/veritasinfo.org\/wp-content\/uploads\/2025\/07\/IMG_2071.png",750,430,false],"kreeti-medium":["https:\/\/veritasinfo.org\/wp-content\/uploads\/2025\/07\/IMG_2071.png",720,413,false],"kreeti-medium-square":["https:\/\/veritasinfo.org\/wp-content\/uploads\/2025\/07\/IMG_2071.png",350,201,false]},"author_info":{"info":["admin"]},"category_info":"<a href=\"https:\/\/veritasinfo.org\/?cat=60\" rel=\"category\">Shoq\u00ebrore<\/a>","tag_info":"Shoq\u00ebrore","comment_count":"0","_links":{"self":[{"href":"https:\/\/veritasinfo.org\/index.php?rest_route=\/wp\/v2\/posts\/5497","targetHints":{"allow":["GET"]}}],"collection":[{"href":"https:\/\/veritasinfo.org\/index.php?rest_route=\/wp\/v2\/posts"}],"about":[{"href":"https:\/\/veritasinfo.org\/index.php?rest_route=\/wp\/v2\/types\/post"}],"author":[{"embeddable":true,"href":"https:\/\/veritasinfo.org\/index.php?rest_route=\/wp\/v2\/users\/1"}],"replies":[{"embeddable":true,"href":"https:\/\/veritasinfo.org\/index.php?rest_route=%2Fwp%2Fv2%2Fcomments&post=5497"}],"version-history":[{"count":1,"href":"https:\/\/veritasinfo.org\/index.php?rest_route=\/wp\/v2\/posts\/5497\/revisions"}],"predecessor-version":[{"id":5499,"href":"https:\/\/veritasinfo.org\/index.php?rest_route=\/wp\/v2\/posts\/5497\/revisions\/5499"}],"wp:featuredmedia":[{"embeddable":true,"href":"https:\/\/veritasinfo.org\/index.php?rest_route=\/wp\/v2\/media\/5498"}],"wp:attachment":[{"href":"https:\/\/veritasinfo.org\/index.php?rest_route=%2Fwp%2Fv2%2Fmedia&parent=5497"}],"wp:term":[{"taxonomy":"category","embeddable":true,"href":"https:\/\/veritasinfo.org\/index.php?rest_route=%2Fwp%2Fv2%2Fcategories&post=5497"},{"taxonomy":"post_tag","embeddable":true,"href":"https:\/\/veritasinfo.org\/index.php?rest_route=%2Fwp%2Fv2%2Ftags&post=5497"}],"curies":[{"name":"wp","href":"https:\/\/api.w.org\/{rel}","templated":true}]}}