{"id":5469,"date":"2025-07-27T08:20:17","date_gmt":"2025-07-27T06:20:17","guid":{"rendered":"https:\/\/veritasinfo.org\/?p=5469"},"modified":"2025-07-27T08:20:17","modified_gmt":"2025-07-27T06:20:17","slug":"nga-tetori-meta-u-jep-fund-reklamave-politike-ne-facebook-dhe-instagram","status":"publish","type":"post","link":"https:\/\/veritasinfo.org\/?p=5469","title":{"rendered":"Nga tetori, Meta u jep fund reklamave politike n\u00eb Facebook dhe Instagram"},"content":{"rendered":"<p>SHBA 27 Korrik 2025<\/p>\n<p>Kompania Meta, n\u00ebn t\u00eb cil\u00ebn operojn\u00eb Instagram dhe Facebook, ka njoftuar se do t\u00eb anuloj\u00eb plot\u00ebsisht opsionin e reklamave politike dhe zgjedhore n\u00eb vendet e BE-s\u00eb nga tetori.<\/p>\n<div class=\"code-block code-block-8\">\n<div id=\"futureads_d773fe1afb07405e8d2f0e46933877d3_zone_104122_sect_47401_site_41437\" data-sender=\"futureads\">Njoftimi i Metas pasqyron nj\u00eb vendim q\u00eb Google njoftoi n\u00ebntorin e kaluar, duke theksuar rezistenc\u00ebn e kompanive t\u00eb m\u00ebdha t\u00eb teknologjis\u00eb ndaj rregullave t\u00eb BE-s\u00eb q\u00eb synojn\u00eb t\u00eb frenojn\u00eb pushtetin e tyre dhe t\u00eb sigurojn\u00eb llogaridh\u00ebnie dhe transparenc\u00eb m\u00eb t\u00eb madhe.<\/div>\n<\/div>\n<p>Ligji i Bashkimit Evropian, i njohur edhe si Rregullorja p\u00ebr Transparenc\u00ebn dhe Synimin e Reklamimit Politik, i cili do t\u00eb zbatohet nga 10 tetori, hyn n\u00eb fuqi p\u00ebr shkak t\u00eb k\u00ebrc\u00ebnimit n\u00eb rritje t\u00eb dezinformimit dhe nd\u00ebrhyrjes s\u00eb huaj n\u00eb zgjedhjet n\u00eb vendet an\u00ebtare.<\/p>\n<p>Ligji k\u00ebrkon q\u00eb kompanit\u00eb e m\u00ebdha t\u00eb teknologjis\u00eb t\u00eb etiketojn\u00eb qart\u00eb reklamat politike n\u00eb platformat e tyre, kush pagoi p\u00ebr t\u00eb dhe sa, si dhe cilat zgjedhje u referohet, ose rrezikojn\u00eb gjoba deri n\u00eb 6% t\u00eb xhiros s\u00eb tyre vjetore.<br \/>\n<em>\u201cNga fillimi i tetorit 2025, ne nuk do t\u00eb lejojm\u00eb m\u00eb reklama politike, zgjedhore dhe sociale n\u00eb platformat tona n\u00eb B<\/em>E\u201d, deklaroi Meta.<\/p>\n<p>Ata gjithashtu deklaruan se ky ishte nj\u00eb vendim i v\u00ebshtir\u00eb p\u00ebr kompanin\u00eb.<\/p>\n","protected":false},"excerpt":{"rendered":"<p>SHBA 27 Korrik 2025 Kompania Meta, n\u00ebn t\u00eb cil\u00ebn operojn\u00eb Instagram dhe Facebook, ka njoftuar se do t\u00eb anuloj\u00eb plot\u00ebsisht opsionin e reklamave politike dhe<\/p>\n","protected":false},"author":1,"featured_media":5471,"comment_status":"open","ping_status":"open","sticky":false,"template":"","format":"standard","meta":{"footnotes":""},"categories":[60],"tags":[],"class_list":["post-5469","post","type-post","status-publish","format-standard","has-post-thumbnail","hentry","category-shoqerore-sq"],"yoast_head":"<!-- This site is optimized with the Yoast SEO plugin v25.3.1 - https:\/\/yoast.com\/wordpress\/plugins\/seo\/ -->\n<title>Nga tetori, Meta u jep fund reklamave politike n\u00eb Facebook dhe Instagram -<\/title>\n<meta name=\"robots\" content=\"index, follow, max-snippet:-1, max-image-preview:large, max-video-preview:-1\" \/>\n<link rel=\"canonical\" href=\"https:\/\/veritasinfo.org\/?p=5469\" \/>\n<meta property=\"og:locale\" content=\"en_US\" \/>\n<meta property=\"og:type\" content=\"article\" \/>\n<meta property=\"og:title\" content=\"Nga tetori, Meta u jep fund reklamave politike n\u00eb Facebook dhe Instagram -\" \/>\n<meta property=\"og:description\" content=\"SHBA 27 Korrik 2025 Kompania Meta, n\u00ebn t\u00eb cil\u00ebn operojn\u00eb Instagram dhe Facebook, ka njoftuar se do t\u00eb anuloj\u00eb plot\u00ebsisht opsionin e reklamave politike dhe\" \/>\n<meta property=\"og:url\" content=\"https:\/\/veritasinfo.org\/?p=5469\" \/>\n<meta property=\"article:published_time\" content=\"2025-07-27T06:20:17+00:00\" \/>\n<meta property=\"og:image\" content=\"https:\/\/veritasinfo.org\/wp-content\/uploads\/2025\/07\/IMG_2356.jpeg\" \/>\n\t<meta property=\"og:image:width\" content=\"678\" \/>\n\t<meta property=\"og:image:height\" content=\"362\" \/>\n\t<meta property=\"og:image:type\" content=\"image\/jpeg\" \/>\n<meta name=\"author\" content=\"admin\" \/>\n<meta name=\"twitter:card\" content=\"summary_large_image\" \/>\n<meta name=\"twitter:label1\" content=\"Written by\" \/>\n\t<meta name=\"twitter:data1\" content=\"admin\" \/>\n\t<meta name=\"twitter:label2\" content=\"Est. reading time\" \/>\n\t<meta name=\"twitter:data2\" content=\"2 minutes\" \/>\n<script type=\"application\/ld+json\" class=\"yoast-schema-graph\">{\"@context\":\"https:\/\/schema.org\",\"@graph\":[{\"@type\":\"WebPage\",\"@id\":\"https:\/\/veritasinfo.org\/?p=5469\",\"url\":\"https:\/\/veritasinfo.org\/?p=5469\",\"name\":\"Nga tetori, Meta u jep fund reklamave politike n\u00eb Facebook dhe Instagram -\",\"isPartOf\":{\"@id\":\"https:\/\/veritasinfo.org\/#website\"},\"primaryImageOfPage\":{\"@id\":\"https:\/\/veritasinfo.org\/?p=5469#primaryimage\"},\"image\":{\"@id\":\"https:\/\/veritasinfo.org\/?p=5469#primaryimage\"},\"thumbnailUrl\":\"https:\/\/veritasinfo.org\/wp-content\/uploads\/2025\/07\/IMG_2356.jpeg\",\"datePublished\":\"2025-07-27T06:20:17+00:00\",\"author\":{\"@id\":\"https:\/\/veritasinfo.org\/#\/schema\/person\/7701f8c088bece422266b100a712374f\"},\"breadcrumb\":{\"@id\":\"https:\/\/veritasinfo.org\/?p=5469#breadcrumb\"},\"inLanguage\":\"en-US\",\"potentialAction\":[{\"@type\":\"ReadAction\",\"target\":[\"https:\/\/veritasinfo.org\/?p=5469\"]}]},{\"@type\":\"ImageObject\",\"inLanguage\":\"en-US\",\"@id\":\"https:\/\/veritasinfo.org\/?p=5469#primaryimage\",\"url\":\"https:\/\/veritasinfo.org\/wp-content\/uploads\/2025\/07\/IMG_2356.jpeg\",\"contentUrl\":\"https:\/\/veritasinfo.org\/wp-content\/uploads\/2025\/07\/IMG_2356.jpeg\",\"width\":678,\"height\":362},{\"@type\":\"BreadcrumbList\",\"@id\":\"https:\/\/veritasinfo.org\/?p=5469#breadcrumb\",\"itemListElement\":[{\"@type\":\"ListItem\",\"position\":1,\"name\":\"Home\",\"item\":\"https:\/\/veritasinfo.org\/\"},{\"@type\":\"ListItem\",\"position\":2,\"name\":\"Nga tetori, Meta u jep fund reklamave politike n\u00eb Facebook dhe Instagram\"}]},{\"@type\":\"WebSite\",\"@id\":\"https:\/\/veritasinfo.org\/#website\",\"url\":\"https:\/\/veritasinfo.org\/\",\"name\":\"\",\"description\":\"\",\"potentialAction\":[{\"@type\":\"SearchAction\",\"target\":{\"@type\":\"EntryPoint\",\"urlTemplate\":\"https:\/\/veritasinfo.org\/?s={search_term_string}\"},\"query-input\":{\"@type\":\"PropertyValueSpecification\",\"valueRequired\":true,\"valueName\":\"search_term_string\"}}],\"inLanguage\":\"en-US\"},{\"@type\":\"Person\",\"@id\":\"https:\/\/veritasinfo.org\/#\/schema\/person\/7701f8c088bece422266b100a712374f\",\"name\":\"admin\",\"image\":{\"@type\":\"ImageObject\",\"inLanguage\":\"en-US\",\"@id\":\"https:\/\/veritasinfo.org\/#\/schema\/person\/image\/\",\"url\":\"https:\/\/secure.gravatar.com\/avatar\/ea53aa3bf6c9a12d5fde8ce4deff43fef3885ae33cf60184161a50d6987cfd2f?s=96&d=mm&r=g\",\"contentUrl\":\"https:\/\/secure.gravatar.com\/avatar\/ea53aa3bf6c9a12d5fde8ce4deff43fef3885ae33cf60184161a50d6987cfd2f?s=96&d=mm&r=g\",\"caption\":\"admin\"},\"sameAs\":[\"https:\/\/veritasinfo.org\"],\"url\":\"https:\/\/veritasinfo.org\/?author=1\"}]}<\/script>\n<!-- \/ Yoast SEO plugin. -->","yoast_head_json":{"title":"Nga tetori, Meta u jep fund reklamave politike n\u00eb Facebook dhe Instagram -","robots":{"index":"index","follow":"follow","max-snippet":"max-snippet:-1","max-image-preview":"max-image-preview:large","max-video-preview":"max-video-preview:-1"},"canonical":"https:\/\/veritasinfo.org\/?p=5469","og_locale":"en_US","og_type":"article","og_title":"Nga tetori, Meta u jep fund reklamave politike n\u00eb Facebook dhe Instagram -","og_description":"SHBA 27 Korrik 2025 Kompania Meta, n\u00ebn t\u00eb cil\u00ebn operojn\u00eb Instagram dhe Facebook, ka njoftuar se do t\u00eb anuloj\u00eb plot\u00ebsisht opsionin e reklamave politike dhe","og_url":"https:\/\/veritasinfo.org\/?p=5469","article_published_time":"2025-07-27T06:20:17+00:00","og_image":[{"width":678,"height":362,"url":"https:\/\/veritasinfo.org\/wp-content\/uploads\/2025\/07\/IMG_2356.jpeg","type":"image\/jpeg"}],"author":"admin","twitter_card":"summary_large_image","twitter_misc":{"Written by":"admin","Est. reading time":"2 minutes"},"schema":{"@context":"https:\/\/schema.org","@graph":[{"@type":"WebPage","@id":"https:\/\/veritasinfo.org\/?p=5469","url":"https:\/\/veritasinfo.org\/?p=5469","name":"Nga tetori, Meta u jep fund reklamave politike n\u00eb Facebook dhe Instagram -","isPartOf":{"@id":"https:\/\/veritasinfo.org\/#website"},"primaryImageOfPage":{"@id":"https:\/\/veritasinfo.org\/?p=5469#primaryimage"},"image":{"@id":"https:\/\/veritasinfo.org\/?p=5469#primaryimage"},"thumbnailUrl":"https:\/\/veritasinfo.org\/wp-content\/uploads\/2025\/07\/IMG_2356.jpeg","datePublished":"2025-07-27T06:20:17+00:00","author":{"@id":"https:\/\/veritasinfo.org\/#\/schema\/person\/7701f8c088bece422266b100a712374f"},"breadcrumb":{"@id":"https:\/\/veritasinfo.org\/?p=5469#breadcrumb"},"inLanguage":"en-US","potentialAction":[{"@type":"ReadAction","target":["https:\/\/veritasinfo.org\/?p=5469"]}]},{"@type":"ImageObject","inLanguage":"en-US","@id":"https:\/\/veritasinfo.org\/?p=5469#primaryimage","url":"https:\/\/veritasinfo.org\/wp-content\/uploads\/2025\/07\/IMG_2356.jpeg","contentUrl":"https:\/\/veritasinfo.org\/wp-content\/uploads\/2025\/07\/IMG_2356.jpeg","width":678,"height":362},{"@type":"BreadcrumbList","@id":"https:\/\/veritasinfo.org\/?p=5469#breadcrumb","itemListElement":[{"@type":"ListItem","position":1,"name":"Home","item":"https:\/\/veritasinfo.org\/"},{"@type":"ListItem","position":2,"name":"Nga tetori, Meta u jep fund reklamave politike n\u00eb Facebook dhe Instagram"}]},{"@type":"WebSite","@id":"https:\/\/veritasinfo.org\/#website","url":"https:\/\/veritasinfo.org\/","name":"","description":"","potentialAction":[{"@type":"SearchAction","target":{"@type":"EntryPoint","urlTemplate":"https:\/\/veritasinfo.org\/?s={search_term_string}"},"query-input":{"@type":"PropertyValueSpecification","valueRequired":true,"valueName":"search_term_string"}}],"inLanguage":"en-US"},{"@type":"Person","@id":"https:\/\/veritasinfo.org\/#\/schema\/person\/7701f8c088bece422266b100a712374f","name":"admin","image":{"@type":"ImageObject","inLanguage":"en-US","@id":"https:\/\/veritasinfo.org\/#\/schema\/person\/image\/","url":"https:\/\/secure.gravatar.com\/avatar\/ea53aa3bf6c9a12d5fde8ce4deff43fef3885ae33cf60184161a50d6987cfd2f?s=96&d=mm&r=g","contentUrl":"https:\/\/secure.gravatar.com\/avatar\/ea53aa3bf6c9a12d5fde8ce4deff43fef3885ae33cf60184161a50d6987cfd2f?s=96&d=mm&r=g","caption":"admin"},"sameAs":["https:\/\/veritasinfo.org"],"url":"https:\/\/veritasinfo.org\/?author=1"}]}},"featured_image_urls":{"full":["https:\/\/veritasinfo.org\/wp-content\/uploads\/2025\/07\/IMG_2356.jpeg",678,362,false],"thumbnail":["https:\/\/veritasinfo.org\/wp-content\/uploads\/2025\/07\/IMG_2356-150x150.jpeg",150,150,true],"medium":["https:\/\/veritasinfo.org\/wp-content\/uploads\/2025\/07\/IMG_2356-300x160.jpeg",300,160,true],"medium_large":["https:\/\/veritasinfo.org\/wp-content\/uploads\/2025\/07\/IMG_2356.jpeg",640,342,false],"large":["https:\/\/veritasinfo.org\/wp-content\/uploads\/2025\/07\/IMG_2356.jpeg",640,342,false],"1536x1536":["https:\/\/veritasinfo.org\/wp-content\/uploads\/2025\/07\/IMG_2356.jpeg",678,362,false],"2048x2048":["https:\/\/veritasinfo.org\/wp-content\/uploads\/2025\/07\/IMG_2356.jpeg",678,362,false],"kreeti-slider-full":["https:\/\/veritasinfo.org\/wp-content\/uploads\/2025\/07\/IMG_2356.jpeg",678,362,false],"kreeti-featured":["https:\/\/veritasinfo.org\/wp-content\/uploads\/2025\/07\/IMG_2356.jpeg",678,362,false],"kreeti-medium":["https:\/\/veritasinfo.org\/wp-content\/uploads\/2025\/07\/IMG_2356.jpeg",678,362,false],"kreeti-medium-square":["https:\/\/veritasinfo.org\/wp-content\/uploads\/2025\/07\/IMG_2356.jpeg",350,187,false]},"author_info":{"info":["admin"]},"category_info":"<a href=\"https:\/\/veritasinfo.org\/?cat=60\" rel=\"category\">Shoq\u00ebrore<\/a>","tag_info":"Shoq\u00ebrore","comment_count":"0","_links":{"self":[{"href":"https:\/\/veritasinfo.org\/index.php?rest_route=\/wp\/v2\/posts\/5469","targetHints":{"allow":["GET"]}}],"collection":[{"href":"https:\/\/veritasinfo.org\/index.php?rest_route=\/wp\/v2\/posts"}],"about":[{"href":"https:\/\/veritasinfo.org\/index.php?rest_route=\/wp\/v2\/types\/post"}],"author":[{"embeddable":true,"href":"https:\/\/veritasinfo.org\/index.php?rest_route=\/wp\/v2\/users\/1"}],"replies":[{"embeddable":true,"href":"https:\/\/veritasinfo.org\/index.php?rest_route=%2Fwp%2Fv2%2Fcomments&post=5469"}],"version-history":[{"count":1,"href":"https:\/\/veritasinfo.org\/index.php?rest_route=\/wp\/v2\/posts\/5469\/revisions"}],"predecessor-version":[{"id":5472,"href":"https:\/\/veritasinfo.org\/index.php?rest_route=\/wp\/v2\/posts\/5469\/revisions\/5472"}],"wp:featuredmedia":[{"embeddable":true,"href":"https:\/\/veritasinfo.org\/index.php?rest_route=\/wp\/v2\/media\/5471"}],"wp:attachment":[{"href":"https:\/\/veritasinfo.org\/index.php?rest_route=%2Fwp%2Fv2%2Fmedia&parent=5469"}],"wp:term":[{"taxonomy":"category","embeddable":true,"href":"https:\/\/veritasinfo.org\/index.php?rest_route=%2Fwp%2Fv2%2Fcategories&post=5469"},{"taxonomy":"post_tag","embeddable":true,"href":"https:\/\/veritasinfo.org\/index.php?rest_route=%2Fwp%2Fv2%2Ftags&post=5469"}],"curies":[{"name":"wp","href":"https:\/\/api.w.org\/{rel}","templated":true}]}}