{"id":5425,"date":"2025-07-27T07:22:43","date_gmt":"2025-07-27T05:22:43","guid":{"rendered":"https:\/\/veritasinfo.org\/?p=5425"},"modified":"2025-07-26T23:59:32","modified_gmt":"2025-07-26T21:59:32","slug":"edhe-kete-vit-ministria-e-arsimit-pritet-ti-subvencionoje-prinderit-per-blerjen-e-librave-shkollore","status":"publish","type":"post","link":"https:\/\/veritasinfo.org\/?p=5425","title":{"rendered":"Edhe k\u00ebt\u00eb vit, Ministria e Arsimit pritet t\u2019i subvencionoj\u00eb prind\u00ebrit p\u00ebr blerjen e librave shkollor\u00eb"},"content":{"rendered":"<p>Prishtin\u00eb, 27 Korrik 2025<\/p>\n<p>T\u00eb gjith\u00eb nx\u00ebn\u00ebsit q\u00eb i n\u00ebnshtrohen sistemit arsimor n\u00eb Kosov\u00eb, nga klasa 1-9 do t\u00eb subvencionohen p\u00ebr blerje t\u00eb librave.<\/p>\n<p>Aplikimi pritet t\u00eb hapet n\u00eb mes datave 1 gusht dhe 5 gusht 2025. K\u00ebshtu ka konfirmuar Taulant Kelmendi, z\u00ebvend\u00ebsministri i Arsimit.<\/p>\n<p>N\u00eb nj\u00eb intervist\u00eb p\u00ebr Kallxo P\u00ebrnime, z\u00ebvend\u00ebsministri Kelmendi ka dh\u00ebn\u00eb detaje rreth procesit. Ai ka th\u00ebn\u00eb se telashet e dy viteve paraprake i kan\u00eb adresuar dhe k\u00ebt\u00eb vit nuk presin vonesa n\u00eb subvencionim dhe blerje t\u00eb librave.<br \/>\n\u201cKritikat i kemi analizuar, si cdo ndryshim i praktikave p\u00ebrcjell\u00ebt me v\u00ebshtir\u00ebsi. Ne kemi informuar t\u00eb gjith\u00eb prind\u00ebrit dhe nx\u00ebn\u00ebsit, q\u00eb ne i subvencionojm\u00eb tesktet shkollore drejtp\u00ebrdrejt\u00eb p\u00ebr prind\u00ebrit, pra t\u00eb gjith\u00eb ata q\u00eb aplikojn\u00eb p\u00ebrmes \u201cE-Kosov\u00ebs\u201d. P\u00ebrvec teksteve shkollore, ne kemi vendosur q\u00eb t\u2019i subvencionojm\u00eb me nj\u00eb shum\u00eb t\u00eb caktuar edhe blerjen e materialeve tjera shkollore\u201d \u2013 ka th\u00ebn\u00eb z\u00ebvend\u00ebsministri i Arsimit, Taulant Kelmendi.<\/p>\n<p>\u201cDo mb\u00ebshtetet secili nx\u00ebn\u00ebs q\u00eb i n\u00ebnshtrohet sistemit arsimor n\u00eb Republik\u00ebn e Kosov\u00ebs. N\u00eb vitin 2023-2024 kemi vendos q\u00eb t\u2019 mb\u00ebshtesim me 80 euro secilin nx\u00ebn\u00ebs prej klas\u00ebs 6-9 dhe me nga 30 euro 1-5\u201d \u2013 thot\u00eb Kelmendi.<\/p>\n<p>Ai ka th\u00ebn\u00eb se shuma p\u00ebr secilin aplikat p\u00ebr k\u00ebt\u00eb vit nuk \u00ebsht\u00eb caktuar ende.<\/p>\n<p>\u201cVitin e kaluar jan\u00eb mb\u00ebshtetur me nga 80 euro t\u00eb gjith\u00eb nx\u00ebn\u00ebsit e klasave 1-5 dhe nga 110 euro nga klasa e 6-9. Tani obligohen nx\u00ebn\u00ebsit q\u00eb t\u2019i kthejn\u00eb librat e p\u00ebr k\u00ebt\u00eb vit ende nuk kemi vendosur sa do t\u00eb jet\u00eb shuma\u201d \u2013 thot\u00eb ai.<br \/>\nSipas Kelmendit, k\u00ebt\u00eb vit nuk do t\u00eb ket\u00eb vonesa n\u00eb ndarje t\u00eb subvencioneve dhe s\u00eb shpejti pritet t\u00eb hapet edhe thirrja n\u00eb form\u00eb elektronike.<\/p>\n<p>\u201cShpresojm\u00eb nga 1 gushti i k\u00ebtij viti t\u00eb jet\u00eb gati platforma t\u00eb aplikoj secili prind q\u00eb t\u00eb p\u00ebrfitoj. Jemi t\u00eb sigurt q\u00eb m\u00eb 1 shtator secili nx\u00ebn\u00ebs t\u00eb ket\u00eb librat para bank\u00ebs s\u00eb tyre. Mendojm\u00eb q\u00eb kjo \u00ebsht\u00eb forma m\u00eb e mir\u00eb\u201d \u2013 deklaroi ai.<\/p>\n<p>\u201cJemi n\u00eb dijeni q\u00eb ka pasur vonesa, por vonesa ka pasur edhe n\u00eb t\u00eb kaluar\u00ebn, pretendojm\u00eb q\u00eb k\u00ebt\u00eb vit ta b\u00ebjm\u00eb edhe m\u00eb her\u00ebt thirrjen q\u00eb mos t\u00eb ket\u00eb vonesa\u201d \u2013 vler\u00ebsoi zv.ministri i Arsimit.<\/p>\n<p>Zyra Komb\u00ebtare e Auditorit p\u00ebr vitin 2024 gjeti disa parregullsi n\u00eb ndarje t\u00eb subvencioneve p\u00ebr nx\u00ebn\u00ebsit nga klasa 1-9.<br \/>\nSipas ZKA-s\u00eb, 154 p\u00ebrfitues n\u00eb shum\u00eb prej 14 mij\u00eb e 150 euro ishin jasht\u00eb vendit por t\u00eb nj\u00ebjtit mor\u00ebn subvencione nga shteti p\u00ebr blerje t\u00eb librave.<\/p>\n<p>ZKA gjeti po ashtu se 208 p\u00ebrfitues ishin t\u00eb nivelit parafillor e t\u00eb nj\u00ebjtit p\u00ebrfituan nga subvencionimi.<\/p>\n","protected":false},"excerpt":{"rendered":"<p>Prishtin\u00eb, 27 Korrik 2025 T\u00eb gjith\u00eb nx\u00ebn\u00ebsit q\u00eb i n\u00ebnshtrohen sistemit arsimor n\u00eb Kosov\u00eb, nga klasa 1-9 do t\u00eb subvencionohen p\u00ebr blerje t\u00eb librave. Aplikimi<\/p>\n","protected":false},"author":1,"featured_media":5426,"comment_status":"open","ping_status":"open","sticky":false,"template":"","format":"standard","meta":{"footnotes":""},"categories":[60],"tags":[],"class_list":["post-5425","post","type-post","status-publish","format-standard","has-post-thumbnail","hentry","category-shoqerore-sq"],"yoast_head":"<!-- This site is optimized with the Yoast SEO plugin v25.3.1 - https:\/\/yoast.com\/wordpress\/plugins\/seo\/ -->\n<title>Edhe k\u00ebt\u00eb vit, Ministria e Arsimit pritet t\u2019i subvencionoj\u00eb prind\u00ebrit p\u00ebr blerjen e librave shkollor\u00eb -<\/title>\n<meta name=\"robots\" content=\"index, follow, max-snippet:-1, max-image-preview:large, max-video-preview:-1\" \/>\n<link rel=\"canonical\" href=\"https:\/\/veritasinfo.org\/?p=5425\" \/>\n<meta property=\"og:locale\" content=\"en_US\" \/>\n<meta property=\"og:type\" content=\"article\" \/>\n<meta property=\"og:title\" content=\"Edhe k\u00ebt\u00eb vit, Ministria e Arsimit pritet t\u2019i subvencionoj\u00eb prind\u00ebrit p\u00ebr blerjen e librave shkollor\u00eb -\" \/>\n<meta property=\"og:description\" content=\"Prishtin\u00eb, 27 Korrik 2025 T\u00eb gjith\u00eb nx\u00ebn\u00ebsit q\u00eb i n\u00ebnshtrohen sistemit arsimor n\u00eb Kosov\u00eb, nga klasa 1-9 do t\u00eb subvencionohen p\u00ebr blerje t\u00eb librave. Aplikimi\" \/>\n<meta property=\"og:url\" content=\"https:\/\/veritasinfo.org\/?p=5425\" \/>\n<meta property=\"article:published_time\" content=\"2025-07-27T05:22:43+00:00\" \/>\n<meta property=\"og:image\" content=\"https:\/\/veritasinfo.org\/wp-content\/uploads\/2025\/07\/IMG_2352.jpeg\" \/>\n\t<meta property=\"og:image:width\" content=\"745\" \/>\n\t<meta property=\"og:image:height\" content=\"480\" \/>\n\t<meta property=\"og:image:type\" content=\"image\/jpeg\" \/>\n<meta name=\"author\" content=\"admin\" \/>\n<meta name=\"twitter:card\" content=\"summary_large_image\" \/>\n<meta name=\"twitter:label1\" content=\"Written by\" \/>\n\t<meta name=\"twitter:data1\" content=\"admin\" \/>\n\t<meta name=\"twitter:label2\" content=\"Est. reading time\" \/>\n\t<meta name=\"twitter:data2\" content=\"2 minutes\" \/>\n<script type=\"application\/ld+json\" class=\"yoast-schema-graph\">{\"@context\":\"https:\/\/schema.org\",\"@graph\":[{\"@type\":\"WebPage\",\"@id\":\"https:\/\/veritasinfo.org\/?p=5425\",\"url\":\"https:\/\/veritasinfo.org\/?p=5425\",\"name\":\"Edhe k\u00ebt\u00eb vit, Ministria e Arsimit pritet t\u2019i subvencionoj\u00eb prind\u00ebrit p\u00ebr blerjen e librave shkollor\u00eb -\",\"isPartOf\":{\"@id\":\"https:\/\/veritasinfo.org\/#website\"},\"primaryImageOfPage\":{\"@id\":\"https:\/\/veritasinfo.org\/?p=5425#primaryimage\"},\"image\":{\"@id\":\"https:\/\/veritasinfo.org\/?p=5425#primaryimage\"},\"thumbnailUrl\":\"https:\/\/veritasinfo.org\/wp-content\/uploads\/2025\/07\/IMG_2352.jpeg\",\"datePublished\":\"2025-07-27T05:22:43+00:00\",\"author\":{\"@id\":\"https:\/\/veritasinfo.org\/#\/schema\/person\/7701f8c088bece422266b100a712374f\"},\"breadcrumb\":{\"@id\":\"https:\/\/veritasinfo.org\/?p=5425#breadcrumb\"},\"inLanguage\":\"en-US\",\"potentialAction\":[{\"@type\":\"ReadAction\",\"target\":[\"https:\/\/veritasinfo.org\/?p=5425\"]}]},{\"@type\":\"ImageObject\",\"inLanguage\":\"en-US\",\"@id\":\"https:\/\/veritasinfo.org\/?p=5425#primaryimage\",\"url\":\"https:\/\/veritasinfo.org\/wp-content\/uploads\/2025\/07\/IMG_2352.jpeg\",\"contentUrl\":\"https:\/\/veritasinfo.org\/wp-content\/uploads\/2025\/07\/IMG_2352.jpeg\",\"width\":745,\"height\":480},{\"@type\":\"BreadcrumbList\",\"@id\":\"https:\/\/veritasinfo.org\/?p=5425#breadcrumb\",\"itemListElement\":[{\"@type\":\"ListItem\",\"position\":1,\"name\":\"Home\",\"item\":\"https:\/\/veritasinfo.org\/\"},{\"@type\":\"ListItem\",\"position\":2,\"name\":\"Edhe k\u00ebt\u00eb vit, Ministria e Arsimit pritet t\u2019i subvencionoj\u00eb prind\u00ebrit p\u00ebr blerjen e librave shkollor\u00eb\"}]},{\"@type\":\"WebSite\",\"@id\":\"https:\/\/veritasinfo.org\/#website\",\"url\":\"https:\/\/veritasinfo.org\/\",\"name\":\"\",\"description\":\"\",\"potentialAction\":[{\"@type\":\"SearchAction\",\"target\":{\"@type\":\"EntryPoint\",\"urlTemplate\":\"https:\/\/veritasinfo.org\/?s={search_term_string}\"},\"query-input\":{\"@type\":\"PropertyValueSpecification\",\"valueRequired\":true,\"valueName\":\"search_term_string\"}}],\"inLanguage\":\"en-US\"},{\"@type\":\"Person\",\"@id\":\"https:\/\/veritasinfo.org\/#\/schema\/person\/7701f8c088bece422266b100a712374f\",\"name\":\"admin\",\"image\":{\"@type\":\"ImageObject\",\"inLanguage\":\"en-US\",\"@id\":\"https:\/\/veritasinfo.org\/#\/schema\/person\/image\/\",\"url\":\"https:\/\/secure.gravatar.com\/avatar\/ea53aa3bf6c9a12d5fde8ce4deff43fef3885ae33cf60184161a50d6987cfd2f?s=96&d=mm&r=g\",\"contentUrl\":\"https:\/\/secure.gravatar.com\/avatar\/ea53aa3bf6c9a12d5fde8ce4deff43fef3885ae33cf60184161a50d6987cfd2f?s=96&d=mm&r=g\",\"caption\":\"admin\"},\"sameAs\":[\"https:\/\/veritasinfo.org\"],\"url\":\"https:\/\/veritasinfo.org\/?author=1\"}]}<\/script>\n<!-- \/ Yoast SEO plugin. -->","yoast_head_json":{"title":"Edhe k\u00ebt\u00eb vit, Ministria e Arsimit pritet t\u2019i subvencionoj\u00eb prind\u00ebrit p\u00ebr blerjen e librave shkollor\u00eb -","robots":{"index":"index","follow":"follow","max-snippet":"max-snippet:-1","max-image-preview":"max-image-preview:large","max-video-preview":"max-video-preview:-1"},"canonical":"https:\/\/veritasinfo.org\/?p=5425","og_locale":"en_US","og_type":"article","og_title":"Edhe k\u00ebt\u00eb vit, Ministria e Arsimit pritet t\u2019i subvencionoj\u00eb prind\u00ebrit p\u00ebr blerjen e librave shkollor\u00eb -","og_description":"Prishtin\u00eb, 27 Korrik 2025 T\u00eb gjith\u00eb nx\u00ebn\u00ebsit q\u00eb i n\u00ebnshtrohen sistemit arsimor n\u00eb Kosov\u00eb, nga klasa 1-9 do t\u00eb subvencionohen p\u00ebr blerje t\u00eb librave. Aplikimi","og_url":"https:\/\/veritasinfo.org\/?p=5425","article_published_time":"2025-07-27T05:22:43+00:00","og_image":[{"width":745,"height":480,"url":"https:\/\/veritasinfo.org\/wp-content\/uploads\/2025\/07\/IMG_2352.jpeg","type":"image\/jpeg"}],"author":"admin","twitter_card":"summary_large_image","twitter_misc":{"Written by":"admin","Est. reading time":"2 minutes"},"schema":{"@context":"https:\/\/schema.org","@graph":[{"@type":"WebPage","@id":"https:\/\/veritasinfo.org\/?p=5425","url":"https:\/\/veritasinfo.org\/?p=5425","name":"Edhe k\u00ebt\u00eb vit, Ministria e Arsimit pritet t\u2019i subvencionoj\u00eb prind\u00ebrit p\u00ebr blerjen e librave shkollor\u00eb -","isPartOf":{"@id":"https:\/\/veritasinfo.org\/#website"},"primaryImageOfPage":{"@id":"https:\/\/veritasinfo.org\/?p=5425#primaryimage"},"image":{"@id":"https:\/\/veritasinfo.org\/?p=5425#primaryimage"},"thumbnailUrl":"https:\/\/veritasinfo.org\/wp-content\/uploads\/2025\/07\/IMG_2352.jpeg","datePublished":"2025-07-27T05:22:43+00:00","author":{"@id":"https:\/\/veritasinfo.org\/#\/schema\/person\/7701f8c088bece422266b100a712374f"},"breadcrumb":{"@id":"https:\/\/veritasinfo.org\/?p=5425#breadcrumb"},"inLanguage":"en-US","potentialAction":[{"@type":"ReadAction","target":["https:\/\/veritasinfo.org\/?p=5425"]}]},{"@type":"ImageObject","inLanguage":"en-US","@id":"https:\/\/veritasinfo.org\/?p=5425#primaryimage","url":"https:\/\/veritasinfo.org\/wp-content\/uploads\/2025\/07\/IMG_2352.jpeg","contentUrl":"https:\/\/veritasinfo.org\/wp-content\/uploads\/2025\/07\/IMG_2352.jpeg","width":745,"height":480},{"@type":"BreadcrumbList","@id":"https:\/\/veritasinfo.org\/?p=5425#breadcrumb","itemListElement":[{"@type":"ListItem","position":1,"name":"Home","item":"https:\/\/veritasinfo.org\/"},{"@type":"ListItem","position":2,"name":"Edhe k\u00ebt\u00eb vit, Ministria e Arsimit pritet t\u2019i subvencionoj\u00eb prind\u00ebrit p\u00ebr blerjen e librave shkollor\u00eb"}]},{"@type":"WebSite","@id":"https:\/\/veritasinfo.org\/#website","url":"https:\/\/veritasinfo.org\/","name":"","description":"","potentialAction":[{"@type":"SearchAction","target":{"@type":"EntryPoint","urlTemplate":"https:\/\/veritasinfo.org\/?s={search_term_string}"},"query-input":{"@type":"PropertyValueSpecification","valueRequired":true,"valueName":"search_term_string"}}],"inLanguage":"en-US"},{"@type":"Person","@id":"https:\/\/veritasinfo.org\/#\/schema\/person\/7701f8c088bece422266b100a712374f","name":"admin","image":{"@type":"ImageObject","inLanguage":"en-US","@id":"https:\/\/veritasinfo.org\/#\/schema\/person\/image\/","url":"https:\/\/secure.gravatar.com\/avatar\/ea53aa3bf6c9a12d5fde8ce4deff43fef3885ae33cf60184161a50d6987cfd2f?s=96&d=mm&r=g","contentUrl":"https:\/\/secure.gravatar.com\/avatar\/ea53aa3bf6c9a12d5fde8ce4deff43fef3885ae33cf60184161a50d6987cfd2f?s=96&d=mm&r=g","caption":"admin"},"sameAs":["https:\/\/veritasinfo.org"],"url":"https:\/\/veritasinfo.org\/?author=1"}]}},"featured_image_urls":{"full":["https:\/\/veritasinfo.org\/wp-content\/uploads\/2025\/07\/IMG_2352.jpeg",745,480,false],"thumbnail":["https:\/\/veritasinfo.org\/wp-content\/uploads\/2025\/07\/IMG_2352-150x150.jpeg",150,150,true],"medium":["https:\/\/veritasinfo.org\/wp-content\/uploads\/2025\/07\/IMG_2352-300x193.jpeg",300,193,true],"medium_large":["https:\/\/veritasinfo.org\/wp-content\/uploads\/2025\/07\/IMG_2352.jpeg",640,412,false],"large":["https:\/\/veritasinfo.org\/wp-content\/uploads\/2025\/07\/IMG_2352.jpeg",640,412,false],"1536x1536":["https:\/\/veritasinfo.org\/wp-content\/uploads\/2025\/07\/IMG_2352.jpeg",745,480,false],"2048x2048":["https:\/\/veritasinfo.org\/wp-content\/uploads\/2025\/07\/IMG_2352.jpeg",745,480,false],"kreeti-slider-full":["https:\/\/veritasinfo.org\/wp-content\/uploads\/2025\/07\/IMG_2352.jpeg",745,480,false],"kreeti-featured":["https:\/\/veritasinfo.org\/wp-content\/uploads\/2025\/07\/IMG_2352.jpeg",745,480,false],"kreeti-medium":["https:\/\/veritasinfo.org\/wp-content\/uploads\/2025\/07\/IMG_2352.jpeg",720,464,false],"kreeti-medium-square":["https:\/\/veritasinfo.org\/wp-content\/uploads\/2025\/07\/IMG_2352.jpeg",350,226,false]},"author_info":{"info":["admin"]},"category_info":"<a href=\"https:\/\/veritasinfo.org\/?cat=60\" rel=\"category\">Shoq\u00ebrore<\/a>","tag_info":"Shoq\u00ebrore","comment_count":"0","_links":{"self":[{"href":"https:\/\/veritasinfo.org\/index.php?rest_route=\/wp\/v2\/posts\/5425","targetHints":{"allow":["GET"]}}],"collection":[{"href":"https:\/\/veritasinfo.org\/index.php?rest_route=\/wp\/v2\/posts"}],"about":[{"href":"https:\/\/veritasinfo.org\/index.php?rest_route=\/wp\/v2\/types\/post"}],"author":[{"embeddable":true,"href":"https:\/\/veritasinfo.org\/index.php?rest_route=\/wp\/v2\/users\/1"}],"replies":[{"embeddable":true,"href":"https:\/\/veritasinfo.org\/index.php?rest_route=%2Fwp%2Fv2%2Fcomments&post=5425"}],"version-history":[{"count":1,"href":"https:\/\/veritasinfo.org\/index.php?rest_route=\/wp\/v2\/posts\/5425\/revisions"}],"predecessor-version":[{"id":5427,"href":"https:\/\/veritasinfo.org\/index.php?rest_route=\/wp\/v2\/posts\/5425\/revisions\/5427"}],"wp:featuredmedia":[{"embeddable":true,"href":"https:\/\/veritasinfo.org\/index.php?rest_route=\/wp\/v2\/media\/5426"}],"wp:attachment":[{"href":"https:\/\/veritasinfo.org\/index.php?rest_route=%2Fwp%2Fv2%2Fmedia&parent=5425"}],"wp:term":[{"taxonomy":"category","embeddable":true,"href":"https:\/\/veritasinfo.org\/index.php?rest_route=%2Fwp%2Fv2%2Fcategories&post=5425"},{"taxonomy":"post_tag","embeddable":true,"href":"https:\/\/veritasinfo.org\/index.php?rest_route=%2Fwp%2Fv2%2Ftags&post=5425"}],"curies":[{"name":"wp","href":"https:\/\/api.w.org\/{rel}","templated":true}]}}