{"id":5415,"date":"2025-07-26T23:50:45","date_gmt":"2025-07-26T21:50:45","guid":{"rendered":"https:\/\/veritasinfo.org\/?p=5415"},"modified":"2025-07-26T23:50:45","modified_gmt":"2025-07-26T21:50:45","slug":"arrestohet-ne-mitrovicen-e-veriut-42-vjecari-qe-dyshohet-per-zjarrvenie-afer-shtepive","status":"publish","type":"post","link":"https:\/\/veritasinfo.org\/?p=5415","title":{"rendered":"Arrestohet n\u00eb Mitrovic\u00ebn e Veriut 42-vje\u00e7ari q\u00eb dyshohet p\u00ebr zjarrv\u00ebnie af\u00ebr sht\u00ebpive"},"content":{"rendered":"<p>Mitrovic\u00eb e Veriut, 26 korrik 2025<\/p>\n<p><strong>Policia e Kosov\u00ebs ka arrestuar t\u00eb shtun\u00ebn nj\u00eb 42-vje\u00e7ar n\u00eb Mitrovic\u00ebn e Veriut, i dyshuar p\u00ebr vepr\u00ebn penale \u201czjarrv\u00ebnie\u201d.<\/strong><\/p>\n<p>Ngjarja ka ndodhur m\u00eb 26 korrik, rreth or\u00ebs 15:55, n\u00eb lagjen \u201cKodra e Minator\u00ebve\u201d, ku nj\u00eb zjarr rrezikoi disa sht\u00ebpi dhe automjete.<\/p>\n<p>\u201cFal\u00eb reagimit t\u00eb shpejt\u00eb t\u00eb nj\u00ebsive policore dhe zjarrfik\u00ebsve, zjarri u lokalizua dhe u shua pa shkaktuar d\u00ebme t\u00eb m\u00ebdha,\u201d ka b\u00ebr\u00eb t\u00eb ditur Policia.<\/p>\n<p>Gjat\u00eb hetimeve, autoritetet kan\u00eb siguruar nj\u00eb video ku shihet i dyshuari duke i v\u00ebn\u00eb q\u00ebllimisht zjarr barishtes. Ai \u00ebsht\u00eb identifikuar si Z.M., 42 vje\u00e7, dhe \u00ebsht\u00eb arrestuar n\u00eb sht\u00ebpin\u00eb e tij. Me urdh\u00ebr t\u00eb prokurorit t\u00eb shtetit, i dyshuari \u00ebsht\u00eb ndaluar p\u00ebr 48 or\u00eb dhe do t\u00eb hetohet p\u00ebr vepr\u00ebn penale \u201czjarrv\u00ebnie\u201d.<\/p>\n<p>Policia u ka b\u00ebr\u00eb thirrje qytetar\u00ebve t\u00eb shmangin ndezjen e zjarreve n\u00eb hap\u00ebsira t\u00eb hapura, ve\u00e7an\u00ebrisht gjat\u00eb muajve t\u00eb ver\u00ebs, duke paralajm\u00ebruar se veprime t\u00eb tilla rrezikojn\u00eb jet\u00ebn, pron\u00ebn dhe ambientin. Qytetar\u00ebt inkurajohen t\u00eb raportojn\u00eb menj\u00ebher\u00eb raste t\u00eb ngjashme n\u00eb numrin emergjent 192.<\/p>\n","protected":false},"excerpt":{"rendered":"<p>Mitrovic\u00eb e Veriut, 26 korrik 2025 Policia e Kosov\u00ebs ka arrestuar t\u00eb shtun\u00ebn nj\u00eb 42-vje\u00e7ar n\u00eb Mitrovic\u00ebn e Veriut, i dyshuar p\u00ebr vepr\u00ebn penale \u201czjarrv\u00ebnie\u201d.<\/p>\n","protected":false},"author":1,"featured_media":5416,"comment_status":"open","ping_status":"open","sticky":false,"template":"","format":"standard","meta":{"footnotes":""},"categories":[60],"tags":[],"class_list":["post-5415","post","type-post","status-publish","format-standard","has-post-thumbnail","hentry","category-shoqerore-sq"],"yoast_head":"<!-- This site is optimized with the Yoast SEO plugin v25.3.1 - https:\/\/yoast.com\/wordpress\/plugins\/seo\/ -->\n<title>Arrestohet n\u00eb Mitrovic\u00ebn e Veriut 42-vje\u00e7ari q\u00eb dyshohet p\u00ebr zjarrv\u00ebnie af\u00ebr sht\u00ebpive -<\/title>\n<meta name=\"robots\" content=\"index, follow, max-snippet:-1, max-image-preview:large, max-video-preview:-1\" \/>\n<link rel=\"canonical\" href=\"https:\/\/veritasinfo.org\/?p=5415\" \/>\n<meta property=\"og:locale\" content=\"en_US\" \/>\n<meta property=\"og:type\" content=\"article\" \/>\n<meta property=\"og:title\" content=\"Arrestohet n\u00eb Mitrovic\u00ebn e Veriut 42-vje\u00e7ari q\u00eb dyshohet p\u00ebr zjarrv\u00ebnie af\u00ebr sht\u00ebpive -\" \/>\n<meta property=\"og:description\" content=\"Mitrovic\u00eb e Veriut, 26 korrik 2025 Policia e Kosov\u00ebs ka arrestuar t\u00eb shtun\u00ebn nj\u00eb 42-vje\u00e7ar n\u00eb Mitrovic\u00ebn e Veriut, i dyshuar p\u00ebr vepr\u00ebn penale \u201czjarrv\u00ebnie\u201d.\" \/>\n<meta property=\"og:url\" content=\"https:\/\/veritasinfo.org\/?p=5415\" \/>\n<meta property=\"article:published_time\" content=\"2025-07-26T21:50:45+00:00\" \/>\n<meta property=\"og:image\" content=\"https:\/\/veritasinfo.org\/wp-content\/uploads\/2025\/07\/IMG_2061-1.jpeg\" \/>\n\t<meta property=\"og:image:width\" content=\"1008\" \/>\n\t<meta property=\"og:image:height\" content=\"729\" \/>\n\t<meta property=\"og:image:type\" content=\"image\/jpeg\" \/>\n<meta name=\"author\" content=\"admin\" \/>\n<meta name=\"twitter:card\" content=\"summary_large_image\" \/>\n<meta name=\"twitter:label1\" content=\"Written by\" \/>\n\t<meta name=\"twitter:data1\" content=\"admin\" \/>\n\t<meta name=\"twitter:label2\" content=\"Est. reading time\" \/>\n\t<meta name=\"twitter:data2\" content=\"1 minute\" \/>\n<script type=\"application\/ld+json\" class=\"yoast-schema-graph\">{\"@context\":\"https:\/\/schema.org\",\"@graph\":[{\"@type\":\"WebPage\",\"@id\":\"https:\/\/veritasinfo.org\/?p=5415\",\"url\":\"https:\/\/veritasinfo.org\/?p=5415\",\"name\":\"Arrestohet n\u00eb Mitrovic\u00ebn e Veriut 42-vje\u00e7ari q\u00eb dyshohet p\u00ebr zjarrv\u00ebnie af\u00ebr sht\u00ebpive -\",\"isPartOf\":{\"@id\":\"https:\/\/veritasinfo.org\/#website\"},\"primaryImageOfPage\":{\"@id\":\"https:\/\/veritasinfo.org\/?p=5415#primaryimage\"},\"image\":{\"@id\":\"https:\/\/veritasinfo.org\/?p=5415#primaryimage\"},\"thumbnailUrl\":\"https:\/\/veritasinfo.org\/wp-content\/uploads\/2025\/07\/IMG_2061-1.jpeg\",\"datePublished\":\"2025-07-26T21:50:45+00:00\",\"author\":{\"@id\":\"https:\/\/veritasinfo.org\/#\/schema\/person\/7701f8c088bece422266b100a712374f\"},\"breadcrumb\":{\"@id\":\"https:\/\/veritasinfo.org\/?p=5415#breadcrumb\"},\"inLanguage\":\"en-US\",\"potentialAction\":[{\"@type\":\"ReadAction\",\"target\":[\"https:\/\/veritasinfo.org\/?p=5415\"]}]},{\"@type\":\"ImageObject\",\"inLanguage\":\"en-US\",\"@id\":\"https:\/\/veritasinfo.org\/?p=5415#primaryimage\",\"url\":\"https:\/\/veritasinfo.org\/wp-content\/uploads\/2025\/07\/IMG_2061-1.jpeg\",\"contentUrl\":\"https:\/\/veritasinfo.org\/wp-content\/uploads\/2025\/07\/IMG_2061-1.jpeg\",\"width\":1008,\"height\":729},{\"@type\":\"BreadcrumbList\",\"@id\":\"https:\/\/veritasinfo.org\/?p=5415#breadcrumb\",\"itemListElement\":[{\"@type\":\"ListItem\",\"position\":1,\"name\":\"Home\",\"item\":\"https:\/\/veritasinfo.org\/\"},{\"@type\":\"ListItem\",\"position\":2,\"name\":\"Arrestohet n\u00eb Mitrovic\u00ebn e Veriut 42-vje\u00e7ari q\u00eb dyshohet p\u00ebr zjarrv\u00ebnie af\u00ebr sht\u00ebpive\"}]},{\"@type\":\"WebSite\",\"@id\":\"https:\/\/veritasinfo.org\/#website\",\"url\":\"https:\/\/veritasinfo.org\/\",\"name\":\"\",\"description\":\"\",\"potentialAction\":[{\"@type\":\"SearchAction\",\"target\":{\"@type\":\"EntryPoint\",\"urlTemplate\":\"https:\/\/veritasinfo.org\/?s={search_term_string}\"},\"query-input\":{\"@type\":\"PropertyValueSpecification\",\"valueRequired\":true,\"valueName\":\"search_term_string\"}}],\"inLanguage\":\"en-US\"},{\"@type\":\"Person\",\"@id\":\"https:\/\/veritasinfo.org\/#\/schema\/person\/7701f8c088bece422266b100a712374f\",\"name\":\"admin\",\"image\":{\"@type\":\"ImageObject\",\"inLanguage\":\"en-US\",\"@id\":\"https:\/\/veritasinfo.org\/#\/schema\/person\/image\/\",\"url\":\"https:\/\/secure.gravatar.com\/avatar\/ea53aa3bf6c9a12d5fde8ce4deff43fef3885ae33cf60184161a50d6987cfd2f?s=96&d=mm&r=g\",\"contentUrl\":\"https:\/\/secure.gravatar.com\/avatar\/ea53aa3bf6c9a12d5fde8ce4deff43fef3885ae33cf60184161a50d6987cfd2f?s=96&d=mm&r=g\",\"caption\":\"admin\"},\"sameAs\":[\"https:\/\/veritasinfo.org\"],\"url\":\"https:\/\/veritasinfo.org\/?author=1\"}]}<\/script>\n<!-- \/ Yoast SEO plugin. -->","yoast_head_json":{"title":"Arrestohet n\u00eb Mitrovic\u00ebn e Veriut 42-vje\u00e7ari q\u00eb dyshohet p\u00ebr zjarrv\u00ebnie af\u00ebr sht\u00ebpive -","robots":{"index":"index","follow":"follow","max-snippet":"max-snippet:-1","max-image-preview":"max-image-preview:large","max-video-preview":"max-video-preview:-1"},"canonical":"https:\/\/veritasinfo.org\/?p=5415","og_locale":"en_US","og_type":"article","og_title":"Arrestohet n\u00eb Mitrovic\u00ebn e Veriut 42-vje\u00e7ari q\u00eb dyshohet p\u00ebr zjarrv\u00ebnie af\u00ebr sht\u00ebpive -","og_description":"Mitrovic\u00eb e Veriut, 26 korrik 2025 Policia e Kosov\u00ebs ka arrestuar t\u00eb shtun\u00ebn nj\u00eb 42-vje\u00e7ar n\u00eb Mitrovic\u00ebn e Veriut, i dyshuar p\u00ebr vepr\u00ebn penale \u201czjarrv\u00ebnie\u201d.","og_url":"https:\/\/veritasinfo.org\/?p=5415","article_published_time":"2025-07-26T21:50:45+00:00","og_image":[{"width":1008,"height":729,"url":"https:\/\/veritasinfo.org\/wp-content\/uploads\/2025\/07\/IMG_2061-1.jpeg","type":"image\/jpeg"}],"author":"admin","twitter_card":"summary_large_image","twitter_misc":{"Written by":"admin","Est. reading time":"1 minute"},"schema":{"@context":"https:\/\/schema.org","@graph":[{"@type":"WebPage","@id":"https:\/\/veritasinfo.org\/?p=5415","url":"https:\/\/veritasinfo.org\/?p=5415","name":"Arrestohet n\u00eb Mitrovic\u00ebn e Veriut 42-vje\u00e7ari q\u00eb dyshohet p\u00ebr zjarrv\u00ebnie af\u00ebr sht\u00ebpive -","isPartOf":{"@id":"https:\/\/veritasinfo.org\/#website"},"primaryImageOfPage":{"@id":"https:\/\/veritasinfo.org\/?p=5415#primaryimage"},"image":{"@id":"https:\/\/veritasinfo.org\/?p=5415#primaryimage"},"thumbnailUrl":"https:\/\/veritasinfo.org\/wp-content\/uploads\/2025\/07\/IMG_2061-1.jpeg","datePublished":"2025-07-26T21:50:45+00:00","author":{"@id":"https:\/\/veritasinfo.org\/#\/schema\/person\/7701f8c088bece422266b100a712374f"},"breadcrumb":{"@id":"https:\/\/veritasinfo.org\/?p=5415#breadcrumb"},"inLanguage":"en-US","potentialAction":[{"@type":"ReadAction","target":["https:\/\/veritasinfo.org\/?p=5415"]}]},{"@type":"ImageObject","inLanguage":"en-US","@id":"https:\/\/veritasinfo.org\/?p=5415#primaryimage","url":"https:\/\/veritasinfo.org\/wp-content\/uploads\/2025\/07\/IMG_2061-1.jpeg","contentUrl":"https:\/\/veritasinfo.org\/wp-content\/uploads\/2025\/07\/IMG_2061-1.jpeg","width":1008,"height":729},{"@type":"BreadcrumbList","@id":"https:\/\/veritasinfo.org\/?p=5415#breadcrumb","itemListElement":[{"@type":"ListItem","position":1,"name":"Home","item":"https:\/\/veritasinfo.org\/"},{"@type":"ListItem","position":2,"name":"Arrestohet n\u00eb Mitrovic\u00ebn e Veriut 42-vje\u00e7ari q\u00eb dyshohet p\u00ebr zjarrv\u00ebnie af\u00ebr sht\u00ebpive"}]},{"@type":"WebSite","@id":"https:\/\/veritasinfo.org\/#website","url":"https:\/\/veritasinfo.org\/","name":"","description":"","potentialAction":[{"@type":"SearchAction","target":{"@type":"EntryPoint","urlTemplate":"https:\/\/veritasinfo.org\/?s={search_term_string}"},"query-input":{"@type":"PropertyValueSpecification","valueRequired":true,"valueName":"search_term_string"}}],"inLanguage":"en-US"},{"@type":"Person","@id":"https:\/\/veritasinfo.org\/#\/schema\/person\/7701f8c088bece422266b100a712374f","name":"admin","image":{"@type":"ImageObject","inLanguage":"en-US","@id":"https:\/\/veritasinfo.org\/#\/schema\/person\/image\/","url":"https:\/\/secure.gravatar.com\/avatar\/ea53aa3bf6c9a12d5fde8ce4deff43fef3885ae33cf60184161a50d6987cfd2f?s=96&d=mm&r=g","contentUrl":"https:\/\/secure.gravatar.com\/avatar\/ea53aa3bf6c9a12d5fde8ce4deff43fef3885ae33cf60184161a50d6987cfd2f?s=96&d=mm&r=g","caption":"admin"},"sameAs":["https:\/\/veritasinfo.org"],"url":"https:\/\/veritasinfo.org\/?author=1"}]}},"featured_image_urls":{"full":["https:\/\/veritasinfo.org\/wp-content\/uploads\/2025\/07\/IMG_2061-1.jpeg",1008,729,false],"thumbnail":["https:\/\/veritasinfo.org\/wp-content\/uploads\/2025\/07\/IMG_2061-1-150x150.jpeg",150,150,true],"medium":["https:\/\/veritasinfo.org\/wp-content\/uploads\/2025\/07\/IMG_2061-1-300x217.jpeg",300,217,true],"medium_large":["https:\/\/veritasinfo.org\/wp-content\/uploads\/2025\/07\/IMG_2061-1-768x555.jpeg",640,463,true],"large":["https:\/\/veritasinfo.org\/wp-content\/uploads\/2025\/07\/IMG_2061-1.jpeg",640,463,false],"1536x1536":["https:\/\/veritasinfo.org\/wp-content\/uploads\/2025\/07\/IMG_2061-1.jpeg",1008,729,false],"2048x2048":["https:\/\/veritasinfo.org\/wp-content\/uploads\/2025\/07\/IMG_2061-1.jpeg",1008,729,false],"kreeti-slider-full":["https:\/\/veritasinfo.org\/wp-content\/uploads\/2025\/07\/IMG_2061-1.jpeg",996,720,false],"kreeti-featured":["https:\/\/veritasinfo.org\/wp-content\/uploads\/2025\/07\/IMG_2061-1.jpeg",1008,729,false],"kreeti-medium":["https:\/\/veritasinfo.org\/wp-content\/uploads\/2025\/07\/IMG_2061-1.jpeg",720,521,false],"kreeti-medium-square":["https:\/\/veritasinfo.org\/wp-content\/uploads\/2025\/07\/IMG_2061-1.jpeg",350,253,false]},"author_info":{"info":["admin"]},"category_info":"<a href=\"https:\/\/veritasinfo.org\/?cat=60\" rel=\"category\">Shoq\u00ebrore<\/a>","tag_info":"Shoq\u00ebrore","comment_count":"0","_links":{"self":[{"href":"https:\/\/veritasinfo.org\/index.php?rest_route=\/wp\/v2\/posts\/5415","targetHints":{"allow":["GET"]}}],"collection":[{"href":"https:\/\/veritasinfo.org\/index.php?rest_route=\/wp\/v2\/posts"}],"about":[{"href":"https:\/\/veritasinfo.org\/index.php?rest_route=\/wp\/v2\/types\/post"}],"author":[{"embeddable":true,"href":"https:\/\/veritasinfo.org\/index.php?rest_route=\/wp\/v2\/users\/1"}],"replies":[{"embeddable":true,"href":"https:\/\/veritasinfo.org\/index.php?rest_route=%2Fwp%2Fv2%2Fcomments&post=5415"}],"version-history":[{"count":2,"href":"https:\/\/veritasinfo.org\/index.php?rest_route=\/wp\/v2\/posts\/5415\/revisions"}],"predecessor-version":[{"id":5422,"href":"https:\/\/veritasinfo.org\/index.php?rest_route=\/wp\/v2\/posts\/5415\/revisions\/5422"}],"wp:featuredmedia":[{"embeddable":true,"href":"https:\/\/veritasinfo.org\/index.php?rest_route=\/wp\/v2\/media\/5416"}],"wp:attachment":[{"href":"https:\/\/veritasinfo.org\/index.php?rest_route=%2Fwp%2Fv2%2Fmedia&parent=5415"}],"wp:term":[{"taxonomy":"category","embeddable":true,"href":"https:\/\/veritasinfo.org\/index.php?rest_route=%2Fwp%2Fv2%2Fcategories&post=5415"},{"taxonomy":"post_tag","embeddable":true,"href":"https:\/\/veritasinfo.org\/index.php?rest_route=%2Fwp%2Fv2%2Ftags&post=5415"}],"curies":[{"name":"wp","href":"https:\/\/api.w.org\/{rel}","templated":true}]}}