{"id":5381,"date":"2025-07-26T16:42:57","date_gmt":"2025-07-26T14:42:57","guid":{"rendered":"https:\/\/veritasinfo.org\/?p=5381"},"modified":"2025-07-26T16:42:57","modified_gmt":"2025-07-26T14:42:57","slug":"aktivitet-ciklistik-ne-nderim-te-policeve-qe-dhane-jeten-ne-krye-te-detyres","status":"publish","type":"post","link":"https:\/\/veritasinfo.org\/?p=5381","title":{"rendered":"Aktivitet \u00e7iklistik n\u00eb nderim t\u00eb polic\u00ebve q\u00eb dhan\u00eb jet\u00ebn n\u00eb krye t\u00eb detyr\u00ebs"},"content":{"rendered":"<p>Prishtin\u00eb, 26 korrik 2025<\/p>\n<p><strong>N\u00eb sh\u00ebnim t\u00eb 14-vjetorit t\u00eb r\u00ebnies s\u00eb Heroit t\u00eb Kosov\u00ebs, Enver Zymeri, dhe Dit\u00ebs Memoriale t\u00eb zyrtar\u00ebve policor\u00eb t\u00eb r\u00ebn\u00eb n\u00eb krye t\u00eb detyr\u00ebs, \u00ebsht\u00eb organizuar nj\u00eb aktivitet simbolik \u00e7iklizmi, me gjat\u00ebsi 35 kilometra.<\/strong><\/p>\n<p>Sipas njoftimit t\u00eb Ministris\u00eb s\u00eb Pun\u00ebve t\u00eb Brendshme, gjat\u00eb marshut\u00ebs \u00e7iklist\u00ebt jan\u00eb ndalur p\u00ebr t\u00eb b\u00ebr\u00eb homazhe pran\u00eb Lapidarit n\u00eb Varag\u00eb t\u00eb Zubin Potokut, n\u00eb vendin ku ra heroikisht Enver Zymeri.<\/p>\n<p>Ky aktivitet u organizua n\u00eb nderim t\u00eb sakrific\u00ebs sublime t\u00eb 24 zyrtar\u00ebve policor\u00eb q\u00eb dhan\u00eb jet\u00ebn n\u00eb krye t\u00eb detyr\u00ebs, duke kujtuar me respekt dhe p\u00ebrul\u00ebsi kontributin e tyre t\u00eb \u00e7muar p\u00ebr ruajtjen e rendit dhe siguris\u00eb publike.<\/p>\n<p><img fetchpriority=\"high\" decoding=\"async\" class=\"alignnone size-medium wp-image-5382\" src=\"https:\/\/veritasinfo.org\/wp-content\/uploads\/2025\/07\/IMG_2054-300x222.png\" alt=\"\" width=\"300\" height=\"222\" srcset=\"https:\/\/veritasinfo.org\/wp-content\/uploads\/2025\/07\/IMG_2054-300x222.png 300w, https:\/\/veritasinfo.org\/wp-content\/uploads\/2025\/07\/IMG_2054-768x569.png 768w, https:\/\/veritasinfo.org\/wp-content\/uploads\/2025\/07\/IMG_2054.png 1024w\" sizes=\"(max-width: 300px) 100vw, 300px\" \/> <img decoding=\"async\" class=\"alignnone size-medium wp-image-5383 lazyload\" data-src=\"https:\/\/veritasinfo.org\/wp-content\/uploads\/2025\/07\/IMG_2055-300x225.png\" alt=\"\" width=\"300\" height=\"225\" data-srcset=\"https:\/\/veritasinfo.org\/wp-content\/uploads\/2025\/07\/IMG_2055-300x225.png 300w, https:\/\/veritasinfo.org\/wp-content\/uploads\/2025\/07\/IMG_2055-768x576.png 768w, https:\/\/veritasinfo.org\/wp-content\/uploads\/2025\/07\/IMG_2055.png 1023w\" data-sizes=\"(max-width: 300px) 100vw, 300px\" src=\"data:image\/gif;base64,R0lGODlhAQABAAAAACH5BAEKAAEALAAAAAABAAEAAAICTAEAOw==\" style=\"--smush-placeholder-width: 300px; --smush-placeholder-aspect-ratio: 300\/225;\" \/><\/p>\n","protected":false},"excerpt":{"rendered":"<p>Prishtin\u00eb, 26 korrik 2025 N\u00eb sh\u00ebnim t\u00eb 14-vjetorit t\u00eb r\u00ebnies s\u00eb Heroit t\u00eb Kosov\u00ebs, Enver Zymeri, dhe Dit\u00ebs Memoriale t\u00eb zyrtar\u00ebve policor\u00eb t\u00eb r\u00ebn\u00eb n\u00eb<\/p>\n","protected":false},"author":1,"featured_media":5384,"comment_status":"open","ping_status":"open","sticky":false,"template":"","format":"standard","meta":{"footnotes":""},"categories":[60],"tags":[],"class_list":["post-5381","post","type-post","status-publish","format-standard","has-post-thumbnail","hentry","category-shoqerore-sq"],"yoast_head":"<!-- This site is optimized with the Yoast SEO plugin v25.3.1 - https:\/\/yoast.com\/wordpress\/plugins\/seo\/ -->\n<title>Aktivitet \u00e7iklistik n\u00eb nderim t\u00eb polic\u00ebve q\u00eb dhan\u00eb jet\u00ebn n\u00eb krye t\u00eb detyr\u00ebs -<\/title>\n<meta name=\"robots\" content=\"index, follow, max-snippet:-1, max-image-preview:large, max-video-preview:-1\" \/>\n<link rel=\"canonical\" href=\"https:\/\/veritasinfo.org\/?p=5381\" \/>\n<meta property=\"og:locale\" content=\"en_US\" \/>\n<meta property=\"og:type\" content=\"article\" \/>\n<meta property=\"og:title\" content=\"Aktivitet \u00e7iklistik n\u00eb nderim t\u00eb polic\u00ebve q\u00eb dhan\u00eb jet\u00ebn n\u00eb krye t\u00eb detyr\u00ebs -\" \/>\n<meta property=\"og:description\" content=\"Prishtin\u00eb, 26 korrik 2025 N\u00eb sh\u00ebnim t\u00eb 14-vjetorit t\u00eb r\u00ebnies s\u00eb Heroit t\u00eb Kosov\u00ebs, Enver Zymeri, dhe Dit\u00ebs Memoriale t\u00eb zyrtar\u00ebve policor\u00eb t\u00eb r\u00ebn\u00eb n\u00eb\" \/>\n<meta property=\"og:url\" content=\"https:\/\/veritasinfo.org\/?p=5381\" \/>\n<meta property=\"article:published_time\" content=\"2025-07-26T14:42:57+00:00\" \/>\n<meta property=\"og:image\" content=\"https:\/\/veritasinfo.org\/wp-content\/uploads\/2025\/07\/IMG_2053.png\" \/>\n\t<meta property=\"og:image:width\" content=\"780\" \/>\n\t<meta property=\"og:image:height\" content=\"500\" \/>\n\t<meta property=\"og:image:type\" content=\"image\/png\" \/>\n<meta name=\"author\" content=\"admin\" \/>\n<meta name=\"twitter:card\" content=\"summary_large_image\" \/>\n<meta name=\"twitter:label1\" content=\"Written by\" \/>\n\t<meta name=\"twitter:data1\" content=\"admin\" \/>\n\t<meta name=\"twitter:label2\" content=\"Est. reading time\" \/>\n\t<meta name=\"twitter:data2\" content=\"2 minutes\" \/>\n<script type=\"application\/ld+json\" class=\"yoast-schema-graph\">{\"@context\":\"https:\/\/schema.org\",\"@graph\":[{\"@type\":\"WebPage\",\"@id\":\"https:\/\/veritasinfo.org\/?p=5381\",\"url\":\"https:\/\/veritasinfo.org\/?p=5381\",\"name\":\"Aktivitet \u00e7iklistik n\u00eb nderim t\u00eb polic\u00ebve q\u00eb dhan\u00eb jet\u00ebn n\u00eb krye t\u00eb detyr\u00ebs -\",\"isPartOf\":{\"@id\":\"https:\/\/veritasinfo.org\/#website\"},\"primaryImageOfPage\":{\"@id\":\"https:\/\/veritasinfo.org\/?p=5381#primaryimage\"},\"image\":{\"@id\":\"https:\/\/veritasinfo.org\/?p=5381#primaryimage\"},\"thumbnailUrl\":\"https:\/\/veritasinfo.org\/wp-content\/uploads\/2025\/07\/IMG_2053.png\",\"datePublished\":\"2025-07-26T14:42:57+00:00\",\"author\":{\"@id\":\"https:\/\/veritasinfo.org\/#\/schema\/person\/7701f8c088bece422266b100a712374f\"},\"breadcrumb\":{\"@id\":\"https:\/\/veritasinfo.org\/?p=5381#breadcrumb\"},\"inLanguage\":\"en-US\",\"potentialAction\":[{\"@type\":\"ReadAction\",\"target\":[\"https:\/\/veritasinfo.org\/?p=5381\"]}]},{\"@type\":\"ImageObject\",\"inLanguage\":\"en-US\",\"@id\":\"https:\/\/veritasinfo.org\/?p=5381#primaryimage\",\"url\":\"https:\/\/veritasinfo.org\/wp-content\/uploads\/2025\/07\/IMG_2053.png\",\"contentUrl\":\"https:\/\/veritasinfo.org\/wp-content\/uploads\/2025\/07\/IMG_2053.png\",\"width\":780,\"height\":500},{\"@type\":\"BreadcrumbList\",\"@id\":\"https:\/\/veritasinfo.org\/?p=5381#breadcrumb\",\"itemListElement\":[{\"@type\":\"ListItem\",\"position\":1,\"name\":\"Home\",\"item\":\"https:\/\/veritasinfo.org\/\"},{\"@type\":\"ListItem\",\"position\":2,\"name\":\"Aktivitet \u00e7iklistik n\u00eb nderim t\u00eb polic\u00ebve q\u00eb dhan\u00eb jet\u00ebn n\u00eb krye t\u00eb detyr\u00ebs\"}]},{\"@type\":\"WebSite\",\"@id\":\"https:\/\/veritasinfo.org\/#website\",\"url\":\"https:\/\/veritasinfo.org\/\",\"name\":\"\",\"description\":\"\",\"potentialAction\":[{\"@type\":\"SearchAction\",\"target\":{\"@type\":\"EntryPoint\",\"urlTemplate\":\"https:\/\/veritasinfo.org\/?s={search_term_string}\"},\"query-input\":{\"@type\":\"PropertyValueSpecification\",\"valueRequired\":true,\"valueName\":\"search_term_string\"}}],\"inLanguage\":\"en-US\"},{\"@type\":\"Person\",\"@id\":\"https:\/\/veritasinfo.org\/#\/schema\/person\/7701f8c088bece422266b100a712374f\",\"name\":\"admin\",\"image\":{\"@type\":\"ImageObject\",\"inLanguage\":\"en-US\",\"@id\":\"https:\/\/veritasinfo.org\/#\/schema\/person\/image\/\",\"url\":\"https:\/\/secure.gravatar.com\/avatar\/ea53aa3bf6c9a12d5fde8ce4deff43fef3885ae33cf60184161a50d6987cfd2f?s=96&d=mm&r=g\",\"contentUrl\":\"https:\/\/secure.gravatar.com\/avatar\/ea53aa3bf6c9a12d5fde8ce4deff43fef3885ae33cf60184161a50d6987cfd2f?s=96&d=mm&r=g\",\"caption\":\"admin\"},\"sameAs\":[\"https:\/\/veritasinfo.org\"],\"url\":\"https:\/\/veritasinfo.org\/?author=1\"}]}<\/script>\n<!-- \/ Yoast SEO plugin. -->","yoast_head_json":{"title":"Aktivitet \u00e7iklistik n\u00eb nderim t\u00eb polic\u00ebve q\u00eb dhan\u00eb jet\u00ebn n\u00eb krye t\u00eb detyr\u00ebs -","robots":{"index":"index","follow":"follow","max-snippet":"max-snippet:-1","max-image-preview":"max-image-preview:large","max-video-preview":"max-video-preview:-1"},"canonical":"https:\/\/veritasinfo.org\/?p=5381","og_locale":"en_US","og_type":"article","og_title":"Aktivitet \u00e7iklistik n\u00eb nderim t\u00eb polic\u00ebve q\u00eb dhan\u00eb jet\u00ebn n\u00eb krye t\u00eb detyr\u00ebs -","og_description":"Prishtin\u00eb, 26 korrik 2025 N\u00eb sh\u00ebnim t\u00eb 14-vjetorit t\u00eb r\u00ebnies s\u00eb Heroit t\u00eb Kosov\u00ebs, Enver Zymeri, dhe Dit\u00ebs Memoriale t\u00eb zyrtar\u00ebve policor\u00eb t\u00eb r\u00ebn\u00eb n\u00eb","og_url":"https:\/\/veritasinfo.org\/?p=5381","article_published_time":"2025-07-26T14:42:57+00:00","og_image":[{"width":780,"height":500,"url":"https:\/\/veritasinfo.org\/wp-content\/uploads\/2025\/07\/IMG_2053.png","type":"image\/png"}],"author":"admin","twitter_card":"summary_large_image","twitter_misc":{"Written by":"admin","Est. reading time":"2 minutes"},"schema":{"@context":"https:\/\/schema.org","@graph":[{"@type":"WebPage","@id":"https:\/\/veritasinfo.org\/?p=5381","url":"https:\/\/veritasinfo.org\/?p=5381","name":"Aktivitet \u00e7iklistik n\u00eb nderim t\u00eb polic\u00ebve q\u00eb dhan\u00eb jet\u00ebn n\u00eb krye t\u00eb detyr\u00ebs -","isPartOf":{"@id":"https:\/\/veritasinfo.org\/#website"},"primaryImageOfPage":{"@id":"https:\/\/veritasinfo.org\/?p=5381#primaryimage"},"image":{"@id":"https:\/\/veritasinfo.org\/?p=5381#primaryimage"},"thumbnailUrl":"https:\/\/veritasinfo.org\/wp-content\/uploads\/2025\/07\/IMG_2053.png","datePublished":"2025-07-26T14:42:57+00:00","author":{"@id":"https:\/\/veritasinfo.org\/#\/schema\/person\/7701f8c088bece422266b100a712374f"},"breadcrumb":{"@id":"https:\/\/veritasinfo.org\/?p=5381#breadcrumb"},"inLanguage":"en-US","potentialAction":[{"@type":"ReadAction","target":["https:\/\/veritasinfo.org\/?p=5381"]}]},{"@type":"ImageObject","inLanguage":"en-US","@id":"https:\/\/veritasinfo.org\/?p=5381#primaryimage","url":"https:\/\/veritasinfo.org\/wp-content\/uploads\/2025\/07\/IMG_2053.png","contentUrl":"https:\/\/veritasinfo.org\/wp-content\/uploads\/2025\/07\/IMG_2053.png","width":780,"height":500},{"@type":"BreadcrumbList","@id":"https:\/\/veritasinfo.org\/?p=5381#breadcrumb","itemListElement":[{"@type":"ListItem","position":1,"name":"Home","item":"https:\/\/veritasinfo.org\/"},{"@type":"ListItem","position":2,"name":"Aktivitet \u00e7iklistik n\u00eb nderim t\u00eb polic\u00ebve q\u00eb dhan\u00eb jet\u00ebn n\u00eb krye t\u00eb detyr\u00ebs"}]},{"@type":"WebSite","@id":"https:\/\/veritasinfo.org\/#website","url":"https:\/\/veritasinfo.org\/","name":"","description":"","potentialAction":[{"@type":"SearchAction","target":{"@type":"EntryPoint","urlTemplate":"https:\/\/veritasinfo.org\/?s={search_term_string}"},"query-input":{"@type":"PropertyValueSpecification","valueRequired":true,"valueName":"search_term_string"}}],"inLanguage":"en-US"},{"@type":"Person","@id":"https:\/\/veritasinfo.org\/#\/schema\/person\/7701f8c088bece422266b100a712374f","name":"admin","image":{"@type":"ImageObject","inLanguage":"en-US","@id":"https:\/\/veritasinfo.org\/#\/schema\/person\/image\/","url":"https:\/\/secure.gravatar.com\/avatar\/ea53aa3bf6c9a12d5fde8ce4deff43fef3885ae33cf60184161a50d6987cfd2f?s=96&d=mm&r=g","contentUrl":"https:\/\/secure.gravatar.com\/avatar\/ea53aa3bf6c9a12d5fde8ce4deff43fef3885ae33cf60184161a50d6987cfd2f?s=96&d=mm&r=g","caption":"admin"},"sameAs":["https:\/\/veritasinfo.org"],"url":"https:\/\/veritasinfo.org\/?author=1"}]}},"featured_image_urls":{"full":["https:\/\/veritasinfo.org\/wp-content\/uploads\/2025\/07\/IMG_2053.png",780,500,false],"thumbnail":["https:\/\/veritasinfo.org\/wp-content\/uploads\/2025\/07\/IMG_2053-150x150.png",150,150,true],"medium":["https:\/\/veritasinfo.org\/wp-content\/uploads\/2025\/07\/IMG_2053-300x192.png",300,192,true],"medium_large":["https:\/\/veritasinfo.org\/wp-content\/uploads\/2025\/07\/IMG_2053-768x492.png",640,410,true],"large":["https:\/\/veritasinfo.org\/wp-content\/uploads\/2025\/07\/IMG_2053.png",640,410,false],"1536x1536":["https:\/\/veritasinfo.org\/wp-content\/uploads\/2025\/07\/IMG_2053.png",780,500,false],"2048x2048":["https:\/\/veritasinfo.org\/wp-content\/uploads\/2025\/07\/IMG_2053.png",780,500,false],"kreeti-slider-full":["https:\/\/veritasinfo.org\/wp-content\/uploads\/2025\/07\/IMG_2053.png",780,500,false],"kreeti-featured":["https:\/\/veritasinfo.org\/wp-content\/uploads\/2025\/07\/IMG_2053.png",780,500,false],"kreeti-medium":["https:\/\/veritasinfo.org\/wp-content\/uploads\/2025\/07\/IMG_2053.png",720,462,false],"kreeti-medium-square":["https:\/\/veritasinfo.org\/wp-content\/uploads\/2025\/07\/IMG_2053.png",350,224,false]},"author_info":{"info":["admin"]},"category_info":"<a href=\"https:\/\/veritasinfo.org\/?cat=60\" rel=\"category\">Shoq\u00ebrore<\/a>","tag_info":"Shoq\u00ebrore","comment_count":"0","_links":{"self":[{"href":"https:\/\/veritasinfo.org\/index.php?rest_route=\/wp\/v2\/posts\/5381","targetHints":{"allow":["GET"]}}],"collection":[{"href":"https:\/\/veritasinfo.org\/index.php?rest_route=\/wp\/v2\/posts"}],"about":[{"href":"https:\/\/veritasinfo.org\/index.php?rest_route=\/wp\/v2\/types\/post"}],"author":[{"embeddable":true,"href":"https:\/\/veritasinfo.org\/index.php?rest_route=\/wp\/v2\/users\/1"}],"replies":[{"embeddable":true,"href":"https:\/\/veritasinfo.org\/index.php?rest_route=%2Fwp%2Fv2%2Fcomments&post=5381"}],"version-history":[{"count":1,"href":"https:\/\/veritasinfo.org\/index.php?rest_route=\/wp\/v2\/posts\/5381\/revisions"}],"predecessor-version":[{"id":5385,"href":"https:\/\/veritasinfo.org\/index.php?rest_route=\/wp\/v2\/posts\/5381\/revisions\/5385"}],"wp:featuredmedia":[{"embeddable":true,"href":"https:\/\/veritasinfo.org\/index.php?rest_route=\/wp\/v2\/media\/5384"}],"wp:attachment":[{"href":"https:\/\/veritasinfo.org\/index.php?rest_route=%2Fwp%2Fv2%2Fmedia&parent=5381"}],"wp:term":[{"taxonomy":"category","embeddable":true,"href":"https:\/\/veritasinfo.org\/index.php?rest_route=%2Fwp%2Fv2%2Fcategories&post=5381"},{"taxonomy":"post_tag","embeddable":true,"href":"https:\/\/veritasinfo.org\/index.php?rest_route=%2Fwp%2Fv2%2Ftags&post=5381"}],"curies":[{"name":"wp","href":"https:\/\/api.w.org\/{rel}","templated":true}]}}