{"id":5376,"date":"2025-07-26T16:21:04","date_gmt":"2025-07-26T14:21:04","guid":{"rendered":"https:\/\/veritasinfo.org\/?p=5376"},"modified":"2025-07-26T16:21:04","modified_gmt":"2025-07-26T14:21:04","slug":"osmani-sakrifica-e-policeve-te-rene-frymezim-per-cdo-pjesetar-te-policise-se-kosoves","status":"publish","type":"post","link":"https:\/\/veritasinfo.org\/?p=5376","title":{"rendered":"Osmani: Sakrifica e polic\u00ebve t\u00eb r\u00ebn\u00eb, frym\u00ebzim p\u00ebr \u00e7do pjes\u00ebtar t\u00eb Policis\u00eb s\u00eb Kosov\u00ebs"},"content":{"rendered":"<p>Prishtin\u00eb, 26 korrik 2025<\/p>\n<p><strong>Osmani: Policia jon\u00eb, fortifikata e siguris\u00eb n\u00eb \u00e7do p\u00ebll\u00ebmb\u00eb t\u00eb Kosov\u00ebs.<\/strong><\/p>\n<p>Presidentja Vjosa Osmani ka nderuar me respekt t\u00eb thell\u00eb 24 polic\u00ebt e r\u00ebn\u00eb n\u00eb detyr\u00eb, t\u00eb cil\u00ebt dhan\u00eb jet\u00ebn p\u00ebr jet\u00ebn, lirin\u00eb dhe sovranitetin e Kosov\u00ebs.<\/p>\n<p>\u201cAfrim Bunjaku dhe Enver Zymeri jan\u00eb heronj t\u00eb dit\u00ebve tona, q\u00eb treguan se Kosova nuk p\u00ebrkulet p\u00ebrball\u00eb askujt. Bashk\u00eb me ta kujtojm\u00eb edhe 22 polic\u00ebt e tjer\u00eb, emrat e t\u00eb cil\u00ebve nuk do t\u2019i mbuloj\u00eb kurr\u00eb pluhuri i harres\u00ebs,\u201d ka theksuar Osmani.<\/p>\n<p>Ajo shtoi se sakrifica e tyre jeton n\u00eb \u00e7do uniform\u00eb dhe n\u00eb \u00e7do hap t\u00eb Policis\u00eb s\u00eb Kosov\u00ebs, e cila sot me p\u00ebrkushtim mbron atdheun, si n\u00eb koh\u00eb paqeje ashtu edhe n\u00eb koh\u00eb tensioni.<\/p>\n<p>\u201cLavdi p\u00ebrjet\u00eb t\u00eb r\u00ebn\u00ebve n\u00eb krye t\u00eb detyr\u00ebs! Faleminderit Policis\u00eb son\u00eb q\u00eb mbetet fortifikata e siguris\u00eb n\u00eb \u00e7do p\u00ebll\u00ebmb\u00eb t\u00eb Kosov\u00ebs!\u201d \u2013 p\u00ebrfundoi Osmani.<\/p>\n<p><iframe data-src=\"https:\/\/www.facebook.com\/plugins\/post.php?href=https%3A%2F%2Fwww.facebook.com%2FPresidencaRKS%2Fposts%2Fpfbid0x4aYzGhVE4cUtu88Sv8T1BR5WAvY1MXnMF8ZQ3Sg8wifwCQG2VHJFLBZ3ZiPSZHzl&amp;show_text=true&amp;width=500\" width=\"500\" height=\"571\" frameborder=\"0\" scrolling=\"no\" allowfullscreen=\"allowfullscreen\" data-mce-fragment=\"1\" src=\"data:image\/gif;base64,R0lGODlhAQABAAAAACH5BAEKAAEALAAAAAABAAEAAAICTAEAOw==\" class=\"lazyload\" data-load-mode=\"1\"><\/iframe><\/p>\n","protected":false},"excerpt":{"rendered":"<p>Prishtin\u00eb, 26 korrik 2025 Osmani: Policia jon\u00eb, fortifikata e siguris\u00eb n\u00eb \u00e7do p\u00ebll\u00ebmb\u00eb t\u00eb Kosov\u00ebs. Presidentja Vjosa Osmani ka nderuar me respekt t\u00eb thell\u00eb 24<\/p>\n","protected":false},"author":1,"featured_media":5377,"comment_status":"open","ping_status":"open","sticky":false,"template":"","format":"standard","meta":{"footnotes":""},"categories":[58],"tags":[],"class_list":["post-5376","post","type-post","status-publish","format-standard","has-post-thumbnail","hentry","category-politike-sq"],"yoast_head":"<!-- This site is optimized with the Yoast SEO plugin v25.3.1 - https:\/\/yoast.com\/wordpress\/plugins\/seo\/ -->\n<title>Osmani: Sakrifica e polic\u00ebve t\u00eb r\u00ebn\u00eb, frym\u00ebzim p\u00ebr \u00e7do pjes\u00ebtar t\u00eb Policis\u00eb s\u00eb Kosov\u00ebs -<\/title>\n<meta name=\"robots\" content=\"index, follow, max-snippet:-1, max-image-preview:large, max-video-preview:-1\" \/>\n<link rel=\"canonical\" href=\"https:\/\/veritasinfo.org\/?p=5376\" \/>\n<meta property=\"og:locale\" content=\"en_US\" \/>\n<meta property=\"og:type\" content=\"article\" \/>\n<meta property=\"og:title\" content=\"Osmani: Sakrifica e polic\u00ebve t\u00eb r\u00ebn\u00eb, frym\u00ebzim p\u00ebr \u00e7do pjes\u00ebtar t\u00eb Policis\u00eb s\u00eb Kosov\u00ebs -\" \/>\n<meta property=\"og:description\" content=\"Prishtin\u00eb, 26 korrik 2025 Osmani: Policia jon\u00eb, fortifikata e siguris\u00eb n\u00eb \u00e7do p\u00ebll\u00ebmb\u00eb t\u00eb Kosov\u00ebs. Presidentja Vjosa Osmani ka nderuar me respekt t\u00eb thell\u00eb 24\" \/>\n<meta property=\"og:url\" content=\"https:\/\/veritasinfo.org\/?p=5376\" \/>\n<meta property=\"article:published_time\" content=\"2025-07-26T14:21:04+00:00\" \/>\n<meta property=\"og:image\" content=\"https:\/\/veritasinfo.org\/wp-content\/uploads\/2025\/07\/IMG_2052.jpeg\" \/>\n\t<meta property=\"og:image:width\" content=\"1140\" \/>\n\t<meta property=\"og:image:height\" content=\"570\" \/>\n\t<meta property=\"og:image:type\" content=\"image\/jpeg\" \/>\n<meta name=\"author\" content=\"admin\" \/>\n<meta name=\"twitter:card\" content=\"summary_large_image\" \/>\n<meta name=\"twitter:label1\" content=\"Written by\" \/>\n\t<meta name=\"twitter:data1\" content=\"admin\" \/>\n\t<meta name=\"twitter:label2\" content=\"Est. reading time\" \/>\n\t<meta name=\"twitter:data2\" content=\"1 minute\" \/>\n<script type=\"application\/ld+json\" class=\"yoast-schema-graph\">{\"@context\":\"https:\/\/schema.org\",\"@graph\":[{\"@type\":\"WebPage\",\"@id\":\"https:\/\/veritasinfo.org\/?p=5376\",\"url\":\"https:\/\/veritasinfo.org\/?p=5376\",\"name\":\"Osmani: Sakrifica e polic\u00ebve t\u00eb r\u00ebn\u00eb, frym\u00ebzim p\u00ebr \u00e7do pjes\u00ebtar t\u00eb Policis\u00eb s\u00eb Kosov\u00ebs -\",\"isPartOf\":{\"@id\":\"https:\/\/veritasinfo.org\/#website\"},\"primaryImageOfPage\":{\"@id\":\"https:\/\/veritasinfo.org\/?p=5376#primaryimage\"},\"image\":{\"@id\":\"https:\/\/veritasinfo.org\/?p=5376#primaryimage\"},\"thumbnailUrl\":\"https:\/\/veritasinfo.org\/wp-content\/uploads\/2025\/07\/IMG_2052.jpeg\",\"datePublished\":\"2025-07-26T14:21:04+00:00\",\"author\":{\"@id\":\"https:\/\/veritasinfo.org\/#\/schema\/person\/7701f8c088bece422266b100a712374f\"},\"breadcrumb\":{\"@id\":\"https:\/\/veritasinfo.org\/?p=5376#breadcrumb\"},\"inLanguage\":\"en-US\",\"potentialAction\":[{\"@type\":\"ReadAction\",\"target\":[\"https:\/\/veritasinfo.org\/?p=5376\"]}]},{\"@type\":\"ImageObject\",\"inLanguage\":\"en-US\",\"@id\":\"https:\/\/veritasinfo.org\/?p=5376#primaryimage\",\"url\":\"https:\/\/veritasinfo.org\/wp-content\/uploads\/2025\/07\/IMG_2052.jpeg\",\"contentUrl\":\"https:\/\/veritasinfo.org\/wp-content\/uploads\/2025\/07\/IMG_2052.jpeg\",\"width\":1140,\"height\":570},{\"@type\":\"BreadcrumbList\",\"@id\":\"https:\/\/veritasinfo.org\/?p=5376#breadcrumb\",\"itemListElement\":[{\"@type\":\"ListItem\",\"position\":1,\"name\":\"Home\",\"item\":\"https:\/\/veritasinfo.org\/\"},{\"@type\":\"ListItem\",\"position\":2,\"name\":\"Osmani: Sakrifica e polic\u00ebve t\u00eb r\u00ebn\u00eb, frym\u00ebzim p\u00ebr \u00e7do pjes\u00ebtar t\u00eb Policis\u00eb s\u00eb Kosov\u00ebs\"}]},{\"@type\":\"WebSite\",\"@id\":\"https:\/\/veritasinfo.org\/#website\",\"url\":\"https:\/\/veritasinfo.org\/\",\"name\":\"\",\"description\":\"\",\"potentialAction\":[{\"@type\":\"SearchAction\",\"target\":{\"@type\":\"EntryPoint\",\"urlTemplate\":\"https:\/\/veritasinfo.org\/?s={search_term_string}\"},\"query-input\":{\"@type\":\"PropertyValueSpecification\",\"valueRequired\":true,\"valueName\":\"search_term_string\"}}],\"inLanguage\":\"en-US\"},{\"@type\":\"Person\",\"@id\":\"https:\/\/veritasinfo.org\/#\/schema\/person\/7701f8c088bece422266b100a712374f\",\"name\":\"admin\",\"image\":{\"@type\":\"ImageObject\",\"inLanguage\":\"en-US\",\"@id\":\"https:\/\/veritasinfo.org\/#\/schema\/person\/image\/\",\"url\":\"https:\/\/secure.gravatar.com\/avatar\/ea53aa3bf6c9a12d5fde8ce4deff43fef3885ae33cf60184161a50d6987cfd2f?s=96&d=mm&r=g\",\"contentUrl\":\"https:\/\/secure.gravatar.com\/avatar\/ea53aa3bf6c9a12d5fde8ce4deff43fef3885ae33cf60184161a50d6987cfd2f?s=96&d=mm&r=g\",\"caption\":\"admin\"},\"sameAs\":[\"https:\/\/veritasinfo.org\"],\"url\":\"https:\/\/veritasinfo.org\/?author=1\"}]}<\/script>\n<!-- \/ Yoast SEO plugin. -->","yoast_head_json":{"title":"Osmani: Sakrifica e polic\u00ebve t\u00eb r\u00ebn\u00eb, frym\u00ebzim p\u00ebr \u00e7do pjes\u00ebtar t\u00eb Policis\u00eb s\u00eb Kosov\u00ebs -","robots":{"index":"index","follow":"follow","max-snippet":"max-snippet:-1","max-image-preview":"max-image-preview:large","max-video-preview":"max-video-preview:-1"},"canonical":"https:\/\/veritasinfo.org\/?p=5376","og_locale":"en_US","og_type":"article","og_title":"Osmani: Sakrifica e polic\u00ebve t\u00eb r\u00ebn\u00eb, frym\u00ebzim p\u00ebr \u00e7do pjes\u00ebtar t\u00eb Policis\u00eb s\u00eb Kosov\u00ebs -","og_description":"Prishtin\u00eb, 26 korrik 2025 Osmani: Policia jon\u00eb, fortifikata e siguris\u00eb n\u00eb \u00e7do p\u00ebll\u00ebmb\u00eb t\u00eb Kosov\u00ebs. Presidentja Vjosa Osmani ka nderuar me respekt t\u00eb thell\u00eb 24","og_url":"https:\/\/veritasinfo.org\/?p=5376","article_published_time":"2025-07-26T14:21:04+00:00","og_image":[{"width":1140,"height":570,"url":"https:\/\/veritasinfo.org\/wp-content\/uploads\/2025\/07\/IMG_2052.jpeg","type":"image\/jpeg"}],"author":"admin","twitter_card":"summary_large_image","twitter_misc":{"Written by":"admin","Est. reading time":"1 minute"},"schema":{"@context":"https:\/\/schema.org","@graph":[{"@type":"WebPage","@id":"https:\/\/veritasinfo.org\/?p=5376","url":"https:\/\/veritasinfo.org\/?p=5376","name":"Osmani: Sakrifica e polic\u00ebve t\u00eb r\u00ebn\u00eb, frym\u00ebzim p\u00ebr \u00e7do pjes\u00ebtar t\u00eb Policis\u00eb s\u00eb Kosov\u00ebs -","isPartOf":{"@id":"https:\/\/veritasinfo.org\/#website"},"primaryImageOfPage":{"@id":"https:\/\/veritasinfo.org\/?p=5376#primaryimage"},"image":{"@id":"https:\/\/veritasinfo.org\/?p=5376#primaryimage"},"thumbnailUrl":"https:\/\/veritasinfo.org\/wp-content\/uploads\/2025\/07\/IMG_2052.jpeg","datePublished":"2025-07-26T14:21:04+00:00","author":{"@id":"https:\/\/veritasinfo.org\/#\/schema\/person\/7701f8c088bece422266b100a712374f"},"breadcrumb":{"@id":"https:\/\/veritasinfo.org\/?p=5376#breadcrumb"},"inLanguage":"en-US","potentialAction":[{"@type":"ReadAction","target":["https:\/\/veritasinfo.org\/?p=5376"]}]},{"@type":"ImageObject","inLanguage":"en-US","@id":"https:\/\/veritasinfo.org\/?p=5376#primaryimage","url":"https:\/\/veritasinfo.org\/wp-content\/uploads\/2025\/07\/IMG_2052.jpeg","contentUrl":"https:\/\/veritasinfo.org\/wp-content\/uploads\/2025\/07\/IMG_2052.jpeg","width":1140,"height":570},{"@type":"BreadcrumbList","@id":"https:\/\/veritasinfo.org\/?p=5376#breadcrumb","itemListElement":[{"@type":"ListItem","position":1,"name":"Home","item":"https:\/\/veritasinfo.org\/"},{"@type":"ListItem","position":2,"name":"Osmani: Sakrifica e polic\u00ebve t\u00eb r\u00ebn\u00eb, frym\u00ebzim p\u00ebr \u00e7do pjes\u00ebtar t\u00eb Policis\u00eb s\u00eb Kosov\u00ebs"}]},{"@type":"WebSite","@id":"https:\/\/veritasinfo.org\/#website","url":"https:\/\/veritasinfo.org\/","name":"","description":"","potentialAction":[{"@type":"SearchAction","target":{"@type":"EntryPoint","urlTemplate":"https:\/\/veritasinfo.org\/?s={search_term_string}"},"query-input":{"@type":"PropertyValueSpecification","valueRequired":true,"valueName":"search_term_string"}}],"inLanguage":"en-US"},{"@type":"Person","@id":"https:\/\/veritasinfo.org\/#\/schema\/person\/7701f8c088bece422266b100a712374f","name":"admin","image":{"@type":"ImageObject","inLanguage":"en-US","@id":"https:\/\/veritasinfo.org\/#\/schema\/person\/image\/","url":"https:\/\/secure.gravatar.com\/avatar\/ea53aa3bf6c9a12d5fde8ce4deff43fef3885ae33cf60184161a50d6987cfd2f?s=96&d=mm&r=g","contentUrl":"https:\/\/secure.gravatar.com\/avatar\/ea53aa3bf6c9a12d5fde8ce4deff43fef3885ae33cf60184161a50d6987cfd2f?s=96&d=mm&r=g","caption":"admin"},"sameAs":["https:\/\/veritasinfo.org"],"url":"https:\/\/veritasinfo.org\/?author=1"}]}},"featured_image_urls":{"full":["https:\/\/veritasinfo.org\/wp-content\/uploads\/2025\/07\/IMG_2052.jpeg",1140,570,false],"thumbnail":["https:\/\/veritasinfo.org\/wp-content\/uploads\/2025\/07\/IMG_2052-150x150.jpeg",150,150,true],"medium":["https:\/\/veritasinfo.org\/wp-content\/uploads\/2025\/07\/IMG_2052-300x150.jpeg",300,150,true],"medium_large":["https:\/\/veritasinfo.org\/wp-content\/uploads\/2025\/07\/IMG_2052-768x384.jpeg",640,320,true],"large":["https:\/\/veritasinfo.org\/wp-content\/uploads\/2025\/07\/IMG_2052-1024x512.jpeg",640,320,true],"1536x1536":["https:\/\/veritasinfo.org\/wp-content\/uploads\/2025\/07\/IMG_2052.jpeg",1140,570,false],"2048x2048":["https:\/\/veritasinfo.org\/wp-content\/uploads\/2025\/07\/IMG_2052.jpeg",1140,570,false],"kreeti-slider-full":["https:\/\/veritasinfo.org\/wp-content\/uploads\/2025\/07\/IMG_2052.jpeg",1140,570,false],"kreeti-featured":["https:\/\/veritasinfo.org\/wp-content\/uploads\/2025\/07\/IMG_2052.jpeg",1024,512,false],"kreeti-medium":["https:\/\/veritasinfo.org\/wp-content\/uploads\/2025\/07\/IMG_2052.jpeg",720,360,false],"kreeti-medium-square":["https:\/\/veritasinfo.org\/wp-content\/uploads\/2025\/07\/IMG_2052.jpeg",350,175,false]},"author_info":{"info":["admin"]},"category_info":"<a href=\"https:\/\/veritasinfo.org\/?cat=58\" rel=\"category\">Politik\u00eb<\/a>","tag_info":"Politik\u00eb","comment_count":"0","_links":{"self":[{"href":"https:\/\/veritasinfo.org\/index.php?rest_route=\/wp\/v2\/posts\/5376","targetHints":{"allow":["GET"]}}],"collection":[{"href":"https:\/\/veritasinfo.org\/index.php?rest_route=\/wp\/v2\/posts"}],"about":[{"href":"https:\/\/veritasinfo.org\/index.php?rest_route=\/wp\/v2\/types\/post"}],"author":[{"embeddable":true,"href":"https:\/\/veritasinfo.org\/index.php?rest_route=\/wp\/v2\/users\/1"}],"replies":[{"embeddable":true,"href":"https:\/\/veritasinfo.org\/index.php?rest_route=%2Fwp%2Fv2%2Fcomments&post=5376"}],"version-history":[{"count":1,"href":"https:\/\/veritasinfo.org\/index.php?rest_route=\/wp\/v2\/posts\/5376\/revisions"}],"predecessor-version":[{"id":5378,"href":"https:\/\/veritasinfo.org\/index.php?rest_route=\/wp\/v2\/posts\/5376\/revisions\/5378"}],"wp:featuredmedia":[{"embeddable":true,"href":"https:\/\/veritasinfo.org\/index.php?rest_route=\/wp\/v2\/media\/5377"}],"wp:attachment":[{"href":"https:\/\/veritasinfo.org\/index.php?rest_route=%2Fwp%2Fv2%2Fmedia&parent=5376"}],"wp:term":[{"taxonomy":"category","embeddable":true,"href":"https:\/\/veritasinfo.org\/index.php?rest_route=%2Fwp%2Fv2%2Fcategories&post=5376"},{"taxonomy":"post_tag","embeddable":true,"href":"https:\/\/veritasinfo.org\/index.php?rest_route=%2Fwp%2Fv2%2Ftags&post=5376"}],"curies":[{"name":"wp","href":"https:\/\/api.w.org\/{rel}","templated":true}]}}