{"id":5369,"date":"2025-07-26T15:59:43","date_gmt":"2025-07-26T13:59:43","guid":{"rendered":"https:\/\/veritasinfo.org\/?p=5369"},"modified":"2025-07-26T16:01:52","modified_gmt":"2025-07-26T14:01:52","slug":"osmani-demaci-simbol-i-perjetshem-i-qendreses-shqiptare","status":"publish","type":"post","link":"https:\/\/veritasinfo.org\/?p=5369","title":{"rendered":"Osmani: Dema\u00e7i, simbol i p\u00ebrjetsh\u00ebm i q\u00ebndres\u00ebs shqiptare"},"content":{"rendered":"<p>Prishtin\u00eb, 26 korrik 2025<\/p>\n<p><strong>Osmani p\u00ebrkujton Adem Dema\u00e7in: \u201cEmri i tij do t\u00eb jetoj\u00eb sa vet\u00eb liria!\u201d<\/strong><\/p>\n<p>Presidentja e Kosov\u00ebs, Vjosa Osmani, ka nderuar figur\u00ebn e Adem Dema\u00e7it, duke e cil\u00ebsuar at\u00eb si simbol t\u00eb q\u00ebndres\u00ebs, disident t\u00eb pathyesh\u00ebm dhe z\u00eb t\u00eb t\u00eb pambrojturve.<\/p>\n<p>\u201cAdem Dema\u00e7i ishte nj\u00eb njeri i lir\u00eb edhe n\u00eb periudhat m\u00eb t\u00eb v\u00ebshtira t\u00eb jet\u00ebs s\u00eb tij. Edhe prapa grilave ai mbajti q\u00ebndrime t\u00eb qarta e t\u00eb guximshme,\u201d ka theksuar Osmani.<\/p>\n<p>Ajo kujtoi se Dema\u00e7i gjithmon\u00eb zgjodhi rrug\u00ebn e paqes dhe pajtimit, pavar\u00ebsisht sakrific\u00ebs personale.<br \/>\n\u201cN\u00eb vend t\u00eb hakmarrjes, ai predikoi paqen. N\u00eb vend t\u00eb urrejtjes, mbolli pajtimin. N\u00eb vend t\u00eb frik\u00ebs, foli me guxim p\u00ebr t\u00eb v\u00ebrtet\u00ebn.\u201d<\/p>\n<p>Presidentja vler\u00ebsoi lart sakrific\u00ebn e tij, duke n\u00ebnvizuar se Dema\u00e7i ia kushtoi lirin\u00eb e tij personale liris\u00eb kolektive t\u00eb popullit shqiptar.<\/p>\n<p>\u201cEmri i tij do t\u00eb jetoj\u00eb sa vet\u00eb liria! Qoft\u00eb i p\u00ebrjetsh\u00ebm kujtimi p\u00ebr Bac\u00ebn Adem!\u201d p\u00ebrfundoi Osmani.<\/p>\n<div class=\"col-md-8\">\n<div class=\"post-content\">\n<div class=\"post-item\">\n<div class=\"post-content-wrapper\">\n<div class=\"post-content\">\n<p><iframe data-src=\"https:\/\/www.facebook.com\/plugins\/post.php?href=https%3A%2F%2Fwww.facebook.com%2FPresidencaRKS%2Fposts%2Fpfbid0CCK1nidzzyaCD9dz5YMdtwi4UWvSus8Gut2s9rYoJTG5YhUbWp85sb3MmNwcec9Ql&amp;show_text=true&amp;width=500\" width=\"500\" height=\"534\" frameborder=\"0\" scrolling=\"no\" data-mce-fragment=\"1\" src=\"data:image\/gif;base64,R0lGODlhAQABAAAAACH5BAEKAAEALAAAAAABAAEAAAICTAEAOw==\" class=\"lazyload\" data-load-mode=\"1\"><\/iframe><\/p>\n<\/div>\n<\/div>\n<\/div>\n<\/div>\n<\/div>\n","protected":false},"excerpt":{"rendered":"<p>Prishtin\u00eb, 26 korrik 2025 Osmani p\u00ebrkujton Adem Dema\u00e7in: \u201cEmri i tij do t\u00eb jetoj\u00eb sa vet\u00eb liria!\u201d Presidentja e Kosov\u00ebs, Vjosa Osmani, ka nderuar figur\u00ebn<\/p>\n","protected":false},"author":1,"featured_media":5370,"comment_status":"open","ping_status":"open","sticky":false,"template":"","format":"standard","meta":{"footnotes":""},"categories":[58],"tags":[],"class_list":["post-5369","post","type-post","status-publish","format-standard","has-post-thumbnail","hentry","category-politike-sq"],"yoast_head":"<!-- This site is optimized with the Yoast SEO plugin v25.3.1 - https:\/\/yoast.com\/wordpress\/plugins\/seo\/ -->\n<title>Osmani: Dema\u00e7i, simbol i p\u00ebrjetsh\u00ebm i q\u00ebndres\u00ebs shqiptare -<\/title>\n<meta name=\"robots\" content=\"index, follow, max-snippet:-1, max-image-preview:large, max-video-preview:-1\" \/>\n<link rel=\"canonical\" href=\"https:\/\/veritasinfo.org\/?p=5369\" \/>\n<meta property=\"og:locale\" content=\"en_US\" \/>\n<meta property=\"og:type\" content=\"article\" \/>\n<meta property=\"og:title\" content=\"Osmani: Dema\u00e7i, simbol i p\u00ebrjetsh\u00ebm i q\u00ebndres\u00ebs shqiptare -\" \/>\n<meta property=\"og:description\" content=\"Prishtin\u00eb, 26 korrik 2025 Osmani p\u00ebrkujton Adem Dema\u00e7in: \u201cEmri i tij do t\u00eb jetoj\u00eb sa vet\u00eb liria!\u201d Presidentja e Kosov\u00ebs, Vjosa Osmani, ka nderuar figur\u00ebn\" \/>\n<meta property=\"og:url\" content=\"https:\/\/veritasinfo.org\/?p=5369\" \/>\n<meta property=\"article:published_time\" content=\"2025-07-26T13:59:43+00:00\" \/>\n<meta property=\"article:modified_time\" content=\"2025-07-26T14:01:52+00:00\" \/>\n<meta property=\"og:image\" content=\"https:\/\/veritasinfo.org\/wp-content\/uploads\/2025\/07\/IMG_2051.png\" \/>\n\t<meta property=\"og:image:width\" content=\"780\" \/>\n\t<meta property=\"og:image:height\" content=\"500\" \/>\n\t<meta property=\"og:image:type\" content=\"image\/png\" \/>\n<meta name=\"author\" content=\"admin\" \/>\n<meta name=\"twitter:card\" content=\"summary_large_image\" \/>\n<meta name=\"twitter:label1\" content=\"Written by\" \/>\n\t<meta name=\"twitter:data1\" content=\"admin\" \/>\n\t<meta name=\"twitter:label2\" content=\"Est. reading time\" \/>\n\t<meta name=\"twitter:data2\" content=\"1 minute\" \/>\n<script type=\"application\/ld+json\" class=\"yoast-schema-graph\">{\"@context\":\"https:\/\/schema.org\",\"@graph\":[{\"@type\":\"WebPage\",\"@id\":\"https:\/\/veritasinfo.org\/?p=5369\",\"url\":\"https:\/\/veritasinfo.org\/?p=5369\",\"name\":\"Osmani: Dema\u00e7i, simbol i p\u00ebrjetsh\u00ebm i q\u00ebndres\u00ebs shqiptare -\",\"isPartOf\":{\"@id\":\"https:\/\/veritasinfo.org\/#website\"},\"primaryImageOfPage\":{\"@id\":\"https:\/\/veritasinfo.org\/?p=5369#primaryimage\"},\"image\":{\"@id\":\"https:\/\/veritasinfo.org\/?p=5369#primaryimage\"},\"thumbnailUrl\":\"https:\/\/veritasinfo.org\/wp-content\/uploads\/2025\/07\/IMG_2051.png\",\"datePublished\":\"2025-07-26T13:59:43+00:00\",\"dateModified\":\"2025-07-26T14:01:52+00:00\",\"author\":{\"@id\":\"https:\/\/veritasinfo.org\/#\/schema\/person\/7701f8c088bece422266b100a712374f\"},\"breadcrumb\":{\"@id\":\"https:\/\/veritasinfo.org\/?p=5369#breadcrumb\"},\"inLanguage\":\"en-US\",\"potentialAction\":[{\"@type\":\"ReadAction\",\"target\":[\"https:\/\/veritasinfo.org\/?p=5369\"]}]},{\"@type\":\"ImageObject\",\"inLanguage\":\"en-US\",\"@id\":\"https:\/\/veritasinfo.org\/?p=5369#primaryimage\",\"url\":\"https:\/\/veritasinfo.org\/wp-content\/uploads\/2025\/07\/IMG_2051.png\",\"contentUrl\":\"https:\/\/veritasinfo.org\/wp-content\/uploads\/2025\/07\/IMG_2051.png\",\"width\":780,\"height\":500},{\"@type\":\"BreadcrumbList\",\"@id\":\"https:\/\/veritasinfo.org\/?p=5369#breadcrumb\",\"itemListElement\":[{\"@type\":\"ListItem\",\"position\":1,\"name\":\"Home\",\"item\":\"https:\/\/veritasinfo.org\/\"},{\"@type\":\"ListItem\",\"position\":2,\"name\":\"Osmani: Dema\u00e7i, simbol i p\u00ebrjetsh\u00ebm i q\u00ebndres\u00ebs shqiptare\"}]},{\"@type\":\"WebSite\",\"@id\":\"https:\/\/veritasinfo.org\/#website\",\"url\":\"https:\/\/veritasinfo.org\/\",\"name\":\"\",\"description\":\"\",\"potentialAction\":[{\"@type\":\"SearchAction\",\"target\":{\"@type\":\"EntryPoint\",\"urlTemplate\":\"https:\/\/veritasinfo.org\/?s={search_term_string}\"},\"query-input\":{\"@type\":\"PropertyValueSpecification\",\"valueRequired\":true,\"valueName\":\"search_term_string\"}}],\"inLanguage\":\"en-US\"},{\"@type\":\"Person\",\"@id\":\"https:\/\/veritasinfo.org\/#\/schema\/person\/7701f8c088bece422266b100a712374f\",\"name\":\"admin\",\"image\":{\"@type\":\"ImageObject\",\"inLanguage\":\"en-US\",\"@id\":\"https:\/\/veritasinfo.org\/#\/schema\/person\/image\/\",\"url\":\"https:\/\/secure.gravatar.com\/avatar\/ea53aa3bf6c9a12d5fde8ce4deff43fef3885ae33cf60184161a50d6987cfd2f?s=96&d=mm&r=g\",\"contentUrl\":\"https:\/\/secure.gravatar.com\/avatar\/ea53aa3bf6c9a12d5fde8ce4deff43fef3885ae33cf60184161a50d6987cfd2f?s=96&d=mm&r=g\",\"caption\":\"admin\"},\"sameAs\":[\"https:\/\/veritasinfo.org\"],\"url\":\"https:\/\/veritasinfo.org\/?author=1\"}]}<\/script>\n<!-- \/ Yoast SEO plugin. -->","yoast_head_json":{"title":"Osmani: Dema\u00e7i, simbol i p\u00ebrjetsh\u00ebm i q\u00ebndres\u00ebs shqiptare -","robots":{"index":"index","follow":"follow","max-snippet":"max-snippet:-1","max-image-preview":"max-image-preview:large","max-video-preview":"max-video-preview:-1"},"canonical":"https:\/\/veritasinfo.org\/?p=5369","og_locale":"en_US","og_type":"article","og_title":"Osmani: Dema\u00e7i, simbol i p\u00ebrjetsh\u00ebm i q\u00ebndres\u00ebs shqiptare -","og_description":"Prishtin\u00eb, 26 korrik 2025 Osmani p\u00ebrkujton Adem Dema\u00e7in: \u201cEmri i tij do t\u00eb jetoj\u00eb sa vet\u00eb liria!\u201d Presidentja e Kosov\u00ebs, Vjosa Osmani, ka nderuar figur\u00ebn","og_url":"https:\/\/veritasinfo.org\/?p=5369","article_published_time":"2025-07-26T13:59:43+00:00","article_modified_time":"2025-07-26T14:01:52+00:00","og_image":[{"width":780,"height":500,"url":"https:\/\/veritasinfo.org\/wp-content\/uploads\/2025\/07\/IMG_2051.png","type":"image\/png"}],"author":"admin","twitter_card":"summary_large_image","twitter_misc":{"Written by":"admin","Est. reading time":"1 minute"},"schema":{"@context":"https:\/\/schema.org","@graph":[{"@type":"WebPage","@id":"https:\/\/veritasinfo.org\/?p=5369","url":"https:\/\/veritasinfo.org\/?p=5369","name":"Osmani: Dema\u00e7i, simbol i p\u00ebrjetsh\u00ebm i q\u00ebndres\u00ebs shqiptare -","isPartOf":{"@id":"https:\/\/veritasinfo.org\/#website"},"primaryImageOfPage":{"@id":"https:\/\/veritasinfo.org\/?p=5369#primaryimage"},"image":{"@id":"https:\/\/veritasinfo.org\/?p=5369#primaryimage"},"thumbnailUrl":"https:\/\/veritasinfo.org\/wp-content\/uploads\/2025\/07\/IMG_2051.png","datePublished":"2025-07-26T13:59:43+00:00","dateModified":"2025-07-26T14:01:52+00:00","author":{"@id":"https:\/\/veritasinfo.org\/#\/schema\/person\/7701f8c088bece422266b100a712374f"},"breadcrumb":{"@id":"https:\/\/veritasinfo.org\/?p=5369#breadcrumb"},"inLanguage":"en-US","potentialAction":[{"@type":"ReadAction","target":["https:\/\/veritasinfo.org\/?p=5369"]}]},{"@type":"ImageObject","inLanguage":"en-US","@id":"https:\/\/veritasinfo.org\/?p=5369#primaryimage","url":"https:\/\/veritasinfo.org\/wp-content\/uploads\/2025\/07\/IMG_2051.png","contentUrl":"https:\/\/veritasinfo.org\/wp-content\/uploads\/2025\/07\/IMG_2051.png","width":780,"height":500},{"@type":"BreadcrumbList","@id":"https:\/\/veritasinfo.org\/?p=5369#breadcrumb","itemListElement":[{"@type":"ListItem","position":1,"name":"Home","item":"https:\/\/veritasinfo.org\/"},{"@type":"ListItem","position":2,"name":"Osmani: Dema\u00e7i, simbol i p\u00ebrjetsh\u00ebm i q\u00ebndres\u00ebs shqiptare"}]},{"@type":"WebSite","@id":"https:\/\/veritasinfo.org\/#website","url":"https:\/\/veritasinfo.org\/","name":"","description":"","potentialAction":[{"@type":"SearchAction","target":{"@type":"EntryPoint","urlTemplate":"https:\/\/veritasinfo.org\/?s={search_term_string}"},"query-input":{"@type":"PropertyValueSpecification","valueRequired":true,"valueName":"search_term_string"}}],"inLanguage":"en-US"},{"@type":"Person","@id":"https:\/\/veritasinfo.org\/#\/schema\/person\/7701f8c088bece422266b100a712374f","name":"admin","image":{"@type":"ImageObject","inLanguage":"en-US","@id":"https:\/\/veritasinfo.org\/#\/schema\/person\/image\/","url":"https:\/\/secure.gravatar.com\/avatar\/ea53aa3bf6c9a12d5fde8ce4deff43fef3885ae33cf60184161a50d6987cfd2f?s=96&d=mm&r=g","contentUrl":"https:\/\/secure.gravatar.com\/avatar\/ea53aa3bf6c9a12d5fde8ce4deff43fef3885ae33cf60184161a50d6987cfd2f?s=96&d=mm&r=g","caption":"admin"},"sameAs":["https:\/\/veritasinfo.org"],"url":"https:\/\/veritasinfo.org\/?author=1"}]}},"featured_image_urls":{"full":["https:\/\/veritasinfo.org\/wp-content\/uploads\/2025\/07\/IMG_2051.png",780,500,false],"thumbnail":["https:\/\/veritasinfo.org\/wp-content\/uploads\/2025\/07\/IMG_2051-150x150.png",150,150,true],"medium":["https:\/\/veritasinfo.org\/wp-content\/uploads\/2025\/07\/IMG_2051-300x192.png",300,192,true],"medium_large":["https:\/\/veritasinfo.org\/wp-content\/uploads\/2025\/07\/IMG_2051-768x492.png",640,410,true],"large":["https:\/\/veritasinfo.org\/wp-content\/uploads\/2025\/07\/IMG_2051.png",640,410,false],"1536x1536":["https:\/\/veritasinfo.org\/wp-content\/uploads\/2025\/07\/IMG_2051.png",780,500,false],"2048x2048":["https:\/\/veritasinfo.org\/wp-content\/uploads\/2025\/07\/IMG_2051.png",780,500,false],"kreeti-slider-full":["https:\/\/veritasinfo.org\/wp-content\/uploads\/2025\/07\/IMG_2051.png",780,500,false],"kreeti-featured":["https:\/\/veritasinfo.org\/wp-content\/uploads\/2025\/07\/IMG_2051.png",780,500,false],"kreeti-medium":["https:\/\/veritasinfo.org\/wp-content\/uploads\/2025\/07\/IMG_2051.png",720,462,false],"kreeti-medium-square":["https:\/\/veritasinfo.org\/wp-content\/uploads\/2025\/07\/IMG_2051.png",350,224,false]},"author_info":{"info":["admin"]},"category_info":"<a href=\"https:\/\/veritasinfo.org\/?cat=58\" rel=\"category\">Politik\u00eb<\/a>","tag_info":"Politik\u00eb","comment_count":"0","_links":{"self":[{"href":"https:\/\/veritasinfo.org\/index.php?rest_route=\/wp\/v2\/posts\/5369","targetHints":{"allow":["GET"]}}],"collection":[{"href":"https:\/\/veritasinfo.org\/index.php?rest_route=\/wp\/v2\/posts"}],"about":[{"href":"https:\/\/veritasinfo.org\/index.php?rest_route=\/wp\/v2\/types\/post"}],"author":[{"embeddable":true,"href":"https:\/\/veritasinfo.org\/index.php?rest_route=\/wp\/v2\/users\/1"}],"replies":[{"embeddable":true,"href":"https:\/\/veritasinfo.org\/index.php?rest_route=%2Fwp%2Fv2%2Fcomments&post=5369"}],"version-history":[{"count":3,"href":"https:\/\/veritasinfo.org\/index.php?rest_route=\/wp\/v2\/posts\/5369\/revisions"}],"predecessor-version":[{"id":5373,"href":"https:\/\/veritasinfo.org\/index.php?rest_route=\/wp\/v2\/posts\/5369\/revisions\/5373"}],"wp:featuredmedia":[{"embeddable":true,"href":"https:\/\/veritasinfo.org\/index.php?rest_route=\/wp\/v2\/media\/5370"}],"wp:attachment":[{"href":"https:\/\/veritasinfo.org\/index.php?rest_route=%2Fwp%2Fv2%2Fmedia&parent=5369"}],"wp:term":[{"taxonomy":"category","embeddable":true,"href":"https:\/\/veritasinfo.org\/index.php?rest_route=%2Fwp%2Fv2%2Fcategories&post=5369"},{"taxonomy":"post_tag","embeddable":true,"href":"https:\/\/veritasinfo.org\/index.php?rest_route=%2Fwp%2Fv2%2Ftags&post=5369"}],"curies":[{"name":"wp","href":"https:\/\/api.w.org\/{rel}","templated":true}]}}