{"id":5356,"date":"2025-07-26T14:40:57","date_gmt":"2025-07-26T12:40:57","guid":{"rendered":"https:\/\/veritasinfo.org\/?p=5356"},"modified":"2025-07-26T14:40:57","modified_gmt":"2025-07-26T12:40:57","slug":"nje-minute-heshtje-ne-kuvendin-e-kosoves-per-policet-e-rene-lista-serbe-nuk-qendron-ne-salle","status":"publish","type":"post","link":"https:\/\/veritasinfo.org\/?p=5356","title":{"rendered":"Nj\u00eb minut\u00eb heshtje n\u00eb Kuvendin e Kosov\u00ebs p\u00ebr polic\u00ebt e r\u00ebn\u00eb, Lista Serbe nuk q\u00ebndron n\u00eb sall\u00eb"},"content":{"rendered":"<p>Prishtin\u00eb, 26 Korrik 2025<\/p>\n<p>Gjat\u00eb seanc\u00ebs s\u00eb sotme n\u00eb Kuvendin e Kosov\u00ebs \u00ebsht\u00eb mbajtur nj\u00eb minut\u00eb heshtje n\u00eb nderim t\u00eb polic\u00ebve t\u00eb r\u00ebn\u00eb n\u00eb detyr\u00eb.<\/p>\n<div class=\"code-block code-block-8\">\n<div id=\"futureads_d773fe1afb07405e8d2f0e46933877d3_zone_104122_sect_47401_site_41437\" data-sender=\"futureads\">Megjithat\u00eb, gjat\u00eb k\u00ebtij momenti solemn, deputet\u00ebt e List\u00ebs Serbe nuk ishin t\u00eb pranish\u00ebm n\u00eb sall\u00ebn e Kuvendit, gj\u00eb q\u00eb u vu re nga t\u00eb pranishmit dhe u interpretua si munges\u00eb respekti ndaj sakrific\u00ebs s\u00eb pjes\u00ebtar\u00ebve t\u00eb Policis\u00eb s\u00eb Kosov\u00ebs.<\/div>\n<\/div>\n<p>Deputet\u00ebt e tjer\u00eb u ngrit\u00ebn n\u00eb k\u00ebmb\u00eb dhe nderuan me nj\u00eb minut\u00eb heshtje polic\u00ebt q\u00eb kan\u00eb humbur jet\u00ebn n\u00eb krye t\u00eb detyr\u00ebs, duke e cil\u00ebsuar k\u00ebt\u00eb si nj\u00eb akt respekti p\u00ebr sh\u00ebrbimin dhe flijimin e tyre p\u00ebr vendin.<\/p>\n<p>&nbsp;<\/p>\n","protected":false},"excerpt":{"rendered":"<p>Prishtin\u00eb, 26 Korrik 2025 Gjat\u00eb seanc\u00ebs s\u00eb sotme n\u00eb Kuvendin e Kosov\u00ebs \u00ebsht\u00eb mbajtur nj\u00eb minut\u00eb heshtje n\u00eb nderim t\u00eb polic\u00ebve t\u00eb r\u00ebn\u00eb n\u00eb detyr\u00eb.<\/p>\n","protected":false},"author":1,"featured_media":5357,"comment_status":"open","ping_status":"open","sticky":false,"template":"","format":"standard","meta":{"footnotes":""},"categories":[58],"tags":[],"class_list":["post-5356","post","type-post","status-publish","format-standard","has-post-thumbnail","hentry","category-politike-sq"],"yoast_head":"<!-- This site is optimized with the Yoast SEO plugin v25.3.1 - https:\/\/yoast.com\/wordpress\/plugins\/seo\/ -->\n<title>Nj\u00eb minut\u00eb heshtje n\u00eb Kuvendin e Kosov\u00ebs p\u00ebr polic\u00ebt e r\u00ebn\u00eb, Lista Serbe nuk q\u00ebndron n\u00eb sall\u00eb -<\/title>\n<meta name=\"robots\" content=\"index, follow, max-snippet:-1, max-image-preview:large, max-video-preview:-1\" \/>\n<link rel=\"canonical\" href=\"https:\/\/veritasinfo.org\/?p=5356\" \/>\n<meta property=\"og:locale\" content=\"en_US\" \/>\n<meta property=\"og:type\" content=\"article\" \/>\n<meta property=\"og:title\" content=\"Nj\u00eb minut\u00eb heshtje n\u00eb Kuvendin e Kosov\u00ebs p\u00ebr polic\u00ebt e r\u00ebn\u00eb, Lista Serbe nuk q\u00ebndron n\u00eb sall\u00eb -\" \/>\n<meta property=\"og:description\" content=\"Prishtin\u00eb, 26 Korrik 2025 Gjat\u00eb seanc\u00ebs s\u00eb sotme n\u00eb Kuvendin e Kosov\u00ebs \u00ebsht\u00eb mbajtur nj\u00eb minut\u00eb heshtje n\u00eb nderim t\u00eb polic\u00ebve t\u00eb r\u00ebn\u00eb n\u00eb detyr\u00eb.\" \/>\n<meta property=\"og:url\" content=\"https:\/\/veritasinfo.org\/?p=5356\" \/>\n<meta property=\"article:published_time\" content=\"2025-07-26T12:40:57+00:00\" \/>\n<meta property=\"og:image\" content=\"https:\/\/veritasinfo.org\/wp-content\/uploads\/2025\/07\/IMG_2336.jpeg\" \/>\n\t<meta property=\"og:image:width\" content=\"900\" \/>\n\t<meta property=\"og:image:height\" content=\"574\" \/>\n\t<meta property=\"og:image:type\" content=\"image\/jpeg\" \/>\n<meta name=\"author\" content=\"admin\" \/>\n<meta name=\"twitter:card\" content=\"summary_large_image\" \/>\n<meta name=\"twitter:label1\" content=\"Written by\" \/>\n\t<meta name=\"twitter:data1\" content=\"admin\" \/>\n\t<meta name=\"twitter:label2\" content=\"Est. reading time\" \/>\n\t<meta name=\"twitter:data2\" content=\"1 minute\" \/>\n<script type=\"application\/ld+json\" class=\"yoast-schema-graph\">{\"@context\":\"https:\/\/schema.org\",\"@graph\":[{\"@type\":\"WebPage\",\"@id\":\"https:\/\/veritasinfo.org\/?p=5356\",\"url\":\"https:\/\/veritasinfo.org\/?p=5356\",\"name\":\"Nj\u00eb minut\u00eb heshtje n\u00eb Kuvendin e Kosov\u00ebs p\u00ebr polic\u00ebt e r\u00ebn\u00eb, Lista Serbe nuk q\u00ebndron n\u00eb sall\u00eb -\",\"isPartOf\":{\"@id\":\"https:\/\/veritasinfo.org\/#website\"},\"primaryImageOfPage\":{\"@id\":\"https:\/\/veritasinfo.org\/?p=5356#primaryimage\"},\"image\":{\"@id\":\"https:\/\/veritasinfo.org\/?p=5356#primaryimage\"},\"thumbnailUrl\":\"https:\/\/veritasinfo.org\/wp-content\/uploads\/2025\/07\/IMG_2336.jpeg\",\"datePublished\":\"2025-07-26T12:40:57+00:00\",\"author\":{\"@id\":\"https:\/\/veritasinfo.org\/#\/schema\/person\/7701f8c088bece422266b100a712374f\"},\"breadcrumb\":{\"@id\":\"https:\/\/veritasinfo.org\/?p=5356#breadcrumb\"},\"inLanguage\":\"en-US\",\"potentialAction\":[{\"@type\":\"ReadAction\",\"target\":[\"https:\/\/veritasinfo.org\/?p=5356\"]}]},{\"@type\":\"ImageObject\",\"inLanguage\":\"en-US\",\"@id\":\"https:\/\/veritasinfo.org\/?p=5356#primaryimage\",\"url\":\"https:\/\/veritasinfo.org\/wp-content\/uploads\/2025\/07\/IMG_2336.jpeg\",\"contentUrl\":\"https:\/\/veritasinfo.org\/wp-content\/uploads\/2025\/07\/IMG_2336.jpeg\",\"width\":900,\"height\":574},{\"@type\":\"BreadcrumbList\",\"@id\":\"https:\/\/veritasinfo.org\/?p=5356#breadcrumb\",\"itemListElement\":[{\"@type\":\"ListItem\",\"position\":1,\"name\":\"Home\",\"item\":\"https:\/\/veritasinfo.org\/\"},{\"@type\":\"ListItem\",\"position\":2,\"name\":\"Nj\u00eb minut\u00eb heshtje n\u00eb Kuvendin e Kosov\u00ebs p\u00ebr polic\u00ebt e r\u00ebn\u00eb, Lista Serbe nuk q\u00ebndron n\u00eb sall\u00eb\"}]},{\"@type\":\"WebSite\",\"@id\":\"https:\/\/veritasinfo.org\/#website\",\"url\":\"https:\/\/veritasinfo.org\/\",\"name\":\"\",\"description\":\"\",\"potentialAction\":[{\"@type\":\"SearchAction\",\"target\":{\"@type\":\"EntryPoint\",\"urlTemplate\":\"https:\/\/veritasinfo.org\/?s={search_term_string}\"},\"query-input\":{\"@type\":\"PropertyValueSpecification\",\"valueRequired\":true,\"valueName\":\"search_term_string\"}}],\"inLanguage\":\"en-US\"},{\"@type\":\"Person\",\"@id\":\"https:\/\/veritasinfo.org\/#\/schema\/person\/7701f8c088bece422266b100a712374f\",\"name\":\"admin\",\"image\":{\"@type\":\"ImageObject\",\"inLanguage\":\"en-US\",\"@id\":\"https:\/\/veritasinfo.org\/#\/schema\/person\/image\/\",\"url\":\"https:\/\/secure.gravatar.com\/avatar\/ea53aa3bf6c9a12d5fde8ce4deff43fef3885ae33cf60184161a50d6987cfd2f?s=96&d=mm&r=g\",\"contentUrl\":\"https:\/\/secure.gravatar.com\/avatar\/ea53aa3bf6c9a12d5fde8ce4deff43fef3885ae33cf60184161a50d6987cfd2f?s=96&d=mm&r=g\",\"caption\":\"admin\"},\"sameAs\":[\"https:\/\/veritasinfo.org\"],\"url\":\"https:\/\/veritasinfo.org\/?author=1\"}]}<\/script>\n<!-- \/ Yoast SEO plugin. -->","yoast_head_json":{"title":"Nj\u00eb minut\u00eb heshtje n\u00eb Kuvendin e Kosov\u00ebs p\u00ebr polic\u00ebt e r\u00ebn\u00eb, Lista Serbe nuk q\u00ebndron n\u00eb sall\u00eb -","robots":{"index":"index","follow":"follow","max-snippet":"max-snippet:-1","max-image-preview":"max-image-preview:large","max-video-preview":"max-video-preview:-1"},"canonical":"https:\/\/veritasinfo.org\/?p=5356","og_locale":"en_US","og_type":"article","og_title":"Nj\u00eb minut\u00eb heshtje n\u00eb Kuvendin e Kosov\u00ebs p\u00ebr polic\u00ebt e r\u00ebn\u00eb, Lista Serbe nuk q\u00ebndron n\u00eb sall\u00eb -","og_description":"Prishtin\u00eb, 26 Korrik 2025 Gjat\u00eb seanc\u00ebs s\u00eb sotme n\u00eb Kuvendin e Kosov\u00ebs \u00ebsht\u00eb mbajtur nj\u00eb minut\u00eb heshtje n\u00eb nderim t\u00eb polic\u00ebve t\u00eb r\u00ebn\u00eb n\u00eb detyr\u00eb.","og_url":"https:\/\/veritasinfo.org\/?p=5356","article_published_time":"2025-07-26T12:40:57+00:00","og_image":[{"width":900,"height":574,"url":"https:\/\/veritasinfo.org\/wp-content\/uploads\/2025\/07\/IMG_2336.jpeg","type":"image\/jpeg"}],"author":"admin","twitter_card":"summary_large_image","twitter_misc":{"Written by":"admin","Est. reading time":"1 minute"},"schema":{"@context":"https:\/\/schema.org","@graph":[{"@type":"WebPage","@id":"https:\/\/veritasinfo.org\/?p=5356","url":"https:\/\/veritasinfo.org\/?p=5356","name":"Nj\u00eb minut\u00eb heshtje n\u00eb Kuvendin e Kosov\u00ebs p\u00ebr polic\u00ebt e r\u00ebn\u00eb, Lista Serbe nuk q\u00ebndron n\u00eb sall\u00eb -","isPartOf":{"@id":"https:\/\/veritasinfo.org\/#website"},"primaryImageOfPage":{"@id":"https:\/\/veritasinfo.org\/?p=5356#primaryimage"},"image":{"@id":"https:\/\/veritasinfo.org\/?p=5356#primaryimage"},"thumbnailUrl":"https:\/\/veritasinfo.org\/wp-content\/uploads\/2025\/07\/IMG_2336.jpeg","datePublished":"2025-07-26T12:40:57+00:00","author":{"@id":"https:\/\/veritasinfo.org\/#\/schema\/person\/7701f8c088bece422266b100a712374f"},"breadcrumb":{"@id":"https:\/\/veritasinfo.org\/?p=5356#breadcrumb"},"inLanguage":"en-US","potentialAction":[{"@type":"ReadAction","target":["https:\/\/veritasinfo.org\/?p=5356"]}]},{"@type":"ImageObject","inLanguage":"en-US","@id":"https:\/\/veritasinfo.org\/?p=5356#primaryimage","url":"https:\/\/veritasinfo.org\/wp-content\/uploads\/2025\/07\/IMG_2336.jpeg","contentUrl":"https:\/\/veritasinfo.org\/wp-content\/uploads\/2025\/07\/IMG_2336.jpeg","width":900,"height":574},{"@type":"BreadcrumbList","@id":"https:\/\/veritasinfo.org\/?p=5356#breadcrumb","itemListElement":[{"@type":"ListItem","position":1,"name":"Home","item":"https:\/\/veritasinfo.org\/"},{"@type":"ListItem","position":2,"name":"Nj\u00eb minut\u00eb heshtje n\u00eb Kuvendin e Kosov\u00ebs p\u00ebr polic\u00ebt e r\u00ebn\u00eb, Lista Serbe nuk q\u00ebndron n\u00eb sall\u00eb"}]},{"@type":"WebSite","@id":"https:\/\/veritasinfo.org\/#website","url":"https:\/\/veritasinfo.org\/","name":"","description":"","potentialAction":[{"@type":"SearchAction","target":{"@type":"EntryPoint","urlTemplate":"https:\/\/veritasinfo.org\/?s={search_term_string}"},"query-input":{"@type":"PropertyValueSpecification","valueRequired":true,"valueName":"search_term_string"}}],"inLanguage":"en-US"},{"@type":"Person","@id":"https:\/\/veritasinfo.org\/#\/schema\/person\/7701f8c088bece422266b100a712374f","name":"admin","image":{"@type":"ImageObject","inLanguage":"en-US","@id":"https:\/\/veritasinfo.org\/#\/schema\/person\/image\/","url":"https:\/\/secure.gravatar.com\/avatar\/ea53aa3bf6c9a12d5fde8ce4deff43fef3885ae33cf60184161a50d6987cfd2f?s=96&d=mm&r=g","contentUrl":"https:\/\/secure.gravatar.com\/avatar\/ea53aa3bf6c9a12d5fde8ce4deff43fef3885ae33cf60184161a50d6987cfd2f?s=96&d=mm&r=g","caption":"admin"},"sameAs":["https:\/\/veritasinfo.org"],"url":"https:\/\/veritasinfo.org\/?author=1"}]}},"featured_image_urls":{"full":["https:\/\/veritasinfo.org\/wp-content\/uploads\/2025\/07\/IMG_2336.jpeg",900,574,false],"thumbnail":["https:\/\/veritasinfo.org\/wp-content\/uploads\/2025\/07\/IMG_2336-150x150.jpeg",150,150,true],"medium":["https:\/\/veritasinfo.org\/wp-content\/uploads\/2025\/07\/IMG_2336-300x191.jpeg",300,191,true],"medium_large":["https:\/\/veritasinfo.org\/wp-content\/uploads\/2025\/07\/IMG_2336-768x490.jpeg",640,408,true],"large":["https:\/\/veritasinfo.org\/wp-content\/uploads\/2025\/07\/IMG_2336.jpeg",640,408,false],"1536x1536":["https:\/\/veritasinfo.org\/wp-content\/uploads\/2025\/07\/IMG_2336.jpeg",900,574,false],"2048x2048":["https:\/\/veritasinfo.org\/wp-content\/uploads\/2025\/07\/IMG_2336.jpeg",900,574,false],"kreeti-slider-full":["https:\/\/veritasinfo.org\/wp-content\/uploads\/2025\/07\/IMG_2336.jpeg",900,574,false],"kreeti-featured":["https:\/\/veritasinfo.org\/wp-content\/uploads\/2025\/07\/IMG_2336.jpeg",900,574,false],"kreeti-medium":["https:\/\/veritasinfo.org\/wp-content\/uploads\/2025\/07\/IMG_2336.jpeg",720,459,false],"kreeti-medium-square":["https:\/\/veritasinfo.org\/wp-content\/uploads\/2025\/07\/IMG_2336.jpeg",350,223,false]},"author_info":{"info":["admin"]},"category_info":"<a href=\"https:\/\/veritasinfo.org\/?cat=58\" rel=\"category\">Politik\u00eb<\/a>","tag_info":"Politik\u00eb","comment_count":"0","_links":{"self":[{"href":"https:\/\/veritasinfo.org\/index.php?rest_route=\/wp\/v2\/posts\/5356","targetHints":{"allow":["GET"]}}],"collection":[{"href":"https:\/\/veritasinfo.org\/index.php?rest_route=\/wp\/v2\/posts"}],"about":[{"href":"https:\/\/veritasinfo.org\/index.php?rest_route=\/wp\/v2\/types\/post"}],"author":[{"embeddable":true,"href":"https:\/\/veritasinfo.org\/index.php?rest_route=\/wp\/v2\/users\/1"}],"replies":[{"embeddable":true,"href":"https:\/\/veritasinfo.org\/index.php?rest_route=%2Fwp%2Fv2%2Fcomments&post=5356"}],"version-history":[{"count":1,"href":"https:\/\/veritasinfo.org\/index.php?rest_route=\/wp\/v2\/posts\/5356\/revisions"}],"predecessor-version":[{"id":5358,"href":"https:\/\/veritasinfo.org\/index.php?rest_route=\/wp\/v2\/posts\/5356\/revisions\/5358"}],"wp:featuredmedia":[{"embeddable":true,"href":"https:\/\/veritasinfo.org\/index.php?rest_route=\/wp\/v2\/media\/5357"}],"wp:attachment":[{"href":"https:\/\/veritasinfo.org\/index.php?rest_route=%2Fwp%2Fv2%2Fmedia&parent=5356"}],"wp:term":[{"taxonomy":"category","embeddable":true,"href":"https:\/\/veritasinfo.org\/index.php?rest_route=%2Fwp%2Fv2%2Fcategories&post=5356"},{"taxonomy":"post_tag","embeddable":true,"href":"https:\/\/veritasinfo.org\/index.php?rest_route=%2Fwp%2Fv2%2Ftags&post=5356"}],"curies":[{"name":"wp","href":"https:\/\/api.w.org\/{rel}","templated":true}]}}