{"id":5339,"date":"2025-07-26T12:45:18","date_gmt":"2025-07-26T10:45:18","guid":{"rendered":"https:\/\/veritasinfo.org\/?p=5339"},"modified":"2025-07-26T12:45:18","modified_gmt":"2025-07-26T10:45:18","slug":"kurti-me-ministra-nderon-adem-demacin-ne-7-vjetorin-e-vdekjes-se-tij","status":"publish","type":"post","link":"https:\/\/veritasinfo.org\/?p=5339","title":{"rendered":"Kurti me ministra nderon Adem Dema\u00e7in n\u00eb 7-vjetorin e vdekjes s\u00eb tij"},"content":{"rendered":"<p>Prishtin\u00eb, 26 Korrik 2025<\/p>\n<p>Kryeministri n\u00eb detyr\u00eb i Republik\u00ebs s\u00eb Kosov\u00ebs, Albin Kurti dhe an\u00ebtar\u00eb t\u00eb kabinetit qeveritar sot n\u00eb m\u00ebngjes b\u00ebn\u00eb homazhe dhe vendosen lule t\u00eb fresk\u00ebta pran\u00eb varrit t\u00eb veprimtarit t\u00eb shquar, Adem Dema\u00e7it, Bac\u00ebs Adem, n\u00eb 7-vjetorin e vdekjes s\u00eb tij.<\/p>\n<p>\u201cGazetar e shkrimtar, veprimtar e intelektual, i p\u00ebrndjekur dhe i burgosur politik, i lauruar p\u00ebr paqe, p\u00ebrfaq\u00ebsues politik i luft\u00ebtar\u00ebve t\u00eb liris\u00eb, mendimtar dhe kritik, Adem Dema\u00e7i ishte mish\u00ebruar me \u00e7\u00ebshtjen komb\u00ebtare shqiptare. Ai ishte personalitet unik, n\u00eb veprimin dhe me gjuh\u00ebn e tij, n\u00eb vet\u00ebmohimin p\u00ebr t\u00eb tjer\u00ebt.Lavdi jet\u00ebs dhe vepr\u00ebs s\u00eb Adem Dema\u00e7it!\u201d, tha Kurti me k\u00ebt\u00eb rast.<\/p>\n<p>&nbsp;<\/p>\n","protected":false},"excerpt":{"rendered":"<p>Prishtin\u00eb, 26 Korrik 2025 Kryeministri n\u00eb detyr\u00eb i Republik\u00ebs s\u00eb Kosov\u00ebs, Albin Kurti dhe an\u00ebtar\u00eb t\u00eb kabinetit qeveritar sot n\u00eb m\u00ebngjes b\u00ebn\u00eb homazhe dhe vendosen<\/p>\n","protected":false},"author":1,"featured_media":5340,"comment_status":"open","ping_status":"open","sticky":false,"template":"","format":"standard","meta":{"footnotes":""},"categories":[60],"tags":[],"class_list":["post-5339","post","type-post","status-publish","format-standard","has-post-thumbnail","hentry","category-shoqerore-sq"],"yoast_head":"<!-- This site is optimized with the Yoast SEO plugin v25.3.1 - https:\/\/yoast.com\/wordpress\/plugins\/seo\/ -->\n<title>Kurti me ministra nderon Adem Dema\u00e7in n\u00eb 7-vjetorin e vdekjes s\u00eb tij -<\/title>\n<meta name=\"robots\" content=\"index, follow, max-snippet:-1, max-image-preview:large, max-video-preview:-1\" \/>\n<link rel=\"canonical\" href=\"https:\/\/veritasinfo.org\/?p=5339\" \/>\n<meta property=\"og:locale\" content=\"en_US\" \/>\n<meta property=\"og:type\" content=\"article\" \/>\n<meta property=\"og:title\" content=\"Kurti me ministra nderon Adem Dema\u00e7in n\u00eb 7-vjetorin e vdekjes s\u00eb tij -\" \/>\n<meta property=\"og:description\" content=\"Prishtin\u00eb, 26 Korrik 2025 Kryeministri n\u00eb detyr\u00eb i Republik\u00ebs s\u00eb Kosov\u00ebs, Albin Kurti dhe an\u00ebtar\u00eb t\u00eb kabinetit qeveritar sot n\u00eb m\u00ebngjes b\u00ebn\u00eb homazhe dhe vendosen\" \/>\n<meta property=\"og:url\" content=\"https:\/\/veritasinfo.org\/?p=5339\" \/>\n<meta property=\"article:published_time\" content=\"2025-07-26T10:45:18+00:00\" \/>\n<meta property=\"og:image\" content=\"https:\/\/veritasinfo.org\/wp-content\/uploads\/2025\/07\/IMG_2334.jpeg\" \/>\n\t<meta property=\"og:image:width\" content=\"900\" \/>\n\t<meta property=\"og:image:height\" content=\"600\" \/>\n\t<meta property=\"og:image:type\" content=\"image\/jpeg\" \/>\n<meta name=\"author\" content=\"admin\" \/>\n<meta name=\"twitter:card\" content=\"summary_large_image\" \/>\n<meta name=\"twitter:label1\" content=\"Written by\" \/>\n\t<meta name=\"twitter:data1\" content=\"admin\" \/>\n\t<meta name=\"twitter:label2\" content=\"Est. reading time\" \/>\n\t<meta name=\"twitter:data2\" content=\"1 minute\" \/>\n<script type=\"application\/ld+json\" class=\"yoast-schema-graph\">{\"@context\":\"https:\/\/schema.org\",\"@graph\":[{\"@type\":\"WebPage\",\"@id\":\"https:\/\/veritasinfo.org\/?p=5339\",\"url\":\"https:\/\/veritasinfo.org\/?p=5339\",\"name\":\"Kurti me ministra nderon Adem Dema\u00e7in n\u00eb 7-vjetorin e vdekjes s\u00eb tij -\",\"isPartOf\":{\"@id\":\"https:\/\/veritasinfo.org\/#website\"},\"primaryImageOfPage\":{\"@id\":\"https:\/\/veritasinfo.org\/?p=5339#primaryimage\"},\"image\":{\"@id\":\"https:\/\/veritasinfo.org\/?p=5339#primaryimage\"},\"thumbnailUrl\":\"https:\/\/veritasinfo.org\/wp-content\/uploads\/2025\/07\/IMG_2334.jpeg\",\"datePublished\":\"2025-07-26T10:45:18+00:00\",\"author\":{\"@id\":\"https:\/\/veritasinfo.org\/#\/schema\/person\/7701f8c088bece422266b100a712374f\"},\"breadcrumb\":{\"@id\":\"https:\/\/veritasinfo.org\/?p=5339#breadcrumb\"},\"inLanguage\":\"en-US\",\"potentialAction\":[{\"@type\":\"ReadAction\",\"target\":[\"https:\/\/veritasinfo.org\/?p=5339\"]}]},{\"@type\":\"ImageObject\",\"inLanguage\":\"en-US\",\"@id\":\"https:\/\/veritasinfo.org\/?p=5339#primaryimage\",\"url\":\"https:\/\/veritasinfo.org\/wp-content\/uploads\/2025\/07\/IMG_2334.jpeg\",\"contentUrl\":\"https:\/\/veritasinfo.org\/wp-content\/uploads\/2025\/07\/IMG_2334.jpeg\",\"width\":900,\"height\":600},{\"@type\":\"BreadcrumbList\",\"@id\":\"https:\/\/veritasinfo.org\/?p=5339#breadcrumb\",\"itemListElement\":[{\"@type\":\"ListItem\",\"position\":1,\"name\":\"Home\",\"item\":\"https:\/\/veritasinfo.org\/\"},{\"@type\":\"ListItem\",\"position\":2,\"name\":\"Kurti me ministra nderon Adem Dema\u00e7in n\u00eb 7-vjetorin e vdekjes s\u00eb tij\"}]},{\"@type\":\"WebSite\",\"@id\":\"https:\/\/veritasinfo.org\/#website\",\"url\":\"https:\/\/veritasinfo.org\/\",\"name\":\"\",\"description\":\"\",\"potentialAction\":[{\"@type\":\"SearchAction\",\"target\":{\"@type\":\"EntryPoint\",\"urlTemplate\":\"https:\/\/veritasinfo.org\/?s={search_term_string}\"},\"query-input\":{\"@type\":\"PropertyValueSpecification\",\"valueRequired\":true,\"valueName\":\"search_term_string\"}}],\"inLanguage\":\"en-US\"},{\"@type\":\"Person\",\"@id\":\"https:\/\/veritasinfo.org\/#\/schema\/person\/7701f8c088bece422266b100a712374f\",\"name\":\"admin\",\"image\":{\"@type\":\"ImageObject\",\"inLanguage\":\"en-US\",\"@id\":\"https:\/\/veritasinfo.org\/#\/schema\/person\/image\/\",\"url\":\"https:\/\/secure.gravatar.com\/avatar\/ea53aa3bf6c9a12d5fde8ce4deff43fef3885ae33cf60184161a50d6987cfd2f?s=96&d=mm&r=g\",\"contentUrl\":\"https:\/\/secure.gravatar.com\/avatar\/ea53aa3bf6c9a12d5fde8ce4deff43fef3885ae33cf60184161a50d6987cfd2f?s=96&d=mm&r=g\",\"caption\":\"admin\"},\"sameAs\":[\"https:\/\/veritasinfo.org\"],\"url\":\"https:\/\/veritasinfo.org\/?author=1\"}]}<\/script>\n<!-- \/ Yoast SEO plugin. -->","yoast_head_json":{"title":"Kurti me ministra nderon Adem Dema\u00e7in n\u00eb 7-vjetorin e vdekjes s\u00eb tij -","robots":{"index":"index","follow":"follow","max-snippet":"max-snippet:-1","max-image-preview":"max-image-preview:large","max-video-preview":"max-video-preview:-1"},"canonical":"https:\/\/veritasinfo.org\/?p=5339","og_locale":"en_US","og_type":"article","og_title":"Kurti me ministra nderon Adem Dema\u00e7in n\u00eb 7-vjetorin e vdekjes s\u00eb tij -","og_description":"Prishtin\u00eb, 26 Korrik 2025 Kryeministri n\u00eb detyr\u00eb i Republik\u00ebs s\u00eb Kosov\u00ebs, Albin Kurti dhe an\u00ebtar\u00eb t\u00eb kabinetit qeveritar sot n\u00eb m\u00ebngjes b\u00ebn\u00eb homazhe dhe vendosen","og_url":"https:\/\/veritasinfo.org\/?p=5339","article_published_time":"2025-07-26T10:45:18+00:00","og_image":[{"width":900,"height":600,"url":"https:\/\/veritasinfo.org\/wp-content\/uploads\/2025\/07\/IMG_2334.jpeg","type":"image\/jpeg"}],"author":"admin","twitter_card":"summary_large_image","twitter_misc":{"Written by":"admin","Est. reading time":"1 minute"},"schema":{"@context":"https:\/\/schema.org","@graph":[{"@type":"WebPage","@id":"https:\/\/veritasinfo.org\/?p=5339","url":"https:\/\/veritasinfo.org\/?p=5339","name":"Kurti me ministra nderon Adem Dema\u00e7in n\u00eb 7-vjetorin e vdekjes s\u00eb tij -","isPartOf":{"@id":"https:\/\/veritasinfo.org\/#website"},"primaryImageOfPage":{"@id":"https:\/\/veritasinfo.org\/?p=5339#primaryimage"},"image":{"@id":"https:\/\/veritasinfo.org\/?p=5339#primaryimage"},"thumbnailUrl":"https:\/\/veritasinfo.org\/wp-content\/uploads\/2025\/07\/IMG_2334.jpeg","datePublished":"2025-07-26T10:45:18+00:00","author":{"@id":"https:\/\/veritasinfo.org\/#\/schema\/person\/7701f8c088bece422266b100a712374f"},"breadcrumb":{"@id":"https:\/\/veritasinfo.org\/?p=5339#breadcrumb"},"inLanguage":"en-US","potentialAction":[{"@type":"ReadAction","target":["https:\/\/veritasinfo.org\/?p=5339"]}]},{"@type":"ImageObject","inLanguage":"en-US","@id":"https:\/\/veritasinfo.org\/?p=5339#primaryimage","url":"https:\/\/veritasinfo.org\/wp-content\/uploads\/2025\/07\/IMG_2334.jpeg","contentUrl":"https:\/\/veritasinfo.org\/wp-content\/uploads\/2025\/07\/IMG_2334.jpeg","width":900,"height":600},{"@type":"BreadcrumbList","@id":"https:\/\/veritasinfo.org\/?p=5339#breadcrumb","itemListElement":[{"@type":"ListItem","position":1,"name":"Home","item":"https:\/\/veritasinfo.org\/"},{"@type":"ListItem","position":2,"name":"Kurti me ministra nderon Adem Dema\u00e7in n\u00eb 7-vjetorin e vdekjes s\u00eb tij"}]},{"@type":"WebSite","@id":"https:\/\/veritasinfo.org\/#website","url":"https:\/\/veritasinfo.org\/","name":"","description":"","potentialAction":[{"@type":"SearchAction","target":{"@type":"EntryPoint","urlTemplate":"https:\/\/veritasinfo.org\/?s={search_term_string}"},"query-input":{"@type":"PropertyValueSpecification","valueRequired":true,"valueName":"search_term_string"}}],"inLanguage":"en-US"},{"@type":"Person","@id":"https:\/\/veritasinfo.org\/#\/schema\/person\/7701f8c088bece422266b100a712374f","name":"admin","image":{"@type":"ImageObject","inLanguage":"en-US","@id":"https:\/\/veritasinfo.org\/#\/schema\/person\/image\/","url":"https:\/\/secure.gravatar.com\/avatar\/ea53aa3bf6c9a12d5fde8ce4deff43fef3885ae33cf60184161a50d6987cfd2f?s=96&d=mm&r=g","contentUrl":"https:\/\/secure.gravatar.com\/avatar\/ea53aa3bf6c9a12d5fde8ce4deff43fef3885ae33cf60184161a50d6987cfd2f?s=96&d=mm&r=g","caption":"admin"},"sameAs":["https:\/\/veritasinfo.org"],"url":"https:\/\/veritasinfo.org\/?author=1"}]}},"featured_image_urls":{"full":["https:\/\/veritasinfo.org\/wp-content\/uploads\/2025\/07\/IMG_2334.jpeg",900,600,false],"thumbnail":["https:\/\/veritasinfo.org\/wp-content\/uploads\/2025\/07\/IMG_2334-150x150.jpeg",150,150,true],"medium":["https:\/\/veritasinfo.org\/wp-content\/uploads\/2025\/07\/IMG_2334-300x200.jpeg",300,200,true],"medium_large":["https:\/\/veritasinfo.org\/wp-content\/uploads\/2025\/07\/IMG_2334-768x512.jpeg",640,427,true],"large":["https:\/\/veritasinfo.org\/wp-content\/uploads\/2025\/07\/IMG_2334.jpeg",640,427,false],"1536x1536":["https:\/\/veritasinfo.org\/wp-content\/uploads\/2025\/07\/IMG_2334.jpeg",900,600,false],"2048x2048":["https:\/\/veritasinfo.org\/wp-content\/uploads\/2025\/07\/IMG_2334.jpeg",900,600,false],"kreeti-slider-full":["https:\/\/veritasinfo.org\/wp-content\/uploads\/2025\/07\/IMG_2334.jpeg",900,600,false],"kreeti-featured":["https:\/\/veritasinfo.org\/wp-content\/uploads\/2025\/07\/IMG_2334.jpeg",900,600,false],"kreeti-medium":["https:\/\/veritasinfo.org\/wp-content\/uploads\/2025\/07\/IMG_2334.jpeg",720,480,false],"kreeti-medium-square":["https:\/\/veritasinfo.org\/wp-content\/uploads\/2025\/07\/IMG_2334.jpeg",350,233,false]},"author_info":{"info":["admin"]},"category_info":"<a href=\"https:\/\/veritasinfo.org\/?cat=60\" rel=\"category\">Shoq\u00ebrore<\/a>","tag_info":"Shoq\u00ebrore","comment_count":"0","_links":{"self":[{"href":"https:\/\/veritasinfo.org\/index.php?rest_route=\/wp\/v2\/posts\/5339","targetHints":{"allow":["GET"]}}],"collection":[{"href":"https:\/\/veritasinfo.org\/index.php?rest_route=\/wp\/v2\/posts"}],"about":[{"href":"https:\/\/veritasinfo.org\/index.php?rest_route=\/wp\/v2\/types\/post"}],"author":[{"embeddable":true,"href":"https:\/\/veritasinfo.org\/index.php?rest_route=\/wp\/v2\/users\/1"}],"replies":[{"embeddable":true,"href":"https:\/\/veritasinfo.org\/index.php?rest_route=%2Fwp%2Fv2%2Fcomments&post=5339"}],"version-history":[{"count":1,"href":"https:\/\/veritasinfo.org\/index.php?rest_route=\/wp\/v2\/posts\/5339\/revisions"}],"predecessor-version":[{"id":5341,"href":"https:\/\/veritasinfo.org\/index.php?rest_route=\/wp\/v2\/posts\/5339\/revisions\/5341"}],"wp:featuredmedia":[{"embeddable":true,"href":"https:\/\/veritasinfo.org\/index.php?rest_route=\/wp\/v2\/media\/5340"}],"wp:attachment":[{"href":"https:\/\/veritasinfo.org\/index.php?rest_route=%2Fwp%2Fv2%2Fmedia&parent=5339"}],"wp:term":[{"taxonomy":"category","embeddable":true,"href":"https:\/\/veritasinfo.org\/index.php?rest_route=%2Fwp%2Fv2%2Fcategories&post=5339"},{"taxonomy":"post_tag","embeddable":true,"href":"https:\/\/veritasinfo.org\/index.php?rest_route=%2Fwp%2Fv2%2Ftags&post=5339"}],"curies":[{"name":"wp","href":"https:\/\/api.w.org\/{rel}","templated":true}]}}