{"id":5316,"date":"2025-07-26T10:30:57","date_gmt":"2025-07-26T08:30:57","guid":{"rendered":"https:\/\/veritasinfo.org\/?p=5316"},"modified":"2025-07-26T10:30:57","modified_gmt":"2025-07-26T08:30:57","slug":"kurti-lavdi-enver-zymberit-afrim-bunjakut-dhe-te-gjithe-policeve-te-kosoves-te-rene-ne-krye-te-detyres","status":"publish","type":"post","link":"https:\/\/veritasinfo.org\/?p=5316","title":{"rendered":"Kurti: Lavdi, Enver Zymberit, Afrim Bunjakut dhe t\u00eb gjith\u00eb polic\u00ebve t\u00eb Kosov\u00ebs t\u00eb r\u00ebn\u00eb n\u00eb krye t\u00eb detyr\u00ebs"},"content":{"rendered":"<p>Kurti: Lavdi, Enver Zymberit, Afrim Bunjakut dhe t\u00eb gjith\u00eb polic\u00ebve t\u00eb Kosov\u00ebs t\u00eb r\u00ebn\u00eb n\u00eb krye t\u00eb detyr\u00ebs<\/p>\n<p>N\u00eb nderim t\u00eb 14 vjetorit t\u00eb r\u00ebnies s\u00eb Heroit Enver Zymeri dhe Dit\u00ebs Memoriale t\u00eb zyrtar\u00ebve policor\u00eb t\u00eb r\u00ebn\u00eb n\u00eb krye t\u00eb detyr\u00ebs, ministri n\u00eb detyr\u00eb i Pun\u00ebve t\u00eb Brendshme, Xhelal Sve\u00e7la dhe drejtori i Policis\u00eb s\u00eb Kosov\u00ebs, kolonel Gazmend Hoxha, b\u00ebn\u00eb homazhe te Lapidari i Polic\u00ebve t\u00eb R\u00ebn\u00eb, n\u00eb oborrin e Drejtoris\u00eb s\u00eb P\u00ebrgjithshme t\u00eb Policis\u00eb n\u00eb Prishtin\u00eb.<\/p>\n<p>Kurti p\u00ebr polic\u00ebt e r\u00ebn\u00eb n\u00eb detyr\u00eb, ka th\u00ebn\u00eb se n\u00eb kuad\u00ebr t\u00eb k\u00ebsaj dite memoriale, Kosova ka dhimbje, pik\u00ebllim dhe shum\u00eb mall, teksa shtoi se Policia e Kosov\u00ebs \u00ebsht\u00eb nj\u00eb forc\u00eb prej rreth 10 mij\u00eb pjes\u00ebtar\u00ebve, t\u00eb cil\u00ebt sipas tij i dalin zot Republik\u00ebs s\u00eb Kosov\u00ebs me ligjin, rendin, paqen, sigurin\u00eb p\u00ebr t\u00eb gjith\u00eb qytetar\u00ebt pa dallim.<\/p>\n<p>\u201c24 gjithsej n\u00eb Kosov\u00ebn e pas luft\u00ebs duke filluar nga Lazim Rexhepi n\u00eb vitin 2001 e deri s\u00eb fundmi te Muhamed Lika n\u00eb vitin 2025. Me k\u00ebt\u00eb rast dua t\u00eb theksoj heroin ton\u00eb, Enver Zymberin dhe poashtu Afrim Bunjakun t\u00eb cil\u00ebt ran\u00eb n\u00eb krye t\u00eb detyr\u00ebs duke mbrojtur sovranitetin shtet\u00ebror\u00eb, integritetin territorial, rendin, ligjin, paq\u00ebn dhe sigurin\u00eb n\u00eb veri t\u00eb Kosov\u00ebs dhe dita memoriale \u00ebsht\u00eb e lidhur pik\u00ebrisht me r\u00ebnien heroike t\u00eb Enver Zymberit n\u00eb vitin 2011 me 26 korrik. Me q\u00eb rast sot kemi dhimbje pik\u00ebllim, kemi shum\u00eb mall por n\u00eb t\u00eb nj\u00ebjt\u00ebn koh\u00eb kemi edhe krenari se Policia e Kosov\u00ebs \u00ebsht\u00eb nj\u00eb forc\u00eb prej rreth 10 mij\u00eb pjes\u00ebtar\u00ebve, t\u00eb cil\u00ebt i dalin zot Republik\u00ebs son\u00eb dhe mbajn\u00eb, mir\u00ebmbajn\u00eb ligjin, rendin, paqen, sigurin\u00eb p\u00ebr t\u00eb gjith\u00eb qytetar\u00ebt pa dallim\u201d, tha Kurti.<\/p>\n","protected":false},"excerpt":{"rendered":"<p>Kurti: Lavdi, Enver Zymberit, Afrim Bunjakut dhe t\u00eb gjith\u00eb polic\u00ebve t\u00eb Kosov\u00ebs t\u00eb r\u00ebn\u00eb n\u00eb krye t\u00eb detyr\u00ebs N\u00eb nderim t\u00eb 14 vjetorit t\u00eb r\u00ebnies<\/p>\n","protected":false},"author":1,"featured_media":5318,"comment_status":"open","ping_status":"open","sticky":false,"template":"","format":"standard","meta":{"footnotes":""},"categories":[60],"tags":[],"class_list":["post-5316","post","type-post","status-publish","format-standard","has-post-thumbnail","hentry","category-shoqerore-sq"],"yoast_head":"<!-- This site is optimized with the Yoast SEO plugin v25.3.1 - https:\/\/yoast.com\/wordpress\/plugins\/seo\/ -->\n<title>Kurti: Lavdi, Enver Zymberit, Afrim Bunjakut dhe t\u00eb gjith\u00eb polic\u00ebve t\u00eb Kosov\u00ebs t\u00eb r\u00ebn\u00eb n\u00eb krye t\u00eb detyr\u00ebs -<\/title>\n<meta name=\"robots\" content=\"index, follow, max-snippet:-1, max-image-preview:large, max-video-preview:-1\" \/>\n<link rel=\"canonical\" href=\"https:\/\/veritasinfo.org\/?p=5316\" \/>\n<meta property=\"og:locale\" content=\"en_US\" \/>\n<meta property=\"og:type\" content=\"article\" \/>\n<meta property=\"og:title\" content=\"Kurti: Lavdi, Enver Zymberit, Afrim Bunjakut dhe t\u00eb gjith\u00eb polic\u00ebve t\u00eb Kosov\u00ebs t\u00eb r\u00ebn\u00eb n\u00eb krye t\u00eb detyr\u00ebs -\" \/>\n<meta property=\"og:description\" content=\"Kurti: Lavdi, Enver Zymberit, Afrim Bunjakut dhe t\u00eb gjith\u00eb polic\u00ebve t\u00eb Kosov\u00ebs t\u00eb r\u00ebn\u00eb n\u00eb krye t\u00eb detyr\u00ebs N\u00eb nderim t\u00eb 14 vjetorit t\u00eb r\u00ebnies\" \/>\n<meta property=\"og:url\" content=\"https:\/\/veritasinfo.org\/?p=5316\" \/>\n<meta property=\"article:published_time\" content=\"2025-07-26T08:30:57+00:00\" \/>\n<meta property=\"og:image\" content=\"https:\/\/veritasinfo.org\/wp-content\/uploads\/2025\/07\/Kurti.webp\" \/>\n\t<meta property=\"og:image:width\" content=\"1560\" \/>\n\t<meta property=\"og:image:height\" content=\"940\" \/>\n\t<meta property=\"og:image:type\" content=\"image\/webp\" \/>\n<meta name=\"author\" content=\"admin\" \/>\n<meta name=\"twitter:card\" content=\"summary_large_image\" \/>\n<meta name=\"twitter:label1\" content=\"Written by\" \/>\n\t<meta name=\"twitter:data1\" content=\"admin\" \/>\n\t<meta name=\"twitter:label2\" content=\"Est. reading time\" \/>\n\t<meta name=\"twitter:data2\" content=\"2 minutes\" \/>\n<script type=\"application\/ld+json\" class=\"yoast-schema-graph\">{\"@context\":\"https:\/\/schema.org\",\"@graph\":[{\"@type\":\"WebPage\",\"@id\":\"https:\/\/veritasinfo.org\/?p=5316\",\"url\":\"https:\/\/veritasinfo.org\/?p=5316\",\"name\":\"Kurti: Lavdi, Enver Zymberit, Afrim Bunjakut dhe t\u00eb gjith\u00eb polic\u00ebve t\u00eb Kosov\u00ebs t\u00eb r\u00ebn\u00eb n\u00eb krye t\u00eb detyr\u00ebs -\",\"isPartOf\":{\"@id\":\"https:\/\/veritasinfo.org\/#website\"},\"primaryImageOfPage\":{\"@id\":\"https:\/\/veritasinfo.org\/?p=5316#primaryimage\"},\"image\":{\"@id\":\"https:\/\/veritasinfo.org\/?p=5316#primaryimage\"},\"thumbnailUrl\":\"https:\/\/veritasinfo.org\/wp-content\/uploads\/2025\/07\/Kurti.webp\",\"datePublished\":\"2025-07-26T08:30:57+00:00\",\"author\":{\"@id\":\"https:\/\/veritasinfo.org\/#\/schema\/person\/7701f8c088bece422266b100a712374f\"},\"breadcrumb\":{\"@id\":\"https:\/\/veritasinfo.org\/?p=5316#breadcrumb\"},\"inLanguage\":\"en-US\",\"potentialAction\":[{\"@type\":\"ReadAction\",\"target\":[\"https:\/\/veritasinfo.org\/?p=5316\"]}]},{\"@type\":\"ImageObject\",\"inLanguage\":\"en-US\",\"@id\":\"https:\/\/veritasinfo.org\/?p=5316#primaryimage\",\"url\":\"https:\/\/veritasinfo.org\/wp-content\/uploads\/2025\/07\/Kurti.webp\",\"contentUrl\":\"https:\/\/veritasinfo.org\/wp-content\/uploads\/2025\/07\/Kurti.webp\",\"width\":1560,\"height\":940},{\"@type\":\"BreadcrumbList\",\"@id\":\"https:\/\/veritasinfo.org\/?p=5316#breadcrumb\",\"itemListElement\":[{\"@type\":\"ListItem\",\"position\":1,\"name\":\"Home\",\"item\":\"https:\/\/veritasinfo.org\/\"},{\"@type\":\"ListItem\",\"position\":2,\"name\":\"Kurti: Lavdi, Enver Zymberit, Afrim Bunjakut dhe t\u00eb gjith\u00eb polic\u00ebve t\u00eb Kosov\u00ebs t\u00eb r\u00ebn\u00eb n\u00eb krye t\u00eb detyr\u00ebs\"}]},{\"@type\":\"WebSite\",\"@id\":\"https:\/\/veritasinfo.org\/#website\",\"url\":\"https:\/\/veritasinfo.org\/\",\"name\":\"\",\"description\":\"\",\"potentialAction\":[{\"@type\":\"SearchAction\",\"target\":{\"@type\":\"EntryPoint\",\"urlTemplate\":\"https:\/\/veritasinfo.org\/?s={search_term_string}\"},\"query-input\":{\"@type\":\"PropertyValueSpecification\",\"valueRequired\":true,\"valueName\":\"search_term_string\"}}],\"inLanguage\":\"en-US\"},{\"@type\":\"Person\",\"@id\":\"https:\/\/veritasinfo.org\/#\/schema\/person\/7701f8c088bece422266b100a712374f\",\"name\":\"admin\",\"image\":{\"@type\":\"ImageObject\",\"inLanguage\":\"en-US\",\"@id\":\"https:\/\/veritasinfo.org\/#\/schema\/person\/image\/\",\"url\":\"https:\/\/secure.gravatar.com\/avatar\/ea53aa3bf6c9a12d5fde8ce4deff43fef3885ae33cf60184161a50d6987cfd2f?s=96&d=mm&r=g\",\"contentUrl\":\"https:\/\/secure.gravatar.com\/avatar\/ea53aa3bf6c9a12d5fde8ce4deff43fef3885ae33cf60184161a50d6987cfd2f?s=96&d=mm&r=g\",\"caption\":\"admin\"},\"sameAs\":[\"https:\/\/veritasinfo.org\"],\"url\":\"https:\/\/veritasinfo.org\/?author=1\"}]}<\/script>\n<!-- \/ Yoast SEO plugin. -->","yoast_head_json":{"title":"Kurti: Lavdi, Enver Zymberit, Afrim Bunjakut dhe t\u00eb gjith\u00eb polic\u00ebve t\u00eb Kosov\u00ebs t\u00eb r\u00ebn\u00eb n\u00eb krye t\u00eb detyr\u00ebs -","robots":{"index":"index","follow":"follow","max-snippet":"max-snippet:-1","max-image-preview":"max-image-preview:large","max-video-preview":"max-video-preview:-1"},"canonical":"https:\/\/veritasinfo.org\/?p=5316","og_locale":"en_US","og_type":"article","og_title":"Kurti: Lavdi, Enver Zymberit, Afrim Bunjakut dhe t\u00eb gjith\u00eb polic\u00ebve t\u00eb Kosov\u00ebs t\u00eb r\u00ebn\u00eb n\u00eb krye t\u00eb detyr\u00ebs -","og_description":"Kurti: Lavdi, Enver Zymberit, Afrim Bunjakut dhe t\u00eb gjith\u00eb polic\u00ebve t\u00eb Kosov\u00ebs t\u00eb r\u00ebn\u00eb n\u00eb krye t\u00eb detyr\u00ebs N\u00eb nderim t\u00eb 14 vjetorit t\u00eb r\u00ebnies","og_url":"https:\/\/veritasinfo.org\/?p=5316","article_published_time":"2025-07-26T08:30:57+00:00","og_image":[{"width":1560,"height":940,"url":"https:\/\/veritasinfo.org\/wp-content\/uploads\/2025\/07\/Kurti.webp","type":"image\/webp"}],"author":"admin","twitter_card":"summary_large_image","twitter_misc":{"Written by":"admin","Est. reading time":"2 minutes"},"schema":{"@context":"https:\/\/schema.org","@graph":[{"@type":"WebPage","@id":"https:\/\/veritasinfo.org\/?p=5316","url":"https:\/\/veritasinfo.org\/?p=5316","name":"Kurti: Lavdi, Enver Zymberit, Afrim Bunjakut dhe t\u00eb gjith\u00eb polic\u00ebve t\u00eb Kosov\u00ebs t\u00eb r\u00ebn\u00eb n\u00eb krye t\u00eb detyr\u00ebs -","isPartOf":{"@id":"https:\/\/veritasinfo.org\/#website"},"primaryImageOfPage":{"@id":"https:\/\/veritasinfo.org\/?p=5316#primaryimage"},"image":{"@id":"https:\/\/veritasinfo.org\/?p=5316#primaryimage"},"thumbnailUrl":"https:\/\/veritasinfo.org\/wp-content\/uploads\/2025\/07\/Kurti.webp","datePublished":"2025-07-26T08:30:57+00:00","author":{"@id":"https:\/\/veritasinfo.org\/#\/schema\/person\/7701f8c088bece422266b100a712374f"},"breadcrumb":{"@id":"https:\/\/veritasinfo.org\/?p=5316#breadcrumb"},"inLanguage":"en-US","potentialAction":[{"@type":"ReadAction","target":["https:\/\/veritasinfo.org\/?p=5316"]}]},{"@type":"ImageObject","inLanguage":"en-US","@id":"https:\/\/veritasinfo.org\/?p=5316#primaryimage","url":"https:\/\/veritasinfo.org\/wp-content\/uploads\/2025\/07\/Kurti.webp","contentUrl":"https:\/\/veritasinfo.org\/wp-content\/uploads\/2025\/07\/Kurti.webp","width":1560,"height":940},{"@type":"BreadcrumbList","@id":"https:\/\/veritasinfo.org\/?p=5316#breadcrumb","itemListElement":[{"@type":"ListItem","position":1,"name":"Home","item":"https:\/\/veritasinfo.org\/"},{"@type":"ListItem","position":2,"name":"Kurti: Lavdi, Enver Zymberit, Afrim Bunjakut dhe t\u00eb gjith\u00eb polic\u00ebve t\u00eb Kosov\u00ebs t\u00eb r\u00ebn\u00eb n\u00eb krye t\u00eb detyr\u00ebs"}]},{"@type":"WebSite","@id":"https:\/\/veritasinfo.org\/#website","url":"https:\/\/veritasinfo.org\/","name":"","description":"","potentialAction":[{"@type":"SearchAction","target":{"@type":"EntryPoint","urlTemplate":"https:\/\/veritasinfo.org\/?s={search_term_string}"},"query-input":{"@type":"PropertyValueSpecification","valueRequired":true,"valueName":"search_term_string"}}],"inLanguage":"en-US"},{"@type":"Person","@id":"https:\/\/veritasinfo.org\/#\/schema\/person\/7701f8c088bece422266b100a712374f","name":"admin","image":{"@type":"ImageObject","inLanguage":"en-US","@id":"https:\/\/veritasinfo.org\/#\/schema\/person\/image\/","url":"https:\/\/secure.gravatar.com\/avatar\/ea53aa3bf6c9a12d5fde8ce4deff43fef3885ae33cf60184161a50d6987cfd2f?s=96&d=mm&r=g","contentUrl":"https:\/\/secure.gravatar.com\/avatar\/ea53aa3bf6c9a12d5fde8ce4deff43fef3885ae33cf60184161a50d6987cfd2f?s=96&d=mm&r=g","caption":"admin"},"sameAs":["https:\/\/veritasinfo.org"],"url":"https:\/\/veritasinfo.org\/?author=1"}]}},"featured_image_urls":{"full":["https:\/\/veritasinfo.org\/wp-content\/uploads\/2025\/07\/Kurti.webp",1560,940,false],"thumbnail":["https:\/\/veritasinfo.org\/wp-content\/uploads\/2025\/07\/Kurti-150x150.webp",150,150,true],"medium":["https:\/\/veritasinfo.org\/wp-content\/uploads\/2025\/07\/Kurti-300x181.webp",300,181,true],"medium_large":["https:\/\/veritasinfo.org\/wp-content\/uploads\/2025\/07\/Kurti-768x463.webp",640,386,true],"large":["https:\/\/veritasinfo.org\/wp-content\/uploads\/2025\/07\/Kurti-1024x617.webp",640,386,true],"1536x1536":["https:\/\/veritasinfo.org\/wp-content\/uploads\/2025\/07\/Kurti-1536x926.webp",1536,926,true],"2048x2048":["https:\/\/veritasinfo.org\/wp-content\/uploads\/2025\/07\/Kurti.webp",1560,940,false],"kreeti-slider-full":["https:\/\/veritasinfo.org\/wp-content\/uploads\/2025\/07\/Kurti.webp",1195,720,false],"kreeti-featured":["https:\/\/veritasinfo.org\/wp-content\/uploads\/2025\/07\/Kurti.webp",1024,617,false],"kreeti-medium":["https:\/\/veritasinfo.org\/wp-content\/uploads\/2025\/07\/Kurti.webp",720,434,false],"kreeti-medium-square":["https:\/\/veritasinfo.org\/wp-content\/uploads\/2025\/07\/Kurti.webp",350,211,false]},"author_info":{"info":["admin"]},"category_info":"<a href=\"https:\/\/veritasinfo.org\/?cat=60\" rel=\"category\">Shoq\u00ebrore<\/a>","tag_info":"Shoq\u00ebrore","comment_count":"0","_links":{"self":[{"href":"https:\/\/veritasinfo.org\/index.php?rest_route=\/wp\/v2\/posts\/5316","targetHints":{"allow":["GET"]}}],"collection":[{"href":"https:\/\/veritasinfo.org\/index.php?rest_route=\/wp\/v2\/posts"}],"about":[{"href":"https:\/\/veritasinfo.org\/index.php?rest_route=\/wp\/v2\/types\/post"}],"author":[{"embeddable":true,"href":"https:\/\/veritasinfo.org\/index.php?rest_route=\/wp\/v2\/users\/1"}],"replies":[{"embeddable":true,"href":"https:\/\/veritasinfo.org\/index.php?rest_route=%2Fwp%2Fv2%2Fcomments&post=5316"}],"version-history":[{"count":1,"href":"https:\/\/veritasinfo.org\/index.php?rest_route=\/wp\/v2\/posts\/5316\/revisions"}],"predecessor-version":[{"id":5319,"href":"https:\/\/veritasinfo.org\/index.php?rest_route=\/wp\/v2\/posts\/5316\/revisions\/5319"}],"wp:featuredmedia":[{"embeddable":true,"href":"https:\/\/veritasinfo.org\/index.php?rest_route=\/wp\/v2\/media\/5318"}],"wp:attachment":[{"href":"https:\/\/veritasinfo.org\/index.php?rest_route=%2Fwp%2Fv2%2Fmedia&parent=5316"}],"wp:term":[{"taxonomy":"category","embeddable":true,"href":"https:\/\/veritasinfo.org\/index.php?rest_route=%2Fwp%2Fv2%2Fcategories&post=5316"},{"taxonomy":"post_tag","embeddable":true,"href":"https:\/\/veritasinfo.org\/index.php?rest_route=%2Fwp%2Fv2%2Ftags&post=5316"}],"curies":[{"name":"wp","href":"https:\/\/api.w.org\/{rel}","templated":true}]}}