{"id":5309,"date":"2025-07-26T10:17:20","date_gmt":"2025-07-26T08:17:20","guid":{"rendered":"https:\/\/veritasinfo.org\/?p=5309"},"modified":"2025-07-26T10:17:20","modified_gmt":"2025-07-26T08:17:20","slug":"nelegalna-seca-suma-u-mokroj-gori-je-u-porastu","status":"publish","type":"post","link":"https:\/\/veritasinfo.org\/?p=5309&lang=sr","title":{"rendered":"Nelegalna se\u010da \u0161uma u Mokroj Gori je u porastu"},"content":{"rendered":"<p><strong>Zubin Potok, 26 jul 2025<\/strong><\/p>\n<p>Na obroncima planine Mokra Gora, poznate po netaknutoj prirodi i turisti\u010dkom zna\u010daju, sve \u010de\u0161c\u0301e se \u010duju motorne testere. Me\u0161tani i ekolo\u0161ki aktivisti upozoravaju da je nelegalna se\u010da \u0161uma na ovoj planini u porastu i da ozbiljno ugro\u017eava prirodnu ravnote\u017eu i biodiverzitet podru\u010dja.<\/p>\n<p>Prema re\u010dima lokalnih stanovnika, odre\u0111eni delovi \u0161ume se seku bez ikakve kontrole, a u sve to, kako tvrde, uklju\u010deni su pojedinci sa jakim vezama sa lokalnim strukturama vlasti. Drvo se zatim prodaje ili skladi\u0161ti, bez obzira na pravne posledice i dugoro\u010dne ekolo\u0161ke posledice.<\/p>\n<p>\u201eU poslednje vreme primec\u0301ujemo intenziviranje se\u010de drvec\u0301a. Vekovna stabla (posebno \u010detinari) nestaju, putevi se \u010diste, a tragovi te\u0161ke mehanizacije su jasno vidljivi. Sve to bez ikakvih dozvola\u201c, ka\u017ee jedan od stanovnika obli\u017enjeg sela Mokne.<\/p>\n<p>Me\u0161tani isti\u010du da je Mokra Gora pre nekoliko dana pretrpeo veliki po\u017ear, ali uprkos tome, inspekcije retko izlaze na teren, a sankcije za prekr\u0161ioce gotovo da i ne postoje. I flora i fauna su ugro\u017eene. Branko Stojanovic\u0301, iz udru\u017eenja \u201eVia ferata\u201c, ka\u017ee da je situacija alarmantna: \u201eAko se ovakva situacija nastavi, nec\u0301emo izgubiti samo dragocenu \u0161umu, vec\u0301 i biljne i \u017eivotinjske vrste koje u njoj \u017eive. Potrebna je hitna reakcija dr\u017eave i stro\u017ea kontrola.\u201c<\/p>\n<p>Policija poziva gra\u0111ane da prijave nezakonite aktivnosti i zahteva da se Mokra Gora za\u0161titi ne samo na papiru, vec\u0301 i u praksi.<\/p>\n","protected":false},"excerpt":{"rendered":"<p>Zubin Potok, 26 jul 2025 Na obroncima planine Mokra Gora, poznate po netaknutoj prirodi i turisti\u010dkom zna\u010daju, sve \u010de\u0161c\u0301e se \u010duju motorne testere. Me\u0161tani i<\/p>\n","protected":false},"author":2,"featured_media":5307,"comment_status":"open","ping_status":"open","sticky":false,"template":"","format":"standard","meta":{"footnotes":""},"categories":[32],"tags":[],"class_list":["post-5309","post","type-post","status-publish","format-standard","has-post-thumbnail","hentry","category-opstine"],"yoast_head":"<!-- This site is optimized with the Yoast SEO plugin v25.3.1 - https:\/\/yoast.com\/wordpress\/plugins\/seo\/ -->\n<title>Nelegalna se\u010da \u0161uma u Mokroj Gori je u porastu -<\/title>\n<meta name=\"robots\" content=\"index, follow, max-snippet:-1, max-image-preview:large, max-video-preview:-1\" \/>\n<link rel=\"canonical\" href=\"https:\/\/veritasinfo.org\/?p=5309&lang=sr\" \/>\n<meta property=\"og:locale\" content=\"en_US\" \/>\n<meta property=\"og:type\" content=\"article\" \/>\n<meta property=\"og:title\" content=\"Nelegalna se\u010da \u0161uma u Mokroj Gori je u porastu -\" \/>\n<meta property=\"og:description\" content=\"Zubin Potok, 26 jul 2025 Na obroncima planine Mokra Gora, poznate po netaknutoj prirodi i turisti\u010dkom zna\u010daju, sve \u010de\u0161c\u0301e se \u010duju motorne testere. Me\u0161tani i\" \/>\n<meta property=\"og:url\" content=\"https:\/\/veritasinfo.org\/?p=5309&amp;lang=sr\" \/>\n<meta property=\"article:published_time\" content=\"2025-07-26T08:17:20+00:00\" \/>\n<meta property=\"og:image\" content=\"https:\/\/veritasinfo.org\/wp-content\/uploads\/2025\/07\/mokna.jpeg\" \/>\n\t<meta property=\"og:image:width\" content=\"275\" \/>\n\t<meta property=\"og:image:height\" content=\"183\" \/>\n\t<meta property=\"og:image:type\" content=\"image\/jpeg\" \/>\n<meta name=\"author\" content=\"US1\" \/>\n<meta name=\"twitter:card\" content=\"summary_large_image\" \/>\n<meta name=\"twitter:label1\" content=\"Written by\" \/>\n\t<meta name=\"twitter:data1\" content=\"US1\" \/>\n\t<meta name=\"twitter:label2\" content=\"Est. reading time\" \/>\n\t<meta name=\"twitter:data2\" content=\"2 minutes\" \/>\n<script type=\"application\/ld+json\" class=\"yoast-schema-graph\">{\"@context\":\"https:\/\/schema.org\",\"@graph\":[{\"@type\":\"WebPage\",\"@id\":\"https:\/\/veritasinfo.org\/?p=5309&lang=sr\",\"url\":\"https:\/\/veritasinfo.org\/?p=5309&lang=sr\",\"name\":\"Nelegalna se\u010da \u0161uma u Mokroj Gori je u porastu -\",\"isPartOf\":{\"@id\":\"https:\/\/veritasinfo.org\/#website\"},\"primaryImageOfPage\":{\"@id\":\"https:\/\/veritasinfo.org\/?p=5309&lang=sr#primaryimage\"},\"image\":{\"@id\":\"https:\/\/veritasinfo.org\/?p=5309&lang=sr#primaryimage\"},\"thumbnailUrl\":\"https:\/\/veritasinfo.org\/wp-content\/uploads\/2025\/07\/mokna.jpeg\",\"datePublished\":\"2025-07-26T08:17:20+00:00\",\"author\":{\"@id\":\"https:\/\/veritasinfo.org\/#\/schema\/person\/c2b8be262ea994d0995addca692c5e98\"},\"breadcrumb\":{\"@id\":\"https:\/\/veritasinfo.org\/?p=5309&lang=sr#breadcrumb\"},\"inLanguage\":\"en-US\",\"potentialAction\":[{\"@type\":\"ReadAction\",\"target\":[\"https:\/\/veritasinfo.org\/?p=5309&lang=sr\"]}]},{\"@type\":\"ImageObject\",\"inLanguage\":\"en-US\",\"@id\":\"https:\/\/veritasinfo.org\/?p=5309&lang=sr#primaryimage\",\"url\":\"https:\/\/veritasinfo.org\/wp-content\/uploads\/2025\/07\/mokna.jpeg\",\"contentUrl\":\"https:\/\/veritasinfo.org\/wp-content\/uploads\/2025\/07\/mokna.jpeg\",\"width\":275,\"height\":183},{\"@type\":\"BreadcrumbList\",\"@id\":\"https:\/\/veritasinfo.org\/?p=5309&lang=sr#breadcrumb\",\"itemListElement\":[{\"@type\":\"ListItem\",\"position\":1,\"name\":\"Home\",\"item\":\"https:\/\/veritasinfo.org\/\"},{\"@type\":\"ListItem\",\"position\":2,\"name\":\"Nelegalna se\u010da \u0161uma u Mokroj Gori je u porastu\"}]},{\"@type\":\"WebSite\",\"@id\":\"https:\/\/veritasinfo.org\/#website\",\"url\":\"https:\/\/veritasinfo.org\/\",\"name\":\"\",\"description\":\"\",\"potentialAction\":[{\"@type\":\"SearchAction\",\"target\":{\"@type\":\"EntryPoint\",\"urlTemplate\":\"https:\/\/veritasinfo.org\/?s={search_term_string}\"},\"query-input\":{\"@type\":\"PropertyValueSpecification\",\"valueRequired\":true,\"valueName\":\"search_term_string\"}}],\"inLanguage\":\"en-US\"},{\"@type\":\"Person\",\"@id\":\"https:\/\/veritasinfo.org\/#\/schema\/person\/c2b8be262ea994d0995addca692c5e98\",\"name\":\"US1\",\"image\":{\"@type\":\"ImageObject\",\"inLanguage\":\"en-US\",\"@id\":\"https:\/\/veritasinfo.org\/#\/schema\/person\/image\/\",\"url\":\"https:\/\/secure.gravatar.com\/avatar\/4e96a59bd256abf9956eb9963ac891a47461ffb364d47b0e9aab113328fdb75b?s=96&d=mm&r=g\",\"contentUrl\":\"https:\/\/secure.gravatar.com\/avatar\/4e96a59bd256abf9956eb9963ac891a47461ffb364d47b0e9aab113328fdb75b?s=96&d=mm&r=g\",\"caption\":\"US1\"},\"url\":\"https:\/\/veritasinfo.org\/?author=2\"}]}<\/script>\n<!-- \/ Yoast SEO plugin. -->","yoast_head_json":{"title":"Nelegalna se\u010da \u0161uma u Mokroj Gori je u porastu -","robots":{"index":"index","follow":"follow","max-snippet":"max-snippet:-1","max-image-preview":"max-image-preview:large","max-video-preview":"max-video-preview:-1"},"canonical":"https:\/\/veritasinfo.org\/?p=5309&lang=sr","og_locale":"en_US","og_type":"article","og_title":"Nelegalna se\u010da \u0161uma u Mokroj Gori je u porastu -","og_description":"Zubin Potok, 26 jul 2025 Na obroncima planine Mokra Gora, poznate po netaknutoj prirodi i turisti\u010dkom zna\u010daju, sve \u010de\u0161c\u0301e se \u010duju motorne testere. Me\u0161tani i","og_url":"https:\/\/veritasinfo.org\/?p=5309&lang=sr","article_published_time":"2025-07-26T08:17:20+00:00","og_image":[{"width":275,"height":183,"url":"https:\/\/veritasinfo.org\/wp-content\/uploads\/2025\/07\/mokna.jpeg","type":"image\/jpeg"}],"author":"US1","twitter_card":"summary_large_image","twitter_misc":{"Written by":"US1","Est. reading time":"2 minutes"},"schema":{"@context":"https:\/\/schema.org","@graph":[{"@type":"WebPage","@id":"https:\/\/veritasinfo.org\/?p=5309&lang=sr","url":"https:\/\/veritasinfo.org\/?p=5309&lang=sr","name":"Nelegalna se\u010da \u0161uma u Mokroj Gori je u porastu -","isPartOf":{"@id":"https:\/\/veritasinfo.org\/#website"},"primaryImageOfPage":{"@id":"https:\/\/veritasinfo.org\/?p=5309&lang=sr#primaryimage"},"image":{"@id":"https:\/\/veritasinfo.org\/?p=5309&lang=sr#primaryimage"},"thumbnailUrl":"https:\/\/veritasinfo.org\/wp-content\/uploads\/2025\/07\/mokna.jpeg","datePublished":"2025-07-26T08:17:20+00:00","author":{"@id":"https:\/\/veritasinfo.org\/#\/schema\/person\/c2b8be262ea994d0995addca692c5e98"},"breadcrumb":{"@id":"https:\/\/veritasinfo.org\/?p=5309&lang=sr#breadcrumb"},"inLanguage":"en-US","potentialAction":[{"@type":"ReadAction","target":["https:\/\/veritasinfo.org\/?p=5309&lang=sr"]}]},{"@type":"ImageObject","inLanguage":"en-US","@id":"https:\/\/veritasinfo.org\/?p=5309&lang=sr#primaryimage","url":"https:\/\/veritasinfo.org\/wp-content\/uploads\/2025\/07\/mokna.jpeg","contentUrl":"https:\/\/veritasinfo.org\/wp-content\/uploads\/2025\/07\/mokna.jpeg","width":275,"height":183},{"@type":"BreadcrumbList","@id":"https:\/\/veritasinfo.org\/?p=5309&lang=sr#breadcrumb","itemListElement":[{"@type":"ListItem","position":1,"name":"Home","item":"https:\/\/veritasinfo.org\/"},{"@type":"ListItem","position":2,"name":"Nelegalna se\u010da \u0161uma u Mokroj Gori je u porastu"}]},{"@type":"WebSite","@id":"https:\/\/veritasinfo.org\/#website","url":"https:\/\/veritasinfo.org\/","name":"","description":"","potentialAction":[{"@type":"SearchAction","target":{"@type":"EntryPoint","urlTemplate":"https:\/\/veritasinfo.org\/?s={search_term_string}"},"query-input":{"@type":"PropertyValueSpecification","valueRequired":true,"valueName":"search_term_string"}}],"inLanguage":"en-US"},{"@type":"Person","@id":"https:\/\/veritasinfo.org\/#\/schema\/person\/c2b8be262ea994d0995addca692c5e98","name":"US1","image":{"@type":"ImageObject","inLanguage":"en-US","@id":"https:\/\/veritasinfo.org\/#\/schema\/person\/image\/","url":"https:\/\/secure.gravatar.com\/avatar\/4e96a59bd256abf9956eb9963ac891a47461ffb364d47b0e9aab113328fdb75b?s=96&d=mm&r=g","contentUrl":"https:\/\/secure.gravatar.com\/avatar\/4e96a59bd256abf9956eb9963ac891a47461ffb364d47b0e9aab113328fdb75b?s=96&d=mm&r=g","caption":"US1"},"url":"https:\/\/veritasinfo.org\/?author=2"}]}},"featured_image_urls":{"full":["https:\/\/veritasinfo.org\/wp-content\/uploads\/2025\/07\/mokna.jpeg",275,183,false],"thumbnail":["https:\/\/veritasinfo.org\/wp-content\/uploads\/2025\/07\/mokna-150x150.jpeg",150,150,true],"medium":["https:\/\/veritasinfo.org\/wp-content\/uploads\/2025\/07\/mokna.jpeg",275,183,false],"medium_large":["https:\/\/veritasinfo.org\/wp-content\/uploads\/2025\/07\/mokna.jpeg",275,183,false],"large":["https:\/\/veritasinfo.org\/wp-content\/uploads\/2025\/07\/mokna.jpeg",275,183,false],"1536x1536":["https:\/\/veritasinfo.org\/wp-content\/uploads\/2025\/07\/mokna.jpeg",275,183,false],"2048x2048":["https:\/\/veritasinfo.org\/wp-content\/uploads\/2025\/07\/mokna.jpeg",275,183,false],"kreeti-slider-full":["https:\/\/veritasinfo.org\/wp-content\/uploads\/2025\/07\/mokna.jpeg",275,183,false],"kreeti-featured":["https:\/\/veritasinfo.org\/wp-content\/uploads\/2025\/07\/mokna.jpeg",275,183,false],"kreeti-medium":["https:\/\/veritasinfo.org\/wp-content\/uploads\/2025\/07\/mokna.jpeg",275,183,false],"kreeti-medium-square":["https:\/\/veritasinfo.org\/wp-content\/uploads\/2025\/07\/mokna.jpeg",275,183,false]},"author_info":{"info":["US1"]},"category_info":"<a href=\"https:\/\/veritasinfo.org\/?cat=32&#038;lang=sr\" rel=\"category\">Op\u0161tine<\/a>","tag_info":"Op\u0161tine","comment_count":"0","_links":{"self":[{"href":"https:\/\/veritasinfo.org\/index.php?rest_route=\/wp\/v2\/posts\/5309","targetHints":{"allow":["GET"]}}],"collection":[{"href":"https:\/\/veritasinfo.org\/index.php?rest_route=\/wp\/v2\/posts"}],"about":[{"href":"https:\/\/veritasinfo.org\/index.php?rest_route=\/wp\/v2\/types\/post"}],"author":[{"embeddable":true,"href":"https:\/\/veritasinfo.org\/index.php?rest_route=\/wp\/v2\/users\/2"}],"replies":[{"embeddable":true,"href":"https:\/\/veritasinfo.org\/index.php?rest_route=%2Fwp%2Fv2%2Fcomments&post=5309"}],"version-history":[{"count":1,"href":"https:\/\/veritasinfo.org\/index.php?rest_route=\/wp\/v2\/posts\/5309\/revisions"}],"predecessor-version":[{"id":5310,"href":"https:\/\/veritasinfo.org\/index.php?rest_route=\/wp\/v2\/posts\/5309\/revisions\/5310"}],"wp:featuredmedia":[{"embeddable":true,"href":"https:\/\/veritasinfo.org\/index.php?rest_route=\/wp\/v2\/media\/5307"}],"wp:attachment":[{"href":"https:\/\/veritasinfo.org\/index.php?rest_route=%2Fwp%2Fv2%2Fmedia&parent=5309"}],"wp:term":[{"taxonomy":"category","embeddable":true,"href":"https:\/\/veritasinfo.org\/index.php?rest_route=%2Fwp%2Fv2%2Fcategories&post=5309"},{"taxonomy":"post_tag","embeddable":true,"href":"https:\/\/veritasinfo.org\/index.php?rest_route=%2Fwp%2Fv2%2Ftags&post=5309"}],"curies":[{"name":"wp","href":"https:\/\/api.w.org\/{rel}","templated":true}]}}