{"id":5306,"date":"2025-07-26T10:16:29","date_gmt":"2025-07-26T08:16:29","guid":{"rendered":"https:\/\/veritasinfo.org\/?p=5306"},"modified":"2025-07-26T10:16:29","modified_gmt":"2025-07-26T08:16:29","slug":"prejra-ilegaleve-e-pyjeve-ne-mokne-eshte-ne-rritje","status":"publish","type":"post","link":"https:\/\/veritasinfo.org\/?p=5306","title":{"rendered":"Prejra ilegaleve e pyjeve n\u00eb Mokne \u00ebsht\u00eb n\u00eb rritje"},"content":{"rendered":"<p><strong>Zubin Potok, 26 korrik 2025<\/strong><\/p>\n<p>N\u00eb shpatet e malit Mokna, i njohur p\u00ebr natyr\u00ebn e paprekur dhe r\u00ebnd\u00ebsin\u00eb turistike, sharrat me zinxhir d\u00ebgjohen gjithnj\u00eb e m\u00eb shpesh. Vendasit dhe aktivist\u00ebt mjedisor\u00eb paralajm\u00ebrojn\u00eb se prerja e paligjshme e pem\u00ebve n\u00eb k\u00ebt\u00eb mal \u00ebsht\u00eb n\u00eb rritje dhe po k\u00ebrc\u00ebnon seriozisht ekuilibrin natyror dhe biodiversitetin e zon\u00ebs.<\/p>\n<p>Sipas banor\u00ebve vendas, pjes\u00eb t\u00eb caktuara t\u00eb pyllit po priten pa asnj\u00eb kontroll, dhe t\u00eb gjitha k\u00ebto, si\u00e7 pretendojn\u00eb ata, p\u00ebrfshijn\u00eb individ\u00eb q\u00eb kan\u00eb lidhje t\u00eb forta me strukturat e qeverisjes vendore. Druri m\u00eb pas shitet ose ruhet, pavar\u00ebsisht pasojave ligjore dhe pasojave afatgjata mjedisore.<\/p>\n<p>&#8220;Koh\u00ebt e fundit, kemi v\u00ebn\u00eb re nj\u00eb intensifikim t\u00eb prerjes s\u00eb pem\u00ebve. Pem\u00ebt shekullore (sidomos halor\u00ebt) po zhduken, rrug\u00ebt po pastrohen dhe gjurm\u00ebt e makinerive t\u00eb r\u00ebnda jan\u00eb qart\u00eb t\u00eb dukshme. E gjith\u00eb kjo pa asnj\u00eb leje&#8221;, thot\u00eb nj\u00eb nga banor\u00ebt e fshatit t\u00eb af\u00ebrt Mokne.<\/p>\n<p>Vendasit theksojn\u00eb se Mokna p\u00ebsoi nj\u00eb zjarr t\u00eb madh disa dit\u00eb m\u00eb par\u00eb, por pavar\u00ebsisht k\u00ebsaj, inspektimet rrall\u00eb dalin n\u00eb terren, dhe sanksionet p\u00ebr shkel\u00ebsit jan\u00eb pothuajse inekzistente. Si flora ashtu edhe fauna jan\u00eb t\u00eb rrezikuara. Branko Stojanoviq, nga shoqata &#8220;Via Ferrata&#8221; thot\u00eb se situata \u00ebsht\u00eb alarmante: &#8220;N\u00ebse kjo situat\u00eb vazhdon, jo vet\u00ebm q\u00eb do t\u00eb humbasim pyllin e \u00e7muar, por edhe speciet bimore dhe shtazore q\u00eb jetojn\u00eb n\u00eb t\u00eb. Nevojitet nj\u00eb reagim urgjent nga shteti dhe kontrolle m\u00eb t\u00eb rrepta.<\/p>\n<p>Policia u b\u00ebn thirrje qytetar\u00ebve t\u00eb raportojn\u00eb aktivitetet e paligjshme dhe k\u00ebrkon q\u00eb Mokra Gora t\u00eb mbrohet jo vet\u00ebm n\u00eb let\u00ebr, por edhe n\u00eb praktik\u00eb.<\/p>\n","protected":false},"excerpt":{"rendered":"<p>Zubin Potok, 26 korrik 2025 N\u00eb shpatet e malit Mokna, i njohur p\u00ebr natyr\u00ebn e paprekur dhe r\u00ebnd\u00ebsin\u00eb turistike, sharrat me zinxhir d\u00ebgjohen gjithnj\u00eb e<\/p>\n","protected":false},"author":2,"featured_media":5307,"comment_status":"open","ping_status":"open","sticky":false,"template":"","format":"standard","meta":{"footnotes":""},"categories":[52],"tags":[],"class_list":["post-5306","post","type-post","status-publish","format-standard","has-post-thumbnail","hentry","category-komunat-sq"],"yoast_head":"<!-- This site is optimized with the Yoast SEO plugin v25.3.1 - https:\/\/yoast.com\/wordpress\/plugins\/seo\/ -->\n<title>Prejra ilegaleve e pyjeve n\u00eb Mokne \u00ebsht\u00eb n\u00eb rritje -<\/title>\n<meta name=\"robots\" content=\"index, follow, max-snippet:-1, max-image-preview:large, max-video-preview:-1\" \/>\n<link rel=\"canonical\" href=\"https:\/\/veritasinfo.org\/?p=5306\" \/>\n<meta property=\"og:locale\" content=\"en_US\" \/>\n<meta property=\"og:type\" content=\"article\" \/>\n<meta property=\"og:title\" content=\"Prejra ilegaleve e pyjeve n\u00eb Mokne \u00ebsht\u00eb n\u00eb rritje -\" \/>\n<meta property=\"og:description\" content=\"Zubin Potok, 26 korrik 2025 N\u00eb shpatet e malit Mokna, i njohur p\u00ebr natyr\u00ebn e paprekur dhe r\u00ebnd\u00ebsin\u00eb turistike, sharrat me zinxhir d\u00ebgjohen gjithnj\u00eb e\" \/>\n<meta property=\"og:url\" content=\"https:\/\/veritasinfo.org\/?p=5306\" \/>\n<meta property=\"article:published_time\" content=\"2025-07-26T08:16:29+00:00\" \/>\n<meta property=\"og:image\" content=\"https:\/\/veritasinfo.org\/wp-content\/uploads\/2025\/07\/mokna.jpeg\" \/>\n\t<meta property=\"og:image:width\" content=\"275\" \/>\n\t<meta property=\"og:image:height\" content=\"183\" \/>\n\t<meta property=\"og:image:type\" content=\"image\/jpeg\" \/>\n<meta name=\"author\" content=\"US1\" \/>\n<meta name=\"twitter:card\" content=\"summary_large_image\" \/>\n<meta name=\"twitter:label1\" content=\"Written by\" \/>\n\t<meta name=\"twitter:data1\" content=\"US1\" \/>\n\t<meta name=\"twitter:label2\" content=\"Est. reading time\" \/>\n\t<meta name=\"twitter:data2\" content=\"2 minutes\" \/>\n<script type=\"application\/ld+json\" class=\"yoast-schema-graph\">{\"@context\":\"https:\/\/schema.org\",\"@graph\":[{\"@type\":\"WebPage\",\"@id\":\"https:\/\/veritasinfo.org\/?p=5306\",\"url\":\"https:\/\/veritasinfo.org\/?p=5306\",\"name\":\"Prejra ilegaleve e pyjeve n\u00eb Mokne \u00ebsht\u00eb n\u00eb rritje -\",\"isPartOf\":{\"@id\":\"https:\/\/veritasinfo.org\/#website\"},\"primaryImageOfPage\":{\"@id\":\"https:\/\/veritasinfo.org\/?p=5306#primaryimage\"},\"image\":{\"@id\":\"https:\/\/veritasinfo.org\/?p=5306#primaryimage\"},\"thumbnailUrl\":\"https:\/\/veritasinfo.org\/wp-content\/uploads\/2025\/07\/mokna.jpeg\",\"datePublished\":\"2025-07-26T08:16:29+00:00\",\"author\":{\"@id\":\"https:\/\/veritasinfo.org\/#\/schema\/person\/c2b8be262ea994d0995addca692c5e98\"},\"breadcrumb\":{\"@id\":\"https:\/\/veritasinfo.org\/?p=5306#breadcrumb\"},\"inLanguage\":\"en-US\",\"potentialAction\":[{\"@type\":\"ReadAction\",\"target\":[\"https:\/\/veritasinfo.org\/?p=5306\"]}]},{\"@type\":\"ImageObject\",\"inLanguage\":\"en-US\",\"@id\":\"https:\/\/veritasinfo.org\/?p=5306#primaryimage\",\"url\":\"https:\/\/veritasinfo.org\/wp-content\/uploads\/2025\/07\/mokna.jpeg\",\"contentUrl\":\"https:\/\/veritasinfo.org\/wp-content\/uploads\/2025\/07\/mokna.jpeg\",\"width\":275,\"height\":183},{\"@type\":\"BreadcrumbList\",\"@id\":\"https:\/\/veritasinfo.org\/?p=5306#breadcrumb\",\"itemListElement\":[{\"@type\":\"ListItem\",\"position\":1,\"name\":\"Home\",\"item\":\"https:\/\/veritasinfo.org\/\"},{\"@type\":\"ListItem\",\"position\":2,\"name\":\"Prejra ilegaleve e pyjeve n\u00eb Mokne \u00ebsht\u00eb n\u00eb rritje\"}]},{\"@type\":\"WebSite\",\"@id\":\"https:\/\/veritasinfo.org\/#website\",\"url\":\"https:\/\/veritasinfo.org\/\",\"name\":\"\",\"description\":\"\",\"potentialAction\":[{\"@type\":\"SearchAction\",\"target\":{\"@type\":\"EntryPoint\",\"urlTemplate\":\"https:\/\/veritasinfo.org\/?s={search_term_string}\"},\"query-input\":{\"@type\":\"PropertyValueSpecification\",\"valueRequired\":true,\"valueName\":\"search_term_string\"}}],\"inLanguage\":\"en-US\"},{\"@type\":\"Person\",\"@id\":\"https:\/\/veritasinfo.org\/#\/schema\/person\/c2b8be262ea994d0995addca692c5e98\",\"name\":\"US1\",\"image\":{\"@type\":\"ImageObject\",\"inLanguage\":\"en-US\",\"@id\":\"https:\/\/veritasinfo.org\/#\/schema\/person\/image\/\",\"url\":\"https:\/\/secure.gravatar.com\/avatar\/4e96a59bd256abf9956eb9963ac891a47461ffb364d47b0e9aab113328fdb75b?s=96&d=mm&r=g\",\"contentUrl\":\"https:\/\/secure.gravatar.com\/avatar\/4e96a59bd256abf9956eb9963ac891a47461ffb364d47b0e9aab113328fdb75b?s=96&d=mm&r=g\",\"caption\":\"US1\"},\"url\":\"https:\/\/veritasinfo.org\/?author=2\"}]}<\/script>\n<!-- \/ Yoast SEO plugin. -->","yoast_head_json":{"title":"Prejra ilegaleve e pyjeve n\u00eb Mokne \u00ebsht\u00eb n\u00eb rritje -","robots":{"index":"index","follow":"follow","max-snippet":"max-snippet:-1","max-image-preview":"max-image-preview:large","max-video-preview":"max-video-preview:-1"},"canonical":"https:\/\/veritasinfo.org\/?p=5306","og_locale":"en_US","og_type":"article","og_title":"Prejra ilegaleve e pyjeve n\u00eb Mokne \u00ebsht\u00eb n\u00eb rritje -","og_description":"Zubin Potok, 26 korrik 2025 N\u00eb shpatet e malit Mokna, i njohur p\u00ebr natyr\u00ebn e paprekur dhe r\u00ebnd\u00ebsin\u00eb turistike, sharrat me zinxhir d\u00ebgjohen gjithnj\u00eb e","og_url":"https:\/\/veritasinfo.org\/?p=5306","article_published_time":"2025-07-26T08:16:29+00:00","og_image":[{"width":275,"height":183,"url":"https:\/\/veritasinfo.org\/wp-content\/uploads\/2025\/07\/mokna.jpeg","type":"image\/jpeg"}],"author":"US1","twitter_card":"summary_large_image","twitter_misc":{"Written by":"US1","Est. reading time":"2 minutes"},"schema":{"@context":"https:\/\/schema.org","@graph":[{"@type":"WebPage","@id":"https:\/\/veritasinfo.org\/?p=5306","url":"https:\/\/veritasinfo.org\/?p=5306","name":"Prejra ilegaleve e pyjeve n\u00eb Mokne \u00ebsht\u00eb n\u00eb rritje -","isPartOf":{"@id":"https:\/\/veritasinfo.org\/#website"},"primaryImageOfPage":{"@id":"https:\/\/veritasinfo.org\/?p=5306#primaryimage"},"image":{"@id":"https:\/\/veritasinfo.org\/?p=5306#primaryimage"},"thumbnailUrl":"https:\/\/veritasinfo.org\/wp-content\/uploads\/2025\/07\/mokna.jpeg","datePublished":"2025-07-26T08:16:29+00:00","author":{"@id":"https:\/\/veritasinfo.org\/#\/schema\/person\/c2b8be262ea994d0995addca692c5e98"},"breadcrumb":{"@id":"https:\/\/veritasinfo.org\/?p=5306#breadcrumb"},"inLanguage":"en-US","potentialAction":[{"@type":"ReadAction","target":["https:\/\/veritasinfo.org\/?p=5306"]}]},{"@type":"ImageObject","inLanguage":"en-US","@id":"https:\/\/veritasinfo.org\/?p=5306#primaryimage","url":"https:\/\/veritasinfo.org\/wp-content\/uploads\/2025\/07\/mokna.jpeg","contentUrl":"https:\/\/veritasinfo.org\/wp-content\/uploads\/2025\/07\/mokna.jpeg","width":275,"height":183},{"@type":"BreadcrumbList","@id":"https:\/\/veritasinfo.org\/?p=5306#breadcrumb","itemListElement":[{"@type":"ListItem","position":1,"name":"Home","item":"https:\/\/veritasinfo.org\/"},{"@type":"ListItem","position":2,"name":"Prejra ilegaleve e pyjeve n\u00eb Mokne \u00ebsht\u00eb n\u00eb rritje"}]},{"@type":"WebSite","@id":"https:\/\/veritasinfo.org\/#website","url":"https:\/\/veritasinfo.org\/","name":"","description":"","potentialAction":[{"@type":"SearchAction","target":{"@type":"EntryPoint","urlTemplate":"https:\/\/veritasinfo.org\/?s={search_term_string}"},"query-input":{"@type":"PropertyValueSpecification","valueRequired":true,"valueName":"search_term_string"}}],"inLanguage":"en-US"},{"@type":"Person","@id":"https:\/\/veritasinfo.org\/#\/schema\/person\/c2b8be262ea994d0995addca692c5e98","name":"US1","image":{"@type":"ImageObject","inLanguage":"en-US","@id":"https:\/\/veritasinfo.org\/#\/schema\/person\/image\/","url":"https:\/\/secure.gravatar.com\/avatar\/4e96a59bd256abf9956eb9963ac891a47461ffb364d47b0e9aab113328fdb75b?s=96&d=mm&r=g","contentUrl":"https:\/\/secure.gravatar.com\/avatar\/4e96a59bd256abf9956eb9963ac891a47461ffb364d47b0e9aab113328fdb75b?s=96&d=mm&r=g","caption":"US1"},"url":"https:\/\/veritasinfo.org\/?author=2"}]}},"featured_image_urls":{"full":["https:\/\/veritasinfo.org\/wp-content\/uploads\/2025\/07\/mokna.jpeg",275,183,false],"thumbnail":["https:\/\/veritasinfo.org\/wp-content\/uploads\/2025\/07\/mokna-150x150.jpeg",150,150,true],"medium":["https:\/\/veritasinfo.org\/wp-content\/uploads\/2025\/07\/mokna.jpeg",275,183,false],"medium_large":["https:\/\/veritasinfo.org\/wp-content\/uploads\/2025\/07\/mokna.jpeg",275,183,false],"large":["https:\/\/veritasinfo.org\/wp-content\/uploads\/2025\/07\/mokna.jpeg",275,183,false],"1536x1536":["https:\/\/veritasinfo.org\/wp-content\/uploads\/2025\/07\/mokna.jpeg",275,183,false],"2048x2048":["https:\/\/veritasinfo.org\/wp-content\/uploads\/2025\/07\/mokna.jpeg",275,183,false],"kreeti-slider-full":["https:\/\/veritasinfo.org\/wp-content\/uploads\/2025\/07\/mokna.jpeg",275,183,false],"kreeti-featured":["https:\/\/veritasinfo.org\/wp-content\/uploads\/2025\/07\/mokna.jpeg",275,183,false],"kreeti-medium":["https:\/\/veritasinfo.org\/wp-content\/uploads\/2025\/07\/mokna.jpeg",275,183,false],"kreeti-medium-square":["https:\/\/veritasinfo.org\/wp-content\/uploads\/2025\/07\/mokna.jpeg",275,183,false]},"author_info":{"info":["US1"]},"category_info":"<a href=\"https:\/\/veritasinfo.org\/?cat=52\" rel=\"category\">Komunat<\/a>","tag_info":"Komunat","comment_count":"0","_links":{"self":[{"href":"https:\/\/veritasinfo.org\/index.php?rest_route=\/wp\/v2\/posts\/5306","targetHints":{"allow":["GET"]}}],"collection":[{"href":"https:\/\/veritasinfo.org\/index.php?rest_route=\/wp\/v2\/posts"}],"about":[{"href":"https:\/\/veritasinfo.org\/index.php?rest_route=\/wp\/v2\/types\/post"}],"author":[{"embeddable":true,"href":"https:\/\/veritasinfo.org\/index.php?rest_route=\/wp\/v2\/users\/2"}],"replies":[{"embeddable":true,"href":"https:\/\/veritasinfo.org\/index.php?rest_route=%2Fwp%2Fv2%2Fcomments&post=5306"}],"version-history":[{"count":1,"href":"https:\/\/veritasinfo.org\/index.php?rest_route=\/wp\/v2\/posts\/5306\/revisions"}],"predecessor-version":[{"id":5308,"href":"https:\/\/veritasinfo.org\/index.php?rest_route=\/wp\/v2\/posts\/5306\/revisions\/5308"}],"wp:featuredmedia":[{"embeddable":true,"href":"https:\/\/veritasinfo.org\/index.php?rest_route=\/wp\/v2\/media\/5307"}],"wp:attachment":[{"href":"https:\/\/veritasinfo.org\/index.php?rest_route=%2Fwp%2Fv2%2Fmedia&parent=5306"}],"wp:term":[{"taxonomy":"category","embeddable":true,"href":"https:\/\/veritasinfo.org\/index.php?rest_route=%2Fwp%2Fv2%2Fcategories&post=5306"},{"taxonomy":"post_tag","embeddable":true,"href":"https:\/\/veritasinfo.org\/index.php?rest_route=%2Fwp%2Fv2%2Ftags&post=5306"}],"curies":[{"name":"wp","href":"https:\/\/api.w.org\/{rel}","templated":true}]}}